{"id":62958,"date":"2021-05-05T11:00:41","date_gmt":"2021-05-05T16:00:41","guid":{"rendered":"https:\/\/reporteroshoy.mx\/noticias\/?p=62958"},"modified":"2021-05-10T02:52:36","modified_gmt":"2021-05-10T07:52:36","slug":"terror-en-guarderia-de-brasil-joven-mata-3-ninos-y-dos-mujeres","status":"publish","type":"post","link":"https:\/\/reporteroshoy.mx\/noticias\/terror-en-guarderia-de-brasil-joven-mata-3-ninos-y-dos-mujeres\/","title":{"rendered":"Terror en guarder\u00eda de Brasil; joven mata 3 ni\u00f1os y dos mujeres"},"content":{"rendered":"<p style=\"text-align: justify;\">R\u00edo de Janeiro; 5 de mayo de 2021 (El Universal).- Tres ni\u00f1os y dos empleados fueron asesinados ayer a cuchilladas por un joven de 18 a\u00f1os en una guarder\u00eda del estado brasile\u00f1o de Santa Catarina (sur), anunci\u00f3 la polic\u00eda local.<\/p>\n<p style=\"text-align: justify;\">\u201cUn hombre de 18 a\u00f1os irrumpi\u00f3 en una guarder\u00eda con un arma blanca \u2014un cuchillo\u2014 e hiri\u00f3 a ni\u00f1os y empleados. Dos adultos y tres ni\u00f1os murieron\u201d, anunci\u00f3 la Polic\u00eda Militar en un comunicado. \u201cEl autor se clav\u00f3 el cuchillo en su propio cuello, en el abdomen y el t\u00f3rax y fue trasladado en estado grav\u00edsimo\u201d a un hospital, precis\u00f3 la dependencia.<\/p>\n<p style=\"text-align: justify;\">Un cuarto ni\u00f1o result\u00f3 herido leve, detall\u00f3 el comisario Jer\u00f3nimo Mar\u00e7al Ferreira en declaraciones a la prensa delante de la guarder\u00eda situada en la localidad de Saudades, a 600 km de Florian\u00f3polis, la capital catarinense.<\/p>\n<p style=\"text-align: justify;\">Las autoridades no especificaron la edad de las v\u00edctimas, pero medios locales informaron que el centro educativo acoge a ni\u00f1os de entre seis meses y dos a\u00f1os.<\/p>\n<p style=\"text-align: justify;\">Seg\u00fan el comisario, el agresor no ten\u00eda antecedentes penales.<\/p>\n<p style=\"text-align: justify;\">\u201cEra un joven problem\u00e1tico, que seg\u00fan me relataron personas pr\u00f3ximas a \u00e9l, sufr\u00eda de bullying [acoso escolar] y ven\u00eda maltratando a algunos animales. Era introspectivo y se encerraba por horas en el cuarto\u201d, coment\u00f3 en rueda de prensa el comisario Jer\u00f3nimo Mar\u00e7al Ferreira, responsable por las investigaciones.<\/p>\n<p><img loading=\"lazy\" decoding=\"async\" class=\"wp-image-62959 aligncenter\" src=\"https:\/\/reporteroshoy.mx\/noticias\/wp-content\/uploads\/2021\/05\/Brasil.jpg\" alt=\"\" width=\"603\" height=\"339\" \/><\/p>\n<p style=\"text-align: justify;\">La Polic\u00eda Civil de Santa Catarina identific\u00f3 al joven como Fabiano Kipper Mai, un estudiante de 18 a\u00f1os del \u00faltimo a\u00f1o de secundaria y que no ten\u00eda antecedentes criminales, ni usaba tel\u00e9fono m\u00f3vil.<\/p>\n<p style=\"text-align: justify;\">\u201cA \u00e9l le gustaban los juegos online, algunos de violencia, y debido al bullying no quer\u00eda ir m\u00e1s al colegio\u201d, subray\u00f3.<\/p>\n<p style=\"text-align: justify;\">De acuerdo con la Polic\u00eda Militar, el agresor amenaz\u00f3 a los agentes que lo trasladaron a un hospital de Chapec\u00f3 por las heridas que \u00e9l mismo se caus\u00f3, al intentar suicidarse cort\u00e1ndose el cuello, despu\u00e9s de cometer los cr\u00edmenes. Kipper Mai, ya herido, fue retenido por testigos de los hechos hasta que llegaron las autoridades.<\/p>\n<p style=\"text-align: justify;\">\u201cEn los pr\u00f3ximos d\u00edas vamos a trazar un perfil del autor que caus\u00f3 esta barbaridad, pero con las informaciones que dan sus familiares m\u00e1s o menos tenemos un perfil, pero que todav\u00eda es incipiente\u201d, afirm\u00f3 Mar\u00e7al Ferreira, quien admiti\u00f3 que ser\u00e1 \u201cdif\u00edcil\u201d identificar los \u201cmotivos\u201d y la \u201celecci\u00f3n\u201d del lugar.<\/p>\n<p style=\"text-align: justify;\">\u201cAl parecer actu\u00f3 solo y nadie sab\u00eda de lo que iba a pasar. Entrevistamos a su familia, que es humilde\u201d, a\u00f1adi\u00f3 el comisario, quien indic\u00f3 que el joven ten\u00eda guardados 11 mil reales (unos 2.037 d\u00f3lares), fruto del ahorro por \u201cpeque\u00f1os trabajos\u201d que sol\u00eda realizar en la tranquila ciudad de 10 mil habitantes.<\/p>\n<p style=\"text-align: justify;\">El alcalde de Saudades, municipio pr\u00f3ximo de la frontera con Argentina, Maciel Schneider, decret\u00f3 tres d\u00edas de luto oficial por las cinco muertes, mientras que la gobernadora interina de Santa Catarina, Daniela Reinehr, quien se desplaz\u00f3 hasta el lugar, manifest\u00f3 que \u201cBrasil est\u00e1 sufriendo mucho\u201d con lo ocurrido. Maciel mencion\u00f3 que el agresor no ten\u00eda v\u00ednculo con la escuela, maestros ni alumnos y viv\u00eda lejos del lugar.<\/p>\n<p style=\"text-align: justify;\">Medios locales como Folha de Sao Paulo identificaron entre las v\u00edctimas a la maestra Keli Adriane Aniecevski, de 30 a\u00f1os, y la asistente Mirla da Costa Renner, de 20 a\u00f1os.<\/p>\n<p style=\"text-align: justify;\">Folha indic\u00f3 que con las restricciones por la pandemia hab\u00eda unas 20 personas en el lugar.<\/p>\n<p style=\"text-align: justify;\">La secretaria municipal de educaci\u00f3n, Gisela Hermann, describi\u00f3 \u201cuna escena de terror\u201d en la escuela en una entrevista con el sitio de noticias en l\u00ednea G1. \u201cHab\u00eda un tipo tirado en el suelo, pero a\u00fan vivo, un maestro muerto, un ni\u00f1o muerto tambi\u00e9n\u201d, dijo.<\/p>\n<p style=\"text-align: justify;\">Una de las trabajadoras del centro, que no estaba presente cuando ocurri\u00f3 el asalto, le dijo a Globo que sus compa\u00f1eros hab\u00edan logrado esconder a los beb\u00e9s m\u00e1s peque\u00f1os de la instituci\u00f3n. \u201cLos escondieron debajo [de los muebles] y un maestro pudo asegurar la puerta. Trat\u00f3 de abrirlo, pero luego se rindi\u00f3\u201d. Otra docente dijo que la primera v\u00edctima del joven fue Keli. Seg\u00fan otro empleado, la siguiente fue Mirla, mencion\u00f3 Folha de Sao Paulo.<\/p>\n<p style=\"text-align: justify;\">O Globo inform\u00f3 que la docente sufri\u00f3 heridas en piernas, espalda y brazo, mientras que la asistente, en el abdomen. Aunque el atacante ingres\u00f3 a la instituci\u00f3n con dos armas blancas, el perito dijo que al parecer s\u00f3lo se utiliz\u00f3 uno de los cuchillos que portaba, siendo de mayor tama\u00f1o.<\/p>\n","protected":false},"excerpt":{"rendered":"<p>Un joven de 18 a\u00f1os irrumpi\u00f3 en una guarder\u00eda con un cuchillo e hiri\u00f3 a ni\u00f1os y empleados. Dos adultos y tres ni\u00f1os murieron.<\/p>\n","protected":false},"author":9,"featured_media":62959,"comment_status":"open","ping_status":"closed","sticky":false,"template":"","format":"standard","meta":{"footnotes":""},"categories":[10],"tags":[1542,17474],"class_list":["post-62958","post","type-post","status-publish","format-standard","has-post-thumbnail","hentry","category-internacional","tag-brasil","tag-guarderia"],"yoast_head":"<!-- This site is optimized with the Yoast SEO plugin v28.4 - https:\/\/yoast.com\/product\/yoast-seo-wordpress\/ -->\n<title>Terror en guarder\u00eda de Brasil; joven mata 3 ni\u00f1os y dos mujeres<\/title>\n<meta name=\"description\" content=\"Un joven de 18 a\u00f1os irrumpi\u00f3 en una guarder\u00eda con un cuchillo e hiri\u00f3 a ni\u00f1os y empleados. Dos adultos y tres ni\u00f1os murieron.\" \/>\n<meta name=\"robots\" content=\"index, follow, max-snippet:-1, max-image-preview:large, max-video-preview:-1\" \/>\n<link rel=\"canonical\" href=\"https:\/\/reporteroshoy.mx\/noticias\/terror-en-guarderia-de-brasil-joven-mata-3-ninos-y-dos-mujeres\/\" \/>\n<meta property=\"og:locale\" content=\"es_ES\" \/>\n<meta property=\"og:type\" content=\"article\" \/>\n<meta property=\"og:title\" content=\"Terror en guarder\u00eda de Brasil; joven mata 3 ni\u00f1os y dos mujeres\" \/>\n<meta property=\"og:description\" content=\"Un joven de 18 a\u00f1os irrumpi\u00f3 en una guarder\u00eda con un cuchillo e hiri\u00f3 a ni\u00f1os y empleados. Dos adultos y tres ni\u00f1os murieron.\" \/>\n<meta property=\"og:url\" content=\"https:\/\/reporteroshoy.mx\/noticias\/terror-en-guarderia-de-brasil-joven-mata-3-ninos-y-dos-mujeres\/\" \/>\n<meta property=\"og:site_name\" content=\"Reporteros Hoy | Noticias de Yucat\u00e1n\" \/>\n<meta property=\"article:publisher\" content=\"http:\/\/www.facebook.com\/reporteroshoymx\" \/>\n<meta property=\"article:published_time\" content=\"2021-05-05T16:00:41+00:00\" \/>\n<meta property=\"article:modified_time\" content=\"2021-05-10T07:52:36+00:00\" \/>\n<meta property=\"og:image\" content=\"https:\/\/reporteroshoy.mx\/noticias\/wp-content\/uploads\/2021\/05\/Brasil.jpg\" \/>\n\t<meta property=\"og:image:width\" content=\"768\" \/>\n\t<meta property=\"og:image:height\" content=\"431\" \/>\n\t<meta property=\"og:image:type\" content=\"image\/jpeg\" \/>\n<meta name=\"author\" content=\"Reporteros Hoy WP\" \/>\n<meta name=\"twitter:card\" content=\"summary_large_image\" \/>\n<meta name=\"twitter:creator\" content=\"@reporteroshoy\" \/>\n<meta name=\"twitter:site\" content=\"@reporteroshoy\" \/>\n<meta name=\"twitter:label1\" content=\"Escrito por\" \/>\n\t<meta name=\"twitter:data1\" content=\"Reporteros Hoy WP\" \/>\n\t<meta name=\"twitter:label2\" content=\"Tiempo de lectura\" \/>\n\t<meta name=\"twitter:data2\" content=\"4 minutos\" \/>\n<script type=\"application\/ld+json\" class=\"yoast-schema-graph\">{\"@context\":\"https:\\\/\\\/schema.org\",\"@graph\":[{\"@type\":\"Article\",\"@id\":\"https:\\\/\\\/reporteroshoy.mx\\\/noticias\\\/terror-en-guarderia-de-brasil-joven-mata-3-ninos-y-dos-mujeres\\\/#article\",\"isPartOf\":{\"@id\":\"https:\\\/\\\/reporteroshoy.mx\\\/noticias\\\/terror-en-guarderia-de-brasil-joven-mata-3-ninos-y-dos-mujeres\\\/\"},\"author\":{\"name\":\"Reporteros Hoy WP\",\"@id\":\"https:\\\/\\\/reporteroshoy.mx\\\/noticias\\\/#\\\/schema\\\/person\\\/c977527e57c958a62c5cefe8fe47876e\"},\"headline\":\"Terror en guarder\u00eda de Brasil; joven mata 3 ni\u00f1os y dos mujeres\",\"datePublished\":\"2021-05-05T16:00:41+00:00\",\"dateModified\":\"2021-05-10T07:52:36+00:00\",\"mainEntityOfPage\":{\"@id\":\"https:\\\/\\\/reporteroshoy.mx\\\/noticias\\\/terror-en-guarderia-de-brasil-joven-mata-3-ninos-y-dos-mujeres\\\/\"},\"wordCount\":797,\"commentCount\":0,\"image\":{\"@id\":\"https:\\\/\\\/reporteroshoy.mx\\\/noticias\\\/terror-en-guarderia-de-brasil-joven-mata-3-ninos-y-dos-mujeres\\\/#primaryimage\"},\"thumbnailUrl\":\"https:\\\/\\\/reporteroshoy.mx\\\/noticias\\\/wp-content\\\/uploads\\\/2021\\\/05\\\/Brasil.jpg\",\"keywords\":[\"Brasil\",\"Guarder\u00eda\"],\"articleSection\":[\"Internacional\"],\"inLanguage\":\"es\",\"potentialAction\":[{\"@type\":\"CommentAction\",\"name\":\"Comment\",\"target\":[\"https:\\\/\\\/reporteroshoy.mx\\\/noticias\\\/terror-en-guarderia-de-brasil-joven-mata-3-ninos-y-dos-mujeres\\\/#respond\"]}]},{\"@type\":\"WebPage\",\"@id\":\"https:\\\/\\\/reporteroshoy.mx\\\/noticias\\\/terror-en-guarderia-de-brasil-joven-mata-3-ninos-y-dos-mujeres\\\/\",\"url\":\"https:\\\/\\\/reporteroshoy.mx\\\/noticias\\\/terror-en-guarderia-de-brasil-joven-mata-3-ninos-y-dos-mujeres\\\/\",\"name\":\"Terror en guarder\u00eda de Brasil; joven mata 3 ni\u00f1os y dos mujeres\",\"isPartOf\":{\"@id\":\"https:\\\/\\\/reporteroshoy.mx\\\/noticias\\\/#website\"},\"primaryImageOfPage\":{\"@id\":\"https:\\\/\\\/reporteroshoy.mx\\\/noticias\\\/terror-en-guarderia-de-brasil-joven-mata-3-ninos-y-dos-mujeres\\\/#primaryimage\"},\"image\":{\"@id\":\"https:\\\/\\\/reporteroshoy.mx\\\/noticias\\\/terror-en-guarderia-de-brasil-joven-mata-3-ninos-y-dos-mujeres\\\/#primaryimage\"},\"thumbnailUrl\":\"https:\\\/\\\/reporteroshoy.mx\\\/noticias\\\/wp-content\\\/uploads\\\/2021\\\/05\\\/Brasil.jpg\",\"datePublished\":\"2021-05-05T16:00:41+00:00\",\"dateModified\":\"2021-05-10T07:52:36+00:00\",\"author\":{\"@id\":\"https:\\\/\\\/reporteroshoy.mx\\\/noticias\\\/#\\\/schema\\\/person\\\/c977527e57c958a62c5cefe8fe47876e\"},\"description\":\"Un joven de 18 a\u00f1os irrumpi\u00f3 en una guarder\u00eda con un cuchillo e hiri\u00f3 a ni\u00f1os y empleados. Dos adultos y tres ni\u00f1os murieron.\",\"breadcrumb\":{\"@id\":\"https:\\\/\\\/reporteroshoy.mx\\\/noticias\\\/terror-en-guarderia-de-brasil-joven-mata-3-ninos-y-dos-mujeres\\\/#breadcrumb\"},\"inLanguage\":\"es\",\"potentialAction\":[{\"@type\":\"ReadAction\",\"target\":[\"https:\\\/\\\/reporteroshoy.mx\\\/noticias\\\/terror-en-guarderia-de-brasil-joven-mata-3-ninos-y-dos-mujeres\\\/\"]}]},{\"@type\":\"ImageObject\",\"inLanguage\":\"es\",\"@id\":\"https:\\\/\\\/reporteroshoy.mx\\\/noticias\\\/terror-en-guarderia-de-brasil-joven-mata-3-ninos-y-dos-mujeres\\\/#primaryimage\",\"url\":\"https:\\\/\\\/reporteroshoy.mx\\\/noticias\\\/wp-content\\\/uploads\\\/2021\\\/05\\\/Brasil.jpg\",\"contentUrl\":\"https:\\\/\\\/reporteroshoy.mx\\\/noticias\\\/wp-content\\\/uploads\\\/2021\\\/05\\\/Brasil.jpg\",\"width\":768,\"height\":431},{\"@type\":\"BreadcrumbList\",\"@id\":\"https:\\\/\\\/reporteroshoy.mx\\\/noticias\\\/terror-en-guarderia-de-brasil-joven-mata-3-ninos-y-dos-mujeres\\\/#breadcrumb\",\"itemListElement\":[{\"@type\":\"ListItem\",\"position\":1,\"name\":\"Portada\",\"item\":\"https:\\\/\\\/reporteroshoy.mx\\\/noticias\\\/\"},{\"@type\":\"ListItem\",\"position\":2,\"name\":\"Terror en guarder\u00eda de Brasil; joven mata 3 ni\u00f1os y dos mujeres\"}]},{\"@type\":\"WebSite\",\"@id\":\"https:\\\/\\\/reporteroshoy.mx\\\/noticias\\\/#website\",\"url\":\"https:\\\/\\\/reporteroshoy.mx\\\/noticias\\\/\",\"name\":\"Reporteros Hoy | Noticias de Yucat\u00e1n\",\"description\":\"Peri\u00f3dico digital con noticias diarias desde M\u00e9rida, Yucat\u00e1n para el mundo.\",\"potentialAction\":[{\"@type\":\"SearchAction\",\"target\":{\"@type\":\"EntryPoint\",\"urlTemplate\":\"https:\\\/\\\/reporteroshoy.mx\\\/noticias\\\/?s={search_term_string}\"},\"query-input\":{\"@type\":\"PropertyValueSpecification\",\"valueRequired\":true,\"valueName\":\"search_term_string\"}}],\"inLanguage\":\"es\"},{\"@type\":\"Person\",\"@id\":\"https:\\\/\\\/reporteroshoy.mx\\\/noticias\\\/#\\\/schema\\\/person\\\/c977527e57c958a62c5cefe8fe47876e\",\"name\":\"Reporteros Hoy WP\",\"image\":{\"@type\":\"ImageObject\",\"inLanguage\":\"es\",\"@id\":\"https:\\\/\\\/secure.gravatar.com\\\/avatar\\\/fd2917f79a7dae30f8ac9ddc2f35e1756bb59e25e01d1cd09deaa64df7b2f73e?s=96&d=mm&r=g\",\"url\":\"https:\\\/\\\/secure.gravatar.com\\\/avatar\\\/fd2917f79a7dae30f8ac9ddc2f35e1756bb59e25e01d1cd09deaa64df7b2f73e?s=96&d=mm&r=g\",\"contentUrl\":\"https:\\\/\\\/secure.gravatar.com\\\/avatar\\\/fd2917f79a7dae30f8ac9ddc2f35e1756bb59e25e01d1cd09deaa64df7b2f73e?s=96&d=mm&r=g\",\"caption\":\"Reporteros Hoy WP\"},\"url\":\"https:\\\/\\\/reporteroshoy.mx\\\/noticias\\\/author\\\/walfer\\\/\"}]}<\/script>\n<!-- \/ Yoast SEO plugin. -->","yoast_head_json":{"title":"Terror en guarder\u00eda de Brasil; joven mata 3 ni\u00f1os y dos mujeres","description":"Un joven de 18 a\u00f1os irrumpi\u00f3 en una guarder\u00eda con un cuchillo e hiri\u00f3 a ni\u00f1os y empleados. Dos adultos y tres ni\u00f1os murieron.","robots":{"index":"index","follow":"follow","max-snippet":"max-snippet:-1","max-image-preview":"max-image-preview:large","max-video-preview":"max-video-preview:-1"},"canonical":"https:\/\/reporteroshoy.mx\/noticias\/terror-en-guarderia-de-brasil-joven-mata-3-ninos-y-dos-mujeres\/","og_locale":"es_ES","og_type":"article","og_title":"Terror en guarder\u00eda de Brasil; joven mata 3 ni\u00f1os y dos mujeres","og_description":"Un joven de 18 a\u00f1os irrumpi\u00f3 en una guarder\u00eda con un cuchillo e hiri\u00f3 a ni\u00f1os y empleados. Dos adultos y tres ni\u00f1os murieron.","og_url":"https:\/\/reporteroshoy.mx\/noticias\/terror-en-guarderia-de-brasil-joven-mata-3-ninos-y-dos-mujeres\/","og_site_name":"Reporteros Hoy | Noticias de Yucat\u00e1n","article_publisher":"http:\/\/www.facebook.com\/reporteroshoymx","article_published_time":"2021-05-05T16:00:41+00:00","article_modified_time":"2021-05-10T07:52:36+00:00","og_image":[{"width":768,"height":431,"url":"https:\/\/reporteroshoy.mx\/noticias\/wp-content\/uploads\/2021\/05\/Brasil.jpg","type":"image\/jpeg"}],"author":"Reporteros Hoy WP","twitter_card":"summary_large_image","twitter_creator":"@reporteroshoy","twitter_site":"@reporteroshoy","twitter_misc":{"Escrito por":"Reporteros Hoy WP","Tiempo de lectura":"4 minutos"},"schema":{"@context":"https:\/\/schema.org","@graph":[{"@type":"Article","@id":"https:\/\/reporteroshoy.mx\/noticias\/terror-en-guarderia-de-brasil-joven-mata-3-ninos-y-dos-mujeres\/#article","isPartOf":{"@id":"https:\/\/reporteroshoy.mx\/noticias\/terror-en-guarderia-de-brasil-joven-mata-3-ninos-y-dos-mujeres\/"},"author":{"name":"Reporteros Hoy WP","@id":"https:\/\/reporteroshoy.mx\/noticias\/#\/schema\/person\/c977527e57c958a62c5cefe8fe47876e"},"headline":"Terror en guarder\u00eda de Brasil; joven mata 3 ni\u00f1os y dos mujeres","datePublished":"2021-05-05T16:00:41+00:00","dateModified":"2021-05-10T07:52:36+00:00","mainEntityOfPage":{"@id":"https:\/\/reporteroshoy.mx\/noticias\/terror-en-guarderia-de-brasil-joven-mata-3-ninos-y-dos-mujeres\/"},"wordCount":797,"commentCount":0,"image":{"@id":"https:\/\/reporteroshoy.mx\/noticias\/terror-en-guarderia-de-brasil-joven-mata-3-ninos-y-dos-mujeres\/#primaryimage"},"thumbnailUrl":"https:\/\/reporteroshoy.mx\/noticias\/wp-content\/uploads\/2021\/05\/Brasil.jpg","keywords":["Brasil","Guarder\u00eda"],"articleSection":["Internacional"],"inLanguage":"es","potentialAction":[{"@type":"CommentAction","name":"Comment","target":["https:\/\/reporteroshoy.mx\/noticias\/terror-en-guarderia-de-brasil-joven-mata-3-ninos-y-dos-mujeres\/#respond"]}]},{"@type":"WebPage","@id":"https:\/\/reporteroshoy.mx\/noticias\/terror-en-guarderia-de-brasil-joven-mata-3-ninos-y-dos-mujeres\/","url":"https:\/\/reporteroshoy.mx\/noticias\/terror-en-guarderia-de-brasil-joven-mata-3-ninos-y-dos-mujeres\/","name":"Terror en guarder\u00eda de Brasil; joven mata 3 ni\u00f1os y dos mujeres","isPartOf":{"@id":"https:\/\/reporteroshoy.mx\/noticias\/#website"},"primaryImageOfPage":{"@id":"https:\/\/reporteroshoy.mx\/noticias\/terror-en-guarderia-de-brasil-joven-mata-3-ninos-y-dos-mujeres\/#primaryimage"},"image":{"@id":"https:\/\/reporteroshoy.mx\/noticias\/terror-en-guarderia-de-brasil-joven-mata-3-ninos-y-dos-mujeres\/#primaryimage"},"thumbnailUrl":"https:\/\/reporteroshoy.mx\/noticias\/wp-content\/uploads\/2021\/05\/Brasil.jpg","datePublished":"2021-05-05T16:00:41+00:00","dateModified":"2021-05-10T07:52:36+00:00","author":{"@id":"https:\/\/reporteroshoy.mx\/noticias\/#\/schema\/person\/c977527e57c958a62c5cefe8fe47876e"},"description":"Un joven de 18 a\u00f1os irrumpi\u00f3 en una guarder\u00eda con un cuchillo e hiri\u00f3 a ni\u00f1os y empleados. Dos adultos y tres ni\u00f1os murieron.","breadcrumb":{"@id":"https:\/\/reporteroshoy.mx\/noticias\/terror-en-guarderia-de-brasil-joven-mata-3-ninos-y-dos-mujeres\/#breadcrumb"},"inLanguage":"es","potentialAction":[{"@type":"ReadAction","target":["https:\/\/reporteroshoy.mx\/noticias\/terror-en-guarderia-de-brasil-joven-mata-3-ninos-y-dos-mujeres\/"]}]},{"@type":"ImageObject","inLanguage":"es","@id":"https:\/\/reporteroshoy.mx\/noticias\/terror-en-guarderia-de-brasil-joven-mata-3-ninos-y-dos-mujeres\/#primaryimage","url":"https:\/\/reporteroshoy.mx\/noticias\/wp-content\/uploads\/2021\/05\/Brasil.jpg","contentUrl":"https:\/\/reporteroshoy.mx\/noticias\/wp-content\/uploads\/2021\/05\/Brasil.jpg","width":768,"height":431},{"@type":"BreadcrumbList","@id":"https:\/\/reporteroshoy.mx\/noticias\/terror-en-guarderia-de-brasil-joven-mata-3-ninos-y-dos-mujeres\/#breadcrumb","itemListElement":[{"@type":"ListItem","position":1,"name":"Portada","item":"https:\/\/reporteroshoy.mx\/noticias\/"},{"@type":"ListItem","position":2,"name":"Terror en guarder\u00eda de Brasil; joven mata 3 ni\u00f1os y dos mujeres"}]},{"@type":"WebSite","@id":"https:\/\/reporteroshoy.mx\/noticias\/#website","url":"https:\/\/reporteroshoy.mx\/noticias\/","name":"Reporteros Hoy | Noticias de Yucat\u00e1n","description":"Peri\u00f3dico digital con noticias diarias desde M\u00e9rida, Yucat\u00e1n para el mundo.","potentialAction":[{"@type":"SearchAction","target":{"@type":"EntryPoint","urlTemplate":"https:\/\/reporteroshoy.mx\/noticias\/?s={search_term_string}"},"query-input":{"@type":"PropertyValueSpecification","valueRequired":true,"valueName":"search_term_string"}}],"inLanguage":"es"},{"@type":"Person","@id":"https:\/\/reporteroshoy.mx\/noticias\/#\/schema\/person\/c977527e57c958a62c5cefe8fe47876e","name":"Reporteros Hoy WP","image":{"@type":"ImageObject","inLanguage":"es","@id":"https:\/\/secure.gravatar.com\/avatar\/fd2917f79a7dae30f8ac9ddc2f35e1756bb59e25e01d1cd09deaa64df7b2f73e?s=96&d=mm&r=g","url":"https:\/\/secure.gravatar.com\/avatar\/fd2917f79a7dae30f8ac9ddc2f35e1756bb59e25e01d1cd09deaa64df7b2f73e?s=96&d=mm&r=g","contentUrl":"https:\/\/secure.gravatar.com\/avatar\/fd2917f79a7dae30f8ac9ddc2f35e1756bb59e25e01d1cd09deaa64df7b2f73e?s=96&d=mm&r=g","caption":"Reporteros Hoy WP"},"url":"https:\/\/reporteroshoy.mx\/noticias\/author\/walfer\/"}]}},"_links":{"self":[{"href":"https:\/\/reporteroshoy.mx\/noticias\/wp-json\/wp\/v2\/posts\/62958","targetHints":{"allow":["GET"]}}],"collection":[{"href":"https:\/\/reporteroshoy.mx\/noticias\/wp-json\/wp\/v2\/posts"}],"about":[{"href":"https:\/\/reporteroshoy.mx\/noticias\/wp-json\/wp\/v2\/types\/post"}],"author":[{"embeddable":true,"href":"https:\/\/reporteroshoy.mx\/noticias\/wp-json\/wp\/v2\/users\/9"}],"replies":[{"embeddable":true,"href":"https:\/\/reporteroshoy.mx\/noticias\/wp-json\/wp\/v2\/comments?post=62958"}],"version-history":[{"count":0,"href":"https:\/\/reporteroshoy.mx\/noticias\/wp-json\/wp\/v2\/posts\/62958\/revisions"}],"wp:featuredmedia":[{"embeddable":true,"href":"https:\/\/reporteroshoy.mx\/noticias\/wp-json\/wp\/v2\/media\/62959"}],"wp:attachment":[{"href":"https:\/\/reporteroshoy.mx\/noticias\/wp-json\/wp\/v2\/media?parent=62958"}],"wp:term":[{"taxonomy":"category","embeddable":true,"href":"https:\/\/reporteroshoy.mx\/noticias\/wp-json\/wp\/v2\/categories?post=62958"},{"taxonomy":"post_tag","embeddable":true,"href":"https:\/\/reporteroshoy.mx\/noticias\/wp-json\/wp\/v2\/tags?post=62958"}],"curies":[{"name":"wp","href":"https:\/\/api.w.org\/{rel}","templated":true}]}}