{"id":63082,"date":"2021-05-07T10:00:25","date_gmt":"2021-05-07T15:00:25","guid":{"rendered":"https:\/\/reporteroshoy.mx\/noticias\/?p=63082"},"modified":"2021-05-10T03:06:05","modified_gmt":"2021-05-10T08:06:05","slug":"mariachi-arcoiris-grupo-integrado-por-miembros-de-la-comunidad-lgbt","status":"publish","type":"post","link":"https:\/\/reporteroshoy.mx\/noticias\/mariachi-arcoiris-grupo-integrado-por-miembros-de-la-comunidad-lgbt\/","title":{"rendered":"Mariachi Arco\u00edris: grupo integrado por miembros de la comunidad LGBT"},"content":{"rendered":"<p style=\"text-align: justify;\">Estados Unidos; 7 de mayo de 2021 (Exc\u00e9lsior).- Como un m\u00fasico mariachi gay,\u00a0Carlos Samaniego se cans\u00f3 de la discriminaci\u00f3n y el acoso de otros mariachis en el mundo machista de ese g\u00e9nero. Entonces form\u00f3 su propio grupo, pero con todos los integrantes LGBTQ+.<\/p>\n<p style=\"text-align: justify;\">As\u00ed naci\u00f3\u00a0Mariachi Arco\u00edris de Los \u00c1ngeles,\u00a0considerada\u00a0la primera banda de mariachis LGBTQ+, que dio tres conciertos el mi\u00e9rcoles en la zona de Los \u00c1ngeles por la fiesta mexicana del Cinco de Mayo, como parte de una campa\u00f1a de aceptaci\u00f3n promovida por una compa\u00f1\u00eda de cerveza mexicana.<\/p>\n<p style=\"text-align: justify;\">Samaniego, quien estudi\u00f3 canto cl\u00e1sico y viol\u00edn, dijo que form\u00f3 la primera banda hace 20 a\u00f1os con hombres homosexuales y que recibi\u00f3 un impulso inicial para dar conciertos en un club nocturno de vaqueros latinos gay.<\/p>\n<p><img loading=\"lazy\" decoding=\"async\" class=\"wp-image-63083 aligncenter\" src=\"https:\/\/reporteroshoy.mx\/noticias\/wp-content\/uploads\/2021\/05\/Mariachi-Arcoiris.jpg\" alt=\"\" width=\"600\" height=\"338\" \/><\/p>\n<p style=\"text-align: justify;\">La banda se desvaneci\u00f3 y mientras Samaniego continuaba con su carrera de mariachi,\u00a0el machismo se volvi\u00f3 dominante. A partir de 2014, form\u00f3 un grupo m\u00e1s diverso.\u00a0Los 10 miembros se identifican como lesbianas, gays, bisexuales, transg\u00e9nero, nobinarios, asexuales y pansexuales, dijo Samaniego.<\/p>\n<p style=\"text-align: justify;\">\u00abQuer\u00eda crear un ambiente para m\u00fasicos como yo, donde podamos ser libres, y podamos ser quienes somos aut\u00e9nticamente y tocar nuestra m\u00fasica sin tener que preocuparnos por el acoso\u00bb,agreg\u00f3.<\/p>\n<p style=\"text-align: justify;\">Samaniego dijo que a veces nota la resistencia de los fans m\u00e1s tradicionales, especialmente cuando tocan en bodas. Los familiares mayores que los visitan desde M\u00e9xico a menudo se sorprenden pero lo superan cuando la m\u00fasica comienza, cont\u00f3.<\/p>\n<p style=\"text-align: justify;\">Natalia Mel\u00e9ndez, una violinista y cantante transg\u00e9nero, dijo que a menudo ve que m\u00fasicos latinos la ven como una inspiraci\u00f3n.<\/p>\n<p style=\"text-align: justify;\">\u00abCuando hice la transici\u00f3n, no me di cuenta de que iba a ser un pilar para otros\u00bb, dijo Mel\u00e9ndez.<\/p>\n<p style=\"text-align: justify;\">Siento que tengo que asumir una responsabilidad. Se lo debo a mi comunidad y para mostrarle al mundo que debemos ser respetados\u00bb, agreg\u00f3.<\/p>\n","protected":false},"excerpt":{"rendered":"<p>Es considerada\u00a0la primera banda de mariachis LGBT. Dieron tres conciertos el mi\u00e9rcoles en la zona de Los \u00c1ngeles por la fiesta mexicana del Cinco de Mayo.<\/p>\n","protected":false},"author":9,"featured_media":63083,"comment_status":"open","ping_status":"closed","sticky":false,"template":"","format":"standard","meta":{"footnotes":""},"categories":[10],"tags":[3639,2298,17497],"class_list":["post-63082","post","type-post","status-publish","format-standard","has-post-thumbnail","hentry","category-internacional","tag-inclusion","tag-lgbt","tag-mariachi-arcoiris"],"yoast_head":"<!-- This site is optimized with the Yoast SEO plugin v28.3 - https:\/\/yoast.com\/product\/yoast-seo-wordpress\/ -->\n<title>Mariachi Arco\u00edris: grupo integrado por miembros de la comunidad LGBT<\/title>\n<meta name=\"description\" content=\"Es considerada\u00a0la primera banda de mariachis LGBT. Dieron tres conciertos el mi\u00e9rcoles en la zona de Los \u00c1ngeles por la fiesta mexicana del Cinco de Mayo.\" \/>\n<meta name=\"robots\" content=\"index, follow, max-snippet:-1, max-image-preview:large, max-video-preview:-1\" \/>\n<link rel=\"canonical\" href=\"https:\/\/reporteroshoy.mx\/noticias\/mariachi-arcoiris-grupo-integrado-por-miembros-de-la-comunidad-lgbt\/\" \/>\n<meta property=\"og:locale\" content=\"es_ES\" \/>\n<meta property=\"og:type\" content=\"article\" \/>\n<meta property=\"og:title\" content=\"Mariachi Arco\u00edris: grupo integrado por miembros de la comunidad LGBT\" \/>\n<meta property=\"og:description\" content=\"Es considerada\u00a0la primera banda de mariachis LGBT. Dieron tres conciertos el mi\u00e9rcoles en la zona de Los \u00c1ngeles por la fiesta mexicana del Cinco de Mayo.\" \/>\n<meta property=\"og:url\" content=\"https:\/\/reporteroshoy.mx\/noticias\/mariachi-arcoiris-grupo-integrado-por-miembros-de-la-comunidad-lgbt\/\" \/>\n<meta property=\"og:site_name\" content=\"Reporteros Hoy | Noticias de Yucat\u00e1n\" \/>\n<meta property=\"article:publisher\" content=\"http:\/\/www.facebook.com\/reporteroshoymx\" \/>\n<meta property=\"article:published_time\" content=\"2021-05-07T15:00:25+00:00\" \/>\n<meta property=\"article:modified_time\" content=\"2021-05-10T08:06:05+00:00\" \/>\n<meta property=\"og:image\" content=\"https:\/\/reporteroshoy.mx\/noticias\/wp-content\/uploads\/2021\/05\/Mariachi-Arcoiris.jpg\" \/>\n\t<meta property=\"og:image:width\" content=\"768\" \/>\n\t<meta property=\"og:image:height\" content=\"432\" \/>\n\t<meta property=\"og:image:type\" content=\"image\/jpeg\" \/>\n<meta name=\"author\" content=\"Reporteros Hoy WP\" \/>\n<meta name=\"twitter:card\" content=\"summary_large_image\" \/>\n<meta name=\"twitter:creator\" content=\"@reporteroshoy\" \/>\n<meta name=\"twitter:site\" content=\"@reporteroshoy\" \/>\n<meta name=\"twitter:label1\" content=\"Escrito por\" \/>\n\t<meta name=\"twitter:data1\" content=\"Reporteros Hoy WP\" \/>\n\t<meta name=\"twitter:label2\" content=\"Tiempo de lectura\" \/>\n\t<meta name=\"twitter:data2\" content=\"2 minutos\" \/>\n<script type=\"application\/ld+json\" class=\"yoast-schema-graph\">{\"@context\":\"https:\\\/\\\/schema.org\",\"@graph\":[{\"@type\":\"Article\",\"@id\":\"https:\\\/\\\/reporteroshoy.mx\\\/noticias\\\/mariachi-arcoiris-grupo-integrado-por-miembros-de-la-comunidad-lgbt\\\/#article\",\"isPartOf\":{\"@id\":\"https:\\\/\\\/reporteroshoy.mx\\\/noticias\\\/mariachi-arcoiris-grupo-integrado-por-miembros-de-la-comunidad-lgbt\\\/\"},\"author\":{\"name\":\"Reporteros Hoy WP\",\"@id\":\"https:\\\/\\\/reporteroshoy.mx\\\/noticias\\\/#\\\/schema\\\/person\\\/c977527e57c958a62c5cefe8fe47876e\"},\"headline\":\"Mariachi Arco\u00edris: grupo integrado por miembros de la comunidad LGBT\",\"datePublished\":\"2021-05-07T15:00:25+00:00\",\"dateModified\":\"2021-05-10T08:06:05+00:00\",\"mainEntityOfPage\":{\"@id\":\"https:\\\/\\\/reporteroshoy.mx\\\/noticias\\\/mariachi-arcoiris-grupo-integrado-por-miembros-de-la-comunidad-lgbt\\\/\"},\"wordCount\":335,\"commentCount\":0,\"image\":{\"@id\":\"https:\\\/\\\/reporteroshoy.mx\\\/noticias\\\/mariachi-arcoiris-grupo-integrado-por-miembros-de-la-comunidad-lgbt\\\/#primaryimage\"},\"thumbnailUrl\":\"https:\\\/\\\/reporteroshoy.mx\\\/noticias\\\/wp-content\\\/uploads\\\/2021\\\/05\\\/Mariachi-Arcoiris.jpg\",\"keywords\":[\"Inclusi\u00f3n\",\"LGBT\",\"Mariachi Arco\u00edris\"],\"articleSection\":[\"Internacional\"],\"inLanguage\":\"es\",\"potentialAction\":[{\"@type\":\"CommentAction\",\"name\":\"Comment\",\"target\":[\"https:\\\/\\\/reporteroshoy.mx\\\/noticias\\\/mariachi-arcoiris-grupo-integrado-por-miembros-de-la-comunidad-lgbt\\\/#respond\"]}]},{\"@type\":\"WebPage\",\"@id\":\"https:\\\/\\\/reporteroshoy.mx\\\/noticias\\\/mariachi-arcoiris-grupo-integrado-por-miembros-de-la-comunidad-lgbt\\\/\",\"url\":\"https:\\\/\\\/reporteroshoy.mx\\\/noticias\\\/mariachi-arcoiris-grupo-integrado-por-miembros-de-la-comunidad-lgbt\\\/\",\"name\":\"Mariachi Arco\u00edris: grupo integrado por miembros de la comunidad LGBT\",\"isPartOf\":{\"@id\":\"https:\\\/\\\/reporteroshoy.mx\\\/noticias\\\/#website\"},\"primaryImageOfPage\":{\"@id\":\"https:\\\/\\\/reporteroshoy.mx\\\/noticias\\\/mariachi-arcoiris-grupo-integrado-por-miembros-de-la-comunidad-lgbt\\\/#primaryimage\"},\"image\":{\"@id\":\"https:\\\/\\\/reporteroshoy.mx\\\/noticias\\\/mariachi-arcoiris-grupo-integrado-por-miembros-de-la-comunidad-lgbt\\\/#primaryimage\"},\"thumbnailUrl\":\"https:\\\/\\\/reporteroshoy.mx\\\/noticias\\\/wp-content\\\/uploads\\\/2021\\\/05\\\/Mariachi-Arcoiris.jpg\",\"datePublished\":\"2021-05-07T15:00:25+00:00\",\"dateModified\":\"2021-05-10T08:06:05+00:00\",\"author\":{\"@id\":\"https:\\\/\\\/reporteroshoy.mx\\\/noticias\\\/#\\\/schema\\\/person\\\/c977527e57c958a62c5cefe8fe47876e\"},\"description\":\"Es considerada\u00a0la primera banda de mariachis LGBT. Dieron tres conciertos el mi\u00e9rcoles en la zona de Los \u00c1ngeles por la fiesta mexicana del Cinco de Mayo.\",\"breadcrumb\":{\"@id\":\"https:\\\/\\\/reporteroshoy.mx\\\/noticias\\\/mariachi-arcoiris-grupo-integrado-por-miembros-de-la-comunidad-lgbt\\\/#breadcrumb\"},\"inLanguage\":\"es\",\"potentialAction\":[{\"@type\":\"ReadAction\",\"target\":[\"https:\\\/\\\/reporteroshoy.mx\\\/noticias\\\/mariachi-arcoiris-grupo-integrado-por-miembros-de-la-comunidad-lgbt\\\/\"]}]},{\"@type\":\"ImageObject\",\"inLanguage\":\"es\",\"@id\":\"https:\\\/\\\/reporteroshoy.mx\\\/noticias\\\/mariachi-arcoiris-grupo-integrado-por-miembros-de-la-comunidad-lgbt\\\/#primaryimage\",\"url\":\"https:\\\/\\\/reporteroshoy.mx\\\/noticias\\\/wp-content\\\/uploads\\\/2021\\\/05\\\/Mariachi-Arcoiris.jpg\",\"contentUrl\":\"https:\\\/\\\/reporteroshoy.mx\\\/noticias\\\/wp-content\\\/uploads\\\/2021\\\/05\\\/Mariachi-Arcoiris.jpg\",\"width\":768,\"height\":432},{\"@type\":\"BreadcrumbList\",\"@id\":\"https:\\\/\\\/reporteroshoy.mx\\\/noticias\\\/mariachi-arcoiris-grupo-integrado-por-miembros-de-la-comunidad-lgbt\\\/#breadcrumb\",\"itemListElement\":[{\"@type\":\"ListItem\",\"position\":1,\"name\":\"Portada\",\"item\":\"https:\\\/\\\/reporteroshoy.mx\\\/noticias\\\/\"},{\"@type\":\"ListItem\",\"position\":2,\"name\":\"Mariachi Arco\u00edris: grupo integrado por miembros de la comunidad LGBT\"}]},{\"@type\":\"WebSite\",\"@id\":\"https:\\\/\\\/reporteroshoy.mx\\\/noticias\\\/#website\",\"url\":\"https:\\\/\\\/reporteroshoy.mx\\\/noticias\\\/\",\"name\":\"Reporteros Hoy | Noticias de Yucat\u00e1n\",\"description\":\"Peri\u00f3dico digital con noticias diarias desde M\u00e9rida, Yucat\u00e1n para el mundo.\",\"potentialAction\":[{\"@type\":\"SearchAction\",\"target\":{\"@type\":\"EntryPoint\",\"urlTemplate\":\"https:\\\/\\\/reporteroshoy.mx\\\/noticias\\\/?s={search_term_string}\"},\"query-input\":{\"@type\":\"PropertyValueSpecification\",\"valueRequired\":true,\"valueName\":\"search_term_string\"}}],\"inLanguage\":\"es\"},{\"@type\":\"Person\",\"@id\":\"https:\\\/\\\/reporteroshoy.mx\\\/noticias\\\/#\\\/schema\\\/person\\\/c977527e57c958a62c5cefe8fe47876e\",\"name\":\"Reporteros Hoy WP\",\"image\":{\"@type\":\"ImageObject\",\"inLanguage\":\"es\",\"@id\":\"https:\\\/\\\/secure.gravatar.com\\\/avatar\\\/fd2917f79a7dae30f8ac9ddc2f35e1756bb59e25e01d1cd09deaa64df7b2f73e?s=96&d=mm&r=g\",\"url\":\"https:\\\/\\\/secure.gravatar.com\\\/avatar\\\/fd2917f79a7dae30f8ac9ddc2f35e1756bb59e25e01d1cd09deaa64df7b2f73e?s=96&d=mm&r=g\",\"contentUrl\":\"https:\\\/\\\/secure.gravatar.com\\\/avatar\\\/fd2917f79a7dae30f8ac9ddc2f35e1756bb59e25e01d1cd09deaa64df7b2f73e?s=96&d=mm&r=g\",\"caption\":\"Reporteros Hoy WP\"},\"url\":\"https:\\\/\\\/reporteroshoy.mx\\\/noticias\\\/author\\\/walfer\\\/\"}]}<\/script>\n<!-- \/ Yoast SEO plugin. -->","yoast_head_json":{"title":"Mariachi Arco\u00edris: grupo integrado por miembros de la comunidad LGBT","description":"Es considerada\u00a0la primera banda de mariachis LGBT. Dieron tres conciertos el mi\u00e9rcoles en la zona de Los \u00c1ngeles por la fiesta mexicana del Cinco de Mayo.","robots":{"index":"index","follow":"follow","max-snippet":"max-snippet:-1","max-image-preview":"max-image-preview:large","max-video-preview":"max-video-preview:-1"},"canonical":"https:\/\/reporteroshoy.mx\/noticias\/mariachi-arcoiris-grupo-integrado-por-miembros-de-la-comunidad-lgbt\/","og_locale":"es_ES","og_type":"article","og_title":"Mariachi Arco\u00edris: grupo integrado por miembros de la comunidad LGBT","og_description":"Es considerada\u00a0la primera banda de mariachis LGBT. Dieron tres conciertos el mi\u00e9rcoles en la zona de Los \u00c1ngeles por la fiesta mexicana del Cinco de Mayo.","og_url":"https:\/\/reporteroshoy.mx\/noticias\/mariachi-arcoiris-grupo-integrado-por-miembros-de-la-comunidad-lgbt\/","og_site_name":"Reporteros Hoy | Noticias de Yucat\u00e1n","article_publisher":"http:\/\/www.facebook.com\/reporteroshoymx","article_published_time":"2021-05-07T15:00:25+00:00","article_modified_time":"2021-05-10T08:06:05+00:00","og_image":[{"width":768,"height":432,"url":"https:\/\/reporteroshoy.mx\/noticias\/wp-content\/uploads\/2021\/05\/Mariachi-Arcoiris.jpg","type":"image\/jpeg"}],"author":"Reporteros Hoy WP","twitter_card":"summary_large_image","twitter_creator":"@reporteroshoy","twitter_site":"@reporteroshoy","twitter_misc":{"Escrito por":"Reporteros Hoy WP","Tiempo de lectura":"2 minutos"},"schema":{"@context":"https:\/\/schema.org","@graph":[{"@type":"Article","@id":"https:\/\/reporteroshoy.mx\/noticias\/mariachi-arcoiris-grupo-integrado-por-miembros-de-la-comunidad-lgbt\/#article","isPartOf":{"@id":"https:\/\/reporteroshoy.mx\/noticias\/mariachi-arcoiris-grupo-integrado-por-miembros-de-la-comunidad-lgbt\/"},"author":{"name":"Reporteros Hoy WP","@id":"https:\/\/reporteroshoy.mx\/noticias\/#\/schema\/person\/c977527e57c958a62c5cefe8fe47876e"},"headline":"Mariachi Arco\u00edris: grupo integrado por miembros de la comunidad LGBT","datePublished":"2021-05-07T15:00:25+00:00","dateModified":"2021-05-10T08:06:05+00:00","mainEntityOfPage":{"@id":"https:\/\/reporteroshoy.mx\/noticias\/mariachi-arcoiris-grupo-integrado-por-miembros-de-la-comunidad-lgbt\/"},"wordCount":335,"commentCount":0,"image":{"@id":"https:\/\/reporteroshoy.mx\/noticias\/mariachi-arcoiris-grupo-integrado-por-miembros-de-la-comunidad-lgbt\/#primaryimage"},"thumbnailUrl":"https:\/\/reporteroshoy.mx\/noticias\/wp-content\/uploads\/2021\/05\/Mariachi-Arcoiris.jpg","keywords":["Inclusi\u00f3n","LGBT","Mariachi Arco\u00edris"],"articleSection":["Internacional"],"inLanguage":"es","potentialAction":[{"@type":"CommentAction","name":"Comment","target":["https:\/\/reporteroshoy.mx\/noticias\/mariachi-arcoiris-grupo-integrado-por-miembros-de-la-comunidad-lgbt\/#respond"]}]},{"@type":"WebPage","@id":"https:\/\/reporteroshoy.mx\/noticias\/mariachi-arcoiris-grupo-integrado-por-miembros-de-la-comunidad-lgbt\/","url":"https:\/\/reporteroshoy.mx\/noticias\/mariachi-arcoiris-grupo-integrado-por-miembros-de-la-comunidad-lgbt\/","name":"Mariachi Arco\u00edris: grupo integrado por miembros de la comunidad LGBT","isPartOf":{"@id":"https:\/\/reporteroshoy.mx\/noticias\/#website"},"primaryImageOfPage":{"@id":"https:\/\/reporteroshoy.mx\/noticias\/mariachi-arcoiris-grupo-integrado-por-miembros-de-la-comunidad-lgbt\/#primaryimage"},"image":{"@id":"https:\/\/reporteroshoy.mx\/noticias\/mariachi-arcoiris-grupo-integrado-por-miembros-de-la-comunidad-lgbt\/#primaryimage"},"thumbnailUrl":"https:\/\/reporteroshoy.mx\/noticias\/wp-content\/uploads\/2021\/05\/Mariachi-Arcoiris.jpg","datePublished":"2021-05-07T15:00:25+00:00","dateModified":"2021-05-10T08:06:05+00:00","author":{"@id":"https:\/\/reporteroshoy.mx\/noticias\/#\/schema\/person\/c977527e57c958a62c5cefe8fe47876e"},"description":"Es considerada\u00a0la primera banda de mariachis LGBT. Dieron tres conciertos el mi\u00e9rcoles en la zona de Los \u00c1ngeles por la fiesta mexicana del Cinco de Mayo.","breadcrumb":{"@id":"https:\/\/reporteroshoy.mx\/noticias\/mariachi-arcoiris-grupo-integrado-por-miembros-de-la-comunidad-lgbt\/#breadcrumb"},"inLanguage":"es","potentialAction":[{"@type":"ReadAction","target":["https:\/\/reporteroshoy.mx\/noticias\/mariachi-arcoiris-grupo-integrado-por-miembros-de-la-comunidad-lgbt\/"]}]},{"@type":"ImageObject","inLanguage":"es","@id":"https:\/\/reporteroshoy.mx\/noticias\/mariachi-arcoiris-grupo-integrado-por-miembros-de-la-comunidad-lgbt\/#primaryimage","url":"https:\/\/reporteroshoy.mx\/noticias\/wp-content\/uploads\/2021\/05\/Mariachi-Arcoiris.jpg","contentUrl":"https:\/\/reporteroshoy.mx\/noticias\/wp-content\/uploads\/2021\/05\/Mariachi-Arcoiris.jpg","width":768,"height":432},{"@type":"BreadcrumbList","@id":"https:\/\/reporteroshoy.mx\/noticias\/mariachi-arcoiris-grupo-integrado-por-miembros-de-la-comunidad-lgbt\/#breadcrumb","itemListElement":[{"@type":"ListItem","position":1,"name":"Portada","item":"https:\/\/reporteroshoy.mx\/noticias\/"},{"@type":"ListItem","position":2,"name":"Mariachi Arco\u00edris: grupo integrado por miembros de la comunidad LGBT"}]},{"@type":"WebSite","@id":"https:\/\/reporteroshoy.mx\/noticias\/#website","url":"https:\/\/reporteroshoy.mx\/noticias\/","name":"Reporteros Hoy | Noticias de Yucat\u00e1n","description":"Peri\u00f3dico digital con noticias diarias desde M\u00e9rida, Yucat\u00e1n para el mundo.","potentialAction":[{"@type":"SearchAction","target":{"@type":"EntryPoint","urlTemplate":"https:\/\/reporteroshoy.mx\/noticias\/?s={search_term_string}"},"query-input":{"@type":"PropertyValueSpecification","valueRequired":true,"valueName":"search_term_string"}}],"inLanguage":"es"},{"@type":"Person","@id":"https:\/\/reporteroshoy.mx\/noticias\/#\/schema\/person\/c977527e57c958a62c5cefe8fe47876e","name":"Reporteros Hoy WP","image":{"@type":"ImageObject","inLanguage":"es","@id":"https:\/\/secure.gravatar.com\/avatar\/fd2917f79a7dae30f8ac9ddc2f35e1756bb59e25e01d1cd09deaa64df7b2f73e?s=96&d=mm&r=g","url":"https:\/\/secure.gravatar.com\/avatar\/fd2917f79a7dae30f8ac9ddc2f35e1756bb59e25e01d1cd09deaa64df7b2f73e?s=96&d=mm&r=g","contentUrl":"https:\/\/secure.gravatar.com\/avatar\/fd2917f79a7dae30f8ac9ddc2f35e1756bb59e25e01d1cd09deaa64df7b2f73e?s=96&d=mm&r=g","caption":"Reporteros Hoy WP"},"url":"https:\/\/reporteroshoy.mx\/noticias\/author\/walfer\/"}]}},"_links":{"self":[{"href":"https:\/\/reporteroshoy.mx\/noticias\/wp-json\/wp\/v2\/posts\/63082","targetHints":{"allow":["GET"]}}],"collection":[{"href":"https:\/\/reporteroshoy.mx\/noticias\/wp-json\/wp\/v2\/posts"}],"about":[{"href":"https:\/\/reporteroshoy.mx\/noticias\/wp-json\/wp\/v2\/types\/post"}],"author":[{"embeddable":true,"href":"https:\/\/reporteroshoy.mx\/noticias\/wp-json\/wp\/v2\/users\/9"}],"replies":[{"embeddable":true,"href":"https:\/\/reporteroshoy.mx\/noticias\/wp-json\/wp\/v2\/comments?post=63082"}],"version-history":[{"count":0,"href":"https:\/\/reporteroshoy.mx\/noticias\/wp-json\/wp\/v2\/posts\/63082\/revisions"}],"wp:featuredmedia":[{"embeddable":true,"href":"https:\/\/reporteroshoy.mx\/noticias\/wp-json\/wp\/v2\/media\/63083"}],"wp:attachment":[{"href":"https:\/\/reporteroshoy.mx\/noticias\/wp-json\/wp\/v2\/media?parent=63082"}],"wp:term":[{"taxonomy":"category","embeddable":true,"href":"https:\/\/reporteroshoy.mx\/noticias\/wp-json\/wp\/v2\/categories?post=63082"},{"taxonomy":"post_tag","embeddable":true,"href":"https:\/\/reporteroshoy.mx\/noticias\/wp-json\/wp\/v2\/tags?post=63082"}],"curies":[{"name":"wp","href":"https:\/\/api.w.org\/{rel}","templated":true}]}}