{"id":63712,"date":"2021-05-17T10:37:59","date_gmt":"2021-05-17T15:37:59","guid":{"rendered":"https:\/\/reporteroshoy.mx\/noticias\/?p=63712"},"modified":"2021-05-17T10:37:59","modified_gmt":"2021-05-17T15:37:59","slug":"aumentan-las-personas-sin-trabajo-en-el-primer-trimestre-del-2021","status":"publish","type":"post","link":"https:\/\/reporteroshoy.mx\/noticias\/aumentan-las-personas-sin-trabajo-en-el-primer-trimestre-del-2021\/","title":{"rendered":"Aumentan las personas sin trabajo en el primer trimestre del 2021"},"content":{"rendered":"<p style=\"text-align: justify;\">Ciudad M\u00e9xico; 17 de mayo de 2021 (Exc\u00e9lsior).- De acuerdo con los datos del Inegi\u00a0correspondientes al levantamiento de la Encuesta Nacional de Ocupaci\u00f3n y Empleo Nueva Edici\u00f3n (ENOE) para el trimestre enero-marzo de 2021, la\u00a0poblaci\u00f3n ocupada fue de 53 millones de personas, reportando una disminuci\u00f3n de 2.1 millones.<\/p>\n<p style=\"text-align: justify;\">La cifras dados a conocer a trav\u00e9s de un comunicado, refieren que en el primer trimestre del 2021,\u00a0M\u00e9xico registr\u00f3 disminuci\u00f3n de 1.6 millones de la\u00a0Poblaci\u00f3n Econ\u00f3micamente Activa\u00a0(PEA) en comparaci\u00f3n con el mismo periodo del a\u00f1o pasado, al pasar de 57 millones a 55.4 millones.<\/p>\n<p style=\"text-align: justify;\">\u00abLas personas ocupadas en actividades terciarias descendieron 1.9 millones, siendo el impacto mayor en el sector comercio con una reducci\u00f3n de 712 mil y en el sector de restaurantes y servicios de alojamiento con 656 mil\u201d, se lee en el comunicado.<\/p>\n<p><img loading=\"lazy\" decoding=\"async\" class=\"wp-image-63713 aligncenter\" src=\"https:\/\/reporteroshoy.mx\/noticias\/wp-content\/uploads\/2021\/05\/Desempleo.jpg\" alt=\"\" width=\"600\" height=\"337\" \/><\/p>\n<p style=\"text-align: justify;\">Mientras que \u201clas personas ocupadas en micronegocios disminuyeron en 924 mil, particularmente los que cuentan con establecimiento para operar, con 537 mil personas menos\u201d. En tanto, la poblaci\u00f3n subocupada aument\u00f3 2.7 millones, al pasar de 4.6 a 7.3 millones.<\/p>\n<p style=\"text-align: justify;\">En el documento se precisa que la tasa de desocupaci\u00f3n aument\u00f3 0.9 puntos porcentuales al pasar de 3.4 a 4.4% a nivel nacional.<\/p>\n<p style=\"text-align: justify;\">\u00abPor entidad federativa, Oaxaca con 79.7%, seguido de Guerrero con 76.1% y Chiapas con 74.2% reportaron las tasas m\u00e1s altas de informalidad laboral; en cambio, Chihuahua con 34.3%, Nuevo Le\u00f3n con 34.9% y Baja California con 35.8% registraron las tasas m\u00e1s bajas durante el primer trimestre de 2021\u201d.<\/p>\n<p style=\"text-align: justify;\">El total de las 39 ciudades para las cuales ofrece informaci\u00f3n la encuesta reportaron una tasa de desocupaci\u00f3n de 5.5%, una tasa de subocupaci\u00f3n de 15.9%, una tasa de condiciones cr\u00edticas de ocupaci\u00f3n de 23.3% y una tasa de informalidad laboral de 43.7 por ciento.<\/p>\n<p style=\"text-align: justify;\">\u00abCanc\u00fan con 10.9%, Ciudad de M\u00e9xico con 7.4% y Le\u00f3n con 6.9% fueron las ciudades con mayores tasas de desocupaci\u00f3n. Tijuana con 2%, Cuernavaca con 2.2% y Reynosa con 2.6% reportaron las tasas de desocupaci\u00f3n m\u00e1s bajas en el primer trimestre de 2021\u201d.<\/p>\n","protected":false},"excerpt":{"rendered":"<p>M\u00e9xico registr\u00f3 disminuci\u00f3n de 1.6 millones de la Poblaci\u00f3n Econ\u00f3micamente Activa en comparaci\u00f3n con el a\u00f1o pasado, al pasar de 57 millones a 55.4 millones.<\/p>\n","protected":false},"author":9,"featured_media":63713,"comment_status":"open","ping_status":"closed","sticky":false,"template":"","format":"standard","meta":{"footnotes":""},"categories":[9],"tags":[3152,2247,4677],"class_list":["post-63712","post","type-post","status-publish","format-standard","has-post-thumbnail","hentry","category-mexico","tag-desempleo","tag-inegi","tag-trabajo"],"yoast_head":"<!-- This site is optimized with the Yoast SEO plugin v28.4 - https:\/\/yoast.com\/product\/yoast-seo-wordpress\/ -->\n<title>Aumentan las personas sin trabajo en el primer trimestre del 2021<\/title>\n<meta name=\"description\" content=\"M\u00e9xico registr\u00f3 disminuci\u00f3n de 1.6 millones de la Poblaci\u00f3n Econ\u00f3micamente Activa en comparaci\u00f3n con el a\u00f1o pasado, al pasar de 57 millones a 55.4 millones.\" \/>\n<meta name=\"robots\" content=\"index, follow, max-snippet:-1, max-image-preview:large, max-video-preview:-1\" \/>\n<link rel=\"canonical\" href=\"https:\/\/reporteroshoy.mx\/noticias\/aumentan-las-personas-sin-trabajo-en-el-primer-trimestre-del-2021\/\" \/>\n<meta property=\"og:locale\" content=\"es_ES\" \/>\n<meta property=\"og:type\" content=\"article\" \/>\n<meta property=\"og:title\" content=\"Aumentan las personas sin trabajo en el primer trimestre del 2021\" \/>\n<meta property=\"og:description\" content=\"M\u00e9xico registr\u00f3 disminuci\u00f3n de 1.6 millones de la Poblaci\u00f3n Econ\u00f3micamente Activa en comparaci\u00f3n con el a\u00f1o pasado, al pasar de 57 millones a 55.4 millones.\" \/>\n<meta property=\"og:url\" content=\"https:\/\/reporteroshoy.mx\/noticias\/aumentan-las-personas-sin-trabajo-en-el-primer-trimestre-del-2021\/\" \/>\n<meta property=\"og:site_name\" content=\"Reporteros Hoy | Noticias de Yucat\u00e1n\" \/>\n<meta property=\"article:publisher\" content=\"http:\/\/www.facebook.com\/reporteroshoymx\" \/>\n<meta property=\"article:published_time\" content=\"2021-05-17T15:37:59+00:00\" \/>\n<meta property=\"og:image\" content=\"https:\/\/reporteroshoy.mx\/noticias\/wp-content\/uploads\/2021\/05\/Desempleo.jpg\" \/>\n\t<meta property=\"og:image:width\" content=\"768\" \/>\n\t<meta property=\"og:image:height\" content=\"431\" \/>\n\t<meta property=\"og:image:type\" content=\"image\/jpeg\" \/>\n<meta name=\"author\" content=\"Reporteros Hoy WP\" \/>\n<meta name=\"twitter:card\" content=\"summary_large_image\" \/>\n<meta name=\"twitter:creator\" content=\"@reporteroshoy\" \/>\n<meta name=\"twitter:site\" content=\"@reporteroshoy\" \/>\n<meta name=\"twitter:label1\" content=\"Escrito por\" \/>\n\t<meta name=\"twitter:data1\" content=\"Reporteros Hoy WP\" \/>\n\t<meta name=\"twitter:label2\" content=\"Tiempo de lectura\" \/>\n\t<meta name=\"twitter:data2\" content=\"2 minutos\" \/>\n<script type=\"application\/ld+json\" class=\"yoast-schema-graph\">{\"@context\":\"https:\\\/\\\/schema.org\",\"@graph\":[{\"@type\":\"Article\",\"@id\":\"https:\\\/\\\/reporteroshoy.mx\\\/noticias\\\/aumentan-las-personas-sin-trabajo-en-el-primer-trimestre-del-2021\\\/#article\",\"isPartOf\":{\"@id\":\"https:\\\/\\\/reporteroshoy.mx\\\/noticias\\\/aumentan-las-personas-sin-trabajo-en-el-primer-trimestre-del-2021\\\/\"},\"author\":{\"name\":\"Reporteros Hoy WP\",\"@id\":\"https:\\\/\\\/reporteroshoy.mx\\\/noticias\\\/#\\\/schema\\\/person\\\/c977527e57c958a62c5cefe8fe47876e\"},\"headline\":\"Aumentan las personas sin trabajo en el primer trimestre del 2021\",\"datePublished\":\"2021-05-17T15:37:59+00:00\",\"mainEntityOfPage\":{\"@id\":\"https:\\\/\\\/reporteroshoy.mx\\\/noticias\\\/aumentan-las-personas-sin-trabajo-en-el-primer-trimestre-del-2021\\\/\"},\"wordCount\":338,\"commentCount\":0,\"image\":{\"@id\":\"https:\\\/\\\/reporteroshoy.mx\\\/noticias\\\/aumentan-las-personas-sin-trabajo-en-el-primer-trimestre-del-2021\\\/#primaryimage\"},\"thumbnailUrl\":\"https:\\\/\\\/reporteroshoy.mx\\\/noticias\\\/wp-content\\\/uploads\\\/2021\\\/05\\\/Desempleo.jpg\",\"keywords\":[\"Desempleo\",\"Inegi\",\"trabajo\"],\"articleSection\":[\"M\u00e9xico\"],\"inLanguage\":\"es\",\"potentialAction\":[{\"@type\":\"CommentAction\",\"name\":\"Comment\",\"target\":[\"https:\\\/\\\/reporteroshoy.mx\\\/noticias\\\/aumentan-las-personas-sin-trabajo-en-el-primer-trimestre-del-2021\\\/#respond\"]}]},{\"@type\":\"WebPage\",\"@id\":\"https:\\\/\\\/reporteroshoy.mx\\\/noticias\\\/aumentan-las-personas-sin-trabajo-en-el-primer-trimestre-del-2021\\\/\",\"url\":\"https:\\\/\\\/reporteroshoy.mx\\\/noticias\\\/aumentan-las-personas-sin-trabajo-en-el-primer-trimestre-del-2021\\\/\",\"name\":\"Aumentan las personas sin trabajo en el primer trimestre del 2021\",\"isPartOf\":{\"@id\":\"https:\\\/\\\/reporteroshoy.mx\\\/noticias\\\/#website\"},\"primaryImageOfPage\":{\"@id\":\"https:\\\/\\\/reporteroshoy.mx\\\/noticias\\\/aumentan-las-personas-sin-trabajo-en-el-primer-trimestre-del-2021\\\/#primaryimage\"},\"image\":{\"@id\":\"https:\\\/\\\/reporteroshoy.mx\\\/noticias\\\/aumentan-las-personas-sin-trabajo-en-el-primer-trimestre-del-2021\\\/#primaryimage\"},\"thumbnailUrl\":\"https:\\\/\\\/reporteroshoy.mx\\\/noticias\\\/wp-content\\\/uploads\\\/2021\\\/05\\\/Desempleo.jpg\",\"datePublished\":\"2021-05-17T15:37:59+00:00\",\"author\":{\"@id\":\"https:\\\/\\\/reporteroshoy.mx\\\/noticias\\\/#\\\/schema\\\/person\\\/c977527e57c958a62c5cefe8fe47876e\"},\"description\":\"M\u00e9xico registr\u00f3 disminuci\u00f3n de 1.6 millones de la Poblaci\u00f3n Econ\u00f3micamente Activa en comparaci\u00f3n con el a\u00f1o pasado, al pasar de 57 millones a 55.4 millones.\",\"breadcrumb\":{\"@id\":\"https:\\\/\\\/reporteroshoy.mx\\\/noticias\\\/aumentan-las-personas-sin-trabajo-en-el-primer-trimestre-del-2021\\\/#breadcrumb\"},\"inLanguage\":\"es\",\"potentialAction\":[{\"@type\":\"ReadAction\",\"target\":[\"https:\\\/\\\/reporteroshoy.mx\\\/noticias\\\/aumentan-las-personas-sin-trabajo-en-el-primer-trimestre-del-2021\\\/\"]}]},{\"@type\":\"ImageObject\",\"inLanguage\":\"es\",\"@id\":\"https:\\\/\\\/reporteroshoy.mx\\\/noticias\\\/aumentan-las-personas-sin-trabajo-en-el-primer-trimestre-del-2021\\\/#primaryimage\",\"url\":\"https:\\\/\\\/reporteroshoy.mx\\\/noticias\\\/wp-content\\\/uploads\\\/2021\\\/05\\\/Desempleo.jpg\",\"contentUrl\":\"https:\\\/\\\/reporteroshoy.mx\\\/noticias\\\/wp-content\\\/uploads\\\/2021\\\/05\\\/Desempleo.jpg\",\"width\":768,\"height\":431},{\"@type\":\"BreadcrumbList\",\"@id\":\"https:\\\/\\\/reporteroshoy.mx\\\/noticias\\\/aumentan-las-personas-sin-trabajo-en-el-primer-trimestre-del-2021\\\/#breadcrumb\",\"itemListElement\":[{\"@type\":\"ListItem\",\"position\":1,\"name\":\"Portada\",\"item\":\"https:\\\/\\\/reporteroshoy.mx\\\/noticias\\\/\"},{\"@type\":\"ListItem\",\"position\":2,\"name\":\"Aumentan las personas sin trabajo en el primer trimestre del 2021\"}]},{\"@type\":\"WebSite\",\"@id\":\"https:\\\/\\\/reporteroshoy.mx\\\/noticias\\\/#website\",\"url\":\"https:\\\/\\\/reporteroshoy.mx\\\/noticias\\\/\",\"name\":\"Reporteros Hoy | Noticias de Yucat\u00e1n\",\"description\":\"Peri\u00f3dico digital con noticias diarias desde M\u00e9rida, Yucat\u00e1n para el mundo.\",\"potentialAction\":[{\"@type\":\"SearchAction\",\"target\":{\"@type\":\"EntryPoint\",\"urlTemplate\":\"https:\\\/\\\/reporteroshoy.mx\\\/noticias\\\/?s={search_term_string}\"},\"query-input\":{\"@type\":\"PropertyValueSpecification\",\"valueRequired\":true,\"valueName\":\"search_term_string\"}}],\"inLanguage\":\"es\"},{\"@type\":\"Person\",\"@id\":\"https:\\\/\\\/reporteroshoy.mx\\\/noticias\\\/#\\\/schema\\\/person\\\/c977527e57c958a62c5cefe8fe47876e\",\"name\":\"Reporteros Hoy WP\",\"image\":{\"@type\":\"ImageObject\",\"inLanguage\":\"es\",\"@id\":\"https:\\\/\\\/secure.gravatar.com\\\/avatar\\\/fd2917f79a7dae30f8ac9ddc2f35e1756bb59e25e01d1cd09deaa64df7b2f73e?s=96&d=mm&r=g\",\"url\":\"https:\\\/\\\/secure.gravatar.com\\\/avatar\\\/fd2917f79a7dae30f8ac9ddc2f35e1756bb59e25e01d1cd09deaa64df7b2f73e?s=96&d=mm&r=g\",\"contentUrl\":\"https:\\\/\\\/secure.gravatar.com\\\/avatar\\\/fd2917f79a7dae30f8ac9ddc2f35e1756bb59e25e01d1cd09deaa64df7b2f73e?s=96&d=mm&r=g\",\"caption\":\"Reporteros Hoy WP\"},\"url\":\"https:\\\/\\\/reporteroshoy.mx\\\/noticias\\\/author\\\/walfer\\\/\"}]}<\/script>\n<!-- \/ Yoast SEO plugin. -->","yoast_head_json":{"title":"Aumentan las personas sin trabajo en el primer trimestre del 2021","description":"M\u00e9xico registr\u00f3 disminuci\u00f3n de 1.6 millones de la Poblaci\u00f3n Econ\u00f3micamente Activa en comparaci\u00f3n con el a\u00f1o pasado, al pasar de 57 millones a 55.4 millones.","robots":{"index":"index","follow":"follow","max-snippet":"max-snippet:-1","max-image-preview":"max-image-preview:large","max-video-preview":"max-video-preview:-1"},"canonical":"https:\/\/reporteroshoy.mx\/noticias\/aumentan-las-personas-sin-trabajo-en-el-primer-trimestre-del-2021\/","og_locale":"es_ES","og_type":"article","og_title":"Aumentan las personas sin trabajo en el primer trimestre del 2021","og_description":"M\u00e9xico registr\u00f3 disminuci\u00f3n de 1.6 millones de la Poblaci\u00f3n Econ\u00f3micamente Activa en comparaci\u00f3n con el a\u00f1o pasado, al pasar de 57 millones a 55.4 millones.","og_url":"https:\/\/reporteroshoy.mx\/noticias\/aumentan-las-personas-sin-trabajo-en-el-primer-trimestre-del-2021\/","og_site_name":"Reporteros Hoy | Noticias de Yucat\u00e1n","article_publisher":"http:\/\/www.facebook.com\/reporteroshoymx","article_published_time":"2021-05-17T15:37:59+00:00","og_image":[{"width":768,"height":431,"url":"https:\/\/reporteroshoy.mx\/noticias\/wp-content\/uploads\/2021\/05\/Desempleo.jpg","type":"image\/jpeg"}],"author":"Reporteros Hoy WP","twitter_card":"summary_large_image","twitter_creator":"@reporteroshoy","twitter_site":"@reporteroshoy","twitter_misc":{"Escrito por":"Reporteros Hoy WP","Tiempo de lectura":"2 minutos"},"schema":{"@context":"https:\/\/schema.org","@graph":[{"@type":"Article","@id":"https:\/\/reporteroshoy.mx\/noticias\/aumentan-las-personas-sin-trabajo-en-el-primer-trimestre-del-2021\/#article","isPartOf":{"@id":"https:\/\/reporteroshoy.mx\/noticias\/aumentan-las-personas-sin-trabajo-en-el-primer-trimestre-del-2021\/"},"author":{"name":"Reporteros Hoy WP","@id":"https:\/\/reporteroshoy.mx\/noticias\/#\/schema\/person\/c977527e57c958a62c5cefe8fe47876e"},"headline":"Aumentan las personas sin trabajo en el primer trimestre del 2021","datePublished":"2021-05-17T15:37:59+00:00","mainEntityOfPage":{"@id":"https:\/\/reporteroshoy.mx\/noticias\/aumentan-las-personas-sin-trabajo-en-el-primer-trimestre-del-2021\/"},"wordCount":338,"commentCount":0,"image":{"@id":"https:\/\/reporteroshoy.mx\/noticias\/aumentan-las-personas-sin-trabajo-en-el-primer-trimestre-del-2021\/#primaryimage"},"thumbnailUrl":"https:\/\/reporteroshoy.mx\/noticias\/wp-content\/uploads\/2021\/05\/Desempleo.jpg","keywords":["Desempleo","Inegi","trabajo"],"articleSection":["M\u00e9xico"],"inLanguage":"es","potentialAction":[{"@type":"CommentAction","name":"Comment","target":["https:\/\/reporteroshoy.mx\/noticias\/aumentan-las-personas-sin-trabajo-en-el-primer-trimestre-del-2021\/#respond"]}]},{"@type":"WebPage","@id":"https:\/\/reporteroshoy.mx\/noticias\/aumentan-las-personas-sin-trabajo-en-el-primer-trimestre-del-2021\/","url":"https:\/\/reporteroshoy.mx\/noticias\/aumentan-las-personas-sin-trabajo-en-el-primer-trimestre-del-2021\/","name":"Aumentan las personas sin trabajo en el primer trimestre del 2021","isPartOf":{"@id":"https:\/\/reporteroshoy.mx\/noticias\/#website"},"primaryImageOfPage":{"@id":"https:\/\/reporteroshoy.mx\/noticias\/aumentan-las-personas-sin-trabajo-en-el-primer-trimestre-del-2021\/#primaryimage"},"image":{"@id":"https:\/\/reporteroshoy.mx\/noticias\/aumentan-las-personas-sin-trabajo-en-el-primer-trimestre-del-2021\/#primaryimage"},"thumbnailUrl":"https:\/\/reporteroshoy.mx\/noticias\/wp-content\/uploads\/2021\/05\/Desempleo.jpg","datePublished":"2021-05-17T15:37:59+00:00","author":{"@id":"https:\/\/reporteroshoy.mx\/noticias\/#\/schema\/person\/c977527e57c958a62c5cefe8fe47876e"},"description":"M\u00e9xico registr\u00f3 disminuci\u00f3n de 1.6 millones de la Poblaci\u00f3n Econ\u00f3micamente Activa en comparaci\u00f3n con el a\u00f1o pasado, al pasar de 57 millones a 55.4 millones.","breadcrumb":{"@id":"https:\/\/reporteroshoy.mx\/noticias\/aumentan-las-personas-sin-trabajo-en-el-primer-trimestre-del-2021\/#breadcrumb"},"inLanguage":"es","potentialAction":[{"@type":"ReadAction","target":["https:\/\/reporteroshoy.mx\/noticias\/aumentan-las-personas-sin-trabajo-en-el-primer-trimestre-del-2021\/"]}]},{"@type":"ImageObject","inLanguage":"es","@id":"https:\/\/reporteroshoy.mx\/noticias\/aumentan-las-personas-sin-trabajo-en-el-primer-trimestre-del-2021\/#primaryimage","url":"https:\/\/reporteroshoy.mx\/noticias\/wp-content\/uploads\/2021\/05\/Desempleo.jpg","contentUrl":"https:\/\/reporteroshoy.mx\/noticias\/wp-content\/uploads\/2021\/05\/Desempleo.jpg","width":768,"height":431},{"@type":"BreadcrumbList","@id":"https:\/\/reporteroshoy.mx\/noticias\/aumentan-las-personas-sin-trabajo-en-el-primer-trimestre-del-2021\/#breadcrumb","itemListElement":[{"@type":"ListItem","position":1,"name":"Portada","item":"https:\/\/reporteroshoy.mx\/noticias\/"},{"@type":"ListItem","position":2,"name":"Aumentan las personas sin trabajo en el primer trimestre del 2021"}]},{"@type":"WebSite","@id":"https:\/\/reporteroshoy.mx\/noticias\/#website","url":"https:\/\/reporteroshoy.mx\/noticias\/","name":"Reporteros Hoy | Noticias de Yucat\u00e1n","description":"Peri\u00f3dico digital con noticias diarias desde M\u00e9rida, Yucat\u00e1n para el mundo.","potentialAction":[{"@type":"SearchAction","target":{"@type":"EntryPoint","urlTemplate":"https:\/\/reporteroshoy.mx\/noticias\/?s={search_term_string}"},"query-input":{"@type":"PropertyValueSpecification","valueRequired":true,"valueName":"search_term_string"}}],"inLanguage":"es"},{"@type":"Person","@id":"https:\/\/reporteroshoy.mx\/noticias\/#\/schema\/person\/c977527e57c958a62c5cefe8fe47876e","name":"Reporteros Hoy WP","image":{"@type":"ImageObject","inLanguage":"es","@id":"https:\/\/secure.gravatar.com\/avatar\/fd2917f79a7dae30f8ac9ddc2f35e1756bb59e25e01d1cd09deaa64df7b2f73e?s=96&d=mm&r=g","url":"https:\/\/secure.gravatar.com\/avatar\/fd2917f79a7dae30f8ac9ddc2f35e1756bb59e25e01d1cd09deaa64df7b2f73e?s=96&d=mm&r=g","contentUrl":"https:\/\/secure.gravatar.com\/avatar\/fd2917f79a7dae30f8ac9ddc2f35e1756bb59e25e01d1cd09deaa64df7b2f73e?s=96&d=mm&r=g","caption":"Reporteros Hoy WP"},"url":"https:\/\/reporteroshoy.mx\/noticias\/author\/walfer\/"}]}},"_links":{"self":[{"href":"https:\/\/reporteroshoy.mx\/noticias\/wp-json\/wp\/v2\/posts\/63712","targetHints":{"allow":["GET"]}}],"collection":[{"href":"https:\/\/reporteroshoy.mx\/noticias\/wp-json\/wp\/v2\/posts"}],"about":[{"href":"https:\/\/reporteroshoy.mx\/noticias\/wp-json\/wp\/v2\/types\/post"}],"author":[{"embeddable":true,"href":"https:\/\/reporteroshoy.mx\/noticias\/wp-json\/wp\/v2\/users\/9"}],"replies":[{"embeddable":true,"href":"https:\/\/reporteroshoy.mx\/noticias\/wp-json\/wp\/v2\/comments?post=63712"}],"version-history":[{"count":0,"href":"https:\/\/reporteroshoy.mx\/noticias\/wp-json\/wp\/v2\/posts\/63712\/revisions"}],"wp:featuredmedia":[{"embeddable":true,"href":"https:\/\/reporteroshoy.mx\/noticias\/wp-json\/wp\/v2\/media\/63713"}],"wp:attachment":[{"href":"https:\/\/reporteroshoy.mx\/noticias\/wp-json\/wp\/v2\/media?parent=63712"}],"wp:term":[{"taxonomy":"category","embeddable":true,"href":"https:\/\/reporteroshoy.mx\/noticias\/wp-json\/wp\/v2\/categories?post=63712"},{"taxonomy":"post_tag","embeddable":true,"href":"https:\/\/reporteroshoy.mx\/noticias\/wp-json\/wp\/v2\/tags?post=63712"}],"curies":[{"name":"wp","href":"https:\/\/api.w.org\/{rel}","templated":true}]}}