{"id":64073,"date":"2021-05-22T13:36:51","date_gmt":"2021-05-22T18:36:51","guid":{"rendered":"https:\/\/reporteroshoy.mx\/noticias\/?p=64073"},"modified":"2021-05-22T13:36:51","modified_gmt":"2021-05-22T18:36:51","slug":"ebrio-se-impacta-contra-un-march-atropella-a-conductor-y-huye","status":"publish","type":"post","link":"https:\/\/reporteroshoy.mx\/noticias\/ebrio-se-impacta-contra-un-march-atropella-a-conductor-y-huye\/","title":{"rendered":"Ebrio se impacta contra un March, atropella a conductor y huye"},"content":{"rendered":"<p style=\"text-align: justify;\">M\u00e9rida, Yucat\u00e1n; 22 de mayo de 2021 (ACOM).- Aparatoso accidente se registr\u00f3 esta ma\u00f1ana en la colonia Amalia Sol\u00f3rzano durante una persecuci\u00f3n sobre la calle 16 con 14, donde una persona result\u00f3 lesionada.<\/p>\n<p><img loading=\"lazy\" decoding=\"async\" class=\"wp-image-64074 aligncenter\" src=\"https:\/\/reporteroshoy.mx\/noticias\/wp-content\/uploads\/2021\/05\/Choque-Amalia-Solorzano.jpg\" alt=\"\" width=\"598\" height=\"337\" \/><\/p>\n<p style=\"text-align: justify;\">Los hechos ocurrieron cuando un alcoholizado sujeto, quien circulaba sobre la calle 12, se estamp\u00f3 contra un March con placas YYA-992-D en la mencionada colonia, pero al ver que el conductor afectado baj\u00f3 del veh\u00edculo, el desquiciado chofer arranc\u00f3 y huy\u00f3 del lugar, arrastrando varios metros el hombre.<\/p>\n<p style=\"text-align: justify;\">En su intento de darse a la fuga, cuadras despu\u00e9s se impact\u00f3 contra una camioneta estacionada y este a su vez colision\u00f3 un Sentra con placas ZAD-621-B.<\/p>\n<p><img loading=\"lazy\" decoding=\"async\" class=\"wp-image-64075 aligncenter\" src=\"https:\/\/reporteroshoy.mx\/noticias\/wp-content\/uploads\/2021\/05\/Choque-Amalia-Solorzano1.jpg\" alt=\"\" width=\"600\" height=\"338\" \/><\/p>\n<p style=\"text-align: justify;\">Param\u00e9dicos de la Secretar\u00eda de Seguridad P\u00fablica (SSP) atendieron al hombre que fue arrollado, por suerte no present\u00f3 lesiones graves.<\/p>\n<p style=\"text-align: justify;\">A su vez, polic\u00edas estatales detuvieron al alcoholizado sujeto para el deslinde de responsabilidades.<\/p>\n","protected":false},"excerpt":{"rendered":"<p>M\u00e9rida, Yucat\u00e1n; 22 de mayo de 2021 (ACOM).- Aparatoso accidente se registr\u00f3 esta ma\u00f1ana en la colonia Amalia Sol\u00f3rzano durante una persecuci\u00f3n sobre la calle 16 con 14, donde una persona result\u00f3 lesionada. Los hechos ocurrieron cuando un alcoholizado sujeto, quien circulaba sobre la calle 12, se estamp\u00f3 contra un March con placas YYA-992-D en [&hellip;]<\/p>\n","protected":false},"author":9,"featured_media":64075,"comment_status":"open","ping_status":"closed","sticky":false,"template":"","format":"standard","meta":{"footnotes":""},"categories":[14],"tags":[147,5510],"class_list":["post-64073","post","type-post","status-publish","format-standard","has-post-thumbnail","hentry","category-policia","tag-accidente-en-merida","tag-conductor-ebrio"],"yoast_head":"<!-- This site is optimized with the Yoast SEO plugin v28.4 - https:\/\/yoast.com\/product\/yoast-seo-wordpress\/ -->\n<title>Ebrio se impacta contra un March, atropella a conductor y huye<\/title>\n<meta name=\"description\" content=\"Cuadras despu\u00e9s, el alcoholizado conductor se estamp\u00f3 contra una camioneta estacionada. Fue detenido por polic\u00edas estatales.\" \/>\n<meta name=\"robots\" content=\"index, follow, max-snippet:-1, max-image-preview:large, max-video-preview:-1\" \/>\n<link rel=\"canonical\" href=\"https:\/\/reporteroshoy.mx\/noticias\/ebrio-se-impacta-contra-un-march-atropella-a-conductor-y-huye\/\" \/>\n<meta property=\"og:locale\" content=\"es_ES\" \/>\n<meta property=\"og:type\" content=\"article\" \/>\n<meta property=\"og:title\" content=\"Ebrio se impacta contra un March, atropella a conductor y huye\" \/>\n<meta property=\"og:description\" content=\"Cuadras despu\u00e9s, el alcoholizado conductor se estamp\u00f3 contra una camioneta estacionada. Fue detenido por polic\u00edas estatales.\" \/>\n<meta property=\"og:url\" content=\"https:\/\/reporteroshoy.mx\/noticias\/ebrio-se-impacta-contra-un-march-atropella-a-conductor-y-huye\/\" \/>\n<meta property=\"og:site_name\" content=\"Reporteros Hoy | Noticias de Yucat\u00e1n\" \/>\n<meta property=\"article:publisher\" content=\"http:\/\/www.facebook.com\/reporteroshoymx\" \/>\n<meta property=\"article:published_time\" content=\"2021-05-22T18:36:51+00:00\" \/>\n<meta property=\"og:image\" content=\"https:\/\/reporteroshoy.mx\/noticias\/wp-content\/uploads\/2021\/05\/Choque-Amalia-Solorzano1.jpg\" \/>\n\t<meta property=\"og:image:width\" content=\"768\" \/>\n\t<meta property=\"og:image:height\" content=\"432\" \/>\n\t<meta property=\"og:image:type\" content=\"image\/jpeg\" \/>\n<meta name=\"author\" content=\"Reporteros Hoy WP\" \/>\n<meta name=\"twitter:card\" content=\"summary_large_image\" \/>\n<meta name=\"twitter:creator\" content=\"@reporteroshoy\" \/>\n<meta name=\"twitter:site\" content=\"@reporteroshoy\" \/>\n<meta name=\"twitter:label1\" content=\"Escrito por\" \/>\n\t<meta name=\"twitter:data1\" content=\"Reporteros Hoy WP\" \/>\n\t<meta name=\"twitter:label2\" content=\"Tiempo de lectura\" \/>\n\t<meta name=\"twitter:data2\" content=\"2 minutos\" \/>\n<script type=\"application\/ld+json\" class=\"yoast-schema-graph\">{\"@context\":\"https:\\\/\\\/schema.org\",\"@graph\":[{\"@type\":\"Article\",\"@id\":\"https:\\\/\\\/reporteroshoy.mx\\\/noticias\\\/ebrio-se-impacta-contra-un-march-atropella-a-conductor-y-huye\\\/#article\",\"isPartOf\":{\"@id\":\"https:\\\/\\\/reporteroshoy.mx\\\/noticias\\\/ebrio-se-impacta-contra-un-march-atropella-a-conductor-y-huye\\\/\"},\"author\":{\"name\":\"Reporteros Hoy WP\",\"@id\":\"https:\\\/\\\/reporteroshoy.mx\\\/noticias\\\/#\\\/schema\\\/person\\\/c977527e57c958a62c5cefe8fe47876e\"},\"headline\":\"Ebrio se impacta contra un March, atropella a conductor y huye\",\"datePublished\":\"2021-05-22T18:36:51+00:00\",\"mainEntityOfPage\":{\"@id\":\"https:\\\/\\\/reporteroshoy.mx\\\/noticias\\\/ebrio-se-impacta-contra-un-march-atropella-a-conductor-y-huye\\\/\"},\"wordCount\":162,\"commentCount\":0,\"image\":{\"@id\":\"https:\\\/\\\/reporteroshoy.mx\\\/noticias\\\/ebrio-se-impacta-contra-un-march-atropella-a-conductor-y-huye\\\/#primaryimage\"},\"thumbnailUrl\":\"https:\\\/\\\/reporteroshoy.mx\\\/noticias\\\/wp-content\\\/uploads\\\/2021\\\/05\\\/Choque-Amalia-Solorzano1.jpg\",\"keywords\":[\"accidente en m\u00e9rida\",\"Conductor ebrio\"],\"articleSection\":[\"Polic\u00eda\"],\"inLanguage\":\"es\",\"potentialAction\":[{\"@type\":\"CommentAction\",\"name\":\"Comment\",\"target\":[\"https:\\\/\\\/reporteroshoy.mx\\\/noticias\\\/ebrio-se-impacta-contra-un-march-atropella-a-conductor-y-huye\\\/#respond\"]}]},{\"@type\":\"WebPage\",\"@id\":\"https:\\\/\\\/reporteroshoy.mx\\\/noticias\\\/ebrio-se-impacta-contra-un-march-atropella-a-conductor-y-huye\\\/\",\"url\":\"https:\\\/\\\/reporteroshoy.mx\\\/noticias\\\/ebrio-se-impacta-contra-un-march-atropella-a-conductor-y-huye\\\/\",\"name\":\"Ebrio se impacta contra un March, atropella a conductor y huye\",\"isPartOf\":{\"@id\":\"https:\\\/\\\/reporteroshoy.mx\\\/noticias\\\/#website\"},\"primaryImageOfPage\":{\"@id\":\"https:\\\/\\\/reporteroshoy.mx\\\/noticias\\\/ebrio-se-impacta-contra-un-march-atropella-a-conductor-y-huye\\\/#primaryimage\"},\"image\":{\"@id\":\"https:\\\/\\\/reporteroshoy.mx\\\/noticias\\\/ebrio-se-impacta-contra-un-march-atropella-a-conductor-y-huye\\\/#primaryimage\"},\"thumbnailUrl\":\"https:\\\/\\\/reporteroshoy.mx\\\/noticias\\\/wp-content\\\/uploads\\\/2021\\\/05\\\/Choque-Amalia-Solorzano1.jpg\",\"datePublished\":\"2021-05-22T18:36:51+00:00\",\"author\":{\"@id\":\"https:\\\/\\\/reporteroshoy.mx\\\/noticias\\\/#\\\/schema\\\/person\\\/c977527e57c958a62c5cefe8fe47876e\"},\"description\":\"Cuadras despu\u00e9s, el alcoholizado conductor se estamp\u00f3 contra una camioneta estacionada. Fue detenido por polic\u00edas estatales.\",\"breadcrumb\":{\"@id\":\"https:\\\/\\\/reporteroshoy.mx\\\/noticias\\\/ebrio-se-impacta-contra-un-march-atropella-a-conductor-y-huye\\\/#breadcrumb\"},\"inLanguage\":\"es\",\"potentialAction\":[{\"@type\":\"ReadAction\",\"target\":[\"https:\\\/\\\/reporteroshoy.mx\\\/noticias\\\/ebrio-se-impacta-contra-un-march-atropella-a-conductor-y-huye\\\/\"]}]},{\"@type\":\"ImageObject\",\"inLanguage\":\"es\",\"@id\":\"https:\\\/\\\/reporteroshoy.mx\\\/noticias\\\/ebrio-se-impacta-contra-un-march-atropella-a-conductor-y-huye\\\/#primaryimage\",\"url\":\"https:\\\/\\\/reporteroshoy.mx\\\/noticias\\\/wp-content\\\/uploads\\\/2021\\\/05\\\/Choque-Amalia-Solorzano1.jpg\",\"contentUrl\":\"https:\\\/\\\/reporteroshoy.mx\\\/noticias\\\/wp-content\\\/uploads\\\/2021\\\/05\\\/Choque-Amalia-Solorzano1.jpg\",\"width\":768,\"height\":432},{\"@type\":\"BreadcrumbList\",\"@id\":\"https:\\\/\\\/reporteroshoy.mx\\\/noticias\\\/ebrio-se-impacta-contra-un-march-atropella-a-conductor-y-huye\\\/#breadcrumb\",\"itemListElement\":[{\"@type\":\"ListItem\",\"position\":1,\"name\":\"Portada\",\"item\":\"https:\\\/\\\/reporteroshoy.mx\\\/noticias\\\/\"},{\"@type\":\"ListItem\",\"position\":2,\"name\":\"Ebrio se impacta contra un March, atropella a conductor y huye\"}]},{\"@type\":\"WebSite\",\"@id\":\"https:\\\/\\\/reporteroshoy.mx\\\/noticias\\\/#website\",\"url\":\"https:\\\/\\\/reporteroshoy.mx\\\/noticias\\\/\",\"name\":\"Reporteros Hoy | Noticias de Yucat\u00e1n\",\"description\":\"Peri\u00f3dico digital con noticias diarias desde M\u00e9rida, Yucat\u00e1n para el mundo.\",\"potentialAction\":[{\"@type\":\"SearchAction\",\"target\":{\"@type\":\"EntryPoint\",\"urlTemplate\":\"https:\\\/\\\/reporteroshoy.mx\\\/noticias\\\/?s={search_term_string}\"},\"query-input\":{\"@type\":\"PropertyValueSpecification\",\"valueRequired\":true,\"valueName\":\"search_term_string\"}}],\"inLanguage\":\"es\"},{\"@type\":\"Person\",\"@id\":\"https:\\\/\\\/reporteroshoy.mx\\\/noticias\\\/#\\\/schema\\\/person\\\/c977527e57c958a62c5cefe8fe47876e\",\"name\":\"Reporteros Hoy WP\",\"image\":{\"@type\":\"ImageObject\",\"inLanguage\":\"es\",\"@id\":\"https:\\\/\\\/secure.gravatar.com\\\/avatar\\\/fd2917f79a7dae30f8ac9ddc2f35e1756bb59e25e01d1cd09deaa64df7b2f73e?s=96&d=mm&r=g\",\"url\":\"https:\\\/\\\/secure.gravatar.com\\\/avatar\\\/fd2917f79a7dae30f8ac9ddc2f35e1756bb59e25e01d1cd09deaa64df7b2f73e?s=96&d=mm&r=g\",\"contentUrl\":\"https:\\\/\\\/secure.gravatar.com\\\/avatar\\\/fd2917f79a7dae30f8ac9ddc2f35e1756bb59e25e01d1cd09deaa64df7b2f73e?s=96&d=mm&r=g\",\"caption\":\"Reporteros Hoy WP\"},\"url\":\"https:\\\/\\\/reporteroshoy.mx\\\/noticias\\\/author\\\/walfer\\\/\"}]}<\/script>\n<!-- \/ Yoast SEO plugin. -->","yoast_head_json":{"title":"Ebrio se impacta contra un March, atropella a conductor y huye","description":"Cuadras despu\u00e9s, el alcoholizado conductor se estamp\u00f3 contra una camioneta estacionada. Fue detenido por polic\u00edas estatales.","robots":{"index":"index","follow":"follow","max-snippet":"max-snippet:-1","max-image-preview":"max-image-preview:large","max-video-preview":"max-video-preview:-1"},"canonical":"https:\/\/reporteroshoy.mx\/noticias\/ebrio-se-impacta-contra-un-march-atropella-a-conductor-y-huye\/","og_locale":"es_ES","og_type":"article","og_title":"Ebrio se impacta contra un March, atropella a conductor y huye","og_description":"Cuadras despu\u00e9s, el alcoholizado conductor se estamp\u00f3 contra una camioneta estacionada. Fue detenido por polic\u00edas estatales.","og_url":"https:\/\/reporteroshoy.mx\/noticias\/ebrio-se-impacta-contra-un-march-atropella-a-conductor-y-huye\/","og_site_name":"Reporteros Hoy | Noticias de Yucat\u00e1n","article_publisher":"http:\/\/www.facebook.com\/reporteroshoymx","article_published_time":"2021-05-22T18:36:51+00:00","og_image":[{"width":768,"height":432,"url":"https:\/\/reporteroshoy.mx\/noticias\/wp-content\/uploads\/2021\/05\/Choque-Amalia-Solorzano1.jpg","type":"image\/jpeg"}],"author":"Reporteros Hoy WP","twitter_card":"summary_large_image","twitter_creator":"@reporteroshoy","twitter_site":"@reporteroshoy","twitter_misc":{"Escrito por":"Reporteros Hoy WP","Tiempo de lectura":"2 minutos"},"schema":{"@context":"https:\/\/schema.org","@graph":[{"@type":"Article","@id":"https:\/\/reporteroshoy.mx\/noticias\/ebrio-se-impacta-contra-un-march-atropella-a-conductor-y-huye\/#article","isPartOf":{"@id":"https:\/\/reporteroshoy.mx\/noticias\/ebrio-se-impacta-contra-un-march-atropella-a-conductor-y-huye\/"},"author":{"name":"Reporteros Hoy WP","@id":"https:\/\/reporteroshoy.mx\/noticias\/#\/schema\/person\/c977527e57c958a62c5cefe8fe47876e"},"headline":"Ebrio se impacta contra un March, atropella a conductor y huye","datePublished":"2021-05-22T18:36:51+00:00","mainEntityOfPage":{"@id":"https:\/\/reporteroshoy.mx\/noticias\/ebrio-se-impacta-contra-un-march-atropella-a-conductor-y-huye\/"},"wordCount":162,"commentCount":0,"image":{"@id":"https:\/\/reporteroshoy.mx\/noticias\/ebrio-se-impacta-contra-un-march-atropella-a-conductor-y-huye\/#primaryimage"},"thumbnailUrl":"https:\/\/reporteroshoy.mx\/noticias\/wp-content\/uploads\/2021\/05\/Choque-Amalia-Solorzano1.jpg","keywords":["accidente en m\u00e9rida","Conductor ebrio"],"articleSection":["Polic\u00eda"],"inLanguage":"es","potentialAction":[{"@type":"CommentAction","name":"Comment","target":["https:\/\/reporteroshoy.mx\/noticias\/ebrio-se-impacta-contra-un-march-atropella-a-conductor-y-huye\/#respond"]}]},{"@type":"WebPage","@id":"https:\/\/reporteroshoy.mx\/noticias\/ebrio-se-impacta-contra-un-march-atropella-a-conductor-y-huye\/","url":"https:\/\/reporteroshoy.mx\/noticias\/ebrio-se-impacta-contra-un-march-atropella-a-conductor-y-huye\/","name":"Ebrio se impacta contra un March, atropella a conductor y huye","isPartOf":{"@id":"https:\/\/reporteroshoy.mx\/noticias\/#website"},"primaryImageOfPage":{"@id":"https:\/\/reporteroshoy.mx\/noticias\/ebrio-se-impacta-contra-un-march-atropella-a-conductor-y-huye\/#primaryimage"},"image":{"@id":"https:\/\/reporteroshoy.mx\/noticias\/ebrio-se-impacta-contra-un-march-atropella-a-conductor-y-huye\/#primaryimage"},"thumbnailUrl":"https:\/\/reporteroshoy.mx\/noticias\/wp-content\/uploads\/2021\/05\/Choque-Amalia-Solorzano1.jpg","datePublished":"2021-05-22T18:36:51+00:00","author":{"@id":"https:\/\/reporteroshoy.mx\/noticias\/#\/schema\/person\/c977527e57c958a62c5cefe8fe47876e"},"description":"Cuadras despu\u00e9s, el alcoholizado conductor se estamp\u00f3 contra una camioneta estacionada. Fue detenido por polic\u00edas estatales.","breadcrumb":{"@id":"https:\/\/reporteroshoy.mx\/noticias\/ebrio-se-impacta-contra-un-march-atropella-a-conductor-y-huye\/#breadcrumb"},"inLanguage":"es","potentialAction":[{"@type":"ReadAction","target":["https:\/\/reporteroshoy.mx\/noticias\/ebrio-se-impacta-contra-un-march-atropella-a-conductor-y-huye\/"]}]},{"@type":"ImageObject","inLanguage":"es","@id":"https:\/\/reporteroshoy.mx\/noticias\/ebrio-se-impacta-contra-un-march-atropella-a-conductor-y-huye\/#primaryimage","url":"https:\/\/reporteroshoy.mx\/noticias\/wp-content\/uploads\/2021\/05\/Choque-Amalia-Solorzano1.jpg","contentUrl":"https:\/\/reporteroshoy.mx\/noticias\/wp-content\/uploads\/2021\/05\/Choque-Amalia-Solorzano1.jpg","width":768,"height":432},{"@type":"BreadcrumbList","@id":"https:\/\/reporteroshoy.mx\/noticias\/ebrio-se-impacta-contra-un-march-atropella-a-conductor-y-huye\/#breadcrumb","itemListElement":[{"@type":"ListItem","position":1,"name":"Portada","item":"https:\/\/reporteroshoy.mx\/noticias\/"},{"@type":"ListItem","position":2,"name":"Ebrio se impacta contra un March, atropella a conductor y huye"}]},{"@type":"WebSite","@id":"https:\/\/reporteroshoy.mx\/noticias\/#website","url":"https:\/\/reporteroshoy.mx\/noticias\/","name":"Reporteros Hoy | Noticias de Yucat\u00e1n","description":"Peri\u00f3dico digital con noticias diarias desde M\u00e9rida, Yucat\u00e1n para el mundo.","potentialAction":[{"@type":"SearchAction","target":{"@type":"EntryPoint","urlTemplate":"https:\/\/reporteroshoy.mx\/noticias\/?s={search_term_string}"},"query-input":{"@type":"PropertyValueSpecification","valueRequired":true,"valueName":"search_term_string"}}],"inLanguage":"es"},{"@type":"Person","@id":"https:\/\/reporteroshoy.mx\/noticias\/#\/schema\/person\/c977527e57c958a62c5cefe8fe47876e","name":"Reporteros Hoy WP","image":{"@type":"ImageObject","inLanguage":"es","@id":"https:\/\/secure.gravatar.com\/avatar\/fd2917f79a7dae30f8ac9ddc2f35e1756bb59e25e01d1cd09deaa64df7b2f73e?s=96&d=mm&r=g","url":"https:\/\/secure.gravatar.com\/avatar\/fd2917f79a7dae30f8ac9ddc2f35e1756bb59e25e01d1cd09deaa64df7b2f73e?s=96&d=mm&r=g","contentUrl":"https:\/\/secure.gravatar.com\/avatar\/fd2917f79a7dae30f8ac9ddc2f35e1756bb59e25e01d1cd09deaa64df7b2f73e?s=96&d=mm&r=g","caption":"Reporteros Hoy WP"},"url":"https:\/\/reporteroshoy.mx\/noticias\/author\/walfer\/"}]}},"_links":{"self":[{"href":"https:\/\/reporteroshoy.mx\/noticias\/wp-json\/wp\/v2\/posts\/64073","targetHints":{"allow":["GET"]}}],"collection":[{"href":"https:\/\/reporteroshoy.mx\/noticias\/wp-json\/wp\/v2\/posts"}],"about":[{"href":"https:\/\/reporteroshoy.mx\/noticias\/wp-json\/wp\/v2\/types\/post"}],"author":[{"embeddable":true,"href":"https:\/\/reporteroshoy.mx\/noticias\/wp-json\/wp\/v2\/users\/9"}],"replies":[{"embeddable":true,"href":"https:\/\/reporteroshoy.mx\/noticias\/wp-json\/wp\/v2\/comments?post=64073"}],"version-history":[{"count":0,"href":"https:\/\/reporteroshoy.mx\/noticias\/wp-json\/wp\/v2\/posts\/64073\/revisions"}],"wp:featuredmedia":[{"embeddable":true,"href":"https:\/\/reporteroshoy.mx\/noticias\/wp-json\/wp\/v2\/media\/64075"}],"wp:attachment":[{"href":"https:\/\/reporteroshoy.mx\/noticias\/wp-json\/wp\/v2\/media?parent=64073"}],"wp:term":[{"taxonomy":"category","embeddable":true,"href":"https:\/\/reporteroshoy.mx\/noticias\/wp-json\/wp\/v2\/categories?post=64073"},{"taxonomy":"post_tag","embeddable":true,"href":"https:\/\/reporteroshoy.mx\/noticias\/wp-json\/wp\/v2\/tags?post=64073"}],"curies":[{"name":"wp","href":"https:\/\/api.w.org\/{rel}","templated":true}]}}