{"id":64635,"date":"2021-05-31T13:07:56","date_gmt":"2021-05-31T18:07:56","guid":{"rendered":"https:\/\/reporteroshoy.mx\/noticias\/?p=64635"},"modified":"2021-05-31T13:07:56","modified_gmt":"2021-05-31T18:07:56","slug":"piden-no-abarrotar-modulos-de-vacunacion-contra-el-covid-19","status":"publish","type":"post","link":"https:\/\/reporteroshoy.mx\/noticias\/piden-no-abarrotar-modulos-de-vacunacion-contra-el-covid-19\/","title":{"rendered":"Piden no abarrotar m\u00f3dulos de vacunaci\u00f3n contra el COVID-19"},"content":{"rendered":"<p style=\"text-align: justify;\">M\u00e9rida, Yucat\u00e1n; 31 de mayo de 2021 (ACOM).- El gobernador de Yucat\u00e1n, Mauricio Vila Dosal, confirm\u00f3 que hubo atrasos en los tiempos de espera para aplicar vacunas contra coronavirus a adultos mayores de 60 a\u00f1os en m\u00f3dulos de M\u00e9rida.<\/p>\n<p style=\"text-align: justify;\">Luego de visitar el m\u00f3dulo de vacunaci\u00f3n en el Tecnol\u00f3gico de M\u00e9rida, el mandatario estatal inform\u00f3 que en el primer d\u00eda de aplicaci\u00f3n de la segunda dosis de biol\u00f3gico a personas de 60 a\u00f1os o m\u00e1s, hubo una alta afluencia en los puntos de aplicaci\u00f3n, lo que caus\u00f3 contratiempos e incluso, reclamos de los asistentes.<\/p>\n<p style=\"text-align: justify;\">Esta situaci\u00f3n se debi\u00f3 a que las personas acudieron sin cita y sin ser el d\u00eda que les correspond\u00eda vacuna por lo que exhort\u00f3 a la ciudadan\u00eda a respetar estas disposiciones.<\/p>\n<p style=\"text-align: justify;\">\u00abHacemos un llamado a todas las personas para acudir en el horario que les toca y al m\u00f3dulo para no poner en riesgo la salud de quienes vienen a vacunarse y de quienes aplican la vacuna. Est\u00e1 llegando gente sin cita. Hubo contratiempos en el Sindicato de Telefonistas en materia del registro que est\u00e1 atendiendo la delegaci\u00f3n de la Secretar\u00eda del Bienestar\u00bb, se\u00f1al\u00f3.<\/p>\n<p><img loading=\"lazy\" decoding=\"async\" class=\"wp-image-64636 aligncenter\" src=\"https:\/\/reporteroshoy.mx\/noticias\/wp-content\/uploads\/2021\/05\/Vacunacion-ESAY.jpg\" alt=\"\" width=\"598\" height=\"349\" \/><\/p>\n<p style=\"text-align: justify;\">Vila Dosal remarc\u00f3 que el asunto no est\u00e1 derivado por el n\u00famero de m\u00f3dulos que est\u00e1n funcionando (los cuales son menos que cuando se aplic\u00f3 la primera dosis) sino de que las personas respeten las disposiciones de las autoridades.<\/p>\n<p style=\"text-align: justify;\">\u00abNo es un problema el n\u00famero de m\u00f3dulos de vacunaci\u00f3n. Cuando en el registro hay una falla es cuando se generan las aglomeraciones. Tambi\u00e9n es importante que acudan en el d\u00eda y horario que les corresponde para evitar el amontonamiento\u00bb, extern\u00f3.<\/p>\n<p style=\"text-align: justify;\">Por otro lado, el jefe del Ejecutivo estatal se\u00f1al\u00f3 que hasta ahora no hay reportes oficiales en torno a faltas a las medidas de salud en eventos p\u00fablicos, tras ser cuestionado sobre la realizaci\u00f3n de bailes populares que sirvieron como cierres de campa\u00f1a de varios candidatos en municipios.<\/p>\n<p style=\"text-align: justify;\">Se\u00f1al\u00f3 que, en este tema, se acord\u00f3 con el Instituto Electoral y de Participaci\u00f3n Ciudadana (Iepac) que este har\u00eda la verificaci\u00f3n de los actos realizados, de modo que se reporte cuando no se respete protocolos establecidos, al tiempo que reiter\u00f3 que hasta ahora no hay ning\u00fan se\u00f1alamiento, adem\u00e1s de que asever\u00f3 que tambi\u00e9n es su responsabilidad aplicar las sanciones, en caso de que haya faltas.<\/p>\n<p style=\"text-align: justify;\">\u00abEl que pone multas es el Iepac. Nosotros no podemos poner multas a los partidos. Nosotros estaremos atentos a lo que determine el organismo y respetuosos a sus facultades. El acuerdo es que nosotros podamos ir a supervisar, aunado a otros protocolos\u00bb, afirm\u00f3.<\/p>\n","protected":false},"excerpt":{"rendered":"<p>Varias personas acudieron sin cita y sin ser el d\u00eda que les correspond\u00eda vacuna. Exhortan a la ciudadan\u00eda a respetar las disposiciones.<\/p>\n","protected":false},"author":9,"featured_media":64636,"comment_status":"open","ping_status":"closed","sticky":false,"template":"","format":"standard","meta":{"footnotes":""},"categories":[17],"tags":[9849,16859,19,2977],"class_list":["post-64635","post","type-post","status-publish","format-standard","has-post-thumbnail","hentry","category-yucatan","tag-covid-19","tag-esay","tag-mauricio-vila","tag-vacunas"],"yoast_head":"<!-- This site is optimized with the Yoast SEO plugin v28.4 - https:\/\/yoast.com\/product\/yoast-seo-wordpress\/ -->\n<title>Piden no abarrotar m\u00f3dulos de vacunaci\u00f3n contra el COVID-19<\/title>\n<meta name=\"description\" content=\"Varias personas acudieron sin cita y sin ser el d\u00eda que les correspond\u00eda vacuna. Exhortan a la ciudadan\u00eda a respetar las disposiciones.\" \/>\n<meta name=\"robots\" content=\"index, follow, max-snippet:-1, max-image-preview:large, max-video-preview:-1\" \/>\n<link rel=\"canonical\" href=\"https:\/\/reporteroshoy.mx\/noticias\/piden-no-abarrotar-modulos-de-vacunacion-contra-el-covid-19\/\" \/>\n<meta property=\"og:locale\" content=\"es_ES\" \/>\n<meta property=\"og:type\" content=\"article\" \/>\n<meta property=\"og:title\" content=\"Piden no abarrotar m\u00f3dulos de vacunaci\u00f3n contra el COVID-19\" \/>\n<meta property=\"og:description\" content=\"Varias personas acudieron sin cita y sin ser el d\u00eda que les correspond\u00eda vacuna. Exhortan a la ciudadan\u00eda a respetar las disposiciones.\" \/>\n<meta property=\"og:url\" content=\"https:\/\/reporteroshoy.mx\/noticias\/piden-no-abarrotar-modulos-de-vacunacion-contra-el-covid-19\/\" \/>\n<meta property=\"og:site_name\" content=\"Reporteros Hoy | Noticias de Yucat\u00e1n\" \/>\n<meta property=\"article:publisher\" content=\"http:\/\/www.facebook.com\/reporteroshoymx\" \/>\n<meta property=\"article:published_time\" content=\"2021-05-31T18:07:56+00:00\" \/>\n<meta property=\"og:image\" content=\"https:\/\/reporteroshoy.mx\/noticias\/wp-content\/uploads\/2021\/05\/Vacunacion-ESAY.jpg\" \/>\n\t<meta property=\"og:image:width\" content=\"768\" \/>\n\t<meta property=\"og:image:height\" content=\"448\" \/>\n\t<meta property=\"og:image:type\" content=\"image\/jpeg\" \/>\n<meta name=\"author\" content=\"Reporteros Hoy WP\" \/>\n<meta name=\"twitter:card\" content=\"summary_large_image\" \/>\n<meta name=\"twitter:creator\" content=\"@reporteroshoy\" \/>\n<meta name=\"twitter:site\" content=\"@reporteroshoy\" \/>\n<meta name=\"twitter:label1\" content=\"Escrito por\" \/>\n\t<meta name=\"twitter:data1\" content=\"Reporteros Hoy WP\" \/>\n\t<meta name=\"twitter:label2\" content=\"Tiempo de lectura\" \/>\n\t<meta name=\"twitter:data2\" content=\"3 minutos\" \/>\n<script type=\"application\/ld+json\" class=\"yoast-schema-graph\">{\"@context\":\"https:\\\/\\\/schema.org\",\"@graph\":[{\"@type\":\"Article\",\"@id\":\"https:\\\/\\\/reporteroshoy.mx\\\/noticias\\\/piden-no-abarrotar-modulos-de-vacunacion-contra-el-covid-19\\\/#article\",\"isPartOf\":{\"@id\":\"https:\\\/\\\/reporteroshoy.mx\\\/noticias\\\/piden-no-abarrotar-modulos-de-vacunacion-contra-el-covid-19\\\/\"},\"author\":{\"name\":\"Reporteros Hoy WP\",\"@id\":\"https:\\\/\\\/reporteroshoy.mx\\\/noticias\\\/#\\\/schema\\\/person\\\/c977527e57c958a62c5cefe8fe47876e\"},\"headline\":\"Piden no abarrotar m\u00f3dulos de vacunaci\u00f3n contra el COVID-19\",\"datePublished\":\"2021-05-31T18:07:56+00:00\",\"mainEntityOfPage\":{\"@id\":\"https:\\\/\\\/reporteroshoy.mx\\\/noticias\\\/piden-no-abarrotar-modulos-de-vacunacion-contra-el-covid-19\\\/\"},\"wordCount\":476,\"commentCount\":0,\"image\":{\"@id\":\"https:\\\/\\\/reporteroshoy.mx\\\/noticias\\\/piden-no-abarrotar-modulos-de-vacunacion-contra-el-covid-19\\\/#primaryimage\"},\"thumbnailUrl\":\"https:\\\/\\\/reporteroshoy.mx\\\/noticias\\\/wp-content\\\/uploads\\\/2021\\\/05\\\/Vacunacion-ESAY.jpg\",\"keywords\":[\"Covid-19\",\"ESAY\",\"Mauricio Vila\",\"Vacunas\"],\"articleSection\":[\"Yucat\u00e1n\"],\"inLanguage\":\"es\",\"potentialAction\":[{\"@type\":\"CommentAction\",\"name\":\"Comment\",\"target\":[\"https:\\\/\\\/reporteroshoy.mx\\\/noticias\\\/piden-no-abarrotar-modulos-de-vacunacion-contra-el-covid-19\\\/#respond\"]}]},{\"@type\":\"WebPage\",\"@id\":\"https:\\\/\\\/reporteroshoy.mx\\\/noticias\\\/piden-no-abarrotar-modulos-de-vacunacion-contra-el-covid-19\\\/\",\"url\":\"https:\\\/\\\/reporteroshoy.mx\\\/noticias\\\/piden-no-abarrotar-modulos-de-vacunacion-contra-el-covid-19\\\/\",\"name\":\"Piden no abarrotar m\u00f3dulos de vacunaci\u00f3n contra el COVID-19\",\"isPartOf\":{\"@id\":\"https:\\\/\\\/reporteroshoy.mx\\\/noticias\\\/#website\"},\"primaryImageOfPage\":{\"@id\":\"https:\\\/\\\/reporteroshoy.mx\\\/noticias\\\/piden-no-abarrotar-modulos-de-vacunacion-contra-el-covid-19\\\/#primaryimage\"},\"image\":{\"@id\":\"https:\\\/\\\/reporteroshoy.mx\\\/noticias\\\/piden-no-abarrotar-modulos-de-vacunacion-contra-el-covid-19\\\/#primaryimage\"},\"thumbnailUrl\":\"https:\\\/\\\/reporteroshoy.mx\\\/noticias\\\/wp-content\\\/uploads\\\/2021\\\/05\\\/Vacunacion-ESAY.jpg\",\"datePublished\":\"2021-05-31T18:07:56+00:00\",\"author\":{\"@id\":\"https:\\\/\\\/reporteroshoy.mx\\\/noticias\\\/#\\\/schema\\\/person\\\/c977527e57c958a62c5cefe8fe47876e\"},\"description\":\"Varias personas acudieron sin cita y sin ser el d\u00eda que les correspond\u00eda vacuna. Exhortan a la ciudadan\u00eda a respetar las disposiciones.\",\"breadcrumb\":{\"@id\":\"https:\\\/\\\/reporteroshoy.mx\\\/noticias\\\/piden-no-abarrotar-modulos-de-vacunacion-contra-el-covid-19\\\/#breadcrumb\"},\"inLanguage\":\"es\",\"potentialAction\":[{\"@type\":\"ReadAction\",\"target\":[\"https:\\\/\\\/reporteroshoy.mx\\\/noticias\\\/piden-no-abarrotar-modulos-de-vacunacion-contra-el-covid-19\\\/\"]}]},{\"@type\":\"ImageObject\",\"inLanguage\":\"es\",\"@id\":\"https:\\\/\\\/reporteroshoy.mx\\\/noticias\\\/piden-no-abarrotar-modulos-de-vacunacion-contra-el-covid-19\\\/#primaryimage\",\"url\":\"https:\\\/\\\/reporteroshoy.mx\\\/noticias\\\/wp-content\\\/uploads\\\/2021\\\/05\\\/Vacunacion-ESAY.jpg\",\"contentUrl\":\"https:\\\/\\\/reporteroshoy.mx\\\/noticias\\\/wp-content\\\/uploads\\\/2021\\\/05\\\/Vacunacion-ESAY.jpg\",\"width\":768,\"height\":448},{\"@type\":\"BreadcrumbList\",\"@id\":\"https:\\\/\\\/reporteroshoy.mx\\\/noticias\\\/piden-no-abarrotar-modulos-de-vacunacion-contra-el-covid-19\\\/#breadcrumb\",\"itemListElement\":[{\"@type\":\"ListItem\",\"position\":1,\"name\":\"Portada\",\"item\":\"https:\\\/\\\/reporteroshoy.mx\\\/noticias\\\/\"},{\"@type\":\"ListItem\",\"position\":2,\"name\":\"Piden no abarrotar m\u00f3dulos de vacunaci\u00f3n contra el COVID-19\"}]},{\"@type\":\"WebSite\",\"@id\":\"https:\\\/\\\/reporteroshoy.mx\\\/noticias\\\/#website\",\"url\":\"https:\\\/\\\/reporteroshoy.mx\\\/noticias\\\/\",\"name\":\"Reporteros Hoy | Noticias de Yucat\u00e1n\",\"description\":\"Peri\u00f3dico digital con noticias diarias desde M\u00e9rida, Yucat\u00e1n para el mundo.\",\"potentialAction\":[{\"@type\":\"SearchAction\",\"target\":{\"@type\":\"EntryPoint\",\"urlTemplate\":\"https:\\\/\\\/reporteroshoy.mx\\\/noticias\\\/?s={search_term_string}\"},\"query-input\":{\"@type\":\"PropertyValueSpecification\",\"valueRequired\":true,\"valueName\":\"search_term_string\"}}],\"inLanguage\":\"es\"},{\"@type\":\"Person\",\"@id\":\"https:\\\/\\\/reporteroshoy.mx\\\/noticias\\\/#\\\/schema\\\/person\\\/c977527e57c958a62c5cefe8fe47876e\",\"name\":\"Reporteros Hoy WP\",\"image\":{\"@type\":\"ImageObject\",\"inLanguage\":\"es\",\"@id\":\"https:\\\/\\\/secure.gravatar.com\\\/avatar\\\/fd2917f79a7dae30f8ac9ddc2f35e1756bb59e25e01d1cd09deaa64df7b2f73e?s=96&d=mm&r=g\",\"url\":\"https:\\\/\\\/secure.gravatar.com\\\/avatar\\\/fd2917f79a7dae30f8ac9ddc2f35e1756bb59e25e01d1cd09deaa64df7b2f73e?s=96&d=mm&r=g\",\"contentUrl\":\"https:\\\/\\\/secure.gravatar.com\\\/avatar\\\/fd2917f79a7dae30f8ac9ddc2f35e1756bb59e25e01d1cd09deaa64df7b2f73e?s=96&d=mm&r=g\",\"caption\":\"Reporteros Hoy WP\"},\"url\":\"https:\\\/\\\/reporteroshoy.mx\\\/noticias\\\/author\\\/walfer\\\/\"}]}<\/script>\n<!-- \/ Yoast SEO plugin. -->","yoast_head_json":{"title":"Piden no abarrotar m\u00f3dulos de vacunaci\u00f3n contra el COVID-19","description":"Varias personas acudieron sin cita y sin ser el d\u00eda que les correspond\u00eda vacuna. Exhortan a la ciudadan\u00eda a respetar las disposiciones.","robots":{"index":"index","follow":"follow","max-snippet":"max-snippet:-1","max-image-preview":"max-image-preview:large","max-video-preview":"max-video-preview:-1"},"canonical":"https:\/\/reporteroshoy.mx\/noticias\/piden-no-abarrotar-modulos-de-vacunacion-contra-el-covid-19\/","og_locale":"es_ES","og_type":"article","og_title":"Piden no abarrotar m\u00f3dulos de vacunaci\u00f3n contra el COVID-19","og_description":"Varias personas acudieron sin cita y sin ser el d\u00eda que les correspond\u00eda vacuna. Exhortan a la ciudadan\u00eda a respetar las disposiciones.","og_url":"https:\/\/reporteroshoy.mx\/noticias\/piden-no-abarrotar-modulos-de-vacunacion-contra-el-covid-19\/","og_site_name":"Reporteros Hoy | Noticias de Yucat\u00e1n","article_publisher":"http:\/\/www.facebook.com\/reporteroshoymx","article_published_time":"2021-05-31T18:07:56+00:00","og_image":[{"width":768,"height":448,"url":"https:\/\/reporteroshoy.mx\/noticias\/wp-content\/uploads\/2021\/05\/Vacunacion-ESAY.jpg","type":"image\/jpeg"}],"author":"Reporteros Hoy WP","twitter_card":"summary_large_image","twitter_creator":"@reporteroshoy","twitter_site":"@reporteroshoy","twitter_misc":{"Escrito por":"Reporteros Hoy WP","Tiempo de lectura":"3 minutos"},"schema":{"@context":"https:\/\/schema.org","@graph":[{"@type":"Article","@id":"https:\/\/reporteroshoy.mx\/noticias\/piden-no-abarrotar-modulos-de-vacunacion-contra-el-covid-19\/#article","isPartOf":{"@id":"https:\/\/reporteroshoy.mx\/noticias\/piden-no-abarrotar-modulos-de-vacunacion-contra-el-covid-19\/"},"author":{"name":"Reporteros Hoy WP","@id":"https:\/\/reporteroshoy.mx\/noticias\/#\/schema\/person\/c977527e57c958a62c5cefe8fe47876e"},"headline":"Piden no abarrotar m\u00f3dulos de vacunaci\u00f3n contra el COVID-19","datePublished":"2021-05-31T18:07:56+00:00","mainEntityOfPage":{"@id":"https:\/\/reporteroshoy.mx\/noticias\/piden-no-abarrotar-modulos-de-vacunacion-contra-el-covid-19\/"},"wordCount":476,"commentCount":0,"image":{"@id":"https:\/\/reporteroshoy.mx\/noticias\/piden-no-abarrotar-modulos-de-vacunacion-contra-el-covid-19\/#primaryimage"},"thumbnailUrl":"https:\/\/reporteroshoy.mx\/noticias\/wp-content\/uploads\/2021\/05\/Vacunacion-ESAY.jpg","keywords":["Covid-19","ESAY","Mauricio Vila","Vacunas"],"articleSection":["Yucat\u00e1n"],"inLanguage":"es","potentialAction":[{"@type":"CommentAction","name":"Comment","target":["https:\/\/reporteroshoy.mx\/noticias\/piden-no-abarrotar-modulos-de-vacunacion-contra-el-covid-19\/#respond"]}]},{"@type":"WebPage","@id":"https:\/\/reporteroshoy.mx\/noticias\/piden-no-abarrotar-modulos-de-vacunacion-contra-el-covid-19\/","url":"https:\/\/reporteroshoy.mx\/noticias\/piden-no-abarrotar-modulos-de-vacunacion-contra-el-covid-19\/","name":"Piden no abarrotar m\u00f3dulos de vacunaci\u00f3n contra el COVID-19","isPartOf":{"@id":"https:\/\/reporteroshoy.mx\/noticias\/#website"},"primaryImageOfPage":{"@id":"https:\/\/reporteroshoy.mx\/noticias\/piden-no-abarrotar-modulos-de-vacunacion-contra-el-covid-19\/#primaryimage"},"image":{"@id":"https:\/\/reporteroshoy.mx\/noticias\/piden-no-abarrotar-modulos-de-vacunacion-contra-el-covid-19\/#primaryimage"},"thumbnailUrl":"https:\/\/reporteroshoy.mx\/noticias\/wp-content\/uploads\/2021\/05\/Vacunacion-ESAY.jpg","datePublished":"2021-05-31T18:07:56+00:00","author":{"@id":"https:\/\/reporteroshoy.mx\/noticias\/#\/schema\/person\/c977527e57c958a62c5cefe8fe47876e"},"description":"Varias personas acudieron sin cita y sin ser el d\u00eda que les correspond\u00eda vacuna. Exhortan a la ciudadan\u00eda a respetar las disposiciones.","breadcrumb":{"@id":"https:\/\/reporteroshoy.mx\/noticias\/piden-no-abarrotar-modulos-de-vacunacion-contra-el-covid-19\/#breadcrumb"},"inLanguage":"es","potentialAction":[{"@type":"ReadAction","target":["https:\/\/reporteroshoy.mx\/noticias\/piden-no-abarrotar-modulos-de-vacunacion-contra-el-covid-19\/"]}]},{"@type":"ImageObject","inLanguage":"es","@id":"https:\/\/reporteroshoy.mx\/noticias\/piden-no-abarrotar-modulos-de-vacunacion-contra-el-covid-19\/#primaryimage","url":"https:\/\/reporteroshoy.mx\/noticias\/wp-content\/uploads\/2021\/05\/Vacunacion-ESAY.jpg","contentUrl":"https:\/\/reporteroshoy.mx\/noticias\/wp-content\/uploads\/2021\/05\/Vacunacion-ESAY.jpg","width":768,"height":448},{"@type":"BreadcrumbList","@id":"https:\/\/reporteroshoy.mx\/noticias\/piden-no-abarrotar-modulos-de-vacunacion-contra-el-covid-19\/#breadcrumb","itemListElement":[{"@type":"ListItem","position":1,"name":"Portada","item":"https:\/\/reporteroshoy.mx\/noticias\/"},{"@type":"ListItem","position":2,"name":"Piden no abarrotar m\u00f3dulos de vacunaci\u00f3n contra el COVID-19"}]},{"@type":"WebSite","@id":"https:\/\/reporteroshoy.mx\/noticias\/#website","url":"https:\/\/reporteroshoy.mx\/noticias\/","name":"Reporteros Hoy | Noticias de Yucat\u00e1n","description":"Peri\u00f3dico digital con noticias diarias desde M\u00e9rida, Yucat\u00e1n para el mundo.","potentialAction":[{"@type":"SearchAction","target":{"@type":"EntryPoint","urlTemplate":"https:\/\/reporteroshoy.mx\/noticias\/?s={search_term_string}"},"query-input":{"@type":"PropertyValueSpecification","valueRequired":true,"valueName":"search_term_string"}}],"inLanguage":"es"},{"@type":"Person","@id":"https:\/\/reporteroshoy.mx\/noticias\/#\/schema\/person\/c977527e57c958a62c5cefe8fe47876e","name":"Reporteros Hoy WP","image":{"@type":"ImageObject","inLanguage":"es","@id":"https:\/\/secure.gravatar.com\/avatar\/fd2917f79a7dae30f8ac9ddc2f35e1756bb59e25e01d1cd09deaa64df7b2f73e?s=96&d=mm&r=g","url":"https:\/\/secure.gravatar.com\/avatar\/fd2917f79a7dae30f8ac9ddc2f35e1756bb59e25e01d1cd09deaa64df7b2f73e?s=96&d=mm&r=g","contentUrl":"https:\/\/secure.gravatar.com\/avatar\/fd2917f79a7dae30f8ac9ddc2f35e1756bb59e25e01d1cd09deaa64df7b2f73e?s=96&d=mm&r=g","caption":"Reporteros Hoy WP"},"url":"https:\/\/reporteroshoy.mx\/noticias\/author\/walfer\/"}]}},"_links":{"self":[{"href":"https:\/\/reporteroshoy.mx\/noticias\/wp-json\/wp\/v2\/posts\/64635","targetHints":{"allow":["GET"]}}],"collection":[{"href":"https:\/\/reporteroshoy.mx\/noticias\/wp-json\/wp\/v2\/posts"}],"about":[{"href":"https:\/\/reporteroshoy.mx\/noticias\/wp-json\/wp\/v2\/types\/post"}],"author":[{"embeddable":true,"href":"https:\/\/reporteroshoy.mx\/noticias\/wp-json\/wp\/v2\/users\/9"}],"replies":[{"embeddable":true,"href":"https:\/\/reporteroshoy.mx\/noticias\/wp-json\/wp\/v2\/comments?post=64635"}],"version-history":[{"count":0,"href":"https:\/\/reporteroshoy.mx\/noticias\/wp-json\/wp\/v2\/posts\/64635\/revisions"}],"wp:featuredmedia":[{"embeddable":true,"href":"https:\/\/reporteroshoy.mx\/noticias\/wp-json\/wp\/v2\/media\/64636"}],"wp:attachment":[{"href":"https:\/\/reporteroshoy.mx\/noticias\/wp-json\/wp\/v2\/media?parent=64635"}],"wp:term":[{"taxonomy":"category","embeddable":true,"href":"https:\/\/reporteroshoy.mx\/noticias\/wp-json\/wp\/v2\/categories?post=64635"},{"taxonomy":"post_tag","embeddable":true,"href":"https:\/\/reporteroshoy.mx\/noticias\/wp-json\/wp\/v2\/tags?post=64635"}],"curies":[{"name":"wp","href":"https:\/\/api.w.org\/{rel}","templated":true}]}}