{"id":65236,"date":"2021-06-08T12:37:24","date_gmt":"2021-06-08T17:37:24","guid":{"rendered":"https:\/\/reporteroshoy.mx\/noticias\/?p=65236"},"modified":"2021-06-08T12:37:24","modified_gmt":"2021-06-08T17:37:24","slug":"urge-una-reflexion-autocritica-en-el-pri-angelica-araujo","status":"publish","type":"post","link":"https:\/\/reporteroshoy.mx\/noticias\/urge-una-reflexion-autocritica-en-el-pri-angelica-araujo\/","title":{"rendered":"Urge una reflexi\u00f3n autocr\u00edtica en el PRI: Ang\u00e9lica Araujo"},"content":{"rendered":"<p style=\"text-align: justify;\">M\u00e9rida, Yucat\u00e1n, 8 de junio de 2021 (ACOM).- La ex alcaldesa de M\u00e9rida, Ang\u00e9lica Araujo Lara, se\u00f1al\u00f3 que los resultados electorales que obtuvo el PRI en los recientes comicios obligan a una reflexi\u00f3n y severa autocr\u00edtica para corregir lo que est\u00e1 mal.<\/p>\n<p style=\"text-align: justify;\">\u201cSin lamentos ni tardanzas, trabajaremos para ser la voz calificada de quienes nos respaldaron con sus votos y, con cercan\u00eda y profesionalismo, haremos lo necesario para merecer nuevamente la confianza de quienes hoy apostaron a favor de otros partidos\u201d afirm\u00f3.<\/p>\n<p><img loading=\"lazy\" decoding=\"async\" class=\"alignnone size-full wp-image-65234\" src=\"https:\/\/reporteroshoy.mx\/noticias\/wp-content\/uploads\/2021\/06\/AGELICA-ARAUJO-1.jpg\" alt=\"\" width=\"768\" height=\"554\" srcset=\"https:\/\/reporteroshoy.mx\/noticias\/wp-content\/uploads\/2021\/06\/AGELICA-ARAUJO-1.jpg 768w, https:\/\/reporteroshoy.mx\/noticias\/wp-content\/uploads\/2021\/06\/AGELICA-ARAUJO-1-324x235.jpg 324w\" sizes=\"auto, (max-width: 768px) 100vw, 768px\" \/><\/p>\n<p style=\"text-align: justify;\">La tambi\u00e9n ex senadora destac\u00f3 que Yucat\u00e1n dio ejemplo de civismo y participaci\u00f3n ciudadana en las elecciones.<\/p>\n<p style=\"text-align: justify;\">\u201cCelebro que, en el \u00e1mbito nacional, la mayor\u00eda de los mexicanos haya votado a favor del equilibrio de poderes, porque los contrapesos son necesarios en una democracia que necesita fortalecerse cada vez m\u00e1s\u201d continu\u00f3.<\/p>\n<p style=\"text-align: justify;\">Tras perder el tricolor en todos los distritos federales y locales, destac\u00f3 que tambi\u00e9n \u201cmiles de yucatecos votaron a favor de las propuestas de los candidatos del PRI, lo cual nos obliga a trabajar m\u00e1s para servirles nuevamente desde los ayuntamientos\u201d.<\/p>\n<p style=\"text-align: justify;\">Araujo Lara hizo un reconocimiento de sus compa\u00f1eros de partido que realizaron una campa\u00f1a contra viento y marea, en medio de los cuidados que obliga la pandemia generada por el Coronavirus.<\/p>\n<p style=\"text-align: justify;\">\u201cA los que resultaron triunfadores, ya saben que la humildad y los resultados se eval\u00faan en cada elecci\u00f3n, y a quienes el veredicto popular no favoreci\u00f3, les pido que mantengamos el esp\u00edritu de trabajo y servicio rumbo al 2024, porque jam\u00e1s se podr\u00e1 vencer a quien mantiene vivos sus ideales\u201d manifest\u00f3.<\/p>\n","protected":false},"excerpt":{"rendered":"<p>La ex alcaldesa de M\u00e9rida es la primera en romper el silencio tras los resultados electorales que obtuvo el tricolor. <\/p>\n","protected":false},"author":5,"featured_media":0,"comment_status":"open","ping_status":"closed","sticky":false,"template":"","format":"standard","meta":{"footnotes":""},"categories":[17],"tags":[15041,9783,370],"class_list":["post-65236","post","type-post","status-publish","format-standard","hentry","category-yucatan","tag-angelica-araujo-lara","tag-elecciones-2021","tag-pri"],"yoast_head":"<!-- This site is optimized with the Yoast SEO plugin v28.4 - https:\/\/yoast.com\/product\/yoast-seo-wordpress\/ -->\n<title>Urge una reflexi\u00f3n autocr\u00edtica en el PRI: Ang\u00e9lica Araujo<\/title>\n<meta name=\"description\" content=\"La ex alcaldesa de M\u00e9rida es la primera en romper el silencio tras los resultados electorales que obtuvo el tricolor.\" \/>\n<meta name=\"robots\" content=\"index, follow, max-snippet:-1, max-image-preview:large, max-video-preview:-1\" \/>\n<link rel=\"canonical\" href=\"https:\/\/reporteroshoy.mx\/noticias\/urge-una-reflexion-autocritica-en-el-pri-angelica-araujo\/\" \/>\n<meta property=\"og:locale\" content=\"es_ES\" \/>\n<meta property=\"og:type\" content=\"article\" \/>\n<meta property=\"og:title\" content=\"Urge una reflexi\u00f3n autocr\u00edtica en el PRI: Ang\u00e9lica Araujo\" \/>\n<meta property=\"og:description\" content=\"La ex alcaldesa de M\u00e9rida es la primera en romper el silencio tras los resultados electorales que obtuvo el tricolor.\" \/>\n<meta property=\"og:url\" content=\"https:\/\/reporteroshoy.mx\/noticias\/urge-una-reflexion-autocritica-en-el-pri-angelica-araujo\/\" \/>\n<meta property=\"og:site_name\" content=\"Reporteros Hoy | Noticias de Yucat\u00e1n\" \/>\n<meta property=\"article:publisher\" content=\"http:\/\/www.facebook.com\/reporteroshoymx\" \/>\n<meta property=\"article:published_time\" content=\"2021-06-08T17:37:24+00:00\" \/>\n<meta property=\"og:image\" content=\"https:\/\/reporteroshoy.mx\/noticias\/wp-content\/uploads\/2021\/06\/AGELICA-ARAUJO-2.jpg\" \/>\n\t<meta property=\"og:image:width\" content=\"768\" \/>\n\t<meta property=\"og:image:height\" content=\"419\" \/>\n\t<meta property=\"og:image:type\" content=\"image\/jpeg\" \/>\n<meta name=\"author\" content=\"Reporteros Hoy IM\" \/>\n<meta name=\"twitter:card\" content=\"summary_large_image\" \/>\n<meta name=\"twitter:creator\" content=\"@reporteroshoy\" \/>\n<meta name=\"twitter:site\" content=\"@reporteroshoy\" \/>\n<meta name=\"twitter:label1\" content=\"Escrito por\" \/>\n\t<meta name=\"twitter:data1\" content=\"Reporteros Hoy IM\" \/>\n\t<meta name=\"twitter:label2\" content=\"Tiempo de lectura\" \/>\n\t<meta name=\"twitter:data2\" content=\"2 minutos\" \/>\n<script type=\"application\/ld+json\" class=\"yoast-schema-graph\">{\"@context\":\"https:\\\/\\\/schema.org\",\"@graph\":[{\"@type\":\"Article\",\"@id\":\"https:\\\/\\\/reporteroshoy.mx\\\/noticias\\\/urge-una-reflexion-autocritica-en-el-pri-angelica-araujo\\\/#article\",\"isPartOf\":{\"@id\":\"https:\\\/\\\/reporteroshoy.mx\\\/noticias\\\/urge-una-reflexion-autocritica-en-el-pri-angelica-araujo\\\/\"},\"author\":{\"name\":\"Reporteros Hoy IM\",\"@id\":\"https:\\\/\\\/reporteroshoy.mx\\\/noticias\\\/#\\\/schema\\\/person\\\/948520f0d88b01be2e5266bc4acbbc15\"},\"headline\":\"Urge una reflexi\u00f3n autocr\u00edtica en el PRI: Ang\u00e9lica Araujo\",\"datePublished\":\"2021-06-08T17:37:24+00:00\",\"mainEntityOfPage\":{\"@id\":\"https:\\\/\\\/reporteroshoy.mx\\\/noticias\\\/urge-una-reflexion-autocritica-en-el-pri-angelica-araujo\\\/\"},\"wordCount\":287,\"commentCount\":0,\"image\":{\"@id\":\"https:\\\/\\\/reporteroshoy.mx\\\/noticias\\\/urge-una-reflexion-autocritica-en-el-pri-angelica-araujo\\\/#primaryimage\"},\"thumbnailUrl\":\"https:\\\/\\\/reporteroshoy.mx\\\/noticias\\\/wp-content\\\/uploads\\\/2021\\\/06\\\/AGELICA-ARAUJO-1.jpg\",\"keywords\":[\"Ang\u00e9lica Araujo Lara\",\"Elecciones 2021\",\"PRI\"],\"articleSection\":[\"Yucat\u00e1n\"],\"inLanguage\":\"es\",\"potentialAction\":[{\"@type\":\"CommentAction\",\"name\":\"Comment\",\"target\":[\"https:\\\/\\\/reporteroshoy.mx\\\/noticias\\\/urge-una-reflexion-autocritica-en-el-pri-angelica-araujo\\\/#respond\"]}]},{\"@type\":\"WebPage\",\"@id\":\"https:\\\/\\\/reporteroshoy.mx\\\/noticias\\\/urge-una-reflexion-autocritica-en-el-pri-angelica-araujo\\\/\",\"url\":\"https:\\\/\\\/reporteroshoy.mx\\\/noticias\\\/urge-una-reflexion-autocritica-en-el-pri-angelica-araujo\\\/\",\"name\":\"Urge una reflexi\u00f3n autocr\u00edtica en el PRI: Ang\u00e9lica Araujo\",\"isPartOf\":{\"@id\":\"https:\\\/\\\/reporteroshoy.mx\\\/noticias\\\/#website\"},\"primaryImageOfPage\":{\"@id\":\"https:\\\/\\\/reporteroshoy.mx\\\/noticias\\\/urge-una-reflexion-autocritica-en-el-pri-angelica-araujo\\\/#primaryimage\"},\"image\":{\"@id\":\"https:\\\/\\\/reporteroshoy.mx\\\/noticias\\\/urge-una-reflexion-autocritica-en-el-pri-angelica-araujo\\\/#primaryimage\"},\"thumbnailUrl\":\"https:\\\/\\\/reporteroshoy.mx\\\/noticias\\\/wp-content\\\/uploads\\\/2021\\\/06\\\/AGELICA-ARAUJO-1.jpg\",\"datePublished\":\"2021-06-08T17:37:24+00:00\",\"author\":{\"@id\":\"https:\\\/\\\/reporteroshoy.mx\\\/noticias\\\/#\\\/schema\\\/person\\\/948520f0d88b01be2e5266bc4acbbc15\"},\"description\":\"La ex alcaldesa de M\u00e9rida es la primera en romper el silencio tras los resultados electorales que obtuvo el tricolor.\",\"breadcrumb\":{\"@id\":\"https:\\\/\\\/reporteroshoy.mx\\\/noticias\\\/urge-una-reflexion-autocritica-en-el-pri-angelica-araujo\\\/#breadcrumb\"},\"inLanguage\":\"es\",\"potentialAction\":[{\"@type\":\"ReadAction\",\"target\":[\"https:\\\/\\\/reporteroshoy.mx\\\/noticias\\\/urge-una-reflexion-autocritica-en-el-pri-angelica-araujo\\\/\"]}]},{\"@type\":\"ImageObject\",\"inLanguage\":\"es\",\"@id\":\"https:\\\/\\\/reporteroshoy.mx\\\/noticias\\\/urge-una-reflexion-autocritica-en-el-pri-angelica-araujo\\\/#primaryimage\",\"url\":\"https:\\\/\\\/reporteroshoy.mx\\\/noticias\\\/wp-content\\\/uploads\\\/2021\\\/06\\\/AGELICA-ARAUJO-1.jpg\",\"contentUrl\":\"https:\\\/\\\/reporteroshoy.mx\\\/noticias\\\/wp-content\\\/uploads\\\/2021\\\/06\\\/AGELICA-ARAUJO-1.jpg\",\"width\":768,\"height\":554},{\"@type\":\"BreadcrumbList\",\"@id\":\"https:\\\/\\\/reporteroshoy.mx\\\/noticias\\\/urge-una-reflexion-autocritica-en-el-pri-angelica-araujo\\\/#breadcrumb\",\"itemListElement\":[{\"@type\":\"ListItem\",\"position\":1,\"name\":\"Portada\",\"item\":\"https:\\\/\\\/reporteroshoy.mx\\\/noticias\\\/\"},{\"@type\":\"ListItem\",\"position\":2,\"name\":\"Urge una reflexi\u00f3n autocr\u00edtica en el PRI: Ang\u00e9lica Araujo\"}]},{\"@type\":\"WebSite\",\"@id\":\"https:\\\/\\\/reporteroshoy.mx\\\/noticias\\\/#website\",\"url\":\"https:\\\/\\\/reporteroshoy.mx\\\/noticias\\\/\",\"name\":\"Reporteros Hoy | Noticias de Yucat\u00e1n\",\"description\":\"Peri\u00f3dico digital con noticias diarias desde M\u00e9rida, Yucat\u00e1n para el mundo.\",\"potentialAction\":[{\"@type\":\"SearchAction\",\"target\":{\"@type\":\"EntryPoint\",\"urlTemplate\":\"https:\\\/\\\/reporteroshoy.mx\\\/noticias\\\/?s={search_term_string}\"},\"query-input\":{\"@type\":\"PropertyValueSpecification\",\"valueRequired\":true,\"valueName\":\"search_term_string\"}}],\"inLanguage\":\"es\"},{\"@type\":\"Person\",\"@id\":\"https:\\\/\\\/reporteroshoy.mx\\\/noticias\\\/#\\\/schema\\\/person\\\/948520f0d88b01be2e5266bc4acbbc15\",\"name\":\"Reporteros Hoy IM\",\"image\":{\"@type\":\"ImageObject\",\"inLanguage\":\"es\",\"@id\":\"https:\\\/\\\/secure.gravatar.com\\\/avatar\\\/d843030b96552826ac048bdfe26f2895604b800ed0c880ee55765a74d95dfc65?s=96&d=mm&r=g\",\"url\":\"https:\\\/\\\/secure.gravatar.com\\\/avatar\\\/d843030b96552826ac048bdfe26f2895604b800ed0c880ee55765a74d95dfc65?s=96&d=mm&r=g\",\"contentUrl\":\"https:\\\/\\\/secure.gravatar.com\\\/avatar\\\/d843030b96552826ac048bdfe26f2895604b800ed0c880ee55765a74d95dfc65?s=96&d=mm&r=g\",\"caption\":\"Reporteros Hoy IM\"},\"url\":\"https:\\\/\\\/reporteroshoy.mx\\\/noticias\\\/author\\\/israel\\\/\"}]}<\/script>\n<!-- \/ Yoast SEO plugin. -->","yoast_head_json":{"title":"Urge una reflexi\u00f3n autocr\u00edtica en el PRI: Ang\u00e9lica Araujo","description":"La ex alcaldesa de M\u00e9rida es la primera en romper el silencio tras los resultados electorales que obtuvo el tricolor.","robots":{"index":"index","follow":"follow","max-snippet":"max-snippet:-1","max-image-preview":"max-image-preview:large","max-video-preview":"max-video-preview:-1"},"canonical":"https:\/\/reporteroshoy.mx\/noticias\/urge-una-reflexion-autocritica-en-el-pri-angelica-araujo\/","og_locale":"es_ES","og_type":"article","og_title":"Urge una reflexi\u00f3n autocr\u00edtica en el PRI: Ang\u00e9lica Araujo","og_description":"La ex alcaldesa de M\u00e9rida es la primera en romper el silencio tras los resultados electorales que obtuvo el tricolor.","og_url":"https:\/\/reporteroshoy.mx\/noticias\/urge-una-reflexion-autocritica-en-el-pri-angelica-araujo\/","og_site_name":"Reporteros Hoy | Noticias de Yucat\u00e1n","article_publisher":"http:\/\/www.facebook.com\/reporteroshoymx","article_published_time":"2021-06-08T17:37:24+00:00","og_image":[{"width":768,"height":419,"url":"https:\/\/reporteroshoy.mx\/noticias\/wp-content\/uploads\/2021\/06\/AGELICA-ARAUJO-2.jpg","type":"image\/jpeg"}],"author":"Reporteros Hoy IM","twitter_card":"summary_large_image","twitter_creator":"@reporteroshoy","twitter_site":"@reporteroshoy","twitter_misc":{"Escrito por":"Reporteros Hoy IM","Tiempo de lectura":"2 minutos"},"schema":{"@context":"https:\/\/schema.org","@graph":[{"@type":"Article","@id":"https:\/\/reporteroshoy.mx\/noticias\/urge-una-reflexion-autocritica-en-el-pri-angelica-araujo\/#article","isPartOf":{"@id":"https:\/\/reporteroshoy.mx\/noticias\/urge-una-reflexion-autocritica-en-el-pri-angelica-araujo\/"},"author":{"name":"Reporteros Hoy IM","@id":"https:\/\/reporteroshoy.mx\/noticias\/#\/schema\/person\/948520f0d88b01be2e5266bc4acbbc15"},"headline":"Urge una reflexi\u00f3n autocr\u00edtica en el PRI: Ang\u00e9lica Araujo","datePublished":"2021-06-08T17:37:24+00:00","mainEntityOfPage":{"@id":"https:\/\/reporteroshoy.mx\/noticias\/urge-una-reflexion-autocritica-en-el-pri-angelica-araujo\/"},"wordCount":287,"commentCount":0,"image":{"@id":"https:\/\/reporteroshoy.mx\/noticias\/urge-una-reflexion-autocritica-en-el-pri-angelica-araujo\/#primaryimage"},"thumbnailUrl":"https:\/\/reporteroshoy.mx\/noticias\/wp-content\/uploads\/2021\/06\/AGELICA-ARAUJO-1.jpg","keywords":["Ang\u00e9lica Araujo Lara","Elecciones 2021","PRI"],"articleSection":["Yucat\u00e1n"],"inLanguage":"es","potentialAction":[{"@type":"CommentAction","name":"Comment","target":["https:\/\/reporteroshoy.mx\/noticias\/urge-una-reflexion-autocritica-en-el-pri-angelica-araujo\/#respond"]}]},{"@type":"WebPage","@id":"https:\/\/reporteroshoy.mx\/noticias\/urge-una-reflexion-autocritica-en-el-pri-angelica-araujo\/","url":"https:\/\/reporteroshoy.mx\/noticias\/urge-una-reflexion-autocritica-en-el-pri-angelica-araujo\/","name":"Urge una reflexi\u00f3n autocr\u00edtica en el PRI: Ang\u00e9lica Araujo","isPartOf":{"@id":"https:\/\/reporteroshoy.mx\/noticias\/#website"},"primaryImageOfPage":{"@id":"https:\/\/reporteroshoy.mx\/noticias\/urge-una-reflexion-autocritica-en-el-pri-angelica-araujo\/#primaryimage"},"image":{"@id":"https:\/\/reporteroshoy.mx\/noticias\/urge-una-reflexion-autocritica-en-el-pri-angelica-araujo\/#primaryimage"},"thumbnailUrl":"https:\/\/reporteroshoy.mx\/noticias\/wp-content\/uploads\/2021\/06\/AGELICA-ARAUJO-1.jpg","datePublished":"2021-06-08T17:37:24+00:00","author":{"@id":"https:\/\/reporteroshoy.mx\/noticias\/#\/schema\/person\/948520f0d88b01be2e5266bc4acbbc15"},"description":"La ex alcaldesa de M\u00e9rida es la primera en romper el silencio tras los resultados electorales que obtuvo el tricolor.","breadcrumb":{"@id":"https:\/\/reporteroshoy.mx\/noticias\/urge-una-reflexion-autocritica-en-el-pri-angelica-araujo\/#breadcrumb"},"inLanguage":"es","potentialAction":[{"@type":"ReadAction","target":["https:\/\/reporteroshoy.mx\/noticias\/urge-una-reflexion-autocritica-en-el-pri-angelica-araujo\/"]}]},{"@type":"ImageObject","inLanguage":"es","@id":"https:\/\/reporteroshoy.mx\/noticias\/urge-una-reflexion-autocritica-en-el-pri-angelica-araujo\/#primaryimage","url":"https:\/\/reporteroshoy.mx\/noticias\/wp-content\/uploads\/2021\/06\/AGELICA-ARAUJO-1.jpg","contentUrl":"https:\/\/reporteroshoy.mx\/noticias\/wp-content\/uploads\/2021\/06\/AGELICA-ARAUJO-1.jpg","width":768,"height":554},{"@type":"BreadcrumbList","@id":"https:\/\/reporteroshoy.mx\/noticias\/urge-una-reflexion-autocritica-en-el-pri-angelica-araujo\/#breadcrumb","itemListElement":[{"@type":"ListItem","position":1,"name":"Portada","item":"https:\/\/reporteroshoy.mx\/noticias\/"},{"@type":"ListItem","position":2,"name":"Urge una reflexi\u00f3n autocr\u00edtica en el PRI: Ang\u00e9lica Araujo"}]},{"@type":"WebSite","@id":"https:\/\/reporteroshoy.mx\/noticias\/#website","url":"https:\/\/reporteroshoy.mx\/noticias\/","name":"Reporteros Hoy | Noticias de Yucat\u00e1n","description":"Peri\u00f3dico digital con noticias diarias desde M\u00e9rida, Yucat\u00e1n para el mundo.","potentialAction":[{"@type":"SearchAction","target":{"@type":"EntryPoint","urlTemplate":"https:\/\/reporteroshoy.mx\/noticias\/?s={search_term_string}"},"query-input":{"@type":"PropertyValueSpecification","valueRequired":true,"valueName":"search_term_string"}}],"inLanguage":"es"},{"@type":"Person","@id":"https:\/\/reporteroshoy.mx\/noticias\/#\/schema\/person\/948520f0d88b01be2e5266bc4acbbc15","name":"Reporteros Hoy IM","image":{"@type":"ImageObject","inLanguage":"es","@id":"https:\/\/secure.gravatar.com\/avatar\/d843030b96552826ac048bdfe26f2895604b800ed0c880ee55765a74d95dfc65?s=96&d=mm&r=g","url":"https:\/\/secure.gravatar.com\/avatar\/d843030b96552826ac048bdfe26f2895604b800ed0c880ee55765a74d95dfc65?s=96&d=mm&r=g","contentUrl":"https:\/\/secure.gravatar.com\/avatar\/d843030b96552826ac048bdfe26f2895604b800ed0c880ee55765a74d95dfc65?s=96&d=mm&r=g","caption":"Reporteros Hoy IM"},"url":"https:\/\/reporteroshoy.mx\/noticias\/author\/israel\/"}]}},"_links":{"self":[{"href":"https:\/\/reporteroshoy.mx\/noticias\/wp-json\/wp\/v2\/posts\/65236","targetHints":{"allow":["GET"]}}],"collection":[{"href":"https:\/\/reporteroshoy.mx\/noticias\/wp-json\/wp\/v2\/posts"}],"about":[{"href":"https:\/\/reporteroshoy.mx\/noticias\/wp-json\/wp\/v2\/types\/post"}],"author":[{"embeddable":true,"href":"https:\/\/reporteroshoy.mx\/noticias\/wp-json\/wp\/v2\/users\/5"}],"replies":[{"embeddable":true,"href":"https:\/\/reporteroshoy.mx\/noticias\/wp-json\/wp\/v2\/comments?post=65236"}],"version-history":[{"count":0,"href":"https:\/\/reporteroshoy.mx\/noticias\/wp-json\/wp\/v2\/posts\/65236\/revisions"}],"wp:attachment":[{"href":"https:\/\/reporteroshoy.mx\/noticias\/wp-json\/wp\/v2\/media?parent=65236"}],"wp:term":[{"taxonomy":"category","embeddable":true,"href":"https:\/\/reporteroshoy.mx\/noticias\/wp-json\/wp\/v2\/categories?post=65236"},{"taxonomy":"post_tag","embeddable":true,"href":"https:\/\/reporteroshoy.mx\/noticias\/wp-json\/wp\/v2\/tags?post=65236"}],"curies":[{"name":"wp","href":"https:\/\/api.w.org\/{rel}","templated":true}]}}