{"id":65371,"date":"2021-06-10T13:06:48","date_gmt":"2021-06-10T18:06:48","guid":{"rendered":"https:\/\/reporteroshoy.mx\/noticias\/?p=65371"},"modified":"2021-06-10T13:48:00","modified_gmt":"2021-06-10T18:48:00","slug":"cantineros-son-escuchados-en-palacio-de-gobierno","status":"publish","type":"post","link":"https:\/\/reporteroshoy.mx\/noticias\/cantineros-son-escuchados-en-palacio-de-gobierno\/","title":{"rendered":"Cantineros son escuchados en Palacio de Gobierno"},"content":{"rendered":"<p style=\"text-align: justify;\">M\u00e9rida, Yucat\u00e1n; 10 de junio de 2021.- El Gobierno del Estado recibi\u00f3 a representantes de bares y centros nocturnos que operan como restaurantes, quienes se presentaron a la sede del Poder Ejecutivo para entregar en la Oficial\u00eda de Partes un documento que contiene sus principales planteamientos ante las nuevas disposiciones para proteger la salud de los yucatecos frente al incremento sostenido de los indicadores que miden la pandemia del Coronavirus.<\/p>\n<p style=\"text-align: justify;\">En ese marco, el Gobierno estatal reitera los motivos de las medidas que entrar\u00e1n en vigor este jueves y sostiene que hay que trabajar unidos para que las medidas duren lo menos posible.<\/p>\n<p><img loading=\"lazy\" decoding=\"async\" class=\"wp-image-65372 aligncenter\" src=\"https:\/\/reporteroshoy.mx\/noticias\/wp-content\/uploads\/2021\/06\/Cantineros.jpg\" alt=\"\" width=\"598\" height=\"337\" \/><\/p>\n<p style=\"text-align: justify;\">Cabe mencionar que, desde jueves se restringe la movilidad vehicular de 11:30 de la noche a 5:00 de la ma\u00f1ana, todos los d\u00edas de la semana; se suspenden las licencias de funcionamiento de bares y centros nocturnos que operan como restaurantes; y se reduce de 75 al 50% la capacidad de aforo de restaurantes y centros religiosos.<\/p>\n<p style=\"text-align: justify;\">Como se ha informado, el aumento en los contagios de Covid-19 que ha venido creciendo en las \u00faltimas semanas es un momento crucial que obliga a todos los sectores a retomar medidas que, aunque dif\u00edciles, son eficaces para frenar su avance y evitar mayores consecuencias en la econom\u00eda y el empleo.<\/p>\n<p style=\"text-align: justify;\">Esta situaci\u00f3n obliga a todos a redoblar esfuerzos para que las nuevas medidas que se ha implementado surtan efecto y se pueda salir los m\u00e1s r\u00e1pido posible de la situaci\u00f3n para as\u00ed\u0301 volver al camino de la reapertura econ\u00f3mica segura, se\u00f1ala el Gobierno del Estado.<\/p>\n<p style=\"text-align: justify;\">Hay que recordar que, no se trata de un cierre total de los negocios, sino de volver a las medidas que dieron buenos resultados y permitieron la reapertura, pero es necesario cuidarnos para evitar que los contagios y la ocupaci\u00f3n hospitalaria lleguen a niveles que obliguen a un cierre m\u00e1s dr\u00e1stico.<\/p>\n<p style=\"text-align: justify;\">Es indispensable que respeten estrictamente las nuevas medidas que son las de un aforo al 50% y la suspensi\u00f3n a centros nocturnos y bares de la licencia que les permit\u00eda funcionar como restaurantes, pues se trata de lugares de mayor riesgo de contagio por tratarse de lugares cerrados, peque\u00f1os y con poca ventilaci\u00f3n natural, precisa el Gobierno estatal.<\/p>\n<p style=\"text-align: justify;\">\u201cEs un momento dif\u00edcil, donde todos tenemos la responsabilidad de cuidar la vida. Por eso, si ponemos de nuevo de nuestra parte y trabajamos unidos, podremos salir m\u00e1s r\u00e1pidamente y frenar esta alza de contagios\u201d, reitera el Gobierno del Estado.<\/p>\n","protected":false},"excerpt":{"rendered":"<p>El Gobierno estatal reiter\u00f3 que hay que trabajar unidos para que las medidas duren lo menos posible.<\/p>\n","protected":false},"author":9,"featured_media":65372,"comment_status":"open","ping_status":"closed","sticky":false,"template":"","format":"standard","meta":{"footnotes":""},"categories":[7],"tags":[17927,7297,1512],"class_list":["post-65371","post","type-post","status-publish","format-standard","has-post-thumbnail","hentry","category-gobierno","tag-cantineros","tag-gobierno-estatal","tag-restaurantes"],"yoast_head":"<!-- This site is optimized with the Yoast SEO plugin v28.4 - https:\/\/yoast.com\/product\/yoast-seo-wordpress\/ -->\n<title>Cantineros son escuchados en Palacio de Gobierno<\/title>\n<meta name=\"description\" content=\"El Gobierno estatal reiter\u00f3 que hay que trabajar unidos para que las medidas duren lo menos posible.\" \/>\n<meta name=\"robots\" content=\"index, follow, max-snippet:-1, max-image-preview:large, max-video-preview:-1\" \/>\n<link rel=\"canonical\" href=\"https:\/\/reporteroshoy.mx\/noticias\/cantineros-son-escuchados-en-palacio-de-gobierno\/\" \/>\n<meta property=\"og:locale\" content=\"es_ES\" \/>\n<meta property=\"og:type\" content=\"article\" \/>\n<meta property=\"og:title\" content=\"Cantineros son escuchados en Palacio de Gobierno\" \/>\n<meta property=\"og:description\" content=\"El Gobierno estatal reiter\u00f3 que hay que trabajar unidos para que las medidas duren lo menos posible.\" \/>\n<meta property=\"og:url\" content=\"https:\/\/reporteroshoy.mx\/noticias\/cantineros-son-escuchados-en-palacio-de-gobierno\/\" \/>\n<meta property=\"og:site_name\" content=\"Reporteros Hoy | Noticias de Yucat\u00e1n\" \/>\n<meta property=\"article:publisher\" content=\"http:\/\/www.facebook.com\/reporteroshoymx\" \/>\n<meta property=\"article:published_time\" content=\"2021-06-10T18:06:48+00:00\" \/>\n<meta property=\"article:modified_time\" content=\"2021-06-10T18:48:00+00:00\" \/>\n<meta property=\"og:image\" content=\"https:\/\/reporteroshoy.mx\/noticias\/wp-content\/uploads\/2021\/06\/Cantineros.jpg\" \/>\n\t<meta property=\"og:image:width\" content=\"768\" \/>\n\t<meta property=\"og:image:height\" content=\"432\" \/>\n\t<meta property=\"og:image:type\" content=\"image\/jpeg\" \/>\n<meta name=\"author\" content=\"Reporteros Hoy WP\" \/>\n<meta name=\"twitter:card\" content=\"summary_large_image\" \/>\n<meta name=\"twitter:creator\" content=\"@reporteroshoy\" \/>\n<meta name=\"twitter:site\" content=\"@reporteroshoy\" \/>\n<meta name=\"twitter:label1\" content=\"Escrito por\" \/>\n\t<meta name=\"twitter:data1\" content=\"Reporteros Hoy WP\" \/>\n\t<meta name=\"twitter:label2\" content=\"Tiempo de lectura\" \/>\n\t<meta name=\"twitter:data2\" content=\"2 minutos\" \/>\n<script type=\"application\/ld+json\" class=\"yoast-schema-graph\">{\"@context\":\"https:\\\/\\\/schema.org\",\"@graph\":[{\"@type\":\"Article\",\"@id\":\"https:\\\/\\\/reporteroshoy.mx\\\/noticias\\\/cantineros-son-escuchados-en-palacio-de-gobierno\\\/#article\",\"isPartOf\":{\"@id\":\"https:\\\/\\\/reporteroshoy.mx\\\/noticias\\\/cantineros-son-escuchados-en-palacio-de-gobierno\\\/\"},\"author\":{\"name\":\"Reporteros Hoy WP\",\"@id\":\"https:\\\/\\\/reporteroshoy.mx\\\/noticias\\\/#\\\/schema\\\/person\\\/c977527e57c958a62c5cefe8fe47876e\"},\"headline\":\"Cantineros son escuchados en Palacio de Gobierno\",\"datePublished\":\"2021-06-10T18:06:48+00:00\",\"dateModified\":\"2021-06-10T18:48:00+00:00\",\"mainEntityOfPage\":{\"@id\":\"https:\\\/\\\/reporteroshoy.mx\\\/noticias\\\/cantineros-son-escuchados-en-palacio-de-gobierno\\\/\"},\"wordCount\":430,\"commentCount\":0,\"image\":{\"@id\":\"https:\\\/\\\/reporteroshoy.mx\\\/noticias\\\/cantineros-son-escuchados-en-palacio-de-gobierno\\\/#primaryimage\"},\"thumbnailUrl\":\"https:\\\/\\\/reporteroshoy.mx\\\/noticias\\\/wp-content\\\/uploads\\\/2021\\\/06\\\/Cantineros.jpg\",\"keywords\":[\"Cantineros\",\"Gobierno Estatal\",\"restaurantes\"],\"articleSection\":[\"Gobierno\"],\"inLanguage\":\"es\",\"potentialAction\":[{\"@type\":\"CommentAction\",\"name\":\"Comment\",\"target\":[\"https:\\\/\\\/reporteroshoy.mx\\\/noticias\\\/cantineros-son-escuchados-en-palacio-de-gobierno\\\/#respond\"]}]},{\"@type\":\"WebPage\",\"@id\":\"https:\\\/\\\/reporteroshoy.mx\\\/noticias\\\/cantineros-son-escuchados-en-palacio-de-gobierno\\\/\",\"url\":\"https:\\\/\\\/reporteroshoy.mx\\\/noticias\\\/cantineros-son-escuchados-en-palacio-de-gobierno\\\/\",\"name\":\"Cantineros son escuchados en Palacio de Gobierno\",\"isPartOf\":{\"@id\":\"https:\\\/\\\/reporteroshoy.mx\\\/noticias\\\/#website\"},\"primaryImageOfPage\":{\"@id\":\"https:\\\/\\\/reporteroshoy.mx\\\/noticias\\\/cantineros-son-escuchados-en-palacio-de-gobierno\\\/#primaryimage\"},\"image\":{\"@id\":\"https:\\\/\\\/reporteroshoy.mx\\\/noticias\\\/cantineros-son-escuchados-en-palacio-de-gobierno\\\/#primaryimage\"},\"thumbnailUrl\":\"https:\\\/\\\/reporteroshoy.mx\\\/noticias\\\/wp-content\\\/uploads\\\/2021\\\/06\\\/Cantineros.jpg\",\"datePublished\":\"2021-06-10T18:06:48+00:00\",\"dateModified\":\"2021-06-10T18:48:00+00:00\",\"author\":{\"@id\":\"https:\\\/\\\/reporteroshoy.mx\\\/noticias\\\/#\\\/schema\\\/person\\\/c977527e57c958a62c5cefe8fe47876e\"},\"description\":\"El Gobierno estatal reiter\u00f3 que hay que trabajar unidos para que las medidas duren lo menos posible.\",\"breadcrumb\":{\"@id\":\"https:\\\/\\\/reporteroshoy.mx\\\/noticias\\\/cantineros-son-escuchados-en-palacio-de-gobierno\\\/#breadcrumb\"},\"inLanguage\":\"es\",\"potentialAction\":[{\"@type\":\"ReadAction\",\"target\":[\"https:\\\/\\\/reporteroshoy.mx\\\/noticias\\\/cantineros-son-escuchados-en-palacio-de-gobierno\\\/\"]}]},{\"@type\":\"ImageObject\",\"inLanguage\":\"es\",\"@id\":\"https:\\\/\\\/reporteroshoy.mx\\\/noticias\\\/cantineros-son-escuchados-en-palacio-de-gobierno\\\/#primaryimage\",\"url\":\"https:\\\/\\\/reporteroshoy.mx\\\/noticias\\\/wp-content\\\/uploads\\\/2021\\\/06\\\/Cantineros.jpg\",\"contentUrl\":\"https:\\\/\\\/reporteroshoy.mx\\\/noticias\\\/wp-content\\\/uploads\\\/2021\\\/06\\\/Cantineros.jpg\",\"width\":768,\"height\":432},{\"@type\":\"BreadcrumbList\",\"@id\":\"https:\\\/\\\/reporteroshoy.mx\\\/noticias\\\/cantineros-son-escuchados-en-palacio-de-gobierno\\\/#breadcrumb\",\"itemListElement\":[{\"@type\":\"ListItem\",\"position\":1,\"name\":\"Portada\",\"item\":\"https:\\\/\\\/reporteroshoy.mx\\\/noticias\\\/\"},{\"@type\":\"ListItem\",\"position\":2,\"name\":\"Cantineros son escuchados en Palacio de Gobierno\"}]},{\"@type\":\"WebSite\",\"@id\":\"https:\\\/\\\/reporteroshoy.mx\\\/noticias\\\/#website\",\"url\":\"https:\\\/\\\/reporteroshoy.mx\\\/noticias\\\/\",\"name\":\"Reporteros Hoy | Noticias de Yucat\u00e1n\",\"description\":\"Peri\u00f3dico digital con noticias diarias desde M\u00e9rida, Yucat\u00e1n para el mundo.\",\"potentialAction\":[{\"@type\":\"SearchAction\",\"target\":{\"@type\":\"EntryPoint\",\"urlTemplate\":\"https:\\\/\\\/reporteroshoy.mx\\\/noticias\\\/?s={search_term_string}\"},\"query-input\":{\"@type\":\"PropertyValueSpecification\",\"valueRequired\":true,\"valueName\":\"search_term_string\"}}],\"inLanguage\":\"es\"},{\"@type\":\"Person\",\"@id\":\"https:\\\/\\\/reporteroshoy.mx\\\/noticias\\\/#\\\/schema\\\/person\\\/c977527e57c958a62c5cefe8fe47876e\",\"name\":\"Reporteros Hoy WP\",\"image\":{\"@type\":\"ImageObject\",\"inLanguage\":\"es\",\"@id\":\"https:\\\/\\\/secure.gravatar.com\\\/avatar\\\/fd2917f79a7dae30f8ac9ddc2f35e1756bb59e25e01d1cd09deaa64df7b2f73e?s=96&d=mm&r=g\",\"url\":\"https:\\\/\\\/secure.gravatar.com\\\/avatar\\\/fd2917f79a7dae30f8ac9ddc2f35e1756bb59e25e01d1cd09deaa64df7b2f73e?s=96&d=mm&r=g\",\"contentUrl\":\"https:\\\/\\\/secure.gravatar.com\\\/avatar\\\/fd2917f79a7dae30f8ac9ddc2f35e1756bb59e25e01d1cd09deaa64df7b2f73e?s=96&d=mm&r=g\",\"caption\":\"Reporteros Hoy WP\"},\"url\":\"https:\\\/\\\/reporteroshoy.mx\\\/noticias\\\/author\\\/walfer\\\/\"}]}<\/script>\n<!-- \/ Yoast SEO plugin. -->","yoast_head_json":{"title":"Cantineros son escuchados en Palacio de Gobierno","description":"El Gobierno estatal reiter\u00f3 que hay que trabajar unidos para que las medidas duren lo menos posible.","robots":{"index":"index","follow":"follow","max-snippet":"max-snippet:-1","max-image-preview":"max-image-preview:large","max-video-preview":"max-video-preview:-1"},"canonical":"https:\/\/reporteroshoy.mx\/noticias\/cantineros-son-escuchados-en-palacio-de-gobierno\/","og_locale":"es_ES","og_type":"article","og_title":"Cantineros son escuchados en Palacio de Gobierno","og_description":"El Gobierno estatal reiter\u00f3 que hay que trabajar unidos para que las medidas duren lo menos posible.","og_url":"https:\/\/reporteroshoy.mx\/noticias\/cantineros-son-escuchados-en-palacio-de-gobierno\/","og_site_name":"Reporteros Hoy | Noticias de Yucat\u00e1n","article_publisher":"http:\/\/www.facebook.com\/reporteroshoymx","article_published_time":"2021-06-10T18:06:48+00:00","article_modified_time":"2021-06-10T18:48:00+00:00","og_image":[{"width":768,"height":432,"url":"https:\/\/reporteroshoy.mx\/noticias\/wp-content\/uploads\/2021\/06\/Cantineros.jpg","type":"image\/jpeg"}],"author":"Reporteros Hoy WP","twitter_card":"summary_large_image","twitter_creator":"@reporteroshoy","twitter_site":"@reporteroshoy","twitter_misc":{"Escrito por":"Reporteros Hoy WP","Tiempo de lectura":"2 minutos"},"schema":{"@context":"https:\/\/schema.org","@graph":[{"@type":"Article","@id":"https:\/\/reporteroshoy.mx\/noticias\/cantineros-son-escuchados-en-palacio-de-gobierno\/#article","isPartOf":{"@id":"https:\/\/reporteroshoy.mx\/noticias\/cantineros-son-escuchados-en-palacio-de-gobierno\/"},"author":{"name":"Reporteros Hoy WP","@id":"https:\/\/reporteroshoy.mx\/noticias\/#\/schema\/person\/c977527e57c958a62c5cefe8fe47876e"},"headline":"Cantineros son escuchados en Palacio de Gobierno","datePublished":"2021-06-10T18:06:48+00:00","dateModified":"2021-06-10T18:48:00+00:00","mainEntityOfPage":{"@id":"https:\/\/reporteroshoy.mx\/noticias\/cantineros-son-escuchados-en-palacio-de-gobierno\/"},"wordCount":430,"commentCount":0,"image":{"@id":"https:\/\/reporteroshoy.mx\/noticias\/cantineros-son-escuchados-en-palacio-de-gobierno\/#primaryimage"},"thumbnailUrl":"https:\/\/reporteroshoy.mx\/noticias\/wp-content\/uploads\/2021\/06\/Cantineros.jpg","keywords":["Cantineros","Gobierno Estatal","restaurantes"],"articleSection":["Gobierno"],"inLanguage":"es","potentialAction":[{"@type":"CommentAction","name":"Comment","target":["https:\/\/reporteroshoy.mx\/noticias\/cantineros-son-escuchados-en-palacio-de-gobierno\/#respond"]}]},{"@type":"WebPage","@id":"https:\/\/reporteroshoy.mx\/noticias\/cantineros-son-escuchados-en-palacio-de-gobierno\/","url":"https:\/\/reporteroshoy.mx\/noticias\/cantineros-son-escuchados-en-palacio-de-gobierno\/","name":"Cantineros son escuchados en Palacio de Gobierno","isPartOf":{"@id":"https:\/\/reporteroshoy.mx\/noticias\/#website"},"primaryImageOfPage":{"@id":"https:\/\/reporteroshoy.mx\/noticias\/cantineros-son-escuchados-en-palacio-de-gobierno\/#primaryimage"},"image":{"@id":"https:\/\/reporteroshoy.mx\/noticias\/cantineros-son-escuchados-en-palacio-de-gobierno\/#primaryimage"},"thumbnailUrl":"https:\/\/reporteroshoy.mx\/noticias\/wp-content\/uploads\/2021\/06\/Cantineros.jpg","datePublished":"2021-06-10T18:06:48+00:00","dateModified":"2021-06-10T18:48:00+00:00","author":{"@id":"https:\/\/reporteroshoy.mx\/noticias\/#\/schema\/person\/c977527e57c958a62c5cefe8fe47876e"},"description":"El Gobierno estatal reiter\u00f3 que hay que trabajar unidos para que las medidas duren lo menos posible.","breadcrumb":{"@id":"https:\/\/reporteroshoy.mx\/noticias\/cantineros-son-escuchados-en-palacio-de-gobierno\/#breadcrumb"},"inLanguage":"es","potentialAction":[{"@type":"ReadAction","target":["https:\/\/reporteroshoy.mx\/noticias\/cantineros-son-escuchados-en-palacio-de-gobierno\/"]}]},{"@type":"ImageObject","inLanguage":"es","@id":"https:\/\/reporteroshoy.mx\/noticias\/cantineros-son-escuchados-en-palacio-de-gobierno\/#primaryimage","url":"https:\/\/reporteroshoy.mx\/noticias\/wp-content\/uploads\/2021\/06\/Cantineros.jpg","contentUrl":"https:\/\/reporteroshoy.mx\/noticias\/wp-content\/uploads\/2021\/06\/Cantineros.jpg","width":768,"height":432},{"@type":"BreadcrumbList","@id":"https:\/\/reporteroshoy.mx\/noticias\/cantineros-son-escuchados-en-palacio-de-gobierno\/#breadcrumb","itemListElement":[{"@type":"ListItem","position":1,"name":"Portada","item":"https:\/\/reporteroshoy.mx\/noticias\/"},{"@type":"ListItem","position":2,"name":"Cantineros son escuchados en Palacio de Gobierno"}]},{"@type":"WebSite","@id":"https:\/\/reporteroshoy.mx\/noticias\/#website","url":"https:\/\/reporteroshoy.mx\/noticias\/","name":"Reporteros Hoy | Noticias de Yucat\u00e1n","description":"Peri\u00f3dico digital con noticias diarias desde M\u00e9rida, Yucat\u00e1n para el mundo.","potentialAction":[{"@type":"SearchAction","target":{"@type":"EntryPoint","urlTemplate":"https:\/\/reporteroshoy.mx\/noticias\/?s={search_term_string}"},"query-input":{"@type":"PropertyValueSpecification","valueRequired":true,"valueName":"search_term_string"}}],"inLanguage":"es"},{"@type":"Person","@id":"https:\/\/reporteroshoy.mx\/noticias\/#\/schema\/person\/c977527e57c958a62c5cefe8fe47876e","name":"Reporteros Hoy WP","image":{"@type":"ImageObject","inLanguage":"es","@id":"https:\/\/secure.gravatar.com\/avatar\/fd2917f79a7dae30f8ac9ddc2f35e1756bb59e25e01d1cd09deaa64df7b2f73e?s=96&d=mm&r=g","url":"https:\/\/secure.gravatar.com\/avatar\/fd2917f79a7dae30f8ac9ddc2f35e1756bb59e25e01d1cd09deaa64df7b2f73e?s=96&d=mm&r=g","contentUrl":"https:\/\/secure.gravatar.com\/avatar\/fd2917f79a7dae30f8ac9ddc2f35e1756bb59e25e01d1cd09deaa64df7b2f73e?s=96&d=mm&r=g","caption":"Reporteros Hoy WP"},"url":"https:\/\/reporteroshoy.mx\/noticias\/author\/walfer\/"}]}},"_links":{"self":[{"href":"https:\/\/reporteroshoy.mx\/noticias\/wp-json\/wp\/v2\/posts\/65371","targetHints":{"allow":["GET"]}}],"collection":[{"href":"https:\/\/reporteroshoy.mx\/noticias\/wp-json\/wp\/v2\/posts"}],"about":[{"href":"https:\/\/reporteroshoy.mx\/noticias\/wp-json\/wp\/v2\/types\/post"}],"author":[{"embeddable":true,"href":"https:\/\/reporteroshoy.mx\/noticias\/wp-json\/wp\/v2\/users\/9"}],"replies":[{"embeddable":true,"href":"https:\/\/reporteroshoy.mx\/noticias\/wp-json\/wp\/v2\/comments?post=65371"}],"version-history":[{"count":0,"href":"https:\/\/reporteroshoy.mx\/noticias\/wp-json\/wp\/v2\/posts\/65371\/revisions"}],"wp:featuredmedia":[{"embeddable":true,"href":"https:\/\/reporteroshoy.mx\/noticias\/wp-json\/wp\/v2\/media\/65372"}],"wp:attachment":[{"href":"https:\/\/reporteroshoy.mx\/noticias\/wp-json\/wp\/v2\/media?parent=65371"}],"wp:term":[{"taxonomy":"category","embeddable":true,"href":"https:\/\/reporteroshoy.mx\/noticias\/wp-json\/wp\/v2\/categories?post=65371"},{"taxonomy":"post_tag","embeddable":true,"href":"https:\/\/reporteroshoy.mx\/noticias\/wp-json\/wp\/v2\/tags?post=65371"}],"curies":[{"name":"wp","href":"https:\/\/api.w.org\/{rel}","templated":true}]}}