{"id":65622,"date":"2021-06-15T13:07:57","date_gmt":"2021-06-15T18:07:57","guid":{"rendered":"https:\/\/reporteroshoy.mx\/noticias\/?p=65622"},"modified":"2021-06-15T13:07:57","modified_gmt":"2021-06-15T18:07:57","slug":"reconoce-la-amisy-el-triunfo-de-las-mujeres-en-las-pasadas-elecciones","status":"publish","type":"post","link":"https:\/\/reporteroshoy.mx\/noticias\/reconoce-la-amisy-el-triunfo-de-las-mujeres-en-las-pasadas-elecciones\/","title":{"rendered":"Reconoce la Amisy el triunfo de las mujeres en las pasadas elecciones"},"content":{"rendered":"<p dir=\"auto\" style=\"text-align: justify;\">M\u00e9rida, Yucat\u00e1n; 15 de junio de 2021 (ACOM).- Reconocen el avance de la participaci\u00f3n de las mujeres en la ocupaci\u00f3n de cargos p\u00fablicos, tras resultar vencedoras en las pasadas elecciones del 6 de junio.<\/p>\n<p dir=\"auto\" style=\"text-align: justify;\">La Agenda de las Mujeres por la Igualdad Sustantiva de Yucat\u00e1n (Amisy) resalt\u00f3 que, a partir del 1 de septiembre, varios municipios estar\u00e1n siendo gobernados por mujeres, cifra que increment\u00f3 en comparaci\u00f3n con 2018, cuando 29 alcaldesas entraron en funciones.<\/p>\n<p dir=\"auto\" style=\"text-align: justify;\">\u00abEsta vez 32 mujeres alcaldesas ganaron, o sea, que el 30.18% son mujeres alcaldesas que van a gobernar en Yucat\u00e1n. Como podemos ver, es un avance porcentual del 2.88%\u00bb, se\u00f1al\u00f3 Rosal\u00eda L\u00f3pez, miembro de este grupo.<\/p>\n<p dir=\"auto\"><img loading=\"lazy\" decoding=\"async\" class=\"wp-image-65623 aligncenter\" src=\"https:\/\/reporteroshoy.mx\/noticias\/wp-content\/uploads\/2021\/06\/Papel-de-mujeres.jpg\" alt=\"\" width=\"600\" height=\"338\" \/><\/p>\n<p dir=\"auto\" style=\"text-align: justify;\">La agrupaci\u00f3n tambi\u00e9n resalt\u00f3 que 7 alcaldesas resultaron electas para continuar al frente de sus municipios, lo que, seg\u00fan se refiri\u00f3, habla del importante desempe\u00f1o que tuvieron y que gener\u00f3 confianza en sus gobernados.<\/p>\n<p dir=\"auto\" style=\"text-align: justify;\">De igual manera, la cantidad de municipios con mayor poblaci\u00f3n que son gobernados por mujeres tuvo un incremento notable, superando los 4 que actualmente est\u00e1n en dicha condici\u00f3n.<\/p>\n<p dir=\"auto\" style=\"text-align: justify;\">\u00abSer\u00e1n 7 municipios que para esta elecci\u00f3n ser\u00e1n gobernados por mujeres en relaci\u00f3n con 23 municipios que ser\u00e1n gobernados por varones. Aunque pareciera poco, a m\u00ed me parece un avance importante\u00bb, extern\u00f3 Ligia Vera Gamboa, acad\u00e9mica y activista.<\/p>\n<p dir=\"auto\" style=\"text-align: justify;\">Se resalt\u00f3 que 9 mujeres gobernar\u00e1n en municipios que jam\u00e1s habr\u00edan sido regidos por una alcaldesa, lo que redujo la brecha en este tema.<\/p>\n<p dir=\"auto\" style=\"text-align: justify;\">En cuanto al Congreso local, se confirm\u00f3 que, de 25 diputados, 14 ser\u00e1n mujeres, la mayor parte, electa en las urnas por los propios ciudadanos.<\/p>\n<p dir=\"auto\" style=\"text-align: justify;\">\u00abIncrement\u00f3 el n\u00famero de mujeres que fueron electas de manera territorial en sus distritos, que fueron 9, y el n\u00famero de varones que fueron 6. Aqu\u00ed no hay otra forma de interpretar esta gr\u00e1fica es el reconocer el profundo civismo y confianza de los ciudadanos\u00bb, afirm\u00f3 Mar\u00eda Eugenia N\u00fa\u00f1ez Zapata.<\/p>\n<p dir=\"auto\" style=\"text-align: justify;\">La agrupaci\u00f3n resalt\u00f3 que en general, el 9.7% de la poblaci\u00f3n de todo Yucat\u00e1n ser\u00e1 gobernado por una mujer, cifra que tuvo un significativo incremento, pues desde 2018, apenas se alcanza al 6% de la poblaci\u00f3n de todo el Estado.<\/p>\n","protected":false},"excerpt":{"rendered":"<p>La Amisy resalt\u00f3 que el 9.7% de la poblaci\u00f3n de todo Yucat\u00e1n ser\u00e1 gobernado por una mujer, cifra que increment\u00f3.<\/p>\n","protected":false},"author":9,"featured_media":65623,"comment_status":"open","ping_status":"closed","sticky":false,"template":"","format":"standard","meta":{"footnotes":""},"categories":[17],"tags":[15431,9783,761],"class_list":["post-65622","post","type-post","status-publish","format-standard","has-post-thumbnail","hentry","category-yucatan","tag-amisy","tag-elecciones-2021","tag-mujeres"],"yoast_head":"<!-- This site is optimized with the Yoast SEO plugin v28.3 - https:\/\/yoast.com\/product\/yoast-seo-wordpress\/ -->\n<title>Reconoce la Amisy el triunfo de las mujeres en las pasadas elecciones<\/title>\n<meta name=\"description\" content=\"La Amisy resalt\u00f3 que el 9.7% de la poblaci\u00f3n de todo Yucat\u00e1n ser\u00e1 gobernado por una mujer, cifra que increment\u00f3.\" \/>\n<meta name=\"robots\" content=\"index, follow, max-snippet:-1, max-image-preview:large, max-video-preview:-1\" \/>\n<link rel=\"canonical\" href=\"https:\/\/reporteroshoy.mx\/noticias\/reconoce-la-amisy-el-triunfo-de-las-mujeres-en-las-pasadas-elecciones\/\" \/>\n<meta property=\"og:locale\" content=\"es_ES\" \/>\n<meta property=\"og:type\" content=\"article\" \/>\n<meta property=\"og:title\" content=\"Reconoce la Amisy el triunfo de las mujeres en las pasadas elecciones\" \/>\n<meta property=\"og:description\" content=\"La Amisy resalt\u00f3 que el 9.7% de la poblaci\u00f3n de todo Yucat\u00e1n ser\u00e1 gobernado por una mujer, cifra que increment\u00f3.\" \/>\n<meta property=\"og:url\" content=\"https:\/\/reporteroshoy.mx\/noticias\/reconoce-la-amisy-el-triunfo-de-las-mujeres-en-las-pasadas-elecciones\/\" \/>\n<meta property=\"og:site_name\" content=\"Reporteros Hoy | Noticias de Yucat\u00e1n\" \/>\n<meta property=\"article:publisher\" content=\"http:\/\/www.facebook.com\/reporteroshoymx\" \/>\n<meta property=\"article:published_time\" content=\"2021-06-15T18:07:57+00:00\" \/>\n<meta property=\"og:image\" content=\"https:\/\/reporteroshoy.mx\/noticias\/wp-content\/uploads\/2021\/06\/Papel-de-mujeres.jpg\" \/>\n\t<meta property=\"og:image:width\" content=\"768\" \/>\n\t<meta property=\"og:image:height\" content=\"432\" \/>\n\t<meta property=\"og:image:type\" content=\"image\/jpeg\" \/>\n<meta name=\"author\" content=\"Reporteros Hoy WP\" \/>\n<meta name=\"twitter:card\" content=\"summary_large_image\" \/>\n<meta name=\"twitter:creator\" content=\"@reporteroshoy\" \/>\n<meta name=\"twitter:site\" content=\"@reporteroshoy\" \/>\n<meta name=\"twitter:label1\" content=\"Escrito por\" \/>\n\t<meta name=\"twitter:data1\" content=\"Reporteros Hoy WP\" \/>\n\t<meta name=\"twitter:label2\" content=\"Tiempo de lectura\" \/>\n\t<meta name=\"twitter:data2\" content=\"2 minutos\" \/>\n<script type=\"application\/ld+json\" class=\"yoast-schema-graph\">{\"@context\":\"https:\\\/\\\/schema.org\",\"@graph\":[{\"@type\":\"Article\",\"@id\":\"https:\\\/\\\/reporteroshoy.mx\\\/noticias\\\/reconoce-la-amisy-el-triunfo-de-las-mujeres-en-las-pasadas-elecciones\\\/#article\",\"isPartOf\":{\"@id\":\"https:\\\/\\\/reporteroshoy.mx\\\/noticias\\\/reconoce-la-amisy-el-triunfo-de-las-mujeres-en-las-pasadas-elecciones\\\/\"},\"author\":{\"name\":\"Reporteros Hoy WP\",\"@id\":\"https:\\\/\\\/reporteroshoy.mx\\\/noticias\\\/#\\\/schema\\\/person\\\/c977527e57c958a62c5cefe8fe47876e\"},\"headline\":\"Reconoce la Amisy el triunfo de las mujeres en las pasadas elecciones\",\"datePublished\":\"2021-06-15T18:07:57+00:00\",\"mainEntityOfPage\":{\"@id\":\"https:\\\/\\\/reporteroshoy.mx\\\/noticias\\\/reconoce-la-amisy-el-triunfo-de-las-mujeres-en-las-pasadas-elecciones\\\/\"},\"wordCount\":379,\"commentCount\":0,\"image\":{\"@id\":\"https:\\\/\\\/reporteroshoy.mx\\\/noticias\\\/reconoce-la-amisy-el-triunfo-de-las-mujeres-en-las-pasadas-elecciones\\\/#primaryimage\"},\"thumbnailUrl\":\"https:\\\/\\\/reporteroshoy.mx\\\/noticias\\\/wp-content\\\/uploads\\\/2021\\\/06\\\/Papel-de-mujeres.jpg\",\"keywords\":[\"Amisy\",\"Elecciones 2021\",\"mujeres\"],\"articleSection\":[\"Yucat\u00e1n\"],\"inLanguage\":\"es\",\"potentialAction\":[{\"@type\":\"CommentAction\",\"name\":\"Comment\",\"target\":[\"https:\\\/\\\/reporteroshoy.mx\\\/noticias\\\/reconoce-la-amisy-el-triunfo-de-las-mujeres-en-las-pasadas-elecciones\\\/#respond\"]}]},{\"@type\":\"WebPage\",\"@id\":\"https:\\\/\\\/reporteroshoy.mx\\\/noticias\\\/reconoce-la-amisy-el-triunfo-de-las-mujeres-en-las-pasadas-elecciones\\\/\",\"url\":\"https:\\\/\\\/reporteroshoy.mx\\\/noticias\\\/reconoce-la-amisy-el-triunfo-de-las-mujeres-en-las-pasadas-elecciones\\\/\",\"name\":\"Reconoce la Amisy el triunfo de las mujeres en las pasadas elecciones\",\"isPartOf\":{\"@id\":\"https:\\\/\\\/reporteroshoy.mx\\\/noticias\\\/#website\"},\"primaryImageOfPage\":{\"@id\":\"https:\\\/\\\/reporteroshoy.mx\\\/noticias\\\/reconoce-la-amisy-el-triunfo-de-las-mujeres-en-las-pasadas-elecciones\\\/#primaryimage\"},\"image\":{\"@id\":\"https:\\\/\\\/reporteroshoy.mx\\\/noticias\\\/reconoce-la-amisy-el-triunfo-de-las-mujeres-en-las-pasadas-elecciones\\\/#primaryimage\"},\"thumbnailUrl\":\"https:\\\/\\\/reporteroshoy.mx\\\/noticias\\\/wp-content\\\/uploads\\\/2021\\\/06\\\/Papel-de-mujeres.jpg\",\"datePublished\":\"2021-06-15T18:07:57+00:00\",\"author\":{\"@id\":\"https:\\\/\\\/reporteroshoy.mx\\\/noticias\\\/#\\\/schema\\\/person\\\/c977527e57c958a62c5cefe8fe47876e\"},\"description\":\"La Amisy resalt\u00f3 que el 9.7% de la poblaci\u00f3n de todo Yucat\u00e1n ser\u00e1 gobernado por una mujer, cifra que increment\u00f3.\",\"breadcrumb\":{\"@id\":\"https:\\\/\\\/reporteroshoy.mx\\\/noticias\\\/reconoce-la-amisy-el-triunfo-de-las-mujeres-en-las-pasadas-elecciones\\\/#breadcrumb\"},\"inLanguage\":\"es\",\"potentialAction\":[{\"@type\":\"ReadAction\",\"target\":[\"https:\\\/\\\/reporteroshoy.mx\\\/noticias\\\/reconoce-la-amisy-el-triunfo-de-las-mujeres-en-las-pasadas-elecciones\\\/\"]}]},{\"@type\":\"ImageObject\",\"inLanguage\":\"es\",\"@id\":\"https:\\\/\\\/reporteroshoy.mx\\\/noticias\\\/reconoce-la-amisy-el-triunfo-de-las-mujeres-en-las-pasadas-elecciones\\\/#primaryimage\",\"url\":\"https:\\\/\\\/reporteroshoy.mx\\\/noticias\\\/wp-content\\\/uploads\\\/2021\\\/06\\\/Papel-de-mujeres.jpg\",\"contentUrl\":\"https:\\\/\\\/reporteroshoy.mx\\\/noticias\\\/wp-content\\\/uploads\\\/2021\\\/06\\\/Papel-de-mujeres.jpg\",\"width\":768,\"height\":432},{\"@type\":\"BreadcrumbList\",\"@id\":\"https:\\\/\\\/reporteroshoy.mx\\\/noticias\\\/reconoce-la-amisy-el-triunfo-de-las-mujeres-en-las-pasadas-elecciones\\\/#breadcrumb\",\"itemListElement\":[{\"@type\":\"ListItem\",\"position\":1,\"name\":\"Portada\",\"item\":\"https:\\\/\\\/reporteroshoy.mx\\\/noticias\\\/\"},{\"@type\":\"ListItem\",\"position\":2,\"name\":\"Reconoce la Amisy el triunfo de las mujeres en las pasadas elecciones\"}]},{\"@type\":\"WebSite\",\"@id\":\"https:\\\/\\\/reporteroshoy.mx\\\/noticias\\\/#website\",\"url\":\"https:\\\/\\\/reporteroshoy.mx\\\/noticias\\\/\",\"name\":\"Reporteros Hoy | Noticias de Yucat\u00e1n\",\"description\":\"Peri\u00f3dico digital con noticias diarias desde M\u00e9rida, Yucat\u00e1n para el mundo.\",\"potentialAction\":[{\"@type\":\"SearchAction\",\"target\":{\"@type\":\"EntryPoint\",\"urlTemplate\":\"https:\\\/\\\/reporteroshoy.mx\\\/noticias\\\/?s={search_term_string}\"},\"query-input\":{\"@type\":\"PropertyValueSpecification\",\"valueRequired\":true,\"valueName\":\"search_term_string\"}}],\"inLanguage\":\"es\"},{\"@type\":\"Person\",\"@id\":\"https:\\\/\\\/reporteroshoy.mx\\\/noticias\\\/#\\\/schema\\\/person\\\/c977527e57c958a62c5cefe8fe47876e\",\"name\":\"Reporteros Hoy WP\",\"image\":{\"@type\":\"ImageObject\",\"inLanguage\":\"es\",\"@id\":\"https:\\\/\\\/secure.gravatar.com\\\/avatar\\\/fd2917f79a7dae30f8ac9ddc2f35e1756bb59e25e01d1cd09deaa64df7b2f73e?s=96&d=mm&r=g\",\"url\":\"https:\\\/\\\/secure.gravatar.com\\\/avatar\\\/fd2917f79a7dae30f8ac9ddc2f35e1756bb59e25e01d1cd09deaa64df7b2f73e?s=96&d=mm&r=g\",\"contentUrl\":\"https:\\\/\\\/secure.gravatar.com\\\/avatar\\\/fd2917f79a7dae30f8ac9ddc2f35e1756bb59e25e01d1cd09deaa64df7b2f73e?s=96&d=mm&r=g\",\"caption\":\"Reporteros Hoy WP\"},\"url\":\"https:\\\/\\\/reporteroshoy.mx\\\/noticias\\\/author\\\/walfer\\\/\"}]}<\/script>\n<!-- \/ Yoast SEO plugin. -->","yoast_head_json":{"title":"Reconoce la Amisy el triunfo de las mujeres en las pasadas elecciones","description":"La Amisy resalt\u00f3 que el 9.7% de la poblaci\u00f3n de todo Yucat\u00e1n ser\u00e1 gobernado por una mujer, cifra que increment\u00f3.","robots":{"index":"index","follow":"follow","max-snippet":"max-snippet:-1","max-image-preview":"max-image-preview:large","max-video-preview":"max-video-preview:-1"},"canonical":"https:\/\/reporteroshoy.mx\/noticias\/reconoce-la-amisy-el-triunfo-de-las-mujeres-en-las-pasadas-elecciones\/","og_locale":"es_ES","og_type":"article","og_title":"Reconoce la Amisy el triunfo de las mujeres en las pasadas elecciones","og_description":"La Amisy resalt\u00f3 que el 9.7% de la poblaci\u00f3n de todo Yucat\u00e1n ser\u00e1 gobernado por una mujer, cifra que increment\u00f3.","og_url":"https:\/\/reporteroshoy.mx\/noticias\/reconoce-la-amisy-el-triunfo-de-las-mujeres-en-las-pasadas-elecciones\/","og_site_name":"Reporteros Hoy | Noticias de Yucat\u00e1n","article_publisher":"http:\/\/www.facebook.com\/reporteroshoymx","article_published_time":"2021-06-15T18:07:57+00:00","og_image":[{"width":768,"height":432,"url":"https:\/\/reporteroshoy.mx\/noticias\/wp-content\/uploads\/2021\/06\/Papel-de-mujeres.jpg","type":"image\/jpeg"}],"author":"Reporteros Hoy WP","twitter_card":"summary_large_image","twitter_creator":"@reporteroshoy","twitter_site":"@reporteroshoy","twitter_misc":{"Escrito por":"Reporteros Hoy WP","Tiempo de lectura":"2 minutos"},"schema":{"@context":"https:\/\/schema.org","@graph":[{"@type":"Article","@id":"https:\/\/reporteroshoy.mx\/noticias\/reconoce-la-amisy-el-triunfo-de-las-mujeres-en-las-pasadas-elecciones\/#article","isPartOf":{"@id":"https:\/\/reporteroshoy.mx\/noticias\/reconoce-la-amisy-el-triunfo-de-las-mujeres-en-las-pasadas-elecciones\/"},"author":{"name":"Reporteros Hoy WP","@id":"https:\/\/reporteroshoy.mx\/noticias\/#\/schema\/person\/c977527e57c958a62c5cefe8fe47876e"},"headline":"Reconoce la Amisy el triunfo de las mujeres en las pasadas elecciones","datePublished":"2021-06-15T18:07:57+00:00","mainEntityOfPage":{"@id":"https:\/\/reporteroshoy.mx\/noticias\/reconoce-la-amisy-el-triunfo-de-las-mujeres-en-las-pasadas-elecciones\/"},"wordCount":379,"commentCount":0,"image":{"@id":"https:\/\/reporteroshoy.mx\/noticias\/reconoce-la-amisy-el-triunfo-de-las-mujeres-en-las-pasadas-elecciones\/#primaryimage"},"thumbnailUrl":"https:\/\/reporteroshoy.mx\/noticias\/wp-content\/uploads\/2021\/06\/Papel-de-mujeres.jpg","keywords":["Amisy","Elecciones 2021","mujeres"],"articleSection":["Yucat\u00e1n"],"inLanguage":"es","potentialAction":[{"@type":"CommentAction","name":"Comment","target":["https:\/\/reporteroshoy.mx\/noticias\/reconoce-la-amisy-el-triunfo-de-las-mujeres-en-las-pasadas-elecciones\/#respond"]}]},{"@type":"WebPage","@id":"https:\/\/reporteroshoy.mx\/noticias\/reconoce-la-amisy-el-triunfo-de-las-mujeres-en-las-pasadas-elecciones\/","url":"https:\/\/reporteroshoy.mx\/noticias\/reconoce-la-amisy-el-triunfo-de-las-mujeres-en-las-pasadas-elecciones\/","name":"Reconoce la Amisy el triunfo de las mujeres en las pasadas elecciones","isPartOf":{"@id":"https:\/\/reporteroshoy.mx\/noticias\/#website"},"primaryImageOfPage":{"@id":"https:\/\/reporteroshoy.mx\/noticias\/reconoce-la-amisy-el-triunfo-de-las-mujeres-en-las-pasadas-elecciones\/#primaryimage"},"image":{"@id":"https:\/\/reporteroshoy.mx\/noticias\/reconoce-la-amisy-el-triunfo-de-las-mujeres-en-las-pasadas-elecciones\/#primaryimage"},"thumbnailUrl":"https:\/\/reporteroshoy.mx\/noticias\/wp-content\/uploads\/2021\/06\/Papel-de-mujeres.jpg","datePublished":"2021-06-15T18:07:57+00:00","author":{"@id":"https:\/\/reporteroshoy.mx\/noticias\/#\/schema\/person\/c977527e57c958a62c5cefe8fe47876e"},"description":"La Amisy resalt\u00f3 que el 9.7% de la poblaci\u00f3n de todo Yucat\u00e1n ser\u00e1 gobernado por una mujer, cifra que increment\u00f3.","breadcrumb":{"@id":"https:\/\/reporteroshoy.mx\/noticias\/reconoce-la-amisy-el-triunfo-de-las-mujeres-en-las-pasadas-elecciones\/#breadcrumb"},"inLanguage":"es","potentialAction":[{"@type":"ReadAction","target":["https:\/\/reporteroshoy.mx\/noticias\/reconoce-la-amisy-el-triunfo-de-las-mujeres-en-las-pasadas-elecciones\/"]}]},{"@type":"ImageObject","inLanguage":"es","@id":"https:\/\/reporteroshoy.mx\/noticias\/reconoce-la-amisy-el-triunfo-de-las-mujeres-en-las-pasadas-elecciones\/#primaryimage","url":"https:\/\/reporteroshoy.mx\/noticias\/wp-content\/uploads\/2021\/06\/Papel-de-mujeres.jpg","contentUrl":"https:\/\/reporteroshoy.mx\/noticias\/wp-content\/uploads\/2021\/06\/Papel-de-mujeres.jpg","width":768,"height":432},{"@type":"BreadcrumbList","@id":"https:\/\/reporteroshoy.mx\/noticias\/reconoce-la-amisy-el-triunfo-de-las-mujeres-en-las-pasadas-elecciones\/#breadcrumb","itemListElement":[{"@type":"ListItem","position":1,"name":"Portada","item":"https:\/\/reporteroshoy.mx\/noticias\/"},{"@type":"ListItem","position":2,"name":"Reconoce la Amisy el triunfo de las mujeres en las pasadas elecciones"}]},{"@type":"WebSite","@id":"https:\/\/reporteroshoy.mx\/noticias\/#website","url":"https:\/\/reporteroshoy.mx\/noticias\/","name":"Reporteros Hoy | Noticias de Yucat\u00e1n","description":"Peri\u00f3dico digital con noticias diarias desde M\u00e9rida, Yucat\u00e1n para el mundo.","potentialAction":[{"@type":"SearchAction","target":{"@type":"EntryPoint","urlTemplate":"https:\/\/reporteroshoy.mx\/noticias\/?s={search_term_string}"},"query-input":{"@type":"PropertyValueSpecification","valueRequired":true,"valueName":"search_term_string"}}],"inLanguage":"es"},{"@type":"Person","@id":"https:\/\/reporteroshoy.mx\/noticias\/#\/schema\/person\/c977527e57c958a62c5cefe8fe47876e","name":"Reporteros Hoy WP","image":{"@type":"ImageObject","inLanguage":"es","@id":"https:\/\/secure.gravatar.com\/avatar\/fd2917f79a7dae30f8ac9ddc2f35e1756bb59e25e01d1cd09deaa64df7b2f73e?s=96&d=mm&r=g","url":"https:\/\/secure.gravatar.com\/avatar\/fd2917f79a7dae30f8ac9ddc2f35e1756bb59e25e01d1cd09deaa64df7b2f73e?s=96&d=mm&r=g","contentUrl":"https:\/\/secure.gravatar.com\/avatar\/fd2917f79a7dae30f8ac9ddc2f35e1756bb59e25e01d1cd09deaa64df7b2f73e?s=96&d=mm&r=g","caption":"Reporteros Hoy WP"},"url":"https:\/\/reporteroshoy.mx\/noticias\/author\/walfer\/"}]}},"_links":{"self":[{"href":"https:\/\/reporteroshoy.mx\/noticias\/wp-json\/wp\/v2\/posts\/65622","targetHints":{"allow":["GET"]}}],"collection":[{"href":"https:\/\/reporteroshoy.mx\/noticias\/wp-json\/wp\/v2\/posts"}],"about":[{"href":"https:\/\/reporteroshoy.mx\/noticias\/wp-json\/wp\/v2\/types\/post"}],"author":[{"embeddable":true,"href":"https:\/\/reporteroshoy.mx\/noticias\/wp-json\/wp\/v2\/users\/9"}],"replies":[{"embeddable":true,"href":"https:\/\/reporteroshoy.mx\/noticias\/wp-json\/wp\/v2\/comments?post=65622"}],"version-history":[{"count":0,"href":"https:\/\/reporteroshoy.mx\/noticias\/wp-json\/wp\/v2\/posts\/65622\/revisions"}],"wp:featuredmedia":[{"embeddable":true,"href":"https:\/\/reporteroshoy.mx\/noticias\/wp-json\/wp\/v2\/media\/65623"}],"wp:attachment":[{"href":"https:\/\/reporteroshoy.mx\/noticias\/wp-json\/wp\/v2\/media?parent=65622"}],"wp:term":[{"taxonomy":"category","embeddable":true,"href":"https:\/\/reporteroshoy.mx\/noticias\/wp-json\/wp\/v2\/categories?post=65622"},{"taxonomy":"post_tag","embeddable":true,"href":"https:\/\/reporteroshoy.mx\/noticias\/wp-json\/wp\/v2\/tags?post=65622"}],"curies":[{"name":"wp","href":"https:\/\/api.w.org\/{rel}","templated":true}]}}