{"id":65871,"date":"2021-06-18T14:30:31","date_gmt":"2021-06-18T19:30:31","guid":{"rendered":"https:\/\/reporteroshoy.mx\/noticias\/?p=65871"},"modified":"2021-06-18T14:30:31","modified_gmt":"2021-06-18T19:30:31","slug":"propone-la-canirac-reducir-una-hora-la-restriccion-vehicular","status":"publish","type":"post","link":"https:\/\/reporteroshoy.mx\/noticias\/propone-la-canirac-reducir-una-hora-la-restriccion-vehicular\/","title":{"rendered":"Propone la Canirac reducir una hora la restricci\u00f3n vehicular"},"content":{"rendered":"<p dir=\"ltr\" style=\"text-align: justify;\">M\u00e9rida, Yucat\u00e1n; 18 de junio de 2021 (ACOM).- La C\u00e1mara de la Industria Restaurantera y Alimentos Condimentados (Canirac) de Yucat\u00e1n se pronunci\u00f3 a favor de reducir una hora la restricci\u00f3n vehicular, con el fin de evitar las prisas para el cierre de estos comercios.<\/p>\n<p dir=\"ltr\" style=\"text-align: justify;\">La propuesta que hizo un grupo de comerciantes de este ramo al Ejecutivo estatal fue que se aplicara la medida de 12:30 a 05:00.<\/p>\n<p dir=\"ltr\" style=\"text-align: justify;\">Roberto G. Cant\u00f3n Barros, presidente del organismo, inform\u00f3 que esto mejorar\u00e1 el servicio de las unidades, aunado a que estas refrendaron su compromiso con mantener las medidas de salud al interior de los establecimientos.<\/p>\n<div dir=\"ltr\">\n<p dir=\"auto\" style=\"text-align: justify;\">\u00abDe ese modo, podremos servir las cenas sin tanta prisa por cerrar y llegar a casa\u00bb, se\u00f1al\u00f3.<\/p>\n<p dir=\"auto\" style=\"text-align: justify;\">El l\u00edder de este sector tambi\u00e9n refrend\u00f3 el compromiso de los empresarios para continuar con la aplicaci\u00f3n de medidas de salud, principalmente, respetando el aforo del 50% de los establecimientos.<\/p>\n<p dir=\"auto\"><img loading=\"lazy\" decoding=\"async\" class=\"wp-image-65872 aligncenter\" src=\"https:\/\/reporteroshoy.mx\/noticias\/wp-content\/uploads\/2021\/06\/Restriccion-vehicular1.jpg\" alt=\"\" width=\"600\" height=\"338\" \/><\/p>\n<\/div>\n<h4 dir=\"auto\"><strong>Restauranteros descartan aplicaci\u00f3n de medidas extraordinarias<\/strong><\/h4>\n<p dir=\"auto\" style=\"text-align: justify;\">El presidente de la C\u00e1mara Nacional de Comercio (Canaco) de M\u00e9rida, Iv\u00e1n Rodr\u00edguez Gasque, refiri\u00f3 que las disposiciones que las autoridades de salud establecieron, en torno a disminuir el aforo en restaurantes y el regreso de la restricci\u00f3n a la movilidad vehicular, ser\u00e1n las que se mantengan hasta nuevo aviso.<\/p>\n<p dir=\"auto\" style=\"text-align: justify;\">Hace apenas una semana se anunci\u00f3 la reducci\u00f3n en el aforo para los restaurantes, los cuales deber\u00e1n estar a un 50% de su capacidad. Adem\u00e1s de que se retir\u00f3 el permiso de restaurante a los bares y cantinas que funcionaban en esta modalidad, por lo que tuvieron que cerrar.<\/p>\n<p>Pese a esto, los comerciantes insistieron en que se continuar\u00e1 aplicando las medidas de salud necesarias para apoyar en las labores de reducir los contagios de coronavirus.<\/p>\n","protected":false},"excerpt":{"rendered":"<p>Un grupo de comerciantes propuso al Ejecutivo estatal que la restricci\u00f3n vehicular sea de 12:30 a 05:00am.<\/p>\n","protected":false},"author":9,"featured_media":65872,"comment_status":"open","ping_status":"closed","sticky":false,"template":"","format":"standard","meta":{"footnotes":""},"categories":[17],"tags":[324,1512,17542],"class_list":["post-65871","post","type-post","status-publish","format-standard","has-post-thumbnail","hentry","category-yucatan","tag-canirac","tag-restaurantes","tag-restriccion-vehicular"],"yoast_head":"<!-- This site is optimized with the Yoast SEO plugin v28.4 - https:\/\/yoast.com\/product\/yoast-seo-wordpress\/ -->\n<title>Propone la Canirac reducir una hora la restricci\u00f3n vehicular<\/title>\n<meta name=\"description\" content=\"Un grupo de comerciantes propuso al Ejecutivo estatal que la restricci\u00f3n vehicular sea de 12:30 a 05:00am.\" \/>\n<meta name=\"robots\" content=\"index, follow, max-snippet:-1, max-image-preview:large, max-video-preview:-1\" \/>\n<link rel=\"canonical\" href=\"https:\/\/reporteroshoy.mx\/noticias\/propone-la-canirac-reducir-una-hora-la-restriccion-vehicular\/\" \/>\n<meta property=\"og:locale\" content=\"es_ES\" \/>\n<meta property=\"og:type\" content=\"article\" \/>\n<meta property=\"og:title\" content=\"Propone la Canirac reducir una hora la restricci\u00f3n vehicular\" \/>\n<meta property=\"og:description\" content=\"Un grupo de comerciantes propuso al Ejecutivo estatal que la restricci\u00f3n vehicular sea de 12:30 a 05:00am.\" \/>\n<meta property=\"og:url\" content=\"https:\/\/reporteroshoy.mx\/noticias\/propone-la-canirac-reducir-una-hora-la-restriccion-vehicular\/\" \/>\n<meta property=\"og:site_name\" content=\"Reporteros Hoy | Noticias de Yucat\u00e1n\" \/>\n<meta property=\"article:publisher\" content=\"http:\/\/www.facebook.com\/reporteroshoymx\" \/>\n<meta property=\"article:published_time\" content=\"2021-06-18T19:30:31+00:00\" \/>\n<meta property=\"og:image\" content=\"https:\/\/reporteroshoy.mx\/noticias\/wp-content\/uploads\/2021\/06\/Restriccion-vehicular1.jpg\" \/>\n\t<meta property=\"og:image:width\" content=\"768\" \/>\n\t<meta property=\"og:image:height\" content=\"432\" \/>\n\t<meta property=\"og:image:type\" content=\"image\/jpeg\" \/>\n<meta name=\"author\" content=\"Reporteros Hoy WP\" \/>\n<meta name=\"twitter:card\" content=\"summary_large_image\" \/>\n<meta name=\"twitter:creator\" content=\"@reporteroshoy\" \/>\n<meta name=\"twitter:site\" content=\"@reporteroshoy\" \/>\n<meta name=\"twitter:label1\" content=\"Escrito por\" \/>\n\t<meta name=\"twitter:data1\" content=\"Reporteros Hoy WP\" \/>\n\t<meta name=\"twitter:label2\" content=\"Tiempo de lectura\" \/>\n\t<meta name=\"twitter:data2\" content=\"2 minutos\" \/>\n<script type=\"application\/ld+json\" class=\"yoast-schema-graph\">{\"@context\":\"https:\\\/\\\/schema.org\",\"@graph\":[{\"@type\":\"Article\",\"@id\":\"https:\\\/\\\/reporteroshoy.mx\\\/noticias\\\/propone-la-canirac-reducir-una-hora-la-restriccion-vehicular\\\/#article\",\"isPartOf\":{\"@id\":\"https:\\\/\\\/reporteroshoy.mx\\\/noticias\\\/propone-la-canirac-reducir-una-hora-la-restriccion-vehicular\\\/\"},\"author\":{\"name\":\"Reporteros Hoy WP\",\"@id\":\"https:\\\/\\\/reporteroshoy.mx\\\/noticias\\\/#\\\/schema\\\/person\\\/c977527e57c958a62c5cefe8fe47876e\"},\"headline\":\"Propone la Canirac reducir una hora la restricci\u00f3n vehicular\",\"datePublished\":\"2021-06-18T19:30:31+00:00\",\"mainEntityOfPage\":{\"@id\":\"https:\\\/\\\/reporteroshoy.mx\\\/noticias\\\/propone-la-canirac-reducir-una-hora-la-restriccion-vehicular\\\/\"},\"wordCount\":306,\"commentCount\":0,\"image\":{\"@id\":\"https:\\\/\\\/reporteroshoy.mx\\\/noticias\\\/propone-la-canirac-reducir-una-hora-la-restriccion-vehicular\\\/#primaryimage\"},\"thumbnailUrl\":\"https:\\\/\\\/reporteroshoy.mx\\\/noticias\\\/wp-content\\\/uploads\\\/2021\\\/06\\\/Restriccion-vehicular1.jpg\",\"keywords\":[\"CANIRAC\",\"restaurantes\",\"restricci\u00f3n vehicular\"],\"articleSection\":[\"Yucat\u00e1n\"],\"inLanguage\":\"es\",\"potentialAction\":[{\"@type\":\"CommentAction\",\"name\":\"Comment\",\"target\":[\"https:\\\/\\\/reporteroshoy.mx\\\/noticias\\\/propone-la-canirac-reducir-una-hora-la-restriccion-vehicular\\\/#respond\"]}]},{\"@type\":\"WebPage\",\"@id\":\"https:\\\/\\\/reporteroshoy.mx\\\/noticias\\\/propone-la-canirac-reducir-una-hora-la-restriccion-vehicular\\\/\",\"url\":\"https:\\\/\\\/reporteroshoy.mx\\\/noticias\\\/propone-la-canirac-reducir-una-hora-la-restriccion-vehicular\\\/\",\"name\":\"Propone la Canirac reducir una hora la restricci\u00f3n vehicular\",\"isPartOf\":{\"@id\":\"https:\\\/\\\/reporteroshoy.mx\\\/noticias\\\/#website\"},\"primaryImageOfPage\":{\"@id\":\"https:\\\/\\\/reporteroshoy.mx\\\/noticias\\\/propone-la-canirac-reducir-una-hora-la-restriccion-vehicular\\\/#primaryimage\"},\"image\":{\"@id\":\"https:\\\/\\\/reporteroshoy.mx\\\/noticias\\\/propone-la-canirac-reducir-una-hora-la-restriccion-vehicular\\\/#primaryimage\"},\"thumbnailUrl\":\"https:\\\/\\\/reporteroshoy.mx\\\/noticias\\\/wp-content\\\/uploads\\\/2021\\\/06\\\/Restriccion-vehicular1.jpg\",\"datePublished\":\"2021-06-18T19:30:31+00:00\",\"author\":{\"@id\":\"https:\\\/\\\/reporteroshoy.mx\\\/noticias\\\/#\\\/schema\\\/person\\\/c977527e57c958a62c5cefe8fe47876e\"},\"description\":\"Un grupo de comerciantes propuso al Ejecutivo estatal que la restricci\u00f3n vehicular sea de 12:30 a 05:00am.\",\"breadcrumb\":{\"@id\":\"https:\\\/\\\/reporteroshoy.mx\\\/noticias\\\/propone-la-canirac-reducir-una-hora-la-restriccion-vehicular\\\/#breadcrumb\"},\"inLanguage\":\"es\",\"potentialAction\":[{\"@type\":\"ReadAction\",\"target\":[\"https:\\\/\\\/reporteroshoy.mx\\\/noticias\\\/propone-la-canirac-reducir-una-hora-la-restriccion-vehicular\\\/\"]}]},{\"@type\":\"ImageObject\",\"inLanguage\":\"es\",\"@id\":\"https:\\\/\\\/reporteroshoy.mx\\\/noticias\\\/propone-la-canirac-reducir-una-hora-la-restriccion-vehicular\\\/#primaryimage\",\"url\":\"https:\\\/\\\/reporteroshoy.mx\\\/noticias\\\/wp-content\\\/uploads\\\/2021\\\/06\\\/Restriccion-vehicular1.jpg\",\"contentUrl\":\"https:\\\/\\\/reporteroshoy.mx\\\/noticias\\\/wp-content\\\/uploads\\\/2021\\\/06\\\/Restriccion-vehicular1.jpg\",\"width\":768,\"height\":432},{\"@type\":\"BreadcrumbList\",\"@id\":\"https:\\\/\\\/reporteroshoy.mx\\\/noticias\\\/propone-la-canirac-reducir-una-hora-la-restriccion-vehicular\\\/#breadcrumb\",\"itemListElement\":[{\"@type\":\"ListItem\",\"position\":1,\"name\":\"Portada\",\"item\":\"https:\\\/\\\/reporteroshoy.mx\\\/noticias\\\/\"},{\"@type\":\"ListItem\",\"position\":2,\"name\":\"Propone la Canirac reducir una hora la restricci\u00f3n vehicular\"}]},{\"@type\":\"WebSite\",\"@id\":\"https:\\\/\\\/reporteroshoy.mx\\\/noticias\\\/#website\",\"url\":\"https:\\\/\\\/reporteroshoy.mx\\\/noticias\\\/\",\"name\":\"Reporteros Hoy | Noticias de Yucat\u00e1n\",\"description\":\"Peri\u00f3dico digital con noticias diarias desde M\u00e9rida, Yucat\u00e1n para el mundo.\",\"potentialAction\":[{\"@type\":\"SearchAction\",\"target\":{\"@type\":\"EntryPoint\",\"urlTemplate\":\"https:\\\/\\\/reporteroshoy.mx\\\/noticias\\\/?s={search_term_string}\"},\"query-input\":{\"@type\":\"PropertyValueSpecification\",\"valueRequired\":true,\"valueName\":\"search_term_string\"}}],\"inLanguage\":\"es\"},{\"@type\":\"Person\",\"@id\":\"https:\\\/\\\/reporteroshoy.mx\\\/noticias\\\/#\\\/schema\\\/person\\\/c977527e57c958a62c5cefe8fe47876e\",\"name\":\"Reporteros Hoy WP\",\"image\":{\"@type\":\"ImageObject\",\"inLanguage\":\"es\",\"@id\":\"https:\\\/\\\/secure.gravatar.com\\\/avatar\\\/fd2917f79a7dae30f8ac9ddc2f35e1756bb59e25e01d1cd09deaa64df7b2f73e?s=96&d=mm&r=g\",\"url\":\"https:\\\/\\\/secure.gravatar.com\\\/avatar\\\/fd2917f79a7dae30f8ac9ddc2f35e1756bb59e25e01d1cd09deaa64df7b2f73e?s=96&d=mm&r=g\",\"contentUrl\":\"https:\\\/\\\/secure.gravatar.com\\\/avatar\\\/fd2917f79a7dae30f8ac9ddc2f35e1756bb59e25e01d1cd09deaa64df7b2f73e?s=96&d=mm&r=g\",\"caption\":\"Reporteros Hoy WP\"},\"url\":\"https:\\\/\\\/reporteroshoy.mx\\\/noticias\\\/author\\\/walfer\\\/\"}]}<\/script>\n<!-- \/ Yoast SEO plugin. -->","yoast_head_json":{"title":"Propone la Canirac reducir una hora la restricci\u00f3n vehicular","description":"Un grupo de comerciantes propuso al Ejecutivo estatal que la restricci\u00f3n vehicular sea de 12:30 a 05:00am.","robots":{"index":"index","follow":"follow","max-snippet":"max-snippet:-1","max-image-preview":"max-image-preview:large","max-video-preview":"max-video-preview:-1"},"canonical":"https:\/\/reporteroshoy.mx\/noticias\/propone-la-canirac-reducir-una-hora-la-restriccion-vehicular\/","og_locale":"es_ES","og_type":"article","og_title":"Propone la Canirac reducir una hora la restricci\u00f3n vehicular","og_description":"Un grupo de comerciantes propuso al Ejecutivo estatal que la restricci\u00f3n vehicular sea de 12:30 a 05:00am.","og_url":"https:\/\/reporteroshoy.mx\/noticias\/propone-la-canirac-reducir-una-hora-la-restriccion-vehicular\/","og_site_name":"Reporteros Hoy | Noticias de Yucat\u00e1n","article_publisher":"http:\/\/www.facebook.com\/reporteroshoymx","article_published_time":"2021-06-18T19:30:31+00:00","og_image":[{"width":768,"height":432,"url":"https:\/\/reporteroshoy.mx\/noticias\/wp-content\/uploads\/2021\/06\/Restriccion-vehicular1.jpg","type":"image\/jpeg"}],"author":"Reporteros Hoy WP","twitter_card":"summary_large_image","twitter_creator":"@reporteroshoy","twitter_site":"@reporteroshoy","twitter_misc":{"Escrito por":"Reporteros Hoy WP","Tiempo de lectura":"2 minutos"},"schema":{"@context":"https:\/\/schema.org","@graph":[{"@type":"Article","@id":"https:\/\/reporteroshoy.mx\/noticias\/propone-la-canirac-reducir-una-hora-la-restriccion-vehicular\/#article","isPartOf":{"@id":"https:\/\/reporteroshoy.mx\/noticias\/propone-la-canirac-reducir-una-hora-la-restriccion-vehicular\/"},"author":{"name":"Reporteros Hoy WP","@id":"https:\/\/reporteroshoy.mx\/noticias\/#\/schema\/person\/c977527e57c958a62c5cefe8fe47876e"},"headline":"Propone la Canirac reducir una hora la restricci\u00f3n vehicular","datePublished":"2021-06-18T19:30:31+00:00","mainEntityOfPage":{"@id":"https:\/\/reporteroshoy.mx\/noticias\/propone-la-canirac-reducir-una-hora-la-restriccion-vehicular\/"},"wordCount":306,"commentCount":0,"image":{"@id":"https:\/\/reporteroshoy.mx\/noticias\/propone-la-canirac-reducir-una-hora-la-restriccion-vehicular\/#primaryimage"},"thumbnailUrl":"https:\/\/reporteroshoy.mx\/noticias\/wp-content\/uploads\/2021\/06\/Restriccion-vehicular1.jpg","keywords":["CANIRAC","restaurantes","restricci\u00f3n vehicular"],"articleSection":["Yucat\u00e1n"],"inLanguage":"es","potentialAction":[{"@type":"CommentAction","name":"Comment","target":["https:\/\/reporteroshoy.mx\/noticias\/propone-la-canirac-reducir-una-hora-la-restriccion-vehicular\/#respond"]}]},{"@type":"WebPage","@id":"https:\/\/reporteroshoy.mx\/noticias\/propone-la-canirac-reducir-una-hora-la-restriccion-vehicular\/","url":"https:\/\/reporteroshoy.mx\/noticias\/propone-la-canirac-reducir-una-hora-la-restriccion-vehicular\/","name":"Propone la Canirac reducir una hora la restricci\u00f3n vehicular","isPartOf":{"@id":"https:\/\/reporteroshoy.mx\/noticias\/#website"},"primaryImageOfPage":{"@id":"https:\/\/reporteroshoy.mx\/noticias\/propone-la-canirac-reducir-una-hora-la-restriccion-vehicular\/#primaryimage"},"image":{"@id":"https:\/\/reporteroshoy.mx\/noticias\/propone-la-canirac-reducir-una-hora-la-restriccion-vehicular\/#primaryimage"},"thumbnailUrl":"https:\/\/reporteroshoy.mx\/noticias\/wp-content\/uploads\/2021\/06\/Restriccion-vehicular1.jpg","datePublished":"2021-06-18T19:30:31+00:00","author":{"@id":"https:\/\/reporteroshoy.mx\/noticias\/#\/schema\/person\/c977527e57c958a62c5cefe8fe47876e"},"description":"Un grupo de comerciantes propuso al Ejecutivo estatal que la restricci\u00f3n vehicular sea de 12:30 a 05:00am.","breadcrumb":{"@id":"https:\/\/reporteroshoy.mx\/noticias\/propone-la-canirac-reducir-una-hora-la-restriccion-vehicular\/#breadcrumb"},"inLanguage":"es","potentialAction":[{"@type":"ReadAction","target":["https:\/\/reporteroshoy.mx\/noticias\/propone-la-canirac-reducir-una-hora-la-restriccion-vehicular\/"]}]},{"@type":"ImageObject","inLanguage":"es","@id":"https:\/\/reporteroshoy.mx\/noticias\/propone-la-canirac-reducir-una-hora-la-restriccion-vehicular\/#primaryimage","url":"https:\/\/reporteroshoy.mx\/noticias\/wp-content\/uploads\/2021\/06\/Restriccion-vehicular1.jpg","contentUrl":"https:\/\/reporteroshoy.mx\/noticias\/wp-content\/uploads\/2021\/06\/Restriccion-vehicular1.jpg","width":768,"height":432},{"@type":"BreadcrumbList","@id":"https:\/\/reporteroshoy.mx\/noticias\/propone-la-canirac-reducir-una-hora-la-restriccion-vehicular\/#breadcrumb","itemListElement":[{"@type":"ListItem","position":1,"name":"Portada","item":"https:\/\/reporteroshoy.mx\/noticias\/"},{"@type":"ListItem","position":2,"name":"Propone la Canirac reducir una hora la restricci\u00f3n vehicular"}]},{"@type":"WebSite","@id":"https:\/\/reporteroshoy.mx\/noticias\/#website","url":"https:\/\/reporteroshoy.mx\/noticias\/","name":"Reporteros Hoy | Noticias de Yucat\u00e1n","description":"Peri\u00f3dico digital con noticias diarias desde M\u00e9rida, Yucat\u00e1n para el mundo.","potentialAction":[{"@type":"SearchAction","target":{"@type":"EntryPoint","urlTemplate":"https:\/\/reporteroshoy.mx\/noticias\/?s={search_term_string}"},"query-input":{"@type":"PropertyValueSpecification","valueRequired":true,"valueName":"search_term_string"}}],"inLanguage":"es"},{"@type":"Person","@id":"https:\/\/reporteroshoy.mx\/noticias\/#\/schema\/person\/c977527e57c958a62c5cefe8fe47876e","name":"Reporteros Hoy WP","image":{"@type":"ImageObject","inLanguage":"es","@id":"https:\/\/secure.gravatar.com\/avatar\/fd2917f79a7dae30f8ac9ddc2f35e1756bb59e25e01d1cd09deaa64df7b2f73e?s=96&d=mm&r=g","url":"https:\/\/secure.gravatar.com\/avatar\/fd2917f79a7dae30f8ac9ddc2f35e1756bb59e25e01d1cd09deaa64df7b2f73e?s=96&d=mm&r=g","contentUrl":"https:\/\/secure.gravatar.com\/avatar\/fd2917f79a7dae30f8ac9ddc2f35e1756bb59e25e01d1cd09deaa64df7b2f73e?s=96&d=mm&r=g","caption":"Reporteros Hoy WP"},"url":"https:\/\/reporteroshoy.mx\/noticias\/author\/walfer\/"}]}},"_links":{"self":[{"href":"https:\/\/reporteroshoy.mx\/noticias\/wp-json\/wp\/v2\/posts\/65871","targetHints":{"allow":["GET"]}}],"collection":[{"href":"https:\/\/reporteroshoy.mx\/noticias\/wp-json\/wp\/v2\/posts"}],"about":[{"href":"https:\/\/reporteroshoy.mx\/noticias\/wp-json\/wp\/v2\/types\/post"}],"author":[{"embeddable":true,"href":"https:\/\/reporteroshoy.mx\/noticias\/wp-json\/wp\/v2\/users\/9"}],"replies":[{"embeddable":true,"href":"https:\/\/reporteroshoy.mx\/noticias\/wp-json\/wp\/v2\/comments?post=65871"}],"version-history":[{"count":0,"href":"https:\/\/reporteroshoy.mx\/noticias\/wp-json\/wp\/v2\/posts\/65871\/revisions"}],"wp:featuredmedia":[{"embeddable":true,"href":"https:\/\/reporteroshoy.mx\/noticias\/wp-json\/wp\/v2\/media\/65872"}],"wp:attachment":[{"href":"https:\/\/reporteroshoy.mx\/noticias\/wp-json\/wp\/v2\/media?parent=65871"}],"wp:term":[{"taxonomy":"category","embeddable":true,"href":"https:\/\/reporteroshoy.mx\/noticias\/wp-json\/wp\/v2\/categories?post=65871"},{"taxonomy":"post_tag","embeddable":true,"href":"https:\/\/reporteroshoy.mx\/noticias\/wp-json\/wp\/v2\/tags?post=65871"}],"curies":[{"name":"wp","href":"https:\/\/api.w.org\/{rel}","templated":true}]}}