{"id":66067,"date":"2021-06-22T11:31:44","date_gmt":"2021-06-22T16:31:44","guid":{"rendered":"https:\/\/reporteroshoy.mx\/noticias\/?p=66067"},"modified":"2021-06-22T11:31:44","modified_gmt":"2021-06-22T16:31:44","slug":"uefa-rechaza-uso-de-colores-de-la-bandera-lgbt","status":"publish","type":"post","link":"https:\/\/reporteroshoy.mx\/noticias\/uefa-rechaza-uso-de-colores-de-la-bandera-lgbt\/","title":{"rendered":"UEFA rechaza uso de colores de la bandera LGBT"},"content":{"rendered":"<p style=\"text-align: justify;\">Alemania; 22 de junio de 2021 (AFP).- La UEFA\u00a0rechaz\u00f3 el proyecto de la ciudad de\u00a0M\u00fanich\u00a0de\u00a0iluminar su estadio con los colores arco\u00edris\u00a0de la comunidad\u00a0LGBT\u00a0para el partido\u00a0Alemania-Hungr\u00eda, en se\u00f1al de protesta contra una ley aprobada en Hungr\u00eda.<\/p>\n<p style=\"text-align: justify;\">\u00abSeg\u00fan sus estatutos, la\u00a0UEFA\u00a0es una organizaci\u00f3n pol\u00edticamente y religiosamente neutra\u00bb, explic\u00f3 la confederaci\u00f3n europea. \u00abDado el contexto pol\u00edtico de esta petici\u00f3n -un mensaje sobre una decisi\u00f3n tomada por el Parlamento nacional h\u00fangaro-,\u00a0la\u00a0UEFA\u00a0debe rechazar esa petici\u00f3n\u00bb, a\u00f1adi\u00f3.<\/p>\n<p style=\"text-align: justify;\">La instancia europea, que afirma \u00abcomprender que la intenci\u00f3n es asimismo enviar un mensaje para promover la diversidad y la inclusi\u00f3n\u00bb, acepta sin embargo la idea y propone unas fechas alternativas para la iluminaci\u00f3n del estadio con los colores arco\u00edris: \u00abSea el 28 de junio\u00a0-el Christopher Street\u00a0Liberation\u00a0Day (el d\u00eda del &#8216;Orgullo&#8217;)- sea entre el 3 y el 9 de julio, que corresponde a la semana del Christopher Street Day en M\u00fanich\u00bb, precisa la\u00a0UEFA.<\/p>\n<p style=\"text-align: justify;\">Organizadora de la\u00a0Eurocopa, la\u00a0UEFA\u00a0recuerda adem\u00e1s que lleva a cabo desde hace mucho tiempo campa\u00f1as en favor de la diversidad y de la igualdad en el futbol.<\/p>\n<p style=\"text-align: justify;\">\u00abEl racismo, la homofobia, el sexismo y toda forma de discriminaci\u00f3n, son una tara de nuestras sociedades, y representan uno de los mayores problemas del deporte en la actualidad. Comportamientos discriminatorios han manchado a la vez partidos, y fuera de los estadios, el discurso en internet en torno al deporte que amamos\u00bb, declar\u00f3 la instancia, que el domingo anunci\u00f3 la\u00a0apertura de una investigaci\u00f3n por una pancarta hom\u00f3foba desplegada en Budapest\u00a0durante el Hungr\u00eda-Portugal (0-3) la semana pasada.<\/p>\n<p style=\"text-align: justify;\">El lunes, la Federaci\u00f3n alemana de futbol se mostr\u00f3 de acuerdo para que el estadio de M\u00fanich fuese iluminado con los colores arco\u00edris durante la Eurocopa, pero no necesariamente el d\u00eda del partido contra Hungr\u00eda.<\/p>\n<p style=\"text-align: justify;\">La idea proced\u00eda del ayuntamiento de M\u00fanich, para enviar \u00abun signo visible de solidaridad con la comunidad LGBTI de Hungr\u00eda\u00bb.<\/p>\n<p style=\"text-align: justify;\">M\u00fanich a\u00f1adi\u00f3 as\u00ed su voz a los que, en Europa, condenan la pol\u00edtica del Primer ministro\u00a0Viktor Orban, considerada discriminatoria contra las minor\u00edas sexuales.<\/p>\n<p style=\"text-align: justify;\">Adem\u00e1s, la Federaci\u00f3n alemana confirm\u00f3 el lunes que la\u00a0UEFA\u00a0dio luz verde a que el capit\u00e1n\u00a0Manuel Neuer\u00a0portase un brazalete arco\u00edris.<\/p>\n<p style=\"text-align: justify;\">La instancia europea hizo saber que no ve\u00eda raz\u00f3n para sancionar a Alemania \u00abconsiderando que ese gesto promueve una buena causa\u00bb.<\/p>\n<p style=\"text-align: justify;\">Neuer porta ese brazalete \u00aben signo de adhesi\u00f3n de toda la Mannschaft a los valores de diversidad, apertura, tolerancia, contra el odio y las discriminaciones\u00bb, precis\u00f3 el portavoz de la &#8216;Mannschaft&#8217;.<\/p>\n<p><img loading=\"lazy\" decoding=\"async\" class=\"wp-image-66068 aligncenter\" src=\"https:\/\/reporteroshoy.mx\/noticias\/wp-content\/uploads\/2021\/06\/Allianz-Arena.jpg\" alt=\"\" width=\"600\" height=\"338\" \/><\/p>\n<h4 style=\"text-align: justify;\"><strong>FRANCIA \u00abLAMENTA\u00bb EL RECHAZO DE UEFA<\/strong><\/h4>\n<p style=\"text-align: justify;\">El secretario de Estado franc\u00e9s de Asuntos europeos,\u00a0Cl\u00e9ment Beaune, \u00ablament\u00f3\u00bb\u00a0la negativa de la UEFA a la petici\u00f3n de iluminar el estadio de M\u00fanich con los colores arco\u00edris de la comunidad LGTB para el partido de la Eurocopa Alemania-Hungr\u00eda del mi\u00e9rcoles.<\/p>\n<p style=\"text-align: justify;\">\u00abLamento esta decisi\u00f3n, creo que hab\u00eda sido un s\u00edmbolo muy fuerte\u00bb, declar\u00f3. \u00abEs algo m\u00e1s que un mensaje pol\u00edtico, es un mensaje de valores profundos\u00bb, consider\u00f3 a su llegada a una reuni\u00f3n con sus hom\u00f3logos europeos en Luxemburgo.<\/p>\n<p style=\"text-align: justify;\">Beaune mostr\u00f3 \u00abla fuerte preocupaci\u00f3n francesa\u00bb sobre la ley recientemente aprobada en Hungr\u00eda que proh\u00edbe la \u00abpromoci\u00f3n\u00bb de la homosexualidad ante menores.<\/p>\n<h4 style=\"text-align: justify;\"><strong>HUNGR\u00cdA SALUDA LA \u00abBUENA DECISI\u00d3N\u00bb DE UEFA<\/strong><\/h4>\n<p style=\"text-align: justify;\">El gobierno h\u00fangaro salud\u00f3\u00a0\u00abuna buena decisi\u00f3n\u00bb despu\u00e9s del rechazo de la\u00a0UEFA\u00a0a autorizar la iluminaci\u00f3n del estadio de M\u00fanich con los colores arco\u00edris de la comunidad LGTB para el partido de la Eurocopa Alemania-Hungr\u00eda.<\/p>\n<p style=\"text-align: justify;\">\u00abGracias a Dios, los dirigentes del futbol europeo han dado prueba de sentido com\u00fan (&#8230;) no participando en lo que habr\u00eda sido una provocaci\u00f3n a Hungr\u00eda\u00bb, reaccion\u00f3 el ministro de Asuntos Exteriores,\u00a0Peter Szijjarto, en el marco de una reuni\u00f3n con sus hom\u00f3logos europeos en Luxemburgo, seg\u00fan palabras transmitidas\u00a0por su ministerio.<\/p>\n<p style=\"text-align: justify;\">La v\u00edspera, hab\u00eda considerado \u00abpeligroso mezclar deporte y pol\u00edtica\u00bb.<\/p>\n","protected":false},"excerpt":{"rendered":"<p>La ciudad de M\u00fanich pretend\u00eda iluminar su estadio con los colores del arco\u00edris en el partido entre Alemania y Hungr\u00eda. <\/p>\n","protected":false},"author":9,"featured_media":66068,"comment_status":"open","ping_status":"closed","sticky":false,"template":"","format":"standard","meta":{"footnotes":""},"categories":[4],"tags":[18056,2298,6471],"class_list":["post-66067","post","type-post","status-publish","format-standard","has-post-thumbnail","hentry","category-deportes","tag-bandera-gay","tag-lgbt","tag-uefa"],"yoast_head":"<!-- This site is optimized with the Yoast SEO plugin v28.3 - https:\/\/yoast.com\/product\/yoast-seo-wordpress\/ -->\n<title>UEFA rechaza uso de colores de la bandera LGBT<\/title>\n<meta name=\"description\" content=\"La ciudad de M\u00fanich pretend\u00eda iluminar su estadio con los colores del arco\u00edris en el partido entre Alemania y Hungr\u00eda.\" \/>\n<meta name=\"robots\" content=\"index, follow, max-snippet:-1, max-image-preview:large, max-video-preview:-1\" \/>\n<link rel=\"canonical\" href=\"https:\/\/reporteroshoy.mx\/noticias\/uefa-rechaza-uso-de-colores-de-la-bandera-lgbt\/\" \/>\n<meta property=\"og:locale\" content=\"es_ES\" \/>\n<meta property=\"og:type\" content=\"article\" \/>\n<meta property=\"og:title\" content=\"UEFA rechaza uso de colores de la bandera LGBT\" \/>\n<meta property=\"og:description\" content=\"La ciudad de M\u00fanich pretend\u00eda iluminar su estadio con los colores del arco\u00edris en el partido entre Alemania y Hungr\u00eda.\" \/>\n<meta property=\"og:url\" content=\"https:\/\/reporteroshoy.mx\/noticias\/uefa-rechaza-uso-de-colores-de-la-bandera-lgbt\/\" \/>\n<meta property=\"og:site_name\" content=\"Reporteros Hoy | Noticias de Yucat\u00e1n\" \/>\n<meta property=\"article:publisher\" content=\"http:\/\/www.facebook.com\/reporteroshoymx\" \/>\n<meta property=\"article:published_time\" content=\"2021-06-22T16:31:44+00:00\" \/>\n<meta property=\"og:image\" content=\"https:\/\/reporteroshoy.mx\/noticias\/wp-content\/uploads\/2021\/06\/Allianz-Arena.jpg\" \/>\n\t<meta property=\"og:image:width\" content=\"768\" \/>\n\t<meta property=\"og:image:height\" content=\"432\" \/>\n\t<meta property=\"og:image:type\" content=\"image\/jpeg\" \/>\n<meta name=\"author\" content=\"Reporteros Hoy WP\" \/>\n<meta name=\"twitter:card\" content=\"summary_large_image\" \/>\n<meta name=\"twitter:creator\" content=\"@reporteroshoy\" \/>\n<meta name=\"twitter:site\" content=\"@reporteroshoy\" \/>\n<meta name=\"twitter:label1\" content=\"Escrito por\" \/>\n\t<meta name=\"twitter:data1\" content=\"Reporteros Hoy WP\" \/>\n\t<meta name=\"twitter:label2\" content=\"Tiempo de lectura\" \/>\n\t<meta name=\"twitter:data2\" content=\"3 minutos\" \/>\n<script type=\"application\/ld+json\" class=\"yoast-schema-graph\">{\"@context\":\"https:\\\/\\\/schema.org\",\"@graph\":[{\"@type\":\"Article\",\"@id\":\"https:\\\/\\\/reporteroshoy.mx\\\/noticias\\\/uefa-rechaza-uso-de-colores-de-la-bandera-lgbt\\\/#article\",\"isPartOf\":{\"@id\":\"https:\\\/\\\/reporteroshoy.mx\\\/noticias\\\/uefa-rechaza-uso-de-colores-de-la-bandera-lgbt\\\/\"},\"author\":{\"name\":\"Reporteros Hoy WP\",\"@id\":\"https:\\\/\\\/reporteroshoy.mx\\\/noticias\\\/#\\\/schema\\\/person\\\/c977527e57c958a62c5cefe8fe47876e\"},\"headline\":\"UEFA rechaza uso de colores de la bandera LGBT\",\"datePublished\":\"2021-06-22T16:31:44+00:00\",\"mainEntityOfPage\":{\"@id\":\"https:\\\/\\\/reporteroshoy.mx\\\/noticias\\\/uefa-rechaza-uso-de-colores-de-la-bandera-lgbt\\\/\"},\"wordCount\":722,\"commentCount\":0,\"image\":{\"@id\":\"https:\\\/\\\/reporteroshoy.mx\\\/noticias\\\/uefa-rechaza-uso-de-colores-de-la-bandera-lgbt\\\/#primaryimage\"},\"thumbnailUrl\":\"https:\\\/\\\/reporteroshoy.mx\\\/noticias\\\/wp-content\\\/uploads\\\/2021\\\/06\\\/Allianz-Arena.jpg\",\"keywords\":[\"Bandera gay\",\"LGBT\",\"UEFA\"],\"articleSection\":[\"Deportes\"],\"inLanguage\":\"es\",\"potentialAction\":[{\"@type\":\"CommentAction\",\"name\":\"Comment\",\"target\":[\"https:\\\/\\\/reporteroshoy.mx\\\/noticias\\\/uefa-rechaza-uso-de-colores-de-la-bandera-lgbt\\\/#respond\"]}]},{\"@type\":\"WebPage\",\"@id\":\"https:\\\/\\\/reporteroshoy.mx\\\/noticias\\\/uefa-rechaza-uso-de-colores-de-la-bandera-lgbt\\\/\",\"url\":\"https:\\\/\\\/reporteroshoy.mx\\\/noticias\\\/uefa-rechaza-uso-de-colores-de-la-bandera-lgbt\\\/\",\"name\":\"UEFA rechaza uso de colores de la bandera LGBT\",\"isPartOf\":{\"@id\":\"https:\\\/\\\/reporteroshoy.mx\\\/noticias\\\/#website\"},\"primaryImageOfPage\":{\"@id\":\"https:\\\/\\\/reporteroshoy.mx\\\/noticias\\\/uefa-rechaza-uso-de-colores-de-la-bandera-lgbt\\\/#primaryimage\"},\"image\":{\"@id\":\"https:\\\/\\\/reporteroshoy.mx\\\/noticias\\\/uefa-rechaza-uso-de-colores-de-la-bandera-lgbt\\\/#primaryimage\"},\"thumbnailUrl\":\"https:\\\/\\\/reporteroshoy.mx\\\/noticias\\\/wp-content\\\/uploads\\\/2021\\\/06\\\/Allianz-Arena.jpg\",\"datePublished\":\"2021-06-22T16:31:44+00:00\",\"author\":{\"@id\":\"https:\\\/\\\/reporteroshoy.mx\\\/noticias\\\/#\\\/schema\\\/person\\\/c977527e57c958a62c5cefe8fe47876e\"},\"description\":\"La ciudad de M\u00fanich pretend\u00eda iluminar su estadio con los colores del arco\u00edris en el partido entre Alemania y Hungr\u00eda.\",\"breadcrumb\":{\"@id\":\"https:\\\/\\\/reporteroshoy.mx\\\/noticias\\\/uefa-rechaza-uso-de-colores-de-la-bandera-lgbt\\\/#breadcrumb\"},\"inLanguage\":\"es\",\"potentialAction\":[{\"@type\":\"ReadAction\",\"target\":[\"https:\\\/\\\/reporteroshoy.mx\\\/noticias\\\/uefa-rechaza-uso-de-colores-de-la-bandera-lgbt\\\/\"]}]},{\"@type\":\"ImageObject\",\"inLanguage\":\"es\",\"@id\":\"https:\\\/\\\/reporteroshoy.mx\\\/noticias\\\/uefa-rechaza-uso-de-colores-de-la-bandera-lgbt\\\/#primaryimage\",\"url\":\"https:\\\/\\\/reporteroshoy.mx\\\/noticias\\\/wp-content\\\/uploads\\\/2021\\\/06\\\/Allianz-Arena.jpg\",\"contentUrl\":\"https:\\\/\\\/reporteroshoy.mx\\\/noticias\\\/wp-content\\\/uploads\\\/2021\\\/06\\\/Allianz-Arena.jpg\",\"width\":768,\"height\":432},{\"@type\":\"BreadcrumbList\",\"@id\":\"https:\\\/\\\/reporteroshoy.mx\\\/noticias\\\/uefa-rechaza-uso-de-colores-de-la-bandera-lgbt\\\/#breadcrumb\",\"itemListElement\":[{\"@type\":\"ListItem\",\"position\":1,\"name\":\"Portada\",\"item\":\"https:\\\/\\\/reporteroshoy.mx\\\/noticias\\\/\"},{\"@type\":\"ListItem\",\"position\":2,\"name\":\"UEFA rechaza uso de colores de la bandera LGBT\"}]},{\"@type\":\"WebSite\",\"@id\":\"https:\\\/\\\/reporteroshoy.mx\\\/noticias\\\/#website\",\"url\":\"https:\\\/\\\/reporteroshoy.mx\\\/noticias\\\/\",\"name\":\"Reporteros Hoy | Noticias de Yucat\u00e1n\",\"description\":\"Peri\u00f3dico digital con noticias diarias desde M\u00e9rida, Yucat\u00e1n para el mundo.\",\"potentialAction\":[{\"@type\":\"SearchAction\",\"target\":{\"@type\":\"EntryPoint\",\"urlTemplate\":\"https:\\\/\\\/reporteroshoy.mx\\\/noticias\\\/?s={search_term_string}\"},\"query-input\":{\"@type\":\"PropertyValueSpecification\",\"valueRequired\":true,\"valueName\":\"search_term_string\"}}],\"inLanguage\":\"es\"},{\"@type\":\"Person\",\"@id\":\"https:\\\/\\\/reporteroshoy.mx\\\/noticias\\\/#\\\/schema\\\/person\\\/c977527e57c958a62c5cefe8fe47876e\",\"name\":\"Reporteros Hoy WP\",\"image\":{\"@type\":\"ImageObject\",\"inLanguage\":\"es\",\"@id\":\"https:\\\/\\\/secure.gravatar.com\\\/avatar\\\/fd2917f79a7dae30f8ac9ddc2f35e1756bb59e25e01d1cd09deaa64df7b2f73e?s=96&d=mm&r=g\",\"url\":\"https:\\\/\\\/secure.gravatar.com\\\/avatar\\\/fd2917f79a7dae30f8ac9ddc2f35e1756bb59e25e01d1cd09deaa64df7b2f73e?s=96&d=mm&r=g\",\"contentUrl\":\"https:\\\/\\\/secure.gravatar.com\\\/avatar\\\/fd2917f79a7dae30f8ac9ddc2f35e1756bb59e25e01d1cd09deaa64df7b2f73e?s=96&d=mm&r=g\",\"caption\":\"Reporteros Hoy WP\"},\"url\":\"https:\\\/\\\/reporteroshoy.mx\\\/noticias\\\/author\\\/walfer\\\/\"}]}<\/script>\n<!-- \/ Yoast SEO plugin. -->","yoast_head_json":{"title":"UEFA rechaza uso de colores de la bandera LGBT","description":"La ciudad de M\u00fanich pretend\u00eda iluminar su estadio con los colores del arco\u00edris en el partido entre Alemania y Hungr\u00eda.","robots":{"index":"index","follow":"follow","max-snippet":"max-snippet:-1","max-image-preview":"max-image-preview:large","max-video-preview":"max-video-preview:-1"},"canonical":"https:\/\/reporteroshoy.mx\/noticias\/uefa-rechaza-uso-de-colores-de-la-bandera-lgbt\/","og_locale":"es_ES","og_type":"article","og_title":"UEFA rechaza uso de colores de la bandera LGBT","og_description":"La ciudad de M\u00fanich pretend\u00eda iluminar su estadio con los colores del arco\u00edris en el partido entre Alemania y Hungr\u00eda.","og_url":"https:\/\/reporteroshoy.mx\/noticias\/uefa-rechaza-uso-de-colores-de-la-bandera-lgbt\/","og_site_name":"Reporteros Hoy | Noticias de Yucat\u00e1n","article_publisher":"http:\/\/www.facebook.com\/reporteroshoymx","article_published_time":"2021-06-22T16:31:44+00:00","og_image":[{"width":768,"height":432,"url":"https:\/\/reporteroshoy.mx\/noticias\/wp-content\/uploads\/2021\/06\/Allianz-Arena.jpg","type":"image\/jpeg"}],"author":"Reporteros Hoy WP","twitter_card":"summary_large_image","twitter_creator":"@reporteroshoy","twitter_site":"@reporteroshoy","twitter_misc":{"Escrito por":"Reporteros Hoy WP","Tiempo de lectura":"3 minutos"},"schema":{"@context":"https:\/\/schema.org","@graph":[{"@type":"Article","@id":"https:\/\/reporteroshoy.mx\/noticias\/uefa-rechaza-uso-de-colores-de-la-bandera-lgbt\/#article","isPartOf":{"@id":"https:\/\/reporteroshoy.mx\/noticias\/uefa-rechaza-uso-de-colores-de-la-bandera-lgbt\/"},"author":{"name":"Reporteros Hoy WP","@id":"https:\/\/reporteroshoy.mx\/noticias\/#\/schema\/person\/c977527e57c958a62c5cefe8fe47876e"},"headline":"UEFA rechaza uso de colores de la bandera LGBT","datePublished":"2021-06-22T16:31:44+00:00","mainEntityOfPage":{"@id":"https:\/\/reporteroshoy.mx\/noticias\/uefa-rechaza-uso-de-colores-de-la-bandera-lgbt\/"},"wordCount":722,"commentCount":0,"image":{"@id":"https:\/\/reporteroshoy.mx\/noticias\/uefa-rechaza-uso-de-colores-de-la-bandera-lgbt\/#primaryimage"},"thumbnailUrl":"https:\/\/reporteroshoy.mx\/noticias\/wp-content\/uploads\/2021\/06\/Allianz-Arena.jpg","keywords":["Bandera gay","LGBT","UEFA"],"articleSection":["Deportes"],"inLanguage":"es","potentialAction":[{"@type":"CommentAction","name":"Comment","target":["https:\/\/reporteroshoy.mx\/noticias\/uefa-rechaza-uso-de-colores-de-la-bandera-lgbt\/#respond"]}]},{"@type":"WebPage","@id":"https:\/\/reporteroshoy.mx\/noticias\/uefa-rechaza-uso-de-colores-de-la-bandera-lgbt\/","url":"https:\/\/reporteroshoy.mx\/noticias\/uefa-rechaza-uso-de-colores-de-la-bandera-lgbt\/","name":"UEFA rechaza uso de colores de la bandera LGBT","isPartOf":{"@id":"https:\/\/reporteroshoy.mx\/noticias\/#website"},"primaryImageOfPage":{"@id":"https:\/\/reporteroshoy.mx\/noticias\/uefa-rechaza-uso-de-colores-de-la-bandera-lgbt\/#primaryimage"},"image":{"@id":"https:\/\/reporteroshoy.mx\/noticias\/uefa-rechaza-uso-de-colores-de-la-bandera-lgbt\/#primaryimage"},"thumbnailUrl":"https:\/\/reporteroshoy.mx\/noticias\/wp-content\/uploads\/2021\/06\/Allianz-Arena.jpg","datePublished":"2021-06-22T16:31:44+00:00","author":{"@id":"https:\/\/reporteroshoy.mx\/noticias\/#\/schema\/person\/c977527e57c958a62c5cefe8fe47876e"},"description":"La ciudad de M\u00fanich pretend\u00eda iluminar su estadio con los colores del arco\u00edris en el partido entre Alemania y Hungr\u00eda.","breadcrumb":{"@id":"https:\/\/reporteroshoy.mx\/noticias\/uefa-rechaza-uso-de-colores-de-la-bandera-lgbt\/#breadcrumb"},"inLanguage":"es","potentialAction":[{"@type":"ReadAction","target":["https:\/\/reporteroshoy.mx\/noticias\/uefa-rechaza-uso-de-colores-de-la-bandera-lgbt\/"]}]},{"@type":"ImageObject","inLanguage":"es","@id":"https:\/\/reporteroshoy.mx\/noticias\/uefa-rechaza-uso-de-colores-de-la-bandera-lgbt\/#primaryimage","url":"https:\/\/reporteroshoy.mx\/noticias\/wp-content\/uploads\/2021\/06\/Allianz-Arena.jpg","contentUrl":"https:\/\/reporteroshoy.mx\/noticias\/wp-content\/uploads\/2021\/06\/Allianz-Arena.jpg","width":768,"height":432},{"@type":"BreadcrumbList","@id":"https:\/\/reporteroshoy.mx\/noticias\/uefa-rechaza-uso-de-colores-de-la-bandera-lgbt\/#breadcrumb","itemListElement":[{"@type":"ListItem","position":1,"name":"Portada","item":"https:\/\/reporteroshoy.mx\/noticias\/"},{"@type":"ListItem","position":2,"name":"UEFA rechaza uso de colores de la bandera LGBT"}]},{"@type":"WebSite","@id":"https:\/\/reporteroshoy.mx\/noticias\/#website","url":"https:\/\/reporteroshoy.mx\/noticias\/","name":"Reporteros Hoy | Noticias de Yucat\u00e1n","description":"Peri\u00f3dico digital con noticias diarias desde M\u00e9rida, Yucat\u00e1n para el mundo.","potentialAction":[{"@type":"SearchAction","target":{"@type":"EntryPoint","urlTemplate":"https:\/\/reporteroshoy.mx\/noticias\/?s={search_term_string}"},"query-input":{"@type":"PropertyValueSpecification","valueRequired":true,"valueName":"search_term_string"}}],"inLanguage":"es"},{"@type":"Person","@id":"https:\/\/reporteroshoy.mx\/noticias\/#\/schema\/person\/c977527e57c958a62c5cefe8fe47876e","name":"Reporteros Hoy WP","image":{"@type":"ImageObject","inLanguage":"es","@id":"https:\/\/secure.gravatar.com\/avatar\/fd2917f79a7dae30f8ac9ddc2f35e1756bb59e25e01d1cd09deaa64df7b2f73e?s=96&d=mm&r=g","url":"https:\/\/secure.gravatar.com\/avatar\/fd2917f79a7dae30f8ac9ddc2f35e1756bb59e25e01d1cd09deaa64df7b2f73e?s=96&d=mm&r=g","contentUrl":"https:\/\/secure.gravatar.com\/avatar\/fd2917f79a7dae30f8ac9ddc2f35e1756bb59e25e01d1cd09deaa64df7b2f73e?s=96&d=mm&r=g","caption":"Reporteros Hoy WP"},"url":"https:\/\/reporteroshoy.mx\/noticias\/author\/walfer\/"}]}},"_links":{"self":[{"href":"https:\/\/reporteroshoy.mx\/noticias\/wp-json\/wp\/v2\/posts\/66067","targetHints":{"allow":["GET"]}}],"collection":[{"href":"https:\/\/reporteroshoy.mx\/noticias\/wp-json\/wp\/v2\/posts"}],"about":[{"href":"https:\/\/reporteroshoy.mx\/noticias\/wp-json\/wp\/v2\/types\/post"}],"author":[{"embeddable":true,"href":"https:\/\/reporteroshoy.mx\/noticias\/wp-json\/wp\/v2\/users\/9"}],"replies":[{"embeddable":true,"href":"https:\/\/reporteroshoy.mx\/noticias\/wp-json\/wp\/v2\/comments?post=66067"}],"version-history":[{"count":0,"href":"https:\/\/reporteroshoy.mx\/noticias\/wp-json\/wp\/v2\/posts\/66067\/revisions"}],"wp:featuredmedia":[{"embeddable":true,"href":"https:\/\/reporteroshoy.mx\/noticias\/wp-json\/wp\/v2\/media\/66068"}],"wp:attachment":[{"href":"https:\/\/reporteroshoy.mx\/noticias\/wp-json\/wp\/v2\/media?parent=66067"}],"wp:term":[{"taxonomy":"category","embeddable":true,"href":"https:\/\/reporteroshoy.mx\/noticias\/wp-json\/wp\/v2\/categories?post=66067"},{"taxonomy":"post_tag","embeddable":true,"href":"https:\/\/reporteroshoy.mx\/noticias\/wp-json\/wp\/v2\/tags?post=66067"}],"curies":[{"name":"wp","href":"https:\/\/api.w.org\/{rel}","templated":true}]}}