{"id":66149,"date":"2021-06-23T13:39:13","date_gmt":"2021-06-23T18:39:13","guid":{"rendered":"https:\/\/reporteroshoy.mx\/noticias\/?p=66149"},"modified":"2021-06-23T13:39:13","modified_gmt":"2021-06-23T18:39:13","slug":"nada-detiene-la-recuperacion-de-yucatan-afirma-vila-dosal","status":"publish","type":"post","link":"https:\/\/reporteroshoy.mx\/noticias\/nada-detiene-la-recuperacion-de-yucatan-afirma-vila-dosal\/","title":{"rendered":"Nada detiene la recuperaci\u00f3n de Yucat\u00e1n, afirma Vila Dosal"},"content":{"rendered":"<p style=\"text-align: justify;\">Um\u00e1n, Yucat\u00e1n; 23 de junio de 2021.- El gobernador de Yucat\u00e1n, Mauricio Vila Dosal, sigue mirando al Estado como uno de los m\u00e1s competitivos del pa\u00eds y adem\u00e1s como polo log\u00edstico del Sureste a pesar que ha sufrido el ataque de la pandemia Covid-19, tres tormentas tropicales, dos huracanes y ha tenido que declarar varios municipios como zonas de desastre por la fuerza de la naturaleza.<\/p>\n<p style=\"text-align: justify;\">Pero nada de eso detiene la recuperaci\u00f3n de Yucat\u00e1n. Por ejemplo, de los 25 mil empleos que se perdieron por la pandemia -que oblig\u00f3 al pa\u00eds a tomar medidas restrictivas en todos los \u00e1mbitos-, el Gobernador dijo que se ha recuperado hasta ahora 14 mil empleos y al ritmo que vamos estaremos al 100% en a\u00f1o y medio.<\/p>\n<p><img loading=\"lazy\" decoding=\"async\" class=\"wp-image-66150 aligncenter\" src=\"https:\/\/reporteroshoy.mx\/noticias\/wp-content\/uploads\/2021\/06\/Mauricio-Vila-en-Uman.jpg\" alt=\"\" width=\"600\" height=\"337\" \/><\/p>\n<p style=\"text-align: justify;\">Durante la inauguraci\u00f3n de la planta de molienda de Cemento Apasco, de Holcim M\u00e9xico, en el corredor industrial M\u00e9rida-Um\u00e1n, donde la empresa invirti\u00f3 40 millones de d\u00f3lares en su construcci\u00f3n y equipamiento, el gobernador Vila Dosal mostr\u00f3 la tarjeta de presentaci\u00f3n de Yucat\u00e1n: el Estado m\u00e1s seguro del pa\u00eds, certeza jur\u00eddica en la inversi\u00f3n, menor costo empresarial en inversi\u00f3n en seguridad y el primer lugar en ambiente para invertir.<\/p>\n<p style=\"text-align: justify;\">A esto se le agrega que la calificadora Moody\u2019s consider\u00f3 recientemente que Yucat\u00e1n tienen finanzas sanas, que le da un plus en confianza.<\/p>\n<p style=\"text-align: justify;\">Vila Dosal record\u00f3 que por eso las empresas est\u00e1n confiando en Yucat\u00e1n para invertir fuertes sumas de dinero. Ya se abrieron 3 parques generadoras de energ\u00edas limpias de tal modo que son capaces de abastecer 25% de la electricidad requerida en Yucat\u00e1n.<\/p>\n<p style=\"text-align: justify;\">Tambi\u00e9n se firm\u00f3 el acuerdo para la ampliaci\u00f3n del Puerto de Altura de Progreso que permitir\u00e1 la operaci\u00f3n de una empresa naviera en un espacio de 40 hect\u00e1reas, donde se construir\u00e1n embarcaciones de 33 pies de eslora.<\/p>\n<p style=\"text-align: justify;\">Tambi\u00e9n en el corredor M\u00e9rida-Um\u00e1n opera Amazon, empresa internacional de ventas y env\u00edos.<\/p>\n<p style=\"text-align: justify;\">El Gobernador mira con buenos ojos la recuperaci\u00f3n de Yucat\u00e1n y tienen fincado sus esperanzas en lo que resta de su administraci\u00f3n en que vendr\u00e1 mayor inversi\u00f3n como la de Holcim M\u00e9xico.<\/p>\n","protected":false},"excerpt":{"rendered":"<p>El gobernador yucateco mira positivo la recuperaci\u00f3n de la entidad, pese a pandemia y fen\u00f3menos meteorol\u00f3gicos.<\/p>\n","protected":false},"author":9,"featured_media":66150,"comment_status":"open","ping_status":"closed","sticky":false,"template":"","format":"standard","meta":{"footnotes":""},"categories":[7],"tags":[533,19,12950],"class_list":["post-66149","post","type-post","status-publish","format-standard","has-post-thumbnail","hentry","category-gobierno","tag-gobierno-de-yucatan","tag-mauricio-vila","tag-recuperacion-economica"],"yoast_head":"<!-- This site is optimized with the Yoast SEO plugin v28.4 - https:\/\/yoast.com\/product\/yoast-seo-wordpress\/ -->\n<title>Nada detiene la recuperaci\u00f3n de Yucat\u00e1n, afirma Vila Dosal<\/title>\n<meta name=\"description\" content=\"El gobernador yucateco mira positivo la recuperaci\u00f3n de la entidad, pese a pandemia y fen\u00f3menos meteorol\u00f3gicos.\" \/>\n<meta name=\"robots\" content=\"index, follow, max-snippet:-1, max-image-preview:large, max-video-preview:-1\" \/>\n<link rel=\"canonical\" href=\"https:\/\/reporteroshoy.mx\/noticias\/nada-detiene-la-recuperacion-de-yucatan-afirma-vila-dosal\/\" \/>\n<meta property=\"og:locale\" content=\"es_ES\" \/>\n<meta property=\"og:type\" content=\"article\" \/>\n<meta property=\"og:title\" content=\"Nada detiene la recuperaci\u00f3n de Yucat\u00e1n, afirma Vila Dosal\" \/>\n<meta property=\"og:description\" content=\"El gobernador yucateco mira positivo la recuperaci\u00f3n de la entidad, pese a pandemia y fen\u00f3menos meteorol\u00f3gicos.\" \/>\n<meta property=\"og:url\" content=\"https:\/\/reporteroshoy.mx\/noticias\/nada-detiene-la-recuperacion-de-yucatan-afirma-vila-dosal\/\" \/>\n<meta property=\"og:site_name\" content=\"Reporteros Hoy | Noticias de Yucat\u00e1n\" \/>\n<meta property=\"article:publisher\" content=\"http:\/\/www.facebook.com\/reporteroshoymx\" \/>\n<meta property=\"article:published_time\" content=\"2021-06-23T18:39:13+00:00\" \/>\n<meta property=\"og:image\" content=\"https:\/\/reporteroshoy.mx\/noticias\/wp-content\/uploads\/2021\/06\/Mauricio-Vila-en-Uman.jpg\" \/>\n\t<meta property=\"og:image:width\" content=\"768\" \/>\n\t<meta property=\"og:image:height\" content=\"431\" \/>\n\t<meta property=\"og:image:type\" content=\"image\/jpeg\" \/>\n<meta name=\"author\" content=\"Reporteros Hoy WP\" \/>\n<meta name=\"twitter:card\" content=\"summary_large_image\" \/>\n<meta name=\"twitter:creator\" content=\"@reporteroshoy\" \/>\n<meta name=\"twitter:site\" content=\"@reporteroshoy\" \/>\n<meta name=\"twitter:label1\" content=\"Escrito por\" \/>\n\t<meta name=\"twitter:data1\" content=\"Reporteros Hoy WP\" \/>\n\t<meta name=\"twitter:label2\" content=\"Tiempo de lectura\" \/>\n\t<meta name=\"twitter:data2\" content=\"2 minutos\" \/>\n<script type=\"application\/ld+json\" class=\"yoast-schema-graph\">{\"@context\":\"https:\\\/\\\/schema.org\",\"@graph\":[{\"@type\":\"Article\",\"@id\":\"https:\\\/\\\/reporteroshoy.mx\\\/noticias\\\/nada-detiene-la-recuperacion-de-yucatan-afirma-vila-dosal\\\/#article\",\"isPartOf\":{\"@id\":\"https:\\\/\\\/reporteroshoy.mx\\\/noticias\\\/nada-detiene-la-recuperacion-de-yucatan-afirma-vila-dosal\\\/\"},\"author\":{\"name\":\"Reporteros Hoy WP\",\"@id\":\"https:\\\/\\\/reporteroshoy.mx\\\/noticias\\\/#\\\/schema\\\/person\\\/c977527e57c958a62c5cefe8fe47876e\"},\"headline\":\"Nada detiene la recuperaci\u00f3n de Yucat\u00e1n, afirma Vila Dosal\",\"datePublished\":\"2021-06-23T18:39:13+00:00\",\"mainEntityOfPage\":{\"@id\":\"https:\\\/\\\/reporteroshoy.mx\\\/noticias\\\/nada-detiene-la-recuperacion-de-yucatan-afirma-vila-dosal\\\/\"},\"wordCount\":386,\"commentCount\":0,\"image\":{\"@id\":\"https:\\\/\\\/reporteroshoy.mx\\\/noticias\\\/nada-detiene-la-recuperacion-de-yucatan-afirma-vila-dosal\\\/#primaryimage\"},\"thumbnailUrl\":\"https:\\\/\\\/reporteroshoy.mx\\\/noticias\\\/wp-content\\\/uploads\\\/2021\\\/06\\\/Mauricio-Vila-en-Uman.jpg\",\"keywords\":[\"Gobierno de Yucat\u00e1n\",\"Mauricio Vila\",\"Recuperaci\u00f3n econ\u00f3mica\"],\"articleSection\":[\"Gobierno\"],\"inLanguage\":\"es\",\"potentialAction\":[{\"@type\":\"CommentAction\",\"name\":\"Comment\",\"target\":[\"https:\\\/\\\/reporteroshoy.mx\\\/noticias\\\/nada-detiene-la-recuperacion-de-yucatan-afirma-vila-dosal\\\/#respond\"]}]},{\"@type\":\"WebPage\",\"@id\":\"https:\\\/\\\/reporteroshoy.mx\\\/noticias\\\/nada-detiene-la-recuperacion-de-yucatan-afirma-vila-dosal\\\/\",\"url\":\"https:\\\/\\\/reporteroshoy.mx\\\/noticias\\\/nada-detiene-la-recuperacion-de-yucatan-afirma-vila-dosal\\\/\",\"name\":\"Nada detiene la recuperaci\u00f3n de Yucat\u00e1n, afirma Vila Dosal\",\"isPartOf\":{\"@id\":\"https:\\\/\\\/reporteroshoy.mx\\\/noticias\\\/#website\"},\"primaryImageOfPage\":{\"@id\":\"https:\\\/\\\/reporteroshoy.mx\\\/noticias\\\/nada-detiene-la-recuperacion-de-yucatan-afirma-vila-dosal\\\/#primaryimage\"},\"image\":{\"@id\":\"https:\\\/\\\/reporteroshoy.mx\\\/noticias\\\/nada-detiene-la-recuperacion-de-yucatan-afirma-vila-dosal\\\/#primaryimage\"},\"thumbnailUrl\":\"https:\\\/\\\/reporteroshoy.mx\\\/noticias\\\/wp-content\\\/uploads\\\/2021\\\/06\\\/Mauricio-Vila-en-Uman.jpg\",\"datePublished\":\"2021-06-23T18:39:13+00:00\",\"author\":{\"@id\":\"https:\\\/\\\/reporteroshoy.mx\\\/noticias\\\/#\\\/schema\\\/person\\\/c977527e57c958a62c5cefe8fe47876e\"},\"description\":\"El gobernador yucateco mira positivo la recuperaci\u00f3n de la entidad, pese a pandemia y fen\u00f3menos meteorol\u00f3gicos.\",\"breadcrumb\":{\"@id\":\"https:\\\/\\\/reporteroshoy.mx\\\/noticias\\\/nada-detiene-la-recuperacion-de-yucatan-afirma-vila-dosal\\\/#breadcrumb\"},\"inLanguage\":\"es\",\"potentialAction\":[{\"@type\":\"ReadAction\",\"target\":[\"https:\\\/\\\/reporteroshoy.mx\\\/noticias\\\/nada-detiene-la-recuperacion-de-yucatan-afirma-vila-dosal\\\/\"]}]},{\"@type\":\"ImageObject\",\"inLanguage\":\"es\",\"@id\":\"https:\\\/\\\/reporteroshoy.mx\\\/noticias\\\/nada-detiene-la-recuperacion-de-yucatan-afirma-vila-dosal\\\/#primaryimage\",\"url\":\"https:\\\/\\\/reporteroshoy.mx\\\/noticias\\\/wp-content\\\/uploads\\\/2021\\\/06\\\/Mauricio-Vila-en-Uman.jpg\",\"contentUrl\":\"https:\\\/\\\/reporteroshoy.mx\\\/noticias\\\/wp-content\\\/uploads\\\/2021\\\/06\\\/Mauricio-Vila-en-Uman.jpg\",\"width\":768,\"height\":431},{\"@type\":\"BreadcrumbList\",\"@id\":\"https:\\\/\\\/reporteroshoy.mx\\\/noticias\\\/nada-detiene-la-recuperacion-de-yucatan-afirma-vila-dosal\\\/#breadcrumb\",\"itemListElement\":[{\"@type\":\"ListItem\",\"position\":1,\"name\":\"Portada\",\"item\":\"https:\\\/\\\/reporteroshoy.mx\\\/noticias\\\/\"},{\"@type\":\"ListItem\",\"position\":2,\"name\":\"Nada detiene la recuperaci\u00f3n de Yucat\u00e1n, afirma Vila Dosal\"}]},{\"@type\":\"WebSite\",\"@id\":\"https:\\\/\\\/reporteroshoy.mx\\\/noticias\\\/#website\",\"url\":\"https:\\\/\\\/reporteroshoy.mx\\\/noticias\\\/\",\"name\":\"Reporteros Hoy | Noticias de Yucat\u00e1n\",\"description\":\"Peri\u00f3dico digital con noticias diarias desde M\u00e9rida, Yucat\u00e1n para el mundo.\",\"potentialAction\":[{\"@type\":\"SearchAction\",\"target\":{\"@type\":\"EntryPoint\",\"urlTemplate\":\"https:\\\/\\\/reporteroshoy.mx\\\/noticias\\\/?s={search_term_string}\"},\"query-input\":{\"@type\":\"PropertyValueSpecification\",\"valueRequired\":true,\"valueName\":\"search_term_string\"}}],\"inLanguage\":\"es\"},{\"@type\":\"Person\",\"@id\":\"https:\\\/\\\/reporteroshoy.mx\\\/noticias\\\/#\\\/schema\\\/person\\\/c977527e57c958a62c5cefe8fe47876e\",\"name\":\"Reporteros Hoy WP\",\"image\":{\"@type\":\"ImageObject\",\"inLanguage\":\"es\",\"@id\":\"https:\\\/\\\/secure.gravatar.com\\\/avatar\\\/fd2917f79a7dae30f8ac9ddc2f35e1756bb59e25e01d1cd09deaa64df7b2f73e?s=96&d=mm&r=g\",\"url\":\"https:\\\/\\\/secure.gravatar.com\\\/avatar\\\/fd2917f79a7dae30f8ac9ddc2f35e1756bb59e25e01d1cd09deaa64df7b2f73e?s=96&d=mm&r=g\",\"contentUrl\":\"https:\\\/\\\/secure.gravatar.com\\\/avatar\\\/fd2917f79a7dae30f8ac9ddc2f35e1756bb59e25e01d1cd09deaa64df7b2f73e?s=96&d=mm&r=g\",\"caption\":\"Reporteros Hoy WP\"},\"url\":\"https:\\\/\\\/reporteroshoy.mx\\\/noticias\\\/author\\\/walfer\\\/\"}]}<\/script>\n<!-- \/ Yoast SEO plugin. -->","yoast_head_json":{"title":"Nada detiene la recuperaci\u00f3n de Yucat\u00e1n, afirma Vila Dosal","description":"El gobernador yucateco mira positivo la recuperaci\u00f3n de la entidad, pese a pandemia y fen\u00f3menos meteorol\u00f3gicos.","robots":{"index":"index","follow":"follow","max-snippet":"max-snippet:-1","max-image-preview":"max-image-preview:large","max-video-preview":"max-video-preview:-1"},"canonical":"https:\/\/reporteroshoy.mx\/noticias\/nada-detiene-la-recuperacion-de-yucatan-afirma-vila-dosal\/","og_locale":"es_ES","og_type":"article","og_title":"Nada detiene la recuperaci\u00f3n de Yucat\u00e1n, afirma Vila Dosal","og_description":"El gobernador yucateco mira positivo la recuperaci\u00f3n de la entidad, pese a pandemia y fen\u00f3menos meteorol\u00f3gicos.","og_url":"https:\/\/reporteroshoy.mx\/noticias\/nada-detiene-la-recuperacion-de-yucatan-afirma-vila-dosal\/","og_site_name":"Reporteros Hoy | Noticias de Yucat\u00e1n","article_publisher":"http:\/\/www.facebook.com\/reporteroshoymx","article_published_time":"2021-06-23T18:39:13+00:00","og_image":[{"width":768,"height":431,"url":"https:\/\/reporteroshoy.mx\/noticias\/wp-content\/uploads\/2021\/06\/Mauricio-Vila-en-Uman.jpg","type":"image\/jpeg"}],"author":"Reporteros Hoy WP","twitter_card":"summary_large_image","twitter_creator":"@reporteroshoy","twitter_site":"@reporteroshoy","twitter_misc":{"Escrito por":"Reporteros Hoy WP","Tiempo de lectura":"2 minutos"},"schema":{"@context":"https:\/\/schema.org","@graph":[{"@type":"Article","@id":"https:\/\/reporteroshoy.mx\/noticias\/nada-detiene-la-recuperacion-de-yucatan-afirma-vila-dosal\/#article","isPartOf":{"@id":"https:\/\/reporteroshoy.mx\/noticias\/nada-detiene-la-recuperacion-de-yucatan-afirma-vila-dosal\/"},"author":{"name":"Reporteros Hoy WP","@id":"https:\/\/reporteroshoy.mx\/noticias\/#\/schema\/person\/c977527e57c958a62c5cefe8fe47876e"},"headline":"Nada detiene la recuperaci\u00f3n de Yucat\u00e1n, afirma Vila Dosal","datePublished":"2021-06-23T18:39:13+00:00","mainEntityOfPage":{"@id":"https:\/\/reporteroshoy.mx\/noticias\/nada-detiene-la-recuperacion-de-yucatan-afirma-vila-dosal\/"},"wordCount":386,"commentCount":0,"image":{"@id":"https:\/\/reporteroshoy.mx\/noticias\/nada-detiene-la-recuperacion-de-yucatan-afirma-vila-dosal\/#primaryimage"},"thumbnailUrl":"https:\/\/reporteroshoy.mx\/noticias\/wp-content\/uploads\/2021\/06\/Mauricio-Vila-en-Uman.jpg","keywords":["Gobierno de Yucat\u00e1n","Mauricio Vila","Recuperaci\u00f3n econ\u00f3mica"],"articleSection":["Gobierno"],"inLanguage":"es","potentialAction":[{"@type":"CommentAction","name":"Comment","target":["https:\/\/reporteroshoy.mx\/noticias\/nada-detiene-la-recuperacion-de-yucatan-afirma-vila-dosal\/#respond"]}]},{"@type":"WebPage","@id":"https:\/\/reporteroshoy.mx\/noticias\/nada-detiene-la-recuperacion-de-yucatan-afirma-vila-dosal\/","url":"https:\/\/reporteroshoy.mx\/noticias\/nada-detiene-la-recuperacion-de-yucatan-afirma-vila-dosal\/","name":"Nada detiene la recuperaci\u00f3n de Yucat\u00e1n, afirma Vila Dosal","isPartOf":{"@id":"https:\/\/reporteroshoy.mx\/noticias\/#website"},"primaryImageOfPage":{"@id":"https:\/\/reporteroshoy.mx\/noticias\/nada-detiene-la-recuperacion-de-yucatan-afirma-vila-dosal\/#primaryimage"},"image":{"@id":"https:\/\/reporteroshoy.mx\/noticias\/nada-detiene-la-recuperacion-de-yucatan-afirma-vila-dosal\/#primaryimage"},"thumbnailUrl":"https:\/\/reporteroshoy.mx\/noticias\/wp-content\/uploads\/2021\/06\/Mauricio-Vila-en-Uman.jpg","datePublished":"2021-06-23T18:39:13+00:00","author":{"@id":"https:\/\/reporteroshoy.mx\/noticias\/#\/schema\/person\/c977527e57c958a62c5cefe8fe47876e"},"description":"El gobernador yucateco mira positivo la recuperaci\u00f3n de la entidad, pese a pandemia y fen\u00f3menos meteorol\u00f3gicos.","breadcrumb":{"@id":"https:\/\/reporteroshoy.mx\/noticias\/nada-detiene-la-recuperacion-de-yucatan-afirma-vila-dosal\/#breadcrumb"},"inLanguage":"es","potentialAction":[{"@type":"ReadAction","target":["https:\/\/reporteroshoy.mx\/noticias\/nada-detiene-la-recuperacion-de-yucatan-afirma-vila-dosal\/"]}]},{"@type":"ImageObject","inLanguage":"es","@id":"https:\/\/reporteroshoy.mx\/noticias\/nada-detiene-la-recuperacion-de-yucatan-afirma-vila-dosal\/#primaryimage","url":"https:\/\/reporteroshoy.mx\/noticias\/wp-content\/uploads\/2021\/06\/Mauricio-Vila-en-Uman.jpg","contentUrl":"https:\/\/reporteroshoy.mx\/noticias\/wp-content\/uploads\/2021\/06\/Mauricio-Vila-en-Uman.jpg","width":768,"height":431},{"@type":"BreadcrumbList","@id":"https:\/\/reporteroshoy.mx\/noticias\/nada-detiene-la-recuperacion-de-yucatan-afirma-vila-dosal\/#breadcrumb","itemListElement":[{"@type":"ListItem","position":1,"name":"Portada","item":"https:\/\/reporteroshoy.mx\/noticias\/"},{"@type":"ListItem","position":2,"name":"Nada detiene la recuperaci\u00f3n de Yucat\u00e1n, afirma Vila Dosal"}]},{"@type":"WebSite","@id":"https:\/\/reporteroshoy.mx\/noticias\/#website","url":"https:\/\/reporteroshoy.mx\/noticias\/","name":"Reporteros Hoy | Noticias de Yucat\u00e1n","description":"Peri\u00f3dico digital con noticias diarias desde M\u00e9rida, Yucat\u00e1n para el mundo.","potentialAction":[{"@type":"SearchAction","target":{"@type":"EntryPoint","urlTemplate":"https:\/\/reporteroshoy.mx\/noticias\/?s={search_term_string}"},"query-input":{"@type":"PropertyValueSpecification","valueRequired":true,"valueName":"search_term_string"}}],"inLanguage":"es"},{"@type":"Person","@id":"https:\/\/reporteroshoy.mx\/noticias\/#\/schema\/person\/c977527e57c958a62c5cefe8fe47876e","name":"Reporteros Hoy WP","image":{"@type":"ImageObject","inLanguage":"es","@id":"https:\/\/secure.gravatar.com\/avatar\/fd2917f79a7dae30f8ac9ddc2f35e1756bb59e25e01d1cd09deaa64df7b2f73e?s=96&d=mm&r=g","url":"https:\/\/secure.gravatar.com\/avatar\/fd2917f79a7dae30f8ac9ddc2f35e1756bb59e25e01d1cd09deaa64df7b2f73e?s=96&d=mm&r=g","contentUrl":"https:\/\/secure.gravatar.com\/avatar\/fd2917f79a7dae30f8ac9ddc2f35e1756bb59e25e01d1cd09deaa64df7b2f73e?s=96&d=mm&r=g","caption":"Reporteros Hoy WP"},"url":"https:\/\/reporteroshoy.mx\/noticias\/author\/walfer\/"}]}},"_links":{"self":[{"href":"https:\/\/reporteroshoy.mx\/noticias\/wp-json\/wp\/v2\/posts\/66149","targetHints":{"allow":["GET"]}}],"collection":[{"href":"https:\/\/reporteroshoy.mx\/noticias\/wp-json\/wp\/v2\/posts"}],"about":[{"href":"https:\/\/reporteroshoy.mx\/noticias\/wp-json\/wp\/v2\/types\/post"}],"author":[{"embeddable":true,"href":"https:\/\/reporteroshoy.mx\/noticias\/wp-json\/wp\/v2\/users\/9"}],"replies":[{"embeddable":true,"href":"https:\/\/reporteroshoy.mx\/noticias\/wp-json\/wp\/v2\/comments?post=66149"}],"version-history":[{"count":0,"href":"https:\/\/reporteroshoy.mx\/noticias\/wp-json\/wp\/v2\/posts\/66149\/revisions"}],"wp:featuredmedia":[{"embeddable":true,"href":"https:\/\/reporteroshoy.mx\/noticias\/wp-json\/wp\/v2\/media\/66150"}],"wp:attachment":[{"href":"https:\/\/reporteroshoy.mx\/noticias\/wp-json\/wp\/v2\/media?parent=66149"}],"wp:term":[{"taxonomy":"category","embeddable":true,"href":"https:\/\/reporteroshoy.mx\/noticias\/wp-json\/wp\/v2\/categories?post=66149"},{"taxonomy":"post_tag","embeddable":true,"href":"https:\/\/reporteroshoy.mx\/noticias\/wp-json\/wp\/v2\/tags?post=66149"}],"curies":[{"name":"wp","href":"https:\/\/api.w.org\/{rel}","templated":true}]}}