{"id":66152,"date":"2021-06-23T14:13:17","date_gmt":"2021-06-23T19:13:17","guid":{"rendered":"https:\/\/reporteroshoy.mx\/noticias\/?p=66152"},"modified":"2021-06-23T14:13:17","modified_gmt":"2021-06-23T19:13:17","slug":"se-salen-de-la-carretera-tras-chocar-en-la-merida-motul","status":"publish","type":"post","link":"https:\/\/reporteroshoy.mx\/noticias\/se-salen-de-la-carretera-tras-chocar-en-la-merida-motul\/","title":{"rendered":"Se salen de la carretera tras chocar en la M\u00e9rida-Motul"},"content":{"rendered":"<p style=\"text-align: justify;\">M\u00e9rida, Yucat\u00e1n; 23 de junio de 2021 (ACOM).- En la hondonada central acabaron dos conductores luego de que uno de ellos choc\u00f3 por alcance en la carretera federal M\u00e9rida-Motul.<\/p>\n<p><img loading=\"lazy\" decoding=\"async\" class=\"wp-image-66153 aligncenter\" src=\"https:\/\/reporteroshoy.mx\/noticias\/wp-content\/uploads\/2021\/06\/Caen-a-hondonada1.jpg\" alt=\"\" width=\"600\" height=\"338\" \/><\/p>\n<p style=\"text-align: justify;\">El percance ocurri\u00f3 a la altura del kil\u00f3metro 23 cuando la conductora de un Sonic, con placas ZCV-821-A, impact\u00f3 por detr\u00e1s al guiador de un Ikon, con matr\u00edcula YYM-460-A. Tras el choque ambos veh\u00edculos se fueron a la hondonada central.<\/p>\n<p><img loading=\"lazy\" decoding=\"async\" class=\"wp-image-66154 aligncenter\" src=\"https:\/\/reporteroshoy.mx\/noticias\/wp-content\/uploads\/2021\/06\/Caen-a-hodonada.jpg\" alt=\"\" width=\"600\" height=\"338\" \/><\/p>\n<p style=\"text-align: justify;\">Polic\u00edas municipales de Baca llegaron al sitio y auxiliaron a los conductores quienes sufrieron de lesiones leves. Ambos activaron sus seguros para el pago de da\u00f1os.<\/p>\n","protected":false},"excerpt":{"rendered":"<p>La conductora de un Sonic impact\u00f3 por detr\u00e1s al guiador de un Ikon. Tras el choque ambos se fueron a la hondonada central.<\/p>\n","protected":false},"author":9,"featured_media":66155,"comment_status":"open","ping_status":"closed","sticky":false,"template":"","format":"standard","meta":{"footnotes":""},"categories":[14],"tags":[146,437,9725],"class_list":["post-66152","post","type-post","status-publish","format-standard","has-post-thumbnail","hentry","category-policia","tag-accidente","tag-choque","tag-merida-motul"],"yoast_head":"<!-- This site is optimized with the Yoast SEO plugin v28.4 - https:\/\/yoast.com\/product\/yoast-seo-wordpress\/ -->\n<title>Se salen de la carretera tras chocar en la M\u00e9rida-Motul<\/title>\n<meta name=\"description\" content=\"La conductora de un Sonic impact\u00f3 por detr\u00e1s al guiador de un Ikon. Tras el choque ambos se fueron a la hondonada central.\" \/>\n<meta name=\"robots\" content=\"index, follow, max-snippet:-1, max-image-preview:large, max-video-preview:-1\" \/>\n<link rel=\"canonical\" href=\"https:\/\/reporteroshoy.mx\/noticias\/se-salen-de-la-carretera-tras-chocar-en-la-merida-motul\/\" \/>\n<meta property=\"og:locale\" content=\"es_ES\" \/>\n<meta property=\"og:type\" content=\"article\" \/>\n<meta property=\"og:title\" content=\"Se salen de la carretera tras chocar en la M\u00e9rida-Motul\" \/>\n<meta property=\"og:description\" content=\"La conductora de un Sonic impact\u00f3 por detr\u00e1s al guiador de un Ikon. Tras el choque ambos se fueron a la hondonada central.\" \/>\n<meta property=\"og:url\" content=\"https:\/\/reporteroshoy.mx\/noticias\/se-salen-de-la-carretera-tras-chocar-en-la-merida-motul\/\" \/>\n<meta property=\"og:site_name\" content=\"Reporteros Hoy | Noticias de Yucat\u00e1n\" \/>\n<meta property=\"article:publisher\" content=\"http:\/\/www.facebook.com\/reporteroshoymx\" \/>\n<meta property=\"article:published_time\" content=\"2021-06-23T19:13:17+00:00\" \/>\n<meta property=\"og:image\" content=\"https:\/\/reporteroshoy.mx\/noticias\/wp-content\/uploads\/2021\/06\/Caen-a-hondonada2.jpg\" \/>\n\t<meta property=\"og:image:width\" content=\"768\" \/>\n\t<meta property=\"og:image:height\" content=\"432\" \/>\n\t<meta property=\"og:image:type\" content=\"image\/jpeg\" \/>\n<meta name=\"author\" content=\"Reporteros Hoy WP\" \/>\n<meta name=\"twitter:card\" content=\"summary_large_image\" \/>\n<meta name=\"twitter:creator\" content=\"@reporteroshoy\" \/>\n<meta name=\"twitter:site\" content=\"@reporteroshoy\" \/>\n<meta name=\"twitter:label1\" content=\"Escrito por\" \/>\n\t<meta name=\"twitter:data1\" content=\"Reporteros Hoy WP\" \/>\n\t<meta name=\"twitter:label2\" content=\"Tiempo de lectura\" \/>\n\t<meta name=\"twitter:data2\" content=\"1 minuto\" \/>\n<script type=\"application\/ld+json\" class=\"yoast-schema-graph\">{\"@context\":\"https:\\\/\\\/schema.org\",\"@graph\":[{\"@type\":\"Article\",\"@id\":\"https:\\\/\\\/reporteroshoy.mx\\\/noticias\\\/se-salen-de-la-carretera-tras-chocar-en-la-merida-motul\\\/#article\",\"isPartOf\":{\"@id\":\"https:\\\/\\\/reporteroshoy.mx\\\/noticias\\\/se-salen-de-la-carretera-tras-chocar-en-la-merida-motul\\\/\"},\"author\":{\"name\":\"Reporteros Hoy WP\",\"@id\":\"https:\\\/\\\/reporteroshoy.mx\\\/noticias\\\/#\\\/schema\\\/person\\\/c977527e57c958a62c5cefe8fe47876e\"},\"headline\":\"Se salen de la carretera tras chocar en la M\u00e9rida-Motul\",\"datePublished\":\"2021-06-23T19:13:17+00:00\",\"mainEntityOfPage\":{\"@id\":\"https:\\\/\\\/reporteroshoy.mx\\\/noticias\\\/se-salen-de-la-carretera-tras-chocar-en-la-merida-motul\\\/\"},\"wordCount\":115,\"commentCount\":0,\"image\":{\"@id\":\"https:\\\/\\\/reporteroshoy.mx\\\/noticias\\\/se-salen-de-la-carretera-tras-chocar-en-la-merida-motul\\\/#primaryimage\"},\"thumbnailUrl\":\"https:\\\/\\\/reporteroshoy.mx\\\/noticias\\\/wp-content\\\/uploads\\\/2021\\\/06\\\/Caen-a-hondonada2.jpg\",\"keywords\":[\"accidente\",\"Choque\",\"M\u00e9rida-Motul\"],\"articleSection\":[\"Polic\u00eda\"],\"inLanguage\":\"es\",\"potentialAction\":[{\"@type\":\"CommentAction\",\"name\":\"Comment\",\"target\":[\"https:\\\/\\\/reporteroshoy.mx\\\/noticias\\\/se-salen-de-la-carretera-tras-chocar-en-la-merida-motul\\\/#respond\"]}]},{\"@type\":\"WebPage\",\"@id\":\"https:\\\/\\\/reporteroshoy.mx\\\/noticias\\\/se-salen-de-la-carretera-tras-chocar-en-la-merida-motul\\\/\",\"url\":\"https:\\\/\\\/reporteroshoy.mx\\\/noticias\\\/se-salen-de-la-carretera-tras-chocar-en-la-merida-motul\\\/\",\"name\":\"Se salen de la carretera tras chocar en la M\u00e9rida-Motul\",\"isPartOf\":{\"@id\":\"https:\\\/\\\/reporteroshoy.mx\\\/noticias\\\/#website\"},\"primaryImageOfPage\":{\"@id\":\"https:\\\/\\\/reporteroshoy.mx\\\/noticias\\\/se-salen-de-la-carretera-tras-chocar-en-la-merida-motul\\\/#primaryimage\"},\"image\":{\"@id\":\"https:\\\/\\\/reporteroshoy.mx\\\/noticias\\\/se-salen-de-la-carretera-tras-chocar-en-la-merida-motul\\\/#primaryimage\"},\"thumbnailUrl\":\"https:\\\/\\\/reporteroshoy.mx\\\/noticias\\\/wp-content\\\/uploads\\\/2021\\\/06\\\/Caen-a-hondonada2.jpg\",\"datePublished\":\"2021-06-23T19:13:17+00:00\",\"author\":{\"@id\":\"https:\\\/\\\/reporteroshoy.mx\\\/noticias\\\/#\\\/schema\\\/person\\\/c977527e57c958a62c5cefe8fe47876e\"},\"description\":\"La conductora de un Sonic impact\u00f3 por detr\u00e1s al guiador de un Ikon. Tras el choque ambos se fueron a la hondonada central.\",\"breadcrumb\":{\"@id\":\"https:\\\/\\\/reporteroshoy.mx\\\/noticias\\\/se-salen-de-la-carretera-tras-chocar-en-la-merida-motul\\\/#breadcrumb\"},\"inLanguage\":\"es\",\"potentialAction\":[{\"@type\":\"ReadAction\",\"target\":[\"https:\\\/\\\/reporteroshoy.mx\\\/noticias\\\/se-salen-de-la-carretera-tras-chocar-en-la-merida-motul\\\/\"]}]},{\"@type\":\"ImageObject\",\"inLanguage\":\"es\",\"@id\":\"https:\\\/\\\/reporteroshoy.mx\\\/noticias\\\/se-salen-de-la-carretera-tras-chocar-en-la-merida-motul\\\/#primaryimage\",\"url\":\"https:\\\/\\\/reporteroshoy.mx\\\/noticias\\\/wp-content\\\/uploads\\\/2021\\\/06\\\/Caen-a-hondonada2.jpg\",\"contentUrl\":\"https:\\\/\\\/reporteroshoy.mx\\\/noticias\\\/wp-content\\\/uploads\\\/2021\\\/06\\\/Caen-a-hondonada2.jpg\",\"width\":768,\"height\":432},{\"@type\":\"BreadcrumbList\",\"@id\":\"https:\\\/\\\/reporteroshoy.mx\\\/noticias\\\/se-salen-de-la-carretera-tras-chocar-en-la-merida-motul\\\/#breadcrumb\",\"itemListElement\":[{\"@type\":\"ListItem\",\"position\":1,\"name\":\"Portada\",\"item\":\"https:\\\/\\\/reporteroshoy.mx\\\/noticias\\\/\"},{\"@type\":\"ListItem\",\"position\":2,\"name\":\"Se salen de la carretera tras chocar en la M\u00e9rida-Motul\"}]},{\"@type\":\"WebSite\",\"@id\":\"https:\\\/\\\/reporteroshoy.mx\\\/noticias\\\/#website\",\"url\":\"https:\\\/\\\/reporteroshoy.mx\\\/noticias\\\/\",\"name\":\"Reporteros Hoy | Noticias de Yucat\u00e1n\",\"description\":\"Peri\u00f3dico digital con noticias diarias desde M\u00e9rida, Yucat\u00e1n para el mundo.\",\"potentialAction\":[{\"@type\":\"SearchAction\",\"target\":{\"@type\":\"EntryPoint\",\"urlTemplate\":\"https:\\\/\\\/reporteroshoy.mx\\\/noticias\\\/?s={search_term_string}\"},\"query-input\":{\"@type\":\"PropertyValueSpecification\",\"valueRequired\":true,\"valueName\":\"search_term_string\"}}],\"inLanguage\":\"es\"},{\"@type\":\"Person\",\"@id\":\"https:\\\/\\\/reporteroshoy.mx\\\/noticias\\\/#\\\/schema\\\/person\\\/c977527e57c958a62c5cefe8fe47876e\",\"name\":\"Reporteros Hoy WP\",\"image\":{\"@type\":\"ImageObject\",\"inLanguage\":\"es\",\"@id\":\"https:\\\/\\\/secure.gravatar.com\\\/avatar\\\/fd2917f79a7dae30f8ac9ddc2f35e1756bb59e25e01d1cd09deaa64df7b2f73e?s=96&d=mm&r=g\",\"url\":\"https:\\\/\\\/secure.gravatar.com\\\/avatar\\\/fd2917f79a7dae30f8ac9ddc2f35e1756bb59e25e01d1cd09deaa64df7b2f73e?s=96&d=mm&r=g\",\"contentUrl\":\"https:\\\/\\\/secure.gravatar.com\\\/avatar\\\/fd2917f79a7dae30f8ac9ddc2f35e1756bb59e25e01d1cd09deaa64df7b2f73e?s=96&d=mm&r=g\",\"caption\":\"Reporteros Hoy WP\"},\"url\":\"https:\\\/\\\/reporteroshoy.mx\\\/noticias\\\/author\\\/walfer\\\/\"}]}<\/script>\n<!-- \/ Yoast SEO plugin. -->","yoast_head_json":{"title":"Se salen de la carretera tras chocar en la M\u00e9rida-Motul","description":"La conductora de un Sonic impact\u00f3 por detr\u00e1s al guiador de un Ikon. Tras el choque ambos se fueron a la hondonada central.","robots":{"index":"index","follow":"follow","max-snippet":"max-snippet:-1","max-image-preview":"max-image-preview:large","max-video-preview":"max-video-preview:-1"},"canonical":"https:\/\/reporteroshoy.mx\/noticias\/se-salen-de-la-carretera-tras-chocar-en-la-merida-motul\/","og_locale":"es_ES","og_type":"article","og_title":"Se salen de la carretera tras chocar en la M\u00e9rida-Motul","og_description":"La conductora de un Sonic impact\u00f3 por detr\u00e1s al guiador de un Ikon. Tras el choque ambos se fueron a la hondonada central.","og_url":"https:\/\/reporteroshoy.mx\/noticias\/se-salen-de-la-carretera-tras-chocar-en-la-merida-motul\/","og_site_name":"Reporteros Hoy | Noticias de Yucat\u00e1n","article_publisher":"http:\/\/www.facebook.com\/reporteroshoymx","article_published_time":"2021-06-23T19:13:17+00:00","og_image":[{"width":768,"height":432,"url":"https:\/\/reporteroshoy.mx\/noticias\/wp-content\/uploads\/2021\/06\/Caen-a-hondonada2.jpg","type":"image\/jpeg"}],"author":"Reporteros Hoy WP","twitter_card":"summary_large_image","twitter_creator":"@reporteroshoy","twitter_site":"@reporteroshoy","twitter_misc":{"Escrito por":"Reporteros Hoy WP","Tiempo de lectura":"1 minuto"},"schema":{"@context":"https:\/\/schema.org","@graph":[{"@type":"Article","@id":"https:\/\/reporteroshoy.mx\/noticias\/se-salen-de-la-carretera-tras-chocar-en-la-merida-motul\/#article","isPartOf":{"@id":"https:\/\/reporteroshoy.mx\/noticias\/se-salen-de-la-carretera-tras-chocar-en-la-merida-motul\/"},"author":{"name":"Reporteros Hoy WP","@id":"https:\/\/reporteroshoy.mx\/noticias\/#\/schema\/person\/c977527e57c958a62c5cefe8fe47876e"},"headline":"Se salen de la carretera tras chocar en la M\u00e9rida-Motul","datePublished":"2021-06-23T19:13:17+00:00","mainEntityOfPage":{"@id":"https:\/\/reporteroshoy.mx\/noticias\/se-salen-de-la-carretera-tras-chocar-en-la-merida-motul\/"},"wordCount":115,"commentCount":0,"image":{"@id":"https:\/\/reporteroshoy.mx\/noticias\/se-salen-de-la-carretera-tras-chocar-en-la-merida-motul\/#primaryimage"},"thumbnailUrl":"https:\/\/reporteroshoy.mx\/noticias\/wp-content\/uploads\/2021\/06\/Caen-a-hondonada2.jpg","keywords":["accidente","Choque","M\u00e9rida-Motul"],"articleSection":["Polic\u00eda"],"inLanguage":"es","potentialAction":[{"@type":"CommentAction","name":"Comment","target":["https:\/\/reporteroshoy.mx\/noticias\/se-salen-de-la-carretera-tras-chocar-en-la-merida-motul\/#respond"]}]},{"@type":"WebPage","@id":"https:\/\/reporteroshoy.mx\/noticias\/se-salen-de-la-carretera-tras-chocar-en-la-merida-motul\/","url":"https:\/\/reporteroshoy.mx\/noticias\/se-salen-de-la-carretera-tras-chocar-en-la-merida-motul\/","name":"Se salen de la carretera tras chocar en la M\u00e9rida-Motul","isPartOf":{"@id":"https:\/\/reporteroshoy.mx\/noticias\/#website"},"primaryImageOfPage":{"@id":"https:\/\/reporteroshoy.mx\/noticias\/se-salen-de-la-carretera-tras-chocar-en-la-merida-motul\/#primaryimage"},"image":{"@id":"https:\/\/reporteroshoy.mx\/noticias\/se-salen-de-la-carretera-tras-chocar-en-la-merida-motul\/#primaryimage"},"thumbnailUrl":"https:\/\/reporteroshoy.mx\/noticias\/wp-content\/uploads\/2021\/06\/Caen-a-hondonada2.jpg","datePublished":"2021-06-23T19:13:17+00:00","author":{"@id":"https:\/\/reporteroshoy.mx\/noticias\/#\/schema\/person\/c977527e57c958a62c5cefe8fe47876e"},"description":"La conductora de un Sonic impact\u00f3 por detr\u00e1s al guiador de un Ikon. Tras el choque ambos se fueron a la hondonada central.","breadcrumb":{"@id":"https:\/\/reporteroshoy.mx\/noticias\/se-salen-de-la-carretera-tras-chocar-en-la-merida-motul\/#breadcrumb"},"inLanguage":"es","potentialAction":[{"@type":"ReadAction","target":["https:\/\/reporteroshoy.mx\/noticias\/se-salen-de-la-carretera-tras-chocar-en-la-merida-motul\/"]}]},{"@type":"ImageObject","inLanguage":"es","@id":"https:\/\/reporteroshoy.mx\/noticias\/se-salen-de-la-carretera-tras-chocar-en-la-merida-motul\/#primaryimage","url":"https:\/\/reporteroshoy.mx\/noticias\/wp-content\/uploads\/2021\/06\/Caen-a-hondonada2.jpg","contentUrl":"https:\/\/reporteroshoy.mx\/noticias\/wp-content\/uploads\/2021\/06\/Caen-a-hondonada2.jpg","width":768,"height":432},{"@type":"BreadcrumbList","@id":"https:\/\/reporteroshoy.mx\/noticias\/se-salen-de-la-carretera-tras-chocar-en-la-merida-motul\/#breadcrumb","itemListElement":[{"@type":"ListItem","position":1,"name":"Portada","item":"https:\/\/reporteroshoy.mx\/noticias\/"},{"@type":"ListItem","position":2,"name":"Se salen de la carretera tras chocar en la M\u00e9rida-Motul"}]},{"@type":"WebSite","@id":"https:\/\/reporteroshoy.mx\/noticias\/#website","url":"https:\/\/reporteroshoy.mx\/noticias\/","name":"Reporteros Hoy | Noticias de Yucat\u00e1n","description":"Peri\u00f3dico digital con noticias diarias desde M\u00e9rida, Yucat\u00e1n para el mundo.","potentialAction":[{"@type":"SearchAction","target":{"@type":"EntryPoint","urlTemplate":"https:\/\/reporteroshoy.mx\/noticias\/?s={search_term_string}"},"query-input":{"@type":"PropertyValueSpecification","valueRequired":true,"valueName":"search_term_string"}}],"inLanguage":"es"},{"@type":"Person","@id":"https:\/\/reporteroshoy.mx\/noticias\/#\/schema\/person\/c977527e57c958a62c5cefe8fe47876e","name":"Reporteros Hoy WP","image":{"@type":"ImageObject","inLanguage":"es","@id":"https:\/\/secure.gravatar.com\/avatar\/fd2917f79a7dae30f8ac9ddc2f35e1756bb59e25e01d1cd09deaa64df7b2f73e?s=96&d=mm&r=g","url":"https:\/\/secure.gravatar.com\/avatar\/fd2917f79a7dae30f8ac9ddc2f35e1756bb59e25e01d1cd09deaa64df7b2f73e?s=96&d=mm&r=g","contentUrl":"https:\/\/secure.gravatar.com\/avatar\/fd2917f79a7dae30f8ac9ddc2f35e1756bb59e25e01d1cd09deaa64df7b2f73e?s=96&d=mm&r=g","caption":"Reporteros Hoy WP"},"url":"https:\/\/reporteroshoy.mx\/noticias\/author\/walfer\/"}]}},"_links":{"self":[{"href":"https:\/\/reporteroshoy.mx\/noticias\/wp-json\/wp\/v2\/posts\/66152","targetHints":{"allow":["GET"]}}],"collection":[{"href":"https:\/\/reporteroshoy.mx\/noticias\/wp-json\/wp\/v2\/posts"}],"about":[{"href":"https:\/\/reporteroshoy.mx\/noticias\/wp-json\/wp\/v2\/types\/post"}],"author":[{"embeddable":true,"href":"https:\/\/reporteroshoy.mx\/noticias\/wp-json\/wp\/v2\/users\/9"}],"replies":[{"embeddable":true,"href":"https:\/\/reporteroshoy.mx\/noticias\/wp-json\/wp\/v2\/comments?post=66152"}],"version-history":[{"count":0,"href":"https:\/\/reporteroshoy.mx\/noticias\/wp-json\/wp\/v2\/posts\/66152\/revisions"}],"wp:featuredmedia":[{"embeddable":true,"href":"https:\/\/reporteroshoy.mx\/noticias\/wp-json\/wp\/v2\/media\/66155"}],"wp:attachment":[{"href":"https:\/\/reporteroshoy.mx\/noticias\/wp-json\/wp\/v2\/media?parent=66152"}],"wp:term":[{"taxonomy":"category","embeddable":true,"href":"https:\/\/reporteroshoy.mx\/noticias\/wp-json\/wp\/v2\/categories?post=66152"},{"taxonomy":"post_tag","embeddable":true,"href":"https:\/\/reporteroshoy.mx\/noticias\/wp-json\/wp\/v2\/tags?post=66152"}],"curies":[{"name":"wp","href":"https:\/\/api.w.org\/{rel}","templated":true}]}}