{"id":66642,"date":"2021-07-01T11:15:47","date_gmt":"2021-07-01T16:15:47","guid":{"rendered":"https:\/\/reporteroshoy.mx\/noticias\/?p=66642"},"modified":"2021-07-01T11:15:47","modified_gmt":"2021-07-01T16:15:47","slug":"hallan-cuerpo-desnudo-y-sin-vida-en-el-roble-agricola","status":"publish","type":"post","link":"https:\/\/reporteroshoy.mx\/noticias\/hallan-cuerpo-desnudo-y-sin-vida-en-el-roble-agricola\/","title":{"rendered":"Hallan cuerpo desnudo y sin vida en El Roble Agr\u00edcola"},"content":{"rendered":"<p style=\"text-align: justify;\">M\u00e9rida, Yucat\u00e1n, 1 de julio de 2021 (ACOM). \u2013 En las primeras horas de la ma\u00f1ana, vecinos de la colonia El Roble Agr\u00edcola, al sur de la capital yucateca, encontraron un veh\u00edculo estacionado en una esquina y al interior una persona muerta, sin ropa.<\/p>\n<p style=\"text-align: justify;\">Se trataba de un veh\u00edculo Seat matr\u00edcula YYN670A que estaba detenido en la calle 30 por 59 de la mencionada colonia.<\/p>\n<p><img loading=\"lazy\" decoding=\"async\" class=\"alignnone size-full wp-image-66645\" src=\"https:\/\/reporteroshoy.mx\/noticias\/wp-content\/uploads\/2021\/07\/EL-ROBLE_MUERTO_AUTO-2.jpeg\" alt=\"\" width=\"768\" height=\"576\" \/><\/p>\n<p style=\"text-align: justify;\">Luego de recibir el aviso, uniformados de la Secretar\u00eda de Seguridad P\u00fablica llegaron para acordonar la zona mientras elementos de la Polic\u00eda Estatal Investigadora interrogaban a los colonos.<\/p>\n<p style=\"text-align: justify;\">Sin conocerse m\u00e1s detalles, el cuerpo fue llevado por el Servicio M\u00e9dico Forense para las diligencias respectivas.<\/p>\n<p><img loading=\"lazy\" decoding=\"async\" class=\"alignnone size-full wp-image-66644\" src=\"https:\/\/reporteroshoy.mx\/noticias\/wp-content\/uploads\/2021\/07\/EL-ROBLE_MUERTO_AUTO-3.jpeg\" alt=\"\" width=\"768\" height=\"431\" \/><\/p>\n<p style=\"text-align: justify;\"><strong>INDAGATORIAS<\/strong><\/p>\n<p style=\"text-align: justify;\">Las primeras investigaciones indica que la persona fallecida se habr\u00eda escapado durante la madrugada de un taller de torner\u00eda ubicado en la calle 26 por 45 de la misma colonia.<\/p>\n<p style=\"text-align: justify;\">Al parecer, conviv\u00eda con dos empleados del negocio que ya estaba cerrado, seg\u00fan el testimonio del lugar quien se retir\u00f3 y los dej\u00f3 bebiendo.<\/p>\n<p style=\"text-align: justify;\">En horas de la madrugada, se escuch\u00f3 que el Seat sali\u00f3 intempestivamente, incluso, tirando la puerta del taller para darse a la fuga, por razones que se desconocen.<\/p>\n<p style=\"text-align: justify;\">Cuadras despu\u00e9s, el conductor falleci\u00f3 en las condiciones ya descritas.<\/p>\n<p style=\"text-align: justify;\">\n<p style=\"text-align: justify;\">\n","protected":false},"excerpt":{"rendered":"<p>Estaba en el interior de un veh\u00edculo Seat que estaba estacionado en esa colonia del sur de M\u00e9rida. <\/p>\n","protected":false},"author":5,"featured_media":66644,"comment_status":"open","ping_status":"closed","sticky":false,"template":"","format":"standard","meta":{"footnotes":""},"categories":[1],"tags":[7516,990,18166],"class_list":["post-66642","post","type-post","status-publish","format-standard","has-post-thumbnail","hentry","category-sin-categoria","tag-el-roble-agricola","tag-muerto","tag-seat"],"yoast_head":"<!-- This site is optimized with the Yoast SEO plugin v28.4 - https:\/\/yoast.com\/product\/yoast-seo-wordpress\/ -->\n<title>Hallan cuerpo desnudo y sin vida en El Roble Agr\u00edcola<\/title>\n<meta name=\"description\" content=\"Estaba en el interior de un veh\u00edculo Seat que estaba estacionado en esa colonia del sur de M\u00e9rida.\" \/>\n<meta name=\"robots\" content=\"index, follow, max-snippet:-1, max-image-preview:large, max-video-preview:-1\" \/>\n<link rel=\"canonical\" href=\"https:\/\/reporteroshoy.mx\/noticias\/hallan-cuerpo-desnudo-y-sin-vida-en-el-roble-agricola\/\" \/>\n<meta property=\"og:locale\" content=\"es_ES\" \/>\n<meta property=\"og:type\" content=\"article\" \/>\n<meta property=\"og:title\" content=\"Hallan cuerpo desnudo y sin vida en El Roble Agr\u00edcola\" \/>\n<meta property=\"og:description\" content=\"Estaba en el interior de un veh\u00edculo Seat que estaba estacionado en esa colonia del sur de M\u00e9rida.\" \/>\n<meta property=\"og:url\" content=\"https:\/\/reporteroshoy.mx\/noticias\/hallan-cuerpo-desnudo-y-sin-vida-en-el-roble-agricola\/\" \/>\n<meta property=\"og:site_name\" content=\"Reporteros Hoy | Noticias de Yucat\u00e1n\" \/>\n<meta property=\"article:publisher\" content=\"http:\/\/www.facebook.com\/reporteroshoymx\" \/>\n<meta property=\"article:published_time\" content=\"2021-07-01T16:15:47+00:00\" \/>\n<meta property=\"og:image\" content=\"https:\/\/reporteroshoy.mx\/noticias\/wp-content\/uploads\/2021\/07\/EL-ROBLE_MUERTO_AUTO-3.jpeg\" \/>\n\t<meta property=\"og:image:width\" content=\"768\" \/>\n\t<meta property=\"og:image:height\" content=\"431\" \/>\n\t<meta property=\"og:image:type\" content=\"image\/jpeg\" \/>\n<meta name=\"author\" content=\"Reporteros Hoy IM\" \/>\n<meta name=\"twitter:card\" content=\"summary_large_image\" \/>\n<meta name=\"twitter:creator\" content=\"@reporteroshoy\" \/>\n<meta name=\"twitter:site\" content=\"@reporteroshoy\" \/>\n<meta name=\"twitter:label1\" content=\"Escrito por\" \/>\n\t<meta name=\"twitter:data1\" content=\"Reporteros Hoy IM\" \/>\n\t<meta name=\"twitter:label2\" content=\"Tiempo de lectura\" \/>\n\t<meta name=\"twitter:data2\" content=\"2 minutos\" \/>\n<script type=\"application\/ld+json\" class=\"yoast-schema-graph\">{\"@context\":\"https:\\\/\\\/schema.org\",\"@graph\":[{\"@type\":\"Article\",\"@id\":\"https:\\\/\\\/reporteroshoy.mx\\\/noticias\\\/hallan-cuerpo-desnudo-y-sin-vida-en-el-roble-agricola\\\/#article\",\"isPartOf\":{\"@id\":\"https:\\\/\\\/reporteroshoy.mx\\\/noticias\\\/hallan-cuerpo-desnudo-y-sin-vida-en-el-roble-agricola\\\/\"},\"author\":{\"name\":\"Reporteros Hoy IM\",\"@id\":\"https:\\\/\\\/reporteroshoy.mx\\\/noticias\\\/#\\\/schema\\\/person\\\/948520f0d88b01be2e5266bc4acbbc15\"},\"headline\":\"Hallan cuerpo desnudo y sin vida en El Roble Agr\u00edcola\",\"datePublished\":\"2021-07-01T16:15:47+00:00\",\"mainEntityOfPage\":{\"@id\":\"https:\\\/\\\/reporteroshoy.mx\\\/noticias\\\/hallan-cuerpo-desnudo-y-sin-vida-en-el-roble-agricola\\\/\"},\"wordCount\":225,\"commentCount\":0,\"image\":{\"@id\":\"https:\\\/\\\/reporteroshoy.mx\\\/noticias\\\/hallan-cuerpo-desnudo-y-sin-vida-en-el-roble-agricola\\\/#primaryimage\"},\"thumbnailUrl\":\"https:\\\/\\\/reporteroshoy.mx\\\/noticias\\\/wp-content\\\/uploads\\\/2021\\\/07\\\/EL-ROBLE_MUERTO_AUTO-3.jpeg\",\"keywords\":[\"El Roble Agr\u00edcola\",\"muerto\",\"Seat\"],\"articleSection\":[\"Notas\"],\"inLanguage\":\"es\",\"potentialAction\":[{\"@type\":\"CommentAction\",\"name\":\"Comment\",\"target\":[\"https:\\\/\\\/reporteroshoy.mx\\\/noticias\\\/hallan-cuerpo-desnudo-y-sin-vida-en-el-roble-agricola\\\/#respond\"]}]},{\"@type\":\"WebPage\",\"@id\":\"https:\\\/\\\/reporteroshoy.mx\\\/noticias\\\/hallan-cuerpo-desnudo-y-sin-vida-en-el-roble-agricola\\\/\",\"url\":\"https:\\\/\\\/reporteroshoy.mx\\\/noticias\\\/hallan-cuerpo-desnudo-y-sin-vida-en-el-roble-agricola\\\/\",\"name\":\"Hallan cuerpo desnudo y sin vida en El Roble Agr\u00edcola\",\"isPartOf\":{\"@id\":\"https:\\\/\\\/reporteroshoy.mx\\\/noticias\\\/#website\"},\"primaryImageOfPage\":{\"@id\":\"https:\\\/\\\/reporteroshoy.mx\\\/noticias\\\/hallan-cuerpo-desnudo-y-sin-vida-en-el-roble-agricola\\\/#primaryimage\"},\"image\":{\"@id\":\"https:\\\/\\\/reporteroshoy.mx\\\/noticias\\\/hallan-cuerpo-desnudo-y-sin-vida-en-el-roble-agricola\\\/#primaryimage\"},\"thumbnailUrl\":\"https:\\\/\\\/reporteroshoy.mx\\\/noticias\\\/wp-content\\\/uploads\\\/2021\\\/07\\\/EL-ROBLE_MUERTO_AUTO-3.jpeg\",\"datePublished\":\"2021-07-01T16:15:47+00:00\",\"author\":{\"@id\":\"https:\\\/\\\/reporteroshoy.mx\\\/noticias\\\/#\\\/schema\\\/person\\\/948520f0d88b01be2e5266bc4acbbc15\"},\"description\":\"Estaba en el interior de un veh\u00edculo Seat que estaba estacionado en esa colonia del sur de M\u00e9rida.\",\"breadcrumb\":{\"@id\":\"https:\\\/\\\/reporteroshoy.mx\\\/noticias\\\/hallan-cuerpo-desnudo-y-sin-vida-en-el-roble-agricola\\\/#breadcrumb\"},\"inLanguage\":\"es\",\"potentialAction\":[{\"@type\":\"ReadAction\",\"target\":[\"https:\\\/\\\/reporteroshoy.mx\\\/noticias\\\/hallan-cuerpo-desnudo-y-sin-vida-en-el-roble-agricola\\\/\"]}]},{\"@type\":\"ImageObject\",\"inLanguage\":\"es\",\"@id\":\"https:\\\/\\\/reporteroshoy.mx\\\/noticias\\\/hallan-cuerpo-desnudo-y-sin-vida-en-el-roble-agricola\\\/#primaryimage\",\"url\":\"https:\\\/\\\/reporteroshoy.mx\\\/noticias\\\/wp-content\\\/uploads\\\/2021\\\/07\\\/EL-ROBLE_MUERTO_AUTO-3.jpeg\",\"contentUrl\":\"https:\\\/\\\/reporteroshoy.mx\\\/noticias\\\/wp-content\\\/uploads\\\/2021\\\/07\\\/EL-ROBLE_MUERTO_AUTO-3.jpeg\",\"width\":768,\"height\":431},{\"@type\":\"BreadcrumbList\",\"@id\":\"https:\\\/\\\/reporteroshoy.mx\\\/noticias\\\/hallan-cuerpo-desnudo-y-sin-vida-en-el-roble-agricola\\\/#breadcrumb\",\"itemListElement\":[{\"@type\":\"ListItem\",\"position\":1,\"name\":\"Portada\",\"item\":\"https:\\\/\\\/reporteroshoy.mx\\\/noticias\\\/\"},{\"@type\":\"ListItem\",\"position\":2,\"name\":\"Hallan cuerpo desnudo y sin vida en El Roble Agr\u00edcola\"}]},{\"@type\":\"WebSite\",\"@id\":\"https:\\\/\\\/reporteroshoy.mx\\\/noticias\\\/#website\",\"url\":\"https:\\\/\\\/reporteroshoy.mx\\\/noticias\\\/\",\"name\":\"Reporteros Hoy | Noticias de Yucat\u00e1n\",\"description\":\"Peri\u00f3dico digital con noticias diarias desde M\u00e9rida, Yucat\u00e1n para el mundo.\",\"potentialAction\":[{\"@type\":\"SearchAction\",\"target\":{\"@type\":\"EntryPoint\",\"urlTemplate\":\"https:\\\/\\\/reporteroshoy.mx\\\/noticias\\\/?s={search_term_string}\"},\"query-input\":{\"@type\":\"PropertyValueSpecification\",\"valueRequired\":true,\"valueName\":\"search_term_string\"}}],\"inLanguage\":\"es\"},{\"@type\":\"Person\",\"@id\":\"https:\\\/\\\/reporteroshoy.mx\\\/noticias\\\/#\\\/schema\\\/person\\\/948520f0d88b01be2e5266bc4acbbc15\",\"name\":\"Reporteros Hoy IM\",\"image\":{\"@type\":\"ImageObject\",\"inLanguage\":\"es\",\"@id\":\"https:\\\/\\\/secure.gravatar.com\\\/avatar\\\/d843030b96552826ac048bdfe26f2895604b800ed0c880ee55765a74d95dfc65?s=96&d=mm&r=g\",\"url\":\"https:\\\/\\\/secure.gravatar.com\\\/avatar\\\/d843030b96552826ac048bdfe26f2895604b800ed0c880ee55765a74d95dfc65?s=96&d=mm&r=g\",\"contentUrl\":\"https:\\\/\\\/secure.gravatar.com\\\/avatar\\\/d843030b96552826ac048bdfe26f2895604b800ed0c880ee55765a74d95dfc65?s=96&d=mm&r=g\",\"caption\":\"Reporteros Hoy IM\"},\"url\":\"https:\\\/\\\/reporteroshoy.mx\\\/noticias\\\/author\\\/israel\\\/\"}]}<\/script>\n<!-- \/ Yoast SEO plugin. -->","yoast_head_json":{"title":"Hallan cuerpo desnudo y sin vida en El Roble Agr\u00edcola","description":"Estaba en el interior de un veh\u00edculo Seat que estaba estacionado en esa colonia del sur de M\u00e9rida.","robots":{"index":"index","follow":"follow","max-snippet":"max-snippet:-1","max-image-preview":"max-image-preview:large","max-video-preview":"max-video-preview:-1"},"canonical":"https:\/\/reporteroshoy.mx\/noticias\/hallan-cuerpo-desnudo-y-sin-vida-en-el-roble-agricola\/","og_locale":"es_ES","og_type":"article","og_title":"Hallan cuerpo desnudo y sin vida en El Roble Agr\u00edcola","og_description":"Estaba en el interior de un veh\u00edculo Seat que estaba estacionado en esa colonia del sur de M\u00e9rida.","og_url":"https:\/\/reporteroshoy.mx\/noticias\/hallan-cuerpo-desnudo-y-sin-vida-en-el-roble-agricola\/","og_site_name":"Reporteros Hoy | Noticias de Yucat\u00e1n","article_publisher":"http:\/\/www.facebook.com\/reporteroshoymx","article_published_time":"2021-07-01T16:15:47+00:00","og_image":[{"width":768,"height":431,"url":"https:\/\/reporteroshoy.mx\/noticias\/wp-content\/uploads\/2021\/07\/EL-ROBLE_MUERTO_AUTO-3.jpeg","type":"image\/jpeg"}],"author":"Reporteros Hoy IM","twitter_card":"summary_large_image","twitter_creator":"@reporteroshoy","twitter_site":"@reporteroshoy","twitter_misc":{"Escrito por":"Reporteros Hoy IM","Tiempo de lectura":"2 minutos"},"schema":{"@context":"https:\/\/schema.org","@graph":[{"@type":"Article","@id":"https:\/\/reporteroshoy.mx\/noticias\/hallan-cuerpo-desnudo-y-sin-vida-en-el-roble-agricola\/#article","isPartOf":{"@id":"https:\/\/reporteroshoy.mx\/noticias\/hallan-cuerpo-desnudo-y-sin-vida-en-el-roble-agricola\/"},"author":{"name":"Reporteros Hoy IM","@id":"https:\/\/reporteroshoy.mx\/noticias\/#\/schema\/person\/948520f0d88b01be2e5266bc4acbbc15"},"headline":"Hallan cuerpo desnudo y sin vida en El Roble Agr\u00edcola","datePublished":"2021-07-01T16:15:47+00:00","mainEntityOfPage":{"@id":"https:\/\/reporteroshoy.mx\/noticias\/hallan-cuerpo-desnudo-y-sin-vida-en-el-roble-agricola\/"},"wordCount":225,"commentCount":0,"image":{"@id":"https:\/\/reporteroshoy.mx\/noticias\/hallan-cuerpo-desnudo-y-sin-vida-en-el-roble-agricola\/#primaryimage"},"thumbnailUrl":"https:\/\/reporteroshoy.mx\/noticias\/wp-content\/uploads\/2021\/07\/EL-ROBLE_MUERTO_AUTO-3.jpeg","keywords":["El Roble Agr\u00edcola","muerto","Seat"],"articleSection":["Notas"],"inLanguage":"es","potentialAction":[{"@type":"CommentAction","name":"Comment","target":["https:\/\/reporteroshoy.mx\/noticias\/hallan-cuerpo-desnudo-y-sin-vida-en-el-roble-agricola\/#respond"]}]},{"@type":"WebPage","@id":"https:\/\/reporteroshoy.mx\/noticias\/hallan-cuerpo-desnudo-y-sin-vida-en-el-roble-agricola\/","url":"https:\/\/reporteroshoy.mx\/noticias\/hallan-cuerpo-desnudo-y-sin-vida-en-el-roble-agricola\/","name":"Hallan cuerpo desnudo y sin vida en El Roble Agr\u00edcola","isPartOf":{"@id":"https:\/\/reporteroshoy.mx\/noticias\/#website"},"primaryImageOfPage":{"@id":"https:\/\/reporteroshoy.mx\/noticias\/hallan-cuerpo-desnudo-y-sin-vida-en-el-roble-agricola\/#primaryimage"},"image":{"@id":"https:\/\/reporteroshoy.mx\/noticias\/hallan-cuerpo-desnudo-y-sin-vida-en-el-roble-agricola\/#primaryimage"},"thumbnailUrl":"https:\/\/reporteroshoy.mx\/noticias\/wp-content\/uploads\/2021\/07\/EL-ROBLE_MUERTO_AUTO-3.jpeg","datePublished":"2021-07-01T16:15:47+00:00","author":{"@id":"https:\/\/reporteroshoy.mx\/noticias\/#\/schema\/person\/948520f0d88b01be2e5266bc4acbbc15"},"description":"Estaba en el interior de un veh\u00edculo Seat que estaba estacionado en esa colonia del sur de M\u00e9rida.","breadcrumb":{"@id":"https:\/\/reporteroshoy.mx\/noticias\/hallan-cuerpo-desnudo-y-sin-vida-en-el-roble-agricola\/#breadcrumb"},"inLanguage":"es","potentialAction":[{"@type":"ReadAction","target":["https:\/\/reporteroshoy.mx\/noticias\/hallan-cuerpo-desnudo-y-sin-vida-en-el-roble-agricola\/"]}]},{"@type":"ImageObject","inLanguage":"es","@id":"https:\/\/reporteroshoy.mx\/noticias\/hallan-cuerpo-desnudo-y-sin-vida-en-el-roble-agricola\/#primaryimage","url":"https:\/\/reporteroshoy.mx\/noticias\/wp-content\/uploads\/2021\/07\/EL-ROBLE_MUERTO_AUTO-3.jpeg","contentUrl":"https:\/\/reporteroshoy.mx\/noticias\/wp-content\/uploads\/2021\/07\/EL-ROBLE_MUERTO_AUTO-3.jpeg","width":768,"height":431},{"@type":"BreadcrumbList","@id":"https:\/\/reporteroshoy.mx\/noticias\/hallan-cuerpo-desnudo-y-sin-vida-en-el-roble-agricola\/#breadcrumb","itemListElement":[{"@type":"ListItem","position":1,"name":"Portada","item":"https:\/\/reporteroshoy.mx\/noticias\/"},{"@type":"ListItem","position":2,"name":"Hallan cuerpo desnudo y sin vida en El Roble Agr\u00edcola"}]},{"@type":"WebSite","@id":"https:\/\/reporteroshoy.mx\/noticias\/#website","url":"https:\/\/reporteroshoy.mx\/noticias\/","name":"Reporteros Hoy | Noticias de Yucat\u00e1n","description":"Peri\u00f3dico digital con noticias diarias desde M\u00e9rida, Yucat\u00e1n para el mundo.","potentialAction":[{"@type":"SearchAction","target":{"@type":"EntryPoint","urlTemplate":"https:\/\/reporteroshoy.mx\/noticias\/?s={search_term_string}"},"query-input":{"@type":"PropertyValueSpecification","valueRequired":true,"valueName":"search_term_string"}}],"inLanguage":"es"},{"@type":"Person","@id":"https:\/\/reporteroshoy.mx\/noticias\/#\/schema\/person\/948520f0d88b01be2e5266bc4acbbc15","name":"Reporteros Hoy IM","image":{"@type":"ImageObject","inLanguage":"es","@id":"https:\/\/secure.gravatar.com\/avatar\/d843030b96552826ac048bdfe26f2895604b800ed0c880ee55765a74d95dfc65?s=96&d=mm&r=g","url":"https:\/\/secure.gravatar.com\/avatar\/d843030b96552826ac048bdfe26f2895604b800ed0c880ee55765a74d95dfc65?s=96&d=mm&r=g","contentUrl":"https:\/\/secure.gravatar.com\/avatar\/d843030b96552826ac048bdfe26f2895604b800ed0c880ee55765a74d95dfc65?s=96&d=mm&r=g","caption":"Reporteros Hoy IM"},"url":"https:\/\/reporteroshoy.mx\/noticias\/author\/israel\/"}]}},"_links":{"self":[{"href":"https:\/\/reporteroshoy.mx\/noticias\/wp-json\/wp\/v2\/posts\/66642","targetHints":{"allow":["GET"]}}],"collection":[{"href":"https:\/\/reporteroshoy.mx\/noticias\/wp-json\/wp\/v2\/posts"}],"about":[{"href":"https:\/\/reporteroshoy.mx\/noticias\/wp-json\/wp\/v2\/types\/post"}],"author":[{"embeddable":true,"href":"https:\/\/reporteroshoy.mx\/noticias\/wp-json\/wp\/v2\/users\/5"}],"replies":[{"embeddable":true,"href":"https:\/\/reporteroshoy.mx\/noticias\/wp-json\/wp\/v2\/comments?post=66642"}],"version-history":[{"count":0,"href":"https:\/\/reporteroshoy.mx\/noticias\/wp-json\/wp\/v2\/posts\/66642\/revisions"}],"wp:featuredmedia":[{"embeddable":true,"href":"https:\/\/reporteroshoy.mx\/noticias\/wp-json\/wp\/v2\/media\/66644"}],"wp:attachment":[{"href":"https:\/\/reporteroshoy.mx\/noticias\/wp-json\/wp\/v2\/media?parent=66642"}],"wp:term":[{"taxonomy":"category","embeddable":true,"href":"https:\/\/reporteroshoy.mx\/noticias\/wp-json\/wp\/v2\/categories?post=66642"},{"taxonomy":"post_tag","embeddable":true,"href":"https:\/\/reporteroshoy.mx\/noticias\/wp-json\/wp\/v2\/tags?post=66642"}],"curies":[{"name":"wp","href":"https:\/\/api.w.org\/{rel}","templated":true}]}}