{"id":66887,"date":"2021-07-05T10:43:59","date_gmt":"2021-07-05T15:43:59","guid":{"rendered":"https:\/\/reporteroshoy.mx\/noticias\/?p=66887"},"modified":"2021-07-05T10:43:59","modified_gmt":"2021-07-05T15:43:59","slug":"grupo-armado-secuestra-a-140-estudiantes-en-nigeria","status":"publish","type":"post","link":"https:\/\/reporteroshoy.mx\/noticias\/grupo-armado-secuestra-a-140-estudiantes-en-nigeria\/","title":{"rendered":"Grupo armado secuestra a 140 estudiantes en Nigeria"},"content":{"rendered":"<p style=\"text-align: justify;\">Nigeria; 5 de julio de 2021 (Exc\u00e9lsior).- Hombres armados\u00a0atacaron en la noche del domingo una\u00a0escuela\u00a0del estado de\u00a0Kaduna, en el noroeste de\u00a0Nigeria, y\u00a0secuestraron\u00a0a\u00a0140 estudiantes, probablemente para exigir una\u00a0recompensa\u00a0a cambio, en el marco de una serie de\u00a0ataques\u00a0de este tipo.<\/p>\n<p style=\"text-align: justify;\">Un total de\u00a0156 estudiantes\u00a0dorm\u00edan en el\u00a0internado\u00a0del\u00a0colegio Bethel Secondary School, en la localidad de\u00a0Chikun, y los \u00abasaltantes\u00a0se llevaron a\u00a0140 estudiantes, y\u00a025 lograron escapar\u00bb, indic\u00f3 Emmanuel Paul, un\u00a0profesor\u00a0de la escuela.<\/p>\n<p style=\"text-align: justify;\">\u00abLos hombres armados treparon la verja para entrar en la escuela. Todo indica que llegaron a pie\u00bb, estim\u00f3.<\/p>\n<p style=\"text-align: justify;\">Se trata del tercer ataque importante perpetrado en Kaduna en los \u00faltimos tres d\u00edas.<\/p>\n<p><img loading=\"lazy\" decoding=\"async\" class=\"wp-image-66888 aligncenter\" src=\"https:\/\/reporteroshoy.mx\/noticias\/wp-content\/uploads\/2021\/07\/Nigeria.jpg\" alt=\"\" width=\"598\" height=\"337\" \/><\/p>\n<h4 style=\"text-align: justify;\"><strong>&#8216;Bandidos&#8217; al acecho<\/strong><\/h4>\n<p style=\"text-align: justify;\">El domingo, al menos ocho empleados de un hospital de ese estado fueron secuestrados, seg\u00fan la polic\u00eda, a pesar de que seg\u00fan fuentes locales afirman que fueron 15 los secuestrados.<\/p>\n<p style=\"text-align: justify;\">Siete personas murieron en ataques el domingo por la noche en localidades vecinas, indic\u00f3 Samuel Aruwan, encargado de seguridad del gobierno de Kaduna.<\/p>\n<p style=\"text-align: justify;\">Grupos criminales que las autoridades denominan \u00abbandidos\u00bb aterrorizan las poblaciones del noroeste y centro de Nigeria.<\/p>\n<p style=\"text-align: justify;\">Atacan poblados, roban ganado y secuestran a personalidades locales o viajeros para cobrar rescate.<\/p>\n<p style=\"text-align: justify;\">Operan desde campamentos situados en el bosque de Rugu, que se extiende por los estados nigerianos de Zamfara, Katsina y Kaduna, as\u00ed como por N\u00edger.<\/p>\n<p style=\"text-align: justify;\">Aunque act\u00faan impulsados por el af\u00e1n de lucro, algunos son allegados a grupos yihadistas presentes en el noreste de Nigeria, a cientos de kil\u00f3metros de distancia.<\/p>\n","protected":false},"excerpt":{"rendered":"<p>Hombres armados irrumpieron en un internado en Kaduna y secuestran a 140 estudiantes, probablemente para exigir una recompensa a cambio.<\/p>\n","protected":false},"author":9,"featured_media":66888,"comment_status":"open","ping_status":"closed","sticky":false,"template":"","format":"standard","meta":{"footnotes":""},"categories":[10],"tags":[1080,1092,3117],"class_list":["post-66887","post","type-post","status-publish","format-standard","has-post-thumbnail","hentry","category-internacional","tag-estudiantes","tag-nigeria","tag-secuestro"],"yoast_head":"<!-- This site is optimized with the Yoast SEO plugin v28.3 - https:\/\/yoast.com\/product\/yoast-seo-wordpress\/ -->\n<title>Grupo armado secuestra a 140 estudiantes en Nigeria<\/title>\n<meta name=\"description\" content=\"Hombres armados irrumpieron en un internado en Kaduna y secuestran a 140 estudiantes, probablemente para exigir una recompensa a cambio.\" \/>\n<meta name=\"robots\" content=\"index, follow, max-snippet:-1, max-image-preview:large, max-video-preview:-1\" \/>\n<link rel=\"canonical\" href=\"https:\/\/reporteroshoy.mx\/noticias\/grupo-armado-secuestra-a-140-estudiantes-en-nigeria\/\" \/>\n<meta property=\"og:locale\" content=\"es_ES\" \/>\n<meta property=\"og:type\" content=\"article\" \/>\n<meta property=\"og:title\" content=\"Grupo armado secuestra a 140 estudiantes en Nigeria\" \/>\n<meta property=\"og:description\" content=\"Hombres armados irrumpieron en un internado en Kaduna y secuestran a 140 estudiantes, probablemente para exigir una recompensa a cambio.\" \/>\n<meta property=\"og:url\" content=\"https:\/\/reporteroshoy.mx\/noticias\/grupo-armado-secuestra-a-140-estudiantes-en-nigeria\/\" \/>\n<meta property=\"og:site_name\" content=\"Reporteros Hoy | Noticias de Yucat\u00e1n\" \/>\n<meta property=\"article:publisher\" content=\"http:\/\/www.facebook.com\/reporteroshoymx\" \/>\n<meta property=\"article:published_time\" content=\"2021-07-05T15:43:59+00:00\" \/>\n<meta property=\"og:image\" content=\"https:\/\/reporteroshoy.mx\/noticias\/wp-content\/uploads\/2021\/07\/Nigeria.jpg\" \/>\n\t<meta property=\"og:image:width\" content=\"768\" \/>\n\t<meta property=\"og:image:height\" content=\"432\" \/>\n\t<meta property=\"og:image:type\" content=\"image\/jpeg\" \/>\n<meta name=\"author\" content=\"Reporteros Hoy WP\" \/>\n<meta name=\"twitter:card\" content=\"summary_large_image\" \/>\n<meta name=\"twitter:creator\" content=\"@reporteroshoy\" \/>\n<meta name=\"twitter:site\" content=\"@reporteroshoy\" \/>\n<meta name=\"twitter:label1\" content=\"Escrito por\" \/>\n\t<meta name=\"twitter:data1\" content=\"Reporteros Hoy WP\" \/>\n\t<meta name=\"twitter:label2\" content=\"Tiempo de lectura\" \/>\n\t<meta name=\"twitter:data2\" content=\"2 minutos\" \/>\n<script type=\"application\/ld+json\" class=\"yoast-schema-graph\">{\"@context\":\"https:\\\/\\\/schema.org\",\"@graph\":[{\"@type\":\"Article\",\"@id\":\"https:\\\/\\\/reporteroshoy.mx\\\/noticias\\\/grupo-armado-secuestra-a-140-estudiantes-en-nigeria\\\/#article\",\"isPartOf\":{\"@id\":\"https:\\\/\\\/reporteroshoy.mx\\\/noticias\\\/grupo-armado-secuestra-a-140-estudiantes-en-nigeria\\\/\"},\"author\":{\"name\":\"Reporteros Hoy WP\",\"@id\":\"https:\\\/\\\/reporteroshoy.mx\\\/noticias\\\/#\\\/schema\\\/person\\\/c977527e57c958a62c5cefe8fe47876e\"},\"headline\":\"Grupo armado secuestra a 140 estudiantes en Nigeria\",\"datePublished\":\"2021-07-05T15:43:59+00:00\",\"mainEntityOfPage\":{\"@id\":\"https:\\\/\\\/reporteroshoy.mx\\\/noticias\\\/grupo-armado-secuestra-a-140-estudiantes-en-nigeria\\\/\"},\"wordCount\":268,\"commentCount\":0,\"image\":{\"@id\":\"https:\\\/\\\/reporteroshoy.mx\\\/noticias\\\/grupo-armado-secuestra-a-140-estudiantes-en-nigeria\\\/#primaryimage\"},\"thumbnailUrl\":\"https:\\\/\\\/reporteroshoy.mx\\\/noticias\\\/wp-content\\\/uploads\\\/2021\\\/07\\\/Nigeria.jpg\",\"keywords\":[\"Estudiantes\",\"Nigeria\",\"Secuestro\"],\"articleSection\":[\"Internacional\"],\"inLanguage\":\"es\",\"potentialAction\":[{\"@type\":\"CommentAction\",\"name\":\"Comment\",\"target\":[\"https:\\\/\\\/reporteroshoy.mx\\\/noticias\\\/grupo-armado-secuestra-a-140-estudiantes-en-nigeria\\\/#respond\"]}]},{\"@type\":\"WebPage\",\"@id\":\"https:\\\/\\\/reporteroshoy.mx\\\/noticias\\\/grupo-armado-secuestra-a-140-estudiantes-en-nigeria\\\/\",\"url\":\"https:\\\/\\\/reporteroshoy.mx\\\/noticias\\\/grupo-armado-secuestra-a-140-estudiantes-en-nigeria\\\/\",\"name\":\"Grupo armado secuestra a 140 estudiantes en Nigeria\",\"isPartOf\":{\"@id\":\"https:\\\/\\\/reporteroshoy.mx\\\/noticias\\\/#website\"},\"primaryImageOfPage\":{\"@id\":\"https:\\\/\\\/reporteroshoy.mx\\\/noticias\\\/grupo-armado-secuestra-a-140-estudiantes-en-nigeria\\\/#primaryimage\"},\"image\":{\"@id\":\"https:\\\/\\\/reporteroshoy.mx\\\/noticias\\\/grupo-armado-secuestra-a-140-estudiantes-en-nigeria\\\/#primaryimage\"},\"thumbnailUrl\":\"https:\\\/\\\/reporteroshoy.mx\\\/noticias\\\/wp-content\\\/uploads\\\/2021\\\/07\\\/Nigeria.jpg\",\"datePublished\":\"2021-07-05T15:43:59+00:00\",\"author\":{\"@id\":\"https:\\\/\\\/reporteroshoy.mx\\\/noticias\\\/#\\\/schema\\\/person\\\/c977527e57c958a62c5cefe8fe47876e\"},\"description\":\"Hombres armados irrumpieron en un internado en Kaduna y secuestran a 140 estudiantes, probablemente para exigir una recompensa a cambio.\",\"breadcrumb\":{\"@id\":\"https:\\\/\\\/reporteroshoy.mx\\\/noticias\\\/grupo-armado-secuestra-a-140-estudiantes-en-nigeria\\\/#breadcrumb\"},\"inLanguage\":\"es\",\"potentialAction\":[{\"@type\":\"ReadAction\",\"target\":[\"https:\\\/\\\/reporteroshoy.mx\\\/noticias\\\/grupo-armado-secuestra-a-140-estudiantes-en-nigeria\\\/\"]}]},{\"@type\":\"ImageObject\",\"inLanguage\":\"es\",\"@id\":\"https:\\\/\\\/reporteroshoy.mx\\\/noticias\\\/grupo-armado-secuestra-a-140-estudiantes-en-nigeria\\\/#primaryimage\",\"url\":\"https:\\\/\\\/reporteroshoy.mx\\\/noticias\\\/wp-content\\\/uploads\\\/2021\\\/07\\\/Nigeria.jpg\",\"contentUrl\":\"https:\\\/\\\/reporteroshoy.mx\\\/noticias\\\/wp-content\\\/uploads\\\/2021\\\/07\\\/Nigeria.jpg\",\"width\":768,\"height\":432},{\"@type\":\"BreadcrumbList\",\"@id\":\"https:\\\/\\\/reporteroshoy.mx\\\/noticias\\\/grupo-armado-secuestra-a-140-estudiantes-en-nigeria\\\/#breadcrumb\",\"itemListElement\":[{\"@type\":\"ListItem\",\"position\":1,\"name\":\"Portada\",\"item\":\"https:\\\/\\\/reporteroshoy.mx\\\/noticias\\\/\"},{\"@type\":\"ListItem\",\"position\":2,\"name\":\"Grupo armado secuestra a 140 estudiantes en Nigeria\"}]},{\"@type\":\"WebSite\",\"@id\":\"https:\\\/\\\/reporteroshoy.mx\\\/noticias\\\/#website\",\"url\":\"https:\\\/\\\/reporteroshoy.mx\\\/noticias\\\/\",\"name\":\"Reporteros Hoy | Noticias de Yucat\u00e1n\",\"description\":\"Peri\u00f3dico digital con noticias diarias desde M\u00e9rida, Yucat\u00e1n para el mundo.\",\"potentialAction\":[{\"@type\":\"SearchAction\",\"target\":{\"@type\":\"EntryPoint\",\"urlTemplate\":\"https:\\\/\\\/reporteroshoy.mx\\\/noticias\\\/?s={search_term_string}\"},\"query-input\":{\"@type\":\"PropertyValueSpecification\",\"valueRequired\":true,\"valueName\":\"search_term_string\"}}],\"inLanguage\":\"es\"},{\"@type\":\"Person\",\"@id\":\"https:\\\/\\\/reporteroshoy.mx\\\/noticias\\\/#\\\/schema\\\/person\\\/c977527e57c958a62c5cefe8fe47876e\",\"name\":\"Reporteros Hoy WP\",\"image\":{\"@type\":\"ImageObject\",\"inLanguage\":\"es\",\"@id\":\"https:\\\/\\\/secure.gravatar.com\\\/avatar\\\/fd2917f79a7dae30f8ac9ddc2f35e1756bb59e25e01d1cd09deaa64df7b2f73e?s=96&d=mm&r=g\",\"url\":\"https:\\\/\\\/secure.gravatar.com\\\/avatar\\\/fd2917f79a7dae30f8ac9ddc2f35e1756bb59e25e01d1cd09deaa64df7b2f73e?s=96&d=mm&r=g\",\"contentUrl\":\"https:\\\/\\\/secure.gravatar.com\\\/avatar\\\/fd2917f79a7dae30f8ac9ddc2f35e1756bb59e25e01d1cd09deaa64df7b2f73e?s=96&d=mm&r=g\",\"caption\":\"Reporteros Hoy WP\"},\"url\":\"https:\\\/\\\/reporteroshoy.mx\\\/noticias\\\/author\\\/walfer\\\/\"}]}<\/script>\n<!-- \/ Yoast SEO plugin. -->","yoast_head_json":{"title":"Grupo armado secuestra a 140 estudiantes en Nigeria","description":"Hombres armados irrumpieron en un internado en Kaduna y secuestran a 140 estudiantes, probablemente para exigir una recompensa a cambio.","robots":{"index":"index","follow":"follow","max-snippet":"max-snippet:-1","max-image-preview":"max-image-preview:large","max-video-preview":"max-video-preview:-1"},"canonical":"https:\/\/reporteroshoy.mx\/noticias\/grupo-armado-secuestra-a-140-estudiantes-en-nigeria\/","og_locale":"es_ES","og_type":"article","og_title":"Grupo armado secuestra a 140 estudiantes en Nigeria","og_description":"Hombres armados irrumpieron en un internado en Kaduna y secuestran a 140 estudiantes, probablemente para exigir una recompensa a cambio.","og_url":"https:\/\/reporteroshoy.mx\/noticias\/grupo-armado-secuestra-a-140-estudiantes-en-nigeria\/","og_site_name":"Reporteros Hoy | Noticias de Yucat\u00e1n","article_publisher":"http:\/\/www.facebook.com\/reporteroshoymx","article_published_time":"2021-07-05T15:43:59+00:00","og_image":[{"width":768,"height":432,"url":"https:\/\/reporteroshoy.mx\/noticias\/wp-content\/uploads\/2021\/07\/Nigeria.jpg","type":"image\/jpeg"}],"author":"Reporteros Hoy WP","twitter_card":"summary_large_image","twitter_creator":"@reporteroshoy","twitter_site":"@reporteroshoy","twitter_misc":{"Escrito por":"Reporteros Hoy WP","Tiempo de lectura":"2 minutos"},"schema":{"@context":"https:\/\/schema.org","@graph":[{"@type":"Article","@id":"https:\/\/reporteroshoy.mx\/noticias\/grupo-armado-secuestra-a-140-estudiantes-en-nigeria\/#article","isPartOf":{"@id":"https:\/\/reporteroshoy.mx\/noticias\/grupo-armado-secuestra-a-140-estudiantes-en-nigeria\/"},"author":{"name":"Reporteros Hoy WP","@id":"https:\/\/reporteroshoy.mx\/noticias\/#\/schema\/person\/c977527e57c958a62c5cefe8fe47876e"},"headline":"Grupo armado secuestra a 140 estudiantes en Nigeria","datePublished":"2021-07-05T15:43:59+00:00","mainEntityOfPage":{"@id":"https:\/\/reporteroshoy.mx\/noticias\/grupo-armado-secuestra-a-140-estudiantes-en-nigeria\/"},"wordCount":268,"commentCount":0,"image":{"@id":"https:\/\/reporteroshoy.mx\/noticias\/grupo-armado-secuestra-a-140-estudiantes-en-nigeria\/#primaryimage"},"thumbnailUrl":"https:\/\/reporteroshoy.mx\/noticias\/wp-content\/uploads\/2021\/07\/Nigeria.jpg","keywords":["Estudiantes","Nigeria","Secuestro"],"articleSection":["Internacional"],"inLanguage":"es","potentialAction":[{"@type":"CommentAction","name":"Comment","target":["https:\/\/reporteroshoy.mx\/noticias\/grupo-armado-secuestra-a-140-estudiantes-en-nigeria\/#respond"]}]},{"@type":"WebPage","@id":"https:\/\/reporteroshoy.mx\/noticias\/grupo-armado-secuestra-a-140-estudiantes-en-nigeria\/","url":"https:\/\/reporteroshoy.mx\/noticias\/grupo-armado-secuestra-a-140-estudiantes-en-nigeria\/","name":"Grupo armado secuestra a 140 estudiantes en Nigeria","isPartOf":{"@id":"https:\/\/reporteroshoy.mx\/noticias\/#website"},"primaryImageOfPage":{"@id":"https:\/\/reporteroshoy.mx\/noticias\/grupo-armado-secuestra-a-140-estudiantes-en-nigeria\/#primaryimage"},"image":{"@id":"https:\/\/reporteroshoy.mx\/noticias\/grupo-armado-secuestra-a-140-estudiantes-en-nigeria\/#primaryimage"},"thumbnailUrl":"https:\/\/reporteroshoy.mx\/noticias\/wp-content\/uploads\/2021\/07\/Nigeria.jpg","datePublished":"2021-07-05T15:43:59+00:00","author":{"@id":"https:\/\/reporteroshoy.mx\/noticias\/#\/schema\/person\/c977527e57c958a62c5cefe8fe47876e"},"description":"Hombres armados irrumpieron en un internado en Kaduna y secuestran a 140 estudiantes, probablemente para exigir una recompensa a cambio.","breadcrumb":{"@id":"https:\/\/reporteroshoy.mx\/noticias\/grupo-armado-secuestra-a-140-estudiantes-en-nigeria\/#breadcrumb"},"inLanguage":"es","potentialAction":[{"@type":"ReadAction","target":["https:\/\/reporteroshoy.mx\/noticias\/grupo-armado-secuestra-a-140-estudiantes-en-nigeria\/"]}]},{"@type":"ImageObject","inLanguage":"es","@id":"https:\/\/reporteroshoy.mx\/noticias\/grupo-armado-secuestra-a-140-estudiantes-en-nigeria\/#primaryimage","url":"https:\/\/reporteroshoy.mx\/noticias\/wp-content\/uploads\/2021\/07\/Nigeria.jpg","contentUrl":"https:\/\/reporteroshoy.mx\/noticias\/wp-content\/uploads\/2021\/07\/Nigeria.jpg","width":768,"height":432},{"@type":"BreadcrumbList","@id":"https:\/\/reporteroshoy.mx\/noticias\/grupo-armado-secuestra-a-140-estudiantes-en-nigeria\/#breadcrumb","itemListElement":[{"@type":"ListItem","position":1,"name":"Portada","item":"https:\/\/reporteroshoy.mx\/noticias\/"},{"@type":"ListItem","position":2,"name":"Grupo armado secuestra a 140 estudiantes en Nigeria"}]},{"@type":"WebSite","@id":"https:\/\/reporteroshoy.mx\/noticias\/#website","url":"https:\/\/reporteroshoy.mx\/noticias\/","name":"Reporteros Hoy | Noticias de Yucat\u00e1n","description":"Peri\u00f3dico digital con noticias diarias desde M\u00e9rida, Yucat\u00e1n para el mundo.","potentialAction":[{"@type":"SearchAction","target":{"@type":"EntryPoint","urlTemplate":"https:\/\/reporteroshoy.mx\/noticias\/?s={search_term_string}"},"query-input":{"@type":"PropertyValueSpecification","valueRequired":true,"valueName":"search_term_string"}}],"inLanguage":"es"},{"@type":"Person","@id":"https:\/\/reporteroshoy.mx\/noticias\/#\/schema\/person\/c977527e57c958a62c5cefe8fe47876e","name":"Reporteros Hoy WP","image":{"@type":"ImageObject","inLanguage":"es","@id":"https:\/\/secure.gravatar.com\/avatar\/fd2917f79a7dae30f8ac9ddc2f35e1756bb59e25e01d1cd09deaa64df7b2f73e?s=96&d=mm&r=g","url":"https:\/\/secure.gravatar.com\/avatar\/fd2917f79a7dae30f8ac9ddc2f35e1756bb59e25e01d1cd09deaa64df7b2f73e?s=96&d=mm&r=g","contentUrl":"https:\/\/secure.gravatar.com\/avatar\/fd2917f79a7dae30f8ac9ddc2f35e1756bb59e25e01d1cd09deaa64df7b2f73e?s=96&d=mm&r=g","caption":"Reporteros Hoy WP"},"url":"https:\/\/reporteroshoy.mx\/noticias\/author\/walfer\/"}]}},"_links":{"self":[{"href":"https:\/\/reporteroshoy.mx\/noticias\/wp-json\/wp\/v2\/posts\/66887","targetHints":{"allow":["GET"]}}],"collection":[{"href":"https:\/\/reporteroshoy.mx\/noticias\/wp-json\/wp\/v2\/posts"}],"about":[{"href":"https:\/\/reporteroshoy.mx\/noticias\/wp-json\/wp\/v2\/types\/post"}],"author":[{"embeddable":true,"href":"https:\/\/reporteroshoy.mx\/noticias\/wp-json\/wp\/v2\/users\/9"}],"replies":[{"embeddable":true,"href":"https:\/\/reporteroshoy.mx\/noticias\/wp-json\/wp\/v2\/comments?post=66887"}],"version-history":[{"count":0,"href":"https:\/\/reporteroshoy.mx\/noticias\/wp-json\/wp\/v2\/posts\/66887\/revisions"}],"wp:featuredmedia":[{"embeddable":true,"href":"https:\/\/reporteroshoy.mx\/noticias\/wp-json\/wp\/v2\/media\/66888"}],"wp:attachment":[{"href":"https:\/\/reporteroshoy.mx\/noticias\/wp-json\/wp\/v2\/media?parent=66887"}],"wp:term":[{"taxonomy":"category","embeddable":true,"href":"https:\/\/reporteroshoy.mx\/noticias\/wp-json\/wp\/v2\/categories?post=66887"},{"taxonomy":"post_tag","embeddable":true,"href":"https:\/\/reporteroshoy.mx\/noticias\/wp-json\/wp\/v2\/tags?post=66887"}],"curies":[{"name":"wp","href":"https:\/\/api.w.org\/{rel}","templated":true}]}}