{"id":66891,"date":"2021-07-05T11:04:19","date_gmt":"2021-07-05T16:04:19","guid":{"rendered":"https:\/\/reporteroshoy.mx\/noticias\/?p=66891"},"modified":"2021-07-05T11:04:19","modified_gmt":"2021-07-05T16:04:19","slug":"proximo-candidato-presidencial-por-morena-lo-decidira-el-pueblo-amlo","status":"publish","type":"post","link":"https:\/\/reporteroshoy.mx\/noticias\/proximo-candidato-presidencial-por-morena-lo-decidira-el-pueblo-amlo\/","title":{"rendered":"Pr\u00f3ximo candidato presidencial por Morena lo decidir\u00e1 el pueblo: AMLO"},"content":{"rendered":"<p style=\"text-align: justify;\">Ciudad de M\u00e9xico; 5 de julio de 2021 (adn40).- El presidente Andr\u00e9s Manuel L\u00f3pez Obrador (AMLO) asegur\u00f3 que ser\u00e1 la ciudadan\u00eda quien defina al futuro candidato presidencial de Morena y que en ese movimiento hay al menos cinco posibles abanderados, toda vez que asegur\u00f3 que est\u00e1 garantizado el relevo generacional.<\/p>\n<p style=\"text-align: justify;\">A pregunta expresa, AMLO reconoci\u00f3 que del lado liberal hay muchos que pueden sustituirlo, por lo que mencion\u00f3 a Claudia Sheinbaum, Marcelo Ebrard, Juan Ram\u00f3n de la Fuente, Esteban Moctezuma, Roc\u00edo Nahle y Tatiana Clouthier.<\/p>\n<p style=\"text-align: justify;\">En este sentido, dijo no preocuparle quien pueda sustituirlo, aunque antes de ello, debe someterse a la consulta de revocaci\u00f3n de mandato en marzo, en la que la gente decidir\u00e1 si contin\u00faa o no a terminar su mandato.<\/p>\n<p style=\"text-align: justify;\">Aunado a ello reconoci\u00f3 que lo \u00fanico que le preocupa es lo que diga la ciencia y el creador para poder terminar su mandato en septiembre el 2024, toda que despu\u00e9s de ello se jubilar\u00e1 de la pol\u00edtica y no volver\u00e1 a participar.<\/p>\n<p style=\"text-align: justify;\">Esto, dado que reconoci\u00f3 que es el presidente constitucional con m\u00e1s edad, de ah\u00ed que no piensa en una reelecci\u00f3n futura, toda vez que sus principios no se lo permitir\u00e1n.<\/p>\n<p><img loading=\"lazy\" decoding=\"async\" class=\"wp-image-66892 aligncenter\" src=\"https:\/\/reporteroshoy.mx\/noticias\/wp-content\/uploads\/2021\/07\/AMLO-1.jpg\" alt=\"\" width=\"600\" height=\"338\" \/><\/p>\n<div style=\"text-align: justify;\">\n<div>\n<h4><strong>AMLO califica de \u201ccara dura\u201d a quienes lo denunciaron ante la OEA<\/strong><\/h4>\n<\/div>\n<\/div>\n<p style=\"text-align: justify;\">AMLO, llam\u00f3 \u201ccara dura\u201d a los integrantes de la coalici\u00f3n PAN-PRI-PRD que lo denunciaron ante la OEA por la presunta intervenci\u00f3n del crimen organizado en las pasadas elecciones.<\/p>\n<p style=\"text-align: justify;\">A su decir, solo buscan propaganda o publicidad \u201ccuando hablan de que el gobierna el narco el pa\u00eds a lo mejor estaban refiri\u00e9ndose a lo que suced\u00eda antes donde la delincuencia organizada y se cuello blanco era lo mismo\u201d<\/p>\n<p style=\"text-align: justify;\">En este sentido, AMLO asegur\u00f3 que su estrategia de combate a la violencia consiste en atacar las causas que la originan avanza poco pero de manera efectiva, toda vez que rechaz\u00f3 ser culpable de los enfrentamientos que hay entre bandas del crimen organizado.<\/p>\n","protected":false},"excerpt":{"rendered":"<p>Hay muchos que pueden sustituirlo, como Claudia Sheinbaum, Marcelo Ebrard, Juan Ram\u00f3n de la Fuente, Esteban Moctezuma, Roc\u00edo Nahle y Tatiana Clouthier.<\/p>\n","protected":false},"author":9,"featured_media":66892,"comment_status":"open","ping_status":"closed","sticky":false,"template":"","format":"standard","meta":{"footnotes":""},"categories":[9],"tags":[537,18207,1521],"class_list":["post-66891","post","type-post","status-publish","format-standard","has-post-thumbnail","hentry","category-mexico","tag-amlo","tag-candidato-presidencial","tag-morena"],"yoast_head":"<!-- This site is optimized with the Yoast SEO plugin v28.4 - https:\/\/yoast.com\/product\/yoast-seo-wordpress\/ -->\n<title>Pr\u00f3ximo candidato presidencial por Morena lo decidir\u00e1 el pueblo: AMLO<\/title>\n<meta name=\"description\" content=\"Hay muchos que pueden sustituirlo, como Claudia Sheinbaum, Marcelo Ebrard, Juan Ram\u00f3n de la Fuente, Esteban Moctezuma, Roc\u00edo Nahle y Tatiana Clouthier.\" \/>\n<meta name=\"robots\" content=\"index, follow, max-snippet:-1, max-image-preview:large, max-video-preview:-1\" \/>\n<link rel=\"canonical\" href=\"https:\/\/reporteroshoy.mx\/noticias\/proximo-candidato-presidencial-por-morena-lo-decidira-el-pueblo-amlo\/\" \/>\n<meta property=\"og:locale\" content=\"es_ES\" \/>\n<meta property=\"og:type\" content=\"article\" \/>\n<meta property=\"og:title\" content=\"Pr\u00f3ximo candidato presidencial por Morena lo decidir\u00e1 el pueblo: AMLO\" \/>\n<meta property=\"og:description\" content=\"Hay muchos que pueden sustituirlo, como Claudia Sheinbaum, Marcelo Ebrard, Juan Ram\u00f3n de la Fuente, Esteban Moctezuma, Roc\u00edo Nahle y Tatiana Clouthier.\" \/>\n<meta property=\"og:url\" content=\"https:\/\/reporteroshoy.mx\/noticias\/proximo-candidato-presidencial-por-morena-lo-decidira-el-pueblo-amlo\/\" \/>\n<meta property=\"og:site_name\" content=\"Reporteros Hoy | Noticias de Yucat\u00e1n\" \/>\n<meta property=\"article:publisher\" content=\"http:\/\/www.facebook.com\/reporteroshoymx\" \/>\n<meta property=\"article:published_time\" content=\"2021-07-05T16:04:19+00:00\" \/>\n<meta property=\"og:image\" content=\"https:\/\/reporteroshoy.mx\/noticias\/wp-content\/uploads\/2021\/07\/AMLO-1.jpg\" \/>\n\t<meta property=\"og:image:width\" content=\"768\" \/>\n\t<meta property=\"og:image:height\" content=\"432\" \/>\n\t<meta property=\"og:image:type\" content=\"image\/jpeg\" \/>\n<meta name=\"author\" content=\"Reporteros Hoy WP\" \/>\n<meta name=\"twitter:card\" content=\"summary_large_image\" \/>\n<meta name=\"twitter:creator\" content=\"@reporteroshoy\" \/>\n<meta name=\"twitter:site\" content=\"@reporteroshoy\" \/>\n<meta name=\"twitter:label1\" content=\"Escrito por\" \/>\n\t<meta name=\"twitter:data1\" content=\"Reporteros Hoy WP\" \/>\n\t<meta name=\"twitter:label2\" content=\"Tiempo de lectura\" \/>\n\t<meta name=\"twitter:data2\" content=\"2 minutos\" \/>\n<script type=\"application\/ld+json\" class=\"yoast-schema-graph\">{\"@context\":\"https:\\\/\\\/schema.org\",\"@graph\":[{\"@type\":\"Article\",\"@id\":\"https:\\\/\\\/reporteroshoy.mx\\\/noticias\\\/proximo-candidato-presidencial-por-morena-lo-decidira-el-pueblo-amlo\\\/#article\",\"isPartOf\":{\"@id\":\"https:\\\/\\\/reporteroshoy.mx\\\/noticias\\\/proximo-candidato-presidencial-por-morena-lo-decidira-el-pueblo-amlo\\\/\"},\"author\":{\"name\":\"Reporteros Hoy WP\",\"@id\":\"https:\\\/\\\/reporteroshoy.mx\\\/noticias\\\/#\\\/schema\\\/person\\\/c977527e57c958a62c5cefe8fe47876e\"},\"headline\":\"Pr\u00f3ximo candidato presidencial por Morena lo decidir\u00e1 el pueblo: AMLO\",\"datePublished\":\"2021-07-05T16:04:19+00:00\",\"mainEntityOfPage\":{\"@id\":\"https:\\\/\\\/reporteroshoy.mx\\\/noticias\\\/proximo-candidato-presidencial-por-morena-lo-decidira-el-pueblo-amlo\\\/\"},\"wordCount\":345,\"commentCount\":0,\"image\":{\"@id\":\"https:\\\/\\\/reporteroshoy.mx\\\/noticias\\\/proximo-candidato-presidencial-por-morena-lo-decidira-el-pueblo-amlo\\\/#primaryimage\"},\"thumbnailUrl\":\"https:\\\/\\\/reporteroshoy.mx\\\/noticias\\\/wp-content\\\/uploads\\\/2021\\\/07\\\/AMLO-1.jpg\",\"keywords\":[\"AMLO\",\"Candidato presidencial\",\"morena\"],\"articleSection\":[\"M\u00e9xico\"],\"inLanguage\":\"es\",\"potentialAction\":[{\"@type\":\"CommentAction\",\"name\":\"Comment\",\"target\":[\"https:\\\/\\\/reporteroshoy.mx\\\/noticias\\\/proximo-candidato-presidencial-por-morena-lo-decidira-el-pueblo-amlo\\\/#respond\"]}]},{\"@type\":\"WebPage\",\"@id\":\"https:\\\/\\\/reporteroshoy.mx\\\/noticias\\\/proximo-candidato-presidencial-por-morena-lo-decidira-el-pueblo-amlo\\\/\",\"url\":\"https:\\\/\\\/reporteroshoy.mx\\\/noticias\\\/proximo-candidato-presidencial-por-morena-lo-decidira-el-pueblo-amlo\\\/\",\"name\":\"Pr\u00f3ximo candidato presidencial por Morena lo decidir\u00e1 el pueblo: AMLO\",\"isPartOf\":{\"@id\":\"https:\\\/\\\/reporteroshoy.mx\\\/noticias\\\/#website\"},\"primaryImageOfPage\":{\"@id\":\"https:\\\/\\\/reporteroshoy.mx\\\/noticias\\\/proximo-candidato-presidencial-por-morena-lo-decidira-el-pueblo-amlo\\\/#primaryimage\"},\"image\":{\"@id\":\"https:\\\/\\\/reporteroshoy.mx\\\/noticias\\\/proximo-candidato-presidencial-por-morena-lo-decidira-el-pueblo-amlo\\\/#primaryimage\"},\"thumbnailUrl\":\"https:\\\/\\\/reporteroshoy.mx\\\/noticias\\\/wp-content\\\/uploads\\\/2021\\\/07\\\/AMLO-1.jpg\",\"datePublished\":\"2021-07-05T16:04:19+00:00\",\"author\":{\"@id\":\"https:\\\/\\\/reporteroshoy.mx\\\/noticias\\\/#\\\/schema\\\/person\\\/c977527e57c958a62c5cefe8fe47876e\"},\"description\":\"Hay muchos que pueden sustituirlo, como Claudia Sheinbaum, Marcelo Ebrard, Juan Ram\u00f3n de la Fuente, Esteban Moctezuma, Roc\u00edo Nahle y Tatiana Clouthier.\",\"breadcrumb\":{\"@id\":\"https:\\\/\\\/reporteroshoy.mx\\\/noticias\\\/proximo-candidato-presidencial-por-morena-lo-decidira-el-pueblo-amlo\\\/#breadcrumb\"},\"inLanguage\":\"es\",\"potentialAction\":[{\"@type\":\"ReadAction\",\"target\":[\"https:\\\/\\\/reporteroshoy.mx\\\/noticias\\\/proximo-candidato-presidencial-por-morena-lo-decidira-el-pueblo-amlo\\\/\"]}]},{\"@type\":\"ImageObject\",\"inLanguage\":\"es\",\"@id\":\"https:\\\/\\\/reporteroshoy.mx\\\/noticias\\\/proximo-candidato-presidencial-por-morena-lo-decidira-el-pueblo-amlo\\\/#primaryimage\",\"url\":\"https:\\\/\\\/reporteroshoy.mx\\\/noticias\\\/wp-content\\\/uploads\\\/2021\\\/07\\\/AMLO-1.jpg\",\"contentUrl\":\"https:\\\/\\\/reporteroshoy.mx\\\/noticias\\\/wp-content\\\/uploads\\\/2021\\\/07\\\/AMLO-1.jpg\",\"width\":768,\"height\":432},{\"@type\":\"BreadcrumbList\",\"@id\":\"https:\\\/\\\/reporteroshoy.mx\\\/noticias\\\/proximo-candidato-presidencial-por-morena-lo-decidira-el-pueblo-amlo\\\/#breadcrumb\",\"itemListElement\":[{\"@type\":\"ListItem\",\"position\":1,\"name\":\"Portada\",\"item\":\"https:\\\/\\\/reporteroshoy.mx\\\/noticias\\\/\"},{\"@type\":\"ListItem\",\"position\":2,\"name\":\"Pr\u00f3ximo candidato presidencial por Morena lo decidir\u00e1 el pueblo: AMLO\"}]},{\"@type\":\"WebSite\",\"@id\":\"https:\\\/\\\/reporteroshoy.mx\\\/noticias\\\/#website\",\"url\":\"https:\\\/\\\/reporteroshoy.mx\\\/noticias\\\/\",\"name\":\"Reporteros Hoy | Noticias de Yucat\u00e1n\",\"description\":\"Peri\u00f3dico digital con noticias diarias desde M\u00e9rida, Yucat\u00e1n para el mundo.\",\"potentialAction\":[{\"@type\":\"SearchAction\",\"target\":{\"@type\":\"EntryPoint\",\"urlTemplate\":\"https:\\\/\\\/reporteroshoy.mx\\\/noticias\\\/?s={search_term_string}\"},\"query-input\":{\"@type\":\"PropertyValueSpecification\",\"valueRequired\":true,\"valueName\":\"search_term_string\"}}],\"inLanguage\":\"es\"},{\"@type\":\"Person\",\"@id\":\"https:\\\/\\\/reporteroshoy.mx\\\/noticias\\\/#\\\/schema\\\/person\\\/c977527e57c958a62c5cefe8fe47876e\",\"name\":\"Reporteros Hoy WP\",\"image\":{\"@type\":\"ImageObject\",\"inLanguage\":\"es\",\"@id\":\"https:\\\/\\\/secure.gravatar.com\\\/avatar\\\/fd2917f79a7dae30f8ac9ddc2f35e1756bb59e25e01d1cd09deaa64df7b2f73e?s=96&d=mm&r=g\",\"url\":\"https:\\\/\\\/secure.gravatar.com\\\/avatar\\\/fd2917f79a7dae30f8ac9ddc2f35e1756bb59e25e01d1cd09deaa64df7b2f73e?s=96&d=mm&r=g\",\"contentUrl\":\"https:\\\/\\\/secure.gravatar.com\\\/avatar\\\/fd2917f79a7dae30f8ac9ddc2f35e1756bb59e25e01d1cd09deaa64df7b2f73e?s=96&d=mm&r=g\",\"caption\":\"Reporteros Hoy WP\"},\"url\":\"https:\\\/\\\/reporteroshoy.mx\\\/noticias\\\/author\\\/walfer\\\/\"}]}<\/script>\n<!-- \/ Yoast SEO plugin. -->","yoast_head_json":{"title":"Pr\u00f3ximo candidato presidencial por Morena lo decidir\u00e1 el pueblo: AMLO","description":"Hay muchos que pueden sustituirlo, como Claudia Sheinbaum, Marcelo Ebrard, Juan Ram\u00f3n de la Fuente, Esteban Moctezuma, Roc\u00edo Nahle y Tatiana Clouthier.","robots":{"index":"index","follow":"follow","max-snippet":"max-snippet:-1","max-image-preview":"max-image-preview:large","max-video-preview":"max-video-preview:-1"},"canonical":"https:\/\/reporteroshoy.mx\/noticias\/proximo-candidato-presidencial-por-morena-lo-decidira-el-pueblo-amlo\/","og_locale":"es_ES","og_type":"article","og_title":"Pr\u00f3ximo candidato presidencial por Morena lo decidir\u00e1 el pueblo: AMLO","og_description":"Hay muchos que pueden sustituirlo, como Claudia Sheinbaum, Marcelo Ebrard, Juan Ram\u00f3n de la Fuente, Esteban Moctezuma, Roc\u00edo Nahle y Tatiana Clouthier.","og_url":"https:\/\/reporteroshoy.mx\/noticias\/proximo-candidato-presidencial-por-morena-lo-decidira-el-pueblo-amlo\/","og_site_name":"Reporteros Hoy | Noticias de Yucat\u00e1n","article_publisher":"http:\/\/www.facebook.com\/reporteroshoymx","article_published_time":"2021-07-05T16:04:19+00:00","og_image":[{"width":768,"height":432,"url":"https:\/\/reporteroshoy.mx\/noticias\/wp-content\/uploads\/2021\/07\/AMLO-1.jpg","type":"image\/jpeg"}],"author":"Reporteros Hoy WP","twitter_card":"summary_large_image","twitter_creator":"@reporteroshoy","twitter_site":"@reporteroshoy","twitter_misc":{"Escrito por":"Reporteros Hoy WP","Tiempo de lectura":"2 minutos"},"schema":{"@context":"https:\/\/schema.org","@graph":[{"@type":"Article","@id":"https:\/\/reporteroshoy.mx\/noticias\/proximo-candidato-presidencial-por-morena-lo-decidira-el-pueblo-amlo\/#article","isPartOf":{"@id":"https:\/\/reporteroshoy.mx\/noticias\/proximo-candidato-presidencial-por-morena-lo-decidira-el-pueblo-amlo\/"},"author":{"name":"Reporteros Hoy WP","@id":"https:\/\/reporteroshoy.mx\/noticias\/#\/schema\/person\/c977527e57c958a62c5cefe8fe47876e"},"headline":"Pr\u00f3ximo candidato presidencial por Morena lo decidir\u00e1 el pueblo: AMLO","datePublished":"2021-07-05T16:04:19+00:00","mainEntityOfPage":{"@id":"https:\/\/reporteroshoy.mx\/noticias\/proximo-candidato-presidencial-por-morena-lo-decidira-el-pueblo-amlo\/"},"wordCount":345,"commentCount":0,"image":{"@id":"https:\/\/reporteroshoy.mx\/noticias\/proximo-candidato-presidencial-por-morena-lo-decidira-el-pueblo-amlo\/#primaryimage"},"thumbnailUrl":"https:\/\/reporteroshoy.mx\/noticias\/wp-content\/uploads\/2021\/07\/AMLO-1.jpg","keywords":["AMLO","Candidato presidencial","morena"],"articleSection":["M\u00e9xico"],"inLanguage":"es","potentialAction":[{"@type":"CommentAction","name":"Comment","target":["https:\/\/reporteroshoy.mx\/noticias\/proximo-candidato-presidencial-por-morena-lo-decidira-el-pueblo-amlo\/#respond"]}]},{"@type":"WebPage","@id":"https:\/\/reporteroshoy.mx\/noticias\/proximo-candidato-presidencial-por-morena-lo-decidira-el-pueblo-amlo\/","url":"https:\/\/reporteroshoy.mx\/noticias\/proximo-candidato-presidencial-por-morena-lo-decidira-el-pueblo-amlo\/","name":"Pr\u00f3ximo candidato presidencial por Morena lo decidir\u00e1 el pueblo: AMLO","isPartOf":{"@id":"https:\/\/reporteroshoy.mx\/noticias\/#website"},"primaryImageOfPage":{"@id":"https:\/\/reporteroshoy.mx\/noticias\/proximo-candidato-presidencial-por-morena-lo-decidira-el-pueblo-amlo\/#primaryimage"},"image":{"@id":"https:\/\/reporteroshoy.mx\/noticias\/proximo-candidato-presidencial-por-morena-lo-decidira-el-pueblo-amlo\/#primaryimage"},"thumbnailUrl":"https:\/\/reporteroshoy.mx\/noticias\/wp-content\/uploads\/2021\/07\/AMLO-1.jpg","datePublished":"2021-07-05T16:04:19+00:00","author":{"@id":"https:\/\/reporteroshoy.mx\/noticias\/#\/schema\/person\/c977527e57c958a62c5cefe8fe47876e"},"description":"Hay muchos que pueden sustituirlo, como Claudia Sheinbaum, Marcelo Ebrard, Juan Ram\u00f3n de la Fuente, Esteban Moctezuma, Roc\u00edo Nahle y Tatiana Clouthier.","breadcrumb":{"@id":"https:\/\/reporteroshoy.mx\/noticias\/proximo-candidato-presidencial-por-morena-lo-decidira-el-pueblo-amlo\/#breadcrumb"},"inLanguage":"es","potentialAction":[{"@type":"ReadAction","target":["https:\/\/reporteroshoy.mx\/noticias\/proximo-candidato-presidencial-por-morena-lo-decidira-el-pueblo-amlo\/"]}]},{"@type":"ImageObject","inLanguage":"es","@id":"https:\/\/reporteroshoy.mx\/noticias\/proximo-candidato-presidencial-por-morena-lo-decidira-el-pueblo-amlo\/#primaryimage","url":"https:\/\/reporteroshoy.mx\/noticias\/wp-content\/uploads\/2021\/07\/AMLO-1.jpg","contentUrl":"https:\/\/reporteroshoy.mx\/noticias\/wp-content\/uploads\/2021\/07\/AMLO-1.jpg","width":768,"height":432},{"@type":"BreadcrumbList","@id":"https:\/\/reporteroshoy.mx\/noticias\/proximo-candidato-presidencial-por-morena-lo-decidira-el-pueblo-amlo\/#breadcrumb","itemListElement":[{"@type":"ListItem","position":1,"name":"Portada","item":"https:\/\/reporteroshoy.mx\/noticias\/"},{"@type":"ListItem","position":2,"name":"Pr\u00f3ximo candidato presidencial por Morena lo decidir\u00e1 el pueblo: AMLO"}]},{"@type":"WebSite","@id":"https:\/\/reporteroshoy.mx\/noticias\/#website","url":"https:\/\/reporteroshoy.mx\/noticias\/","name":"Reporteros Hoy | Noticias de Yucat\u00e1n","description":"Peri\u00f3dico digital con noticias diarias desde M\u00e9rida, Yucat\u00e1n para el mundo.","potentialAction":[{"@type":"SearchAction","target":{"@type":"EntryPoint","urlTemplate":"https:\/\/reporteroshoy.mx\/noticias\/?s={search_term_string}"},"query-input":{"@type":"PropertyValueSpecification","valueRequired":true,"valueName":"search_term_string"}}],"inLanguage":"es"},{"@type":"Person","@id":"https:\/\/reporteroshoy.mx\/noticias\/#\/schema\/person\/c977527e57c958a62c5cefe8fe47876e","name":"Reporteros Hoy WP","image":{"@type":"ImageObject","inLanguage":"es","@id":"https:\/\/secure.gravatar.com\/avatar\/fd2917f79a7dae30f8ac9ddc2f35e1756bb59e25e01d1cd09deaa64df7b2f73e?s=96&d=mm&r=g","url":"https:\/\/secure.gravatar.com\/avatar\/fd2917f79a7dae30f8ac9ddc2f35e1756bb59e25e01d1cd09deaa64df7b2f73e?s=96&d=mm&r=g","contentUrl":"https:\/\/secure.gravatar.com\/avatar\/fd2917f79a7dae30f8ac9ddc2f35e1756bb59e25e01d1cd09deaa64df7b2f73e?s=96&d=mm&r=g","caption":"Reporteros Hoy WP"},"url":"https:\/\/reporteroshoy.mx\/noticias\/author\/walfer\/"}]}},"_links":{"self":[{"href":"https:\/\/reporteroshoy.mx\/noticias\/wp-json\/wp\/v2\/posts\/66891","targetHints":{"allow":["GET"]}}],"collection":[{"href":"https:\/\/reporteroshoy.mx\/noticias\/wp-json\/wp\/v2\/posts"}],"about":[{"href":"https:\/\/reporteroshoy.mx\/noticias\/wp-json\/wp\/v2\/types\/post"}],"author":[{"embeddable":true,"href":"https:\/\/reporteroshoy.mx\/noticias\/wp-json\/wp\/v2\/users\/9"}],"replies":[{"embeddable":true,"href":"https:\/\/reporteroshoy.mx\/noticias\/wp-json\/wp\/v2\/comments?post=66891"}],"version-history":[{"count":0,"href":"https:\/\/reporteroshoy.mx\/noticias\/wp-json\/wp\/v2\/posts\/66891\/revisions"}],"wp:featuredmedia":[{"embeddable":true,"href":"https:\/\/reporteroshoy.mx\/noticias\/wp-json\/wp\/v2\/media\/66892"}],"wp:attachment":[{"href":"https:\/\/reporteroshoy.mx\/noticias\/wp-json\/wp\/v2\/media?parent=66891"}],"wp:term":[{"taxonomy":"category","embeddable":true,"href":"https:\/\/reporteroshoy.mx\/noticias\/wp-json\/wp\/v2\/categories?post=66891"},{"taxonomy":"post_tag","embeddable":true,"href":"https:\/\/reporteroshoy.mx\/noticias\/wp-json\/wp\/v2\/tags?post=66891"}],"curies":[{"name":"wp","href":"https:\/\/api.w.org\/{rel}","templated":true}]}}