{"id":66964,"date":"2021-07-06T11:22:11","date_gmt":"2021-07-06T16:22:11","guid":{"rendered":"https:\/\/reporteroshoy.mx\/noticias\/?p=66964"},"modified":"2021-07-06T11:22:48","modified_gmt":"2021-07-06T16:22:48","slug":"buscara-ricardo-monreal-suceder-a-lopez-obrador","status":"publish","type":"post","link":"https:\/\/reporteroshoy.mx\/noticias\/buscara-ricardo-monreal-suceder-a-lopez-obrador\/","title":{"rendered":"Buscar\u00e1 Ricardo Monreal suceder a L\u00f3pez Obrador"},"content":{"rendered":"<p style=\"text-align: justify;\">Ciudad de M\u00e9xico; 6 de julio de 2021 (Exc\u00e9lsior).- Luego de que el presidente Andr\u00e9s Manuel L\u00f3pez Obrador ha nombrado, en dos ocasiones, a los posibles candidatos a reemplazarlo en 2024, el senador Ricardo Monreal si bien aclara que no se siente excluido, advierte que la sucesi\u00f3n anticipada puede provocar divisiones y choques dentro de Morena.<\/p>\n<p style=\"text-align: justify;\">El legislador morenista reconoci\u00f3 el derecho del titular del Ejecutivo federal para nombrar los nombres de Claudia Sheinbaum, Roc\u00edo Nahle, Marcelo Ebrard, Tatiana Clouthier, Esteban Moctezuma y Juan Ram\u00f3n de la Fuente como parte de los posibles presidenciables de Morena; sin embargo, consider\u00f3 que es muy temprano hacer esto cuando hay trabajo por hacer y por el cual nadie debe distraerse.<\/p>\n<p style=\"text-align: justify;\">\u201cEl presidente est\u00e1 en su derecho de expresar y se\u00f1alar nombres que a \u00e9l le parecen correctos que lo sucedan o que est\u00e1n dentro de las posibilidades para que encabecen la sucesi\u00f3n. No me siento excluido, inc\u00f3modo ni menos ofendido, me parece normal, lo conozco desde hace 23 a\u00f1os, \u00e9l es as\u00ed y lo respeto mucho<\/p>\n<p style=\"text-align: justify;\">\u201cYo lo siento muy a destiempo cuando hay tantas cosas qu\u00e9 atender y que nada debe distraer a nadie en cumplir con su responsabilidad, no conviene abrirlo tanto porque se generan grupos, vac\u00edos, divisiones, choques al interior del partido y al interior de la corriente de pensamiento de Morena\u201d, coment\u00f3 en entrevista con Pascal Beltr\u00e1n del R\u00edo, en Imagen Multicast.<\/p>\n<p><img loading=\"lazy\" decoding=\"async\" class=\"wp-image-66965 aligncenter\" src=\"https:\/\/reporteroshoy.mx\/noticias\/wp-content\/uploads\/2021\/07\/Ricrado-Monreal.jpg\" alt=\"\" width=\"600\" height=\"338\" \/><\/p>\n<p style=\"text-align: justify;\">Explic\u00f3 que en meses pasados al platicar con L\u00f3pez Obrador, \u00e9ste le expres\u00f3 su deseo de que fuese por medio de una encuesta por el que se eligiera al candidato o candidata, aunque esto a\u00fan no se define.<\/p>\n<p style=\"text-align: justify;\">Monreal \u00c1vila adem\u00e1s destac\u00f3 que previo a la elecci\u00f3n de aspirante que se har\u00e1 entre septiembre y octubre de 2023 est\u00e1n los siguientes tres momentos clave y que son muestra clara del trabajo por llevar a cabo:<\/p>\n<ol style=\"text-align: justify;\">\n<li>La consulta ciudadana del 1 de agosto para enjuiciar o no a los expresidente<\/li>\n<li>La consulta de revocaci\u00f3n o ratificaci\u00f3n de mandato en 2023<\/li>\n<li>La elecci\u00f3n de 6 gubernaturas el pr\u00f3ximo a\u00f1o<\/li>\n<\/ol>\n<p style=\"text-align: justify;\">El senador por Morena coment\u00f3 que si bien respeta la decisi\u00f3n del presidente y que \u201cquiz\u00e1 tambi\u00e9n por respeto al Poder Legislativo no mencion\u00f3 sino a sus colaboradores m\u00e1s cercanos\u201d en su lista de posibles presidenciables, \u00e9l, una vez inicie el proceso interno de Morena, participar\u00e1 en \u00e9ste.<\/p>\n<p style=\"text-align: justify;\">\u201cEn un art\u00edculo se\u00f1alo simplemente que ratifico el que una vez se inicie el proceso estar\u00eda en la cita para inscribirme como fundador, como aliado hist\u00f3rico de la 4, est\u00e1 bien, as\u00ed conduce \u00e9l (L\u00f3pez Obrador) los procesos, si algo sabe el presidente es de pol\u00edtica, de intuici\u00f3n y sensaci\u00f3n social. Estoy tranquilo\u201d, asever\u00f3.<\/p>\n","protected":false},"excerpt":{"rendered":"<p>El senador por Morena advirti\u00f3 que abrir ahora la lista de sucesores de L\u00f3pez Obrador puede provocar divisiones y choques en el partido.<\/p>\n","protected":false},"author":9,"featured_media":66965,"comment_status":"open","ping_status":"closed","sticky":false,"template":"","format":"standard","meta":{"footnotes":""},"categories":[9],"tags":[18207,1521,5910],"class_list":["post-66964","post","type-post","status-publish","format-standard","has-post-thumbnail","hentry","category-mexico","tag-candidato-presidencial","tag-morena","tag-ricardo-monreal"],"yoast_head":"<!-- This site is optimized with the Yoast SEO plugin v28.4 - https:\/\/yoast.com\/product\/yoast-seo-wordpress\/ -->\n<title>Buscar\u00e1 Ricardo Monreal suceder a L\u00f3pez Obrador<\/title>\n<meta name=\"description\" content=\"El senador por Morena advirti\u00f3 que abrir ahora la lista de sucesores de L\u00f3pez Obrador puede provocar divisiones y choques en el partido.\" \/>\n<meta name=\"robots\" content=\"index, follow, max-snippet:-1, max-image-preview:large, max-video-preview:-1\" \/>\n<link rel=\"canonical\" href=\"https:\/\/reporteroshoy.mx\/noticias\/buscara-ricardo-monreal-suceder-a-lopez-obrador\/\" \/>\n<meta property=\"og:locale\" content=\"es_ES\" \/>\n<meta property=\"og:type\" content=\"article\" \/>\n<meta property=\"og:title\" content=\"Buscar\u00e1 Ricardo Monreal suceder a L\u00f3pez Obrador\" \/>\n<meta property=\"og:description\" content=\"El senador por Morena advirti\u00f3 que abrir ahora la lista de sucesores de L\u00f3pez Obrador puede provocar divisiones y choques en el partido.\" \/>\n<meta property=\"og:url\" content=\"https:\/\/reporteroshoy.mx\/noticias\/buscara-ricardo-monreal-suceder-a-lopez-obrador\/\" \/>\n<meta property=\"og:site_name\" content=\"Reporteros Hoy | Noticias de Yucat\u00e1n\" \/>\n<meta property=\"article:publisher\" content=\"http:\/\/www.facebook.com\/reporteroshoymx\" \/>\n<meta property=\"article:published_time\" content=\"2021-07-06T16:22:11+00:00\" \/>\n<meta property=\"article:modified_time\" content=\"2021-07-06T16:22:48+00:00\" \/>\n<meta property=\"og:image\" content=\"https:\/\/reporteroshoy.mx\/noticias\/wp-content\/uploads\/2021\/07\/Ricrado-Monreal.jpg\" \/>\n\t<meta property=\"og:image:width\" content=\"768\" \/>\n\t<meta property=\"og:image:height\" content=\"432\" \/>\n\t<meta property=\"og:image:type\" content=\"image\/jpeg\" \/>\n<meta name=\"author\" content=\"Reporteros Hoy WP\" \/>\n<meta name=\"twitter:card\" content=\"summary_large_image\" \/>\n<meta name=\"twitter:creator\" content=\"@reporteroshoy\" \/>\n<meta name=\"twitter:site\" content=\"@reporteroshoy\" \/>\n<meta name=\"twitter:label1\" content=\"Escrito por\" \/>\n\t<meta name=\"twitter:data1\" content=\"Reporteros Hoy WP\" \/>\n\t<meta name=\"twitter:label2\" content=\"Tiempo de lectura\" \/>\n\t<meta name=\"twitter:data2\" content=\"3 minutos\" \/>\n<script type=\"application\/ld+json\" class=\"yoast-schema-graph\">{\"@context\":\"https:\\\/\\\/schema.org\",\"@graph\":[{\"@type\":\"Article\",\"@id\":\"https:\\\/\\\/reporteroshoy.mx\\\/noticias\\\/buscara-ricardo-monreal-suceder-a-lopez-obrador\\\/#article\",\"isPartOf\":{\"@id\":\"https:\\\/\\\/reporteroshoy.mx\\\/noticias\\\/buscara-ricardo-monreal-suceder-a-lopez-obrador\\\/\"},\"author\":{\"name\":\"Reporteros Hoy WP\",\"@id\":\"https:\\\/\\\/reporteroshoy.mx\\\/noticias\\\/#\\\/schema\\\/person\\\/c977527e57c958a62c5cefe8fe47876e\"},\"headline\":\"Buscar\u00e1 Ricardo Monreal suceder a L\u00f3pez Obrador\",\"datePublished\":\"2021-07-06T16:22:11+00:00\",\"dateModified\":\"2021-07-06T16:22:48+00:00\",\"mainEntityOfPage\":{\"@id\":\"https:\\\/\\\/reporteroshoy.mx\\\/noticias\\\/buscara-ricardo-monreal-suceder-a-lopez-obrador\\\/\"},\"wordCount\":478,\"commentCount\":0,\"image\":{\"@id\":\"https:\\\/\\\/reporteroshoy.mx\\\/noticias\\\/buscara-ricardo-monreal-suceder-a-lopez-obrador\\\/#primaryimage\"},\"thumbnailUrl\":\"https:\\\/\\\/reporteroshoy.mx\\\/noticias\\\/wp-content\\\/uploads\\\/2021\\\/07\\\/Ricrado-Monreal.jpg\",\"keywords\":[\"Candidato presidencial\",\"morena\",\"Ricardo Monreal\"],\"articleSection\":[\"M\u00e9xico\"],\"inLanguage\":\"es\",\"potentialAction\":[{\"@type\":\"CommentAction\",\"name\":\"Comment\",\"target\":[\"https:\\\/\\\/reporteroshoy.mx\\\/noticias\\\/buscara-ricardo-monreal-suceder-a-lopez-obrador\\\/#respond\"]}]},{\"@type\":\"WebPage\",\"@id\":\"https:\\\/\\\/reporteroshoy.mx\\\/noticias\\\/buscara-ricardo-monreal-suceder-a-lopez-obrador\\\/\",\"url\":\"https:\\\/\\\/reporteroshoy.mx\\\/noticias\\\/buscara-ricardo-monreal-suceder-a-lopez-obrador\\\/\",\"name\":\"Buscar\u00e1 Ricardo Monreal suceder a L\u00f3pez Obrador\",\"isPartOf\":{\"@id\":\"https:\\\/\\\/reporteroshoy.mx\\\/noticias\\\/#website\"},\"primaryImageOfPage\":{\"@id\":\"https:\\\/\\\/reporteroshoy.mx\\\/noticias\\\/buscara-ricardo-monreal-suceder-a-lopez-obrador\\\/#primaryimage\"},\"image\":{\"@id\":\"https:\\\/\\\/reporteroshoy.mx\\\/noticias\\\/buscara-ricardo-monreal-suceder-a-lopez-obrador\\\/#primaryimage\"},\"thumbnailUrl\":\"https:\\\/\\\/reporteroshoy.mx\\\/noticias\\\/wp-content\\\/uploads\\\/2021\\\/07\\\/Ricrado-Monreal.jpg\",\"datePublished\":\"2021-07-06T16:22:11+00:00\",\"dateModified\":\"2021-07-06T16:22:48+00:00\",\"author\":{\"@id\":\"https:\\\/\\\/reporteroshoy.mx\\\/noticias\\\/#\\\/schema\\\/person\\\/c977527e57c958a62c5cefe8fe47876e\"},\"description\":\"El senador por Morena advirti\u00f3 que abrir ahora la lista de sucesores de L\u00f3pez Obrador puede provocar divisiones y choques en el partido.\",\"breadcrumb\":{\"@id\":\"https:\\\/\\\/reporteroshoy.mx\\\/noticias\\\/buscara-ricardo-monreal-suceder-a-lopez-obrador\\\/#breadcrumb\"},\"inLanguage\":\"es\",\"potentialAction\":[{\"@type\":\"ReadAction\",\"target\":[\"https:\\\/\\\/reporteroshoy.mx\\\/noticias\\\/buscara-ricardo-monreal-suceder-a-lopez-obrador\\\/\"]}]},{\"@type\":\"ImageObject\",\"inLanguage\":\"es\",\"@id\":\"https:\\\/\\\/reporteroshoy.mx\\\/noticias\\\/buscara-ricardo-monreal-suceder-a-lopez-obrador\\\/#primaryimage\",\"url\":\"https:\\\/\\\/reporteroshoy.mx\\\/noticias\\\/wp-content\\\/uploads\\\/2021\\\/07\\\/Ricrado-Monreal.jpg\",\"contentUrl\":\"https:\\\/\\\/reporteroshoy.mx\\\/noticias\\\/wp-content\\\/uploads\\\/2021\\\/07\\\/Ricrado-Monreal.jpg\",\"width\":768,\"height\":432},{\"@type\":\"BreadcrumbList\",\"@id\":\"https:\\\/\\\/reporteroshoy.mx\\\/noticias\\\/buscara-ricardo-monreal-suceder-a-lopez-obrador\\\/#breadcrumb\",\"itemListElement\":[{\"@type\":\"ListItem\",\"position\":1,\"name\":\"Portada\",\"item\":\"https:\\\/\\\/reporteroshoy.mx\\\/noticias\\\/\"},{\"@type\":\"ListItem\",\"position\":2,\"name\":\"Buscar\u00e1 Ricardo Monreal suceder a L\u00f3pez Obrador\"}]},{\"@type\":\"WebSite\",\"@id\":\"https:\\\/\\\/reporteroshoy.mx\\\/noticias\\\/#website\",\"url\":\"https:\\\/\\\/reporteroshoy.mx\\\/noticias\\\/\",\"name\":\"Reporteros Hoy | Noticias de Yucat\u00e1n\",\"description\":\"Peri\u00f3dico digital con noticias diarias desde M\u00e9rida, Yucat\u00e1n para el mundo.\",\"potentialAction\":[{\"@type\":\"SearchAction\",\"target\":{\"@type\":\"EntryPoint\",\"urlTemplate\":\"https:\\\/\\\/reporteroshoy.mx\\\/noticias\\\/?s={search_term_string}\"},\"query-input\":{\"@type\":\"PropertyValueSpecification\",\"valueRequired\":true,\"valueName\":\"search_term_string\"}}],\"inLanguage\":\"es\"},{\"@type\":\"Person\",\"@id\":\"https:\\\/\\\/reporteroshoy.mx\\\/noticias\\\/#\\\/schema\\\/person\\\/c977527e57c958a62c5cefe8fe47876e\",\"name\":\"Reporteros Hoy WP\",\"image\":{\"@type\":\"ImageObject\",\"inLanguage\":\"es\",\"@id\":\"https:\\\/\\\/secure.gravatar.com\\\/avatar\\\/fd2917f79a7dae30f8ac9ddc2f35e1756bb59e25e01d1cd09deaa64df7b2f73e?s=96&d=mm&r=g\",\"url\":\"https:\\\/\\\/secure.gravatar.com\\\/avatar\\\/fd2917f79a7dae30f8ac9ddc2f35e1756bb59e25e01d1cd09deaa64df7b2f73e?s=96&d=mm&r=g\",\"contentUrl\":\"https:\\\/\\\/secure.gravatar.com\\\/avatar\\\/fd2917f79a7dae30f8ac9ddc2f35e1756bb59e25e01d1cd09deaa64df7b2f73e?s=96&d=mm&r=g\",\"caption\":\"Reporteros Hoy WP\"},\"url\":\"https:\\\/\\\/reporteroshoy.mx\\\/noticias\\\/author\\\/walfer\\\/\"}]}<\/script>\n<!-- \/ Yoast SEO plugin. -->","yoast_head_json":{"title":"Buscar\u00e1 Ricardo Monreal suceder a L\u00f3pez Obrador","description":"El senador por Morena advirti\u00f3 que abrir ahora la lista de sucesores de L\u00f3pez Obrador puede provocar divisiones y choques en el partido.","robots":{"index":"index","follow":"follow","max-snippet":"max-snippet:-1","max-image-preview":"max-image-preview:large","max-video-preview":"max-video-preview:-1"},"canonical":"https:\/\/reporteroshoy.mx\/noticias\/buscara-ricardo-monreal-suceder-a-lopez-obrador\/","og_locale":"es_ES","og_type":"article","og_title":"Buscar\u00e1 Ricardo Monreal suceder a L\u00f3pez Obrador","og_description":"El senador por Morena advirti\u00f3 que abrir ahora la lista de sucesores de L\u00f3pez Obrador puede provocar divisiones y choques en el partido.","og_url":"https:\/\/reporteroshoy.mx\/noticias\/buscara-ricardo-monreal-suceder-a-lopez-obrador\/","og_site_name":"Reporteros Hoy | Noticias de Yucat\u00e1n","article_publisher":"http:\/\/www.facebook.com\/reporteroshoymx","article_published_time":"2021-07-06T16:22:11+00:00","article_modified_time":"2021-07-06T16:22:48+00:00","og_image":[{"width":768,"height":432,"url":"https:\/\/reporteroshoy.mx\/noticias\/wp-content\/uploads\/2021\/07\/Ricrado-Monreal.jpg","type":"image\/jpeg"}],"author":"Reporteros Hoy WP","twitter_card":"summary_large_image","twitter_creator":"@reporteroshoy","twitter_site":"@reporteroshoy","twitter_misc":{"Escrito por":"Reporteros Hoy WP","Tiempo de lectura":"3 minutos"},"schema":{"@context":"https:\/\/schema.org","@graph":[{"@type":"Article","@id":"https:\/\/reporteroshoy.mx\/noticias\/buscara-ricardo-monreal-suceder-a-lopez-obrador\/#article","isPartOf":{"@id":"https:\/\/reporteroshoy.mx\/noticias\/buscara-ricardo-monreal-suceder-a-lopez-obrador\/"},"author":{"name":"Reporteros Hoy WP","@id":"https:\/\/reporteroshoy.mx\/noticias\/#\/schema\/person\/c977527e57c958a62c5cefe8fe47876e"},"headline":"Buscar\u00e1 Ricardo Monreal suceder a L\u00f3pez Obrador","datePublished":"2021-07-06T16:22:11+00:00","dateModified":"2021-07-06T16:22:48+00:00","mainEntityOfPage":{"@id":"https:\/\/reporteroshoy.mx\/noticias\/buscara-ricardo-monreal-suceder-a-lopez-obrador\/"},"wordCount":478,"commentCount":0,"image":{"@id":"https:\/\/reporteroshoy.mx\/noticias\/buscara-ricardo-monreal-suceder-a-lopez-obrador\/#primaryimage"},"thumbnailUrl":"https:\/\/reporteroshoy.mx\/noticias\/wp-content\/uploads\/2021\/07\/Ricrado-Monreal.jpg","keywords":["Candidato presidencial","morena","Ricardo Monreal"],"articleSection":["M\u00e9xico"],"inLanguage":"es","potentialAction":[{"@type":"CommentAction","name":"Comment","target":["https:\/\/reporteroshoy.mx\/noticias\/buscara-ricardo-monreal-suceder-a-lopez-obrador\/#respond"]}]},{"@type":"WebPage","@id":"https:\/\/reporteroshoy.mx\/noticias\/buscara-ricardo-monreal-suceder-a-lopez-obrador\/","url":"https:\/\/reporteroshoy.mx\/noticias\/buscara-ricardo-monreal-suceder-a-lopez-obrador\/","name":"Buscar\u00e1 Ricardo Monreal suceder a L\u00f3pez Obrador","isPartOf":{"@id":"https:\/\/reporteroshoy.mx\/noticias\/#website"},"primaryImageOfPage":{"@id":"https:\/\/reporteroshoy.mx\/noticias\/buscara-ricardo-monreal-suceder-a-lopez-obrador\/#primaryimage"},"image":{"@id":"https:\/\/reporteroshoy.mx\/noticias\/buscara-ricardo-monreal-suceder-a-lopez-obrador\/#primaryimage"},"thumbnailUrl":"https:\/\/reporteroshoy.mx\/noticias\/wp-content\/uploads\/2021\/07\/Ricrado-Monreal.jpg","datePublished":"2021-07-06T16:22:11+00:00","dateModified":"2021-07-06T16:22:48+00:00","author":{"@id":"https:\/\/reporteroshoy.mx\/noticias\/#\/schema\/person\/c977527e57c958a62c5cefe8fe47876e"},"description":"El senador por Morena advirti\u00f3 que abrir ahora la lista de sucesores de L\u00f3pez Obrador puede provocar divisiones y choques en el partido.","breadcrumb":{"@id":"https:\/\/reporteroshoy.mx\/noticias\/buscara-ricardo-monreal-suceder-a-lopez-obrador\/#breadcrumb"},"inLanguage":"es","potentialAction":[{"@type":"ReadAction","target":["https:\/\/reporteroshoy.mx\/noticias\/buscara-ricardo-monreal-suceder-a-lopez-obrador\/"]}]},{"@type":"ImageObject","inLanguage":"es","@id":"https:\/\/reporteroshoy.mx\/noticias\/buscara-ricardo-monreal-suceder-a-lopez-obrador\/#primaryimage","url":"https:\/\/reporteroshoy.mx\/noticias\/wp-content\/uploads\/2021\/07\/Ricrado-Monreal.jpg","contentUrl":"https:\/\/reporteroshoy.mx\/noticias\/wp-content\/uploads\/2021\/07\/Ricrado-Monreal.jpg","width":768,"height":432},{"@type":"BreadcrumbList","@id":"https:\/\/reporteroshoy.mx\/noticias\/buscara-ricardo-monreal-suceder-a-lopez-obrador\/#breadcrumb","itemListElement":[{"@type":"ListItem","position":1,"name":"Portada","item":"https:\/\/reporteroshoy.mx\/noticias\/"},{"@type":"ListItem","position":2,"name":"Buscar\u00e1 Ricardo Monreal suceder a L\u00f3pez Obrador"}]},{"@type":"WebSite","@id":"https:\/\/reporteroshoy.mx\/noticias\/#website","url":"https:\/\/reporteroshoy.mx\/noticias\/","name":"Reporteros Hoy | Noticias de Yucat\u00e1n","description":"Peri\u00f3dico digital con noticias diarias desde M\u00e9rida, Yucat\u00e1n para el mundo.","potentialAction":[{"@type":"SearchAction","target":{"@type":"EntryPoint","urlTemplate":"https:\/\/reporteroshoy.mx\/noticias\/?s={search_term_string}"},"query-input":{"@type":"PropertyValueSpecification","valueRequired":true,"valueName":"search_term_string"}}],"inLanguage":"es"},{"@type":"Person","@id":"https:\/\/reporteroshoy.mx\/noticias\/#\/schema\/person\/c977527e57c958a62c5cefe8fe47876e","name":"Reporteros Hoy WP","image":{"@type":"ImageObject","inLanguage":"es","@id":"https:\/\/secure.gravatar.com\/avatar\/fd2917f79a7dae30f8ac9ddc2f35e1756bb59e25e01d1cd09deaa64df7b2f73e?s=96&d=mm&r=g","url":"https:\/\/secure.gravatar.com\/avatar\/fd2917f79a7dae30f8ac9ddc2f35e1756bb59e25e01d1cd09deaa64df7b2f73e?s=96&d=mm&r=g","contentUrl":"https:\/\/secure.gravatar.com\/avatar\/fd2917f79a7dae30f8ac9ddc2f35e1756bb59e25e01d1cd09deaa64df7b2f73e?s=96&d=mm&r=g","caption":"Reporteros Hoy WP"},"url":"https:\/\/reporteroshoy.mx\/noticias\/author\/walfer\/"}]}},"_links":{"self":[{"href":"https:\/\/reporteroshoy.mx\/noticias\/wp-json\/wp\/v2\/posts\/66964","targetHints":{"allow":["GET"]}}],"collection":[{"href":"https:\/\/reporteroshoy.mx\/noticias\/wp-json\/wp\/v2\/posts"}],"about":[{"href":"https:\/\/reporteroshoy.mx\/noticias\/wp-json\/wp\/v2\/types\/post"}],"author":[{"embeddable":true,"href":"https:\/\/reporteroshoy.mx\/noticias\/wp-json\/wp\/v2\/users\/9"}],"replies":[{"embeddable":true,"href":"https:\/\/reporteroshoy.mx\/noticias\/wp-json\/wp\/v2\/comments?post=66964"}],"version-history":[{"count":0,"href":"https:\/\/reporteroshoy.mx\/noticias\/wp-json\/wp\/v2\/posts\/66964\/revisions"}],"wp:featuredmedia":[{"embeddable":true,"href":"https:\/\/reporteroshoy.mx\/noticias\/wp-json\/wp\/v2\/media\/66965"}],"wp:attachment":[{"href":"https:\/\/reporteroshoy.mx\/noticias\/wp-json\/wp\/v2\/media?parent=66964"}],"wp:term":[{"taxonomy":"category","embeddable":true,"href":"https:\/\/reporteroshoy.mx\/noticias\/wp-json\/wp\/v2\/categories?post=66964"},{"taxonomy":"post_tag","embeddable":true,"href":"https:\/\/reporteroshoy.mx\/noticias\/wp-json\/wp\/v2\/tags?post=66964"}],"curies":[{"name":"wp","href":"https:\/\/api.w.org\/{rel}","templated":true}]}}