{"id":67067,"date":"2021-07-07T16:28:17","date_gmt":"2021-07-07T21:28:17","guid":{"rendered":"https:\/\/reporteroshoy.mx\/noticias\/?p=67067"},"modified":"2021-07-07T17:14:03","modified_gmt":"2021-07-07T22:14:03","slug":"vinculado-a-proceso-por-violencia-familiar-y-maltrato-animal-en-peto","status":"publish","type":"post","link":"https:\/\/reporteroshoy.mx\/noticias\/vinculado-a-proceso-por-violencia-familiar-y-maltrato-animal-en-peto\/","title":{"rendered":"Vinculado a proceso por violencia familiar y maltrato animal en Peto"},"content":{"rendered":"<p style=\"text-align: justify;\">Peto, Yucat\u00e1n; 7 de julio de 2021 (ACOM).- Javier Fernando Ch.Ch., fue vinculado a proceso y permanecer\u00e1 en la c\u00e1rcel como medida cautelar en tanto concluyen las investigaciones por los delitos de violencia familiar y maltrato o crueldad contra un perro.<\/p>\n<p style=\"text-align: justify;\">Ayer se realiz\u00f3 la audiencia en el Centro de Justicia Oral de Tekax, donde los fiscales expusieron los datos de prueba para resolver la situaci\u00f3n legal del petule\u00f1o, quien fue vinculado a proceso por el Juez de Control del Tercer Distrito Judicial, otorgando un plazo de tres meses para el cierre de la investigaci\u00f3n.<\/p>\n<p><img loading=\"lazy\" decoding=\"async\" class=\"wp-image-67068 aligncenter\" src=\"https:\/\/reporteroshoy.mx\/noticias\/wp-content\/uploads\/2021\/07\/Vinculado-a-proceso-en-Peto.jpg\" alt=\"\" width=\"600\" height=\"338\" \/><\/p>\n<p style=\"text-align: justify;\">Seg\u00fan los datos de la carpeta de investigaci\u00f3n 16\/2021, el pasado 27 de junio, Javier Fernando Ch.Ch. lleg\u00f3 alcoholizado en su domicilio de la colonia San Fernando y empez\u00f3 a agredir verbalmente a su pareja menor de edad y embarazada, la situaci\u00f3n subi\u00f3 de tono hasta llegar a los golpes.<\/p>\n<p style=\"text-align: justify;\">El pleito marital fue detenido por la madre de la v\u00edctima, quien estuvo a punto de ser agredida por su yerno. Enojado porque no pudo seguir violentando a las mujeres, Fernando Javier sali\u00f3 de su vivienda con machete en mano y en su camino se encontr\u00f3 a un perro.<\/p>\n<p style=\"text-align: justify;\">El pobre can pag\u00f3 las consecuencias, fue brutalmente golpeado hasta provocarle un traumatismo craneoencef\u00e1lico, tal como dictamin\u00f3 el perito m\u00e9dico veterinario del Instituto de Ciencias Forenses del Estado.<\/p>\n<p style=\"text-align: justify;\">Al concluir la audiencia, el Juez ratific\u00f3 la medida cautelar de prisi\u00f3n preventiva justificada, por lo que el encausado permanecer\u00e1 privado de su libertad hasta definir su participaci\u00f3n en los hechos denunciados.<\/p>\n","protected":false},"excerpt":{"rendered":"<p>El acusado lleg\u00f3 alcoholizado a su domicilio y agredi\u00f3 a su pareja embarazada, al ser detenido por su suegra se desquit\u00f3 a machetazos con un perro.<\/p>\n","protected":false},"author":9,"featured_media":67068,"comment_status":"open","ping_status":"closed","sticky":false,"template":"","format":"standard","meta":{"footnotes":""},"categories":[11],"tags":[1316,126,3491,5429,128],"class_list":["post-67067","post","type-post","status-publish","format-standard","has-post-thumbnail","hentry","category-municipios-de-yucatan","tag-maltrato-animal","tag-peto","tag-vinculado-a-proceso","tag-violencia-familiar","tag-yucatan-sur"],"yoast_head":"<!-- This site is optimized with the Yoast SEO plugin v28.3 - https:\/\/yoast.com\/product\/yoast-seo-wordpress\/ -->\n<title>Vinculado a proceso por violencia familiar y maltrato animal en Peto<\/title>\n<meta name=\"description\" content=\"El acusado lleg\u00f3 alcoholizado a su domicilio y agredi\u00f3 a su pareja embarazada, al ser detenido por su suegra se desquit\u00f3 a machetazos con un perro.\" \/>\n<meta name=\"robots\" content=\"index, follow, max-snippet:-1, max-image-preview:large, max-video-preview:-1\" \/>\n<link rel=\"canonical\" href=\"https:\/\/reporteroshoy.mx\/noticias\/vinculado-a-proceso-por-violencia-familiar-y-maltrato-animal-en-peto\/\" \/>\n<meta property=\"og:locale\" content=\"es_ES\" \/>\n<meta property=\"og:type\" content=\"article\" \/>\n<meta property=\"og:title\" content=\"Vinculado a proceso por violencia familiar y maltrato animal en Peto\" \/>\n<meta property=\"og:description\" content=\"El acusado lleg\u00f3 alcoholizado a su domicilio y agredi\u00f3 a su pareja embarazada, al ser detenido por su suegra se desquit\u00f3 a machetazos con un perro.\" \/>\n<meta property=\"og:url\" content=\"https:\/\/reporteroshoy.mx\/noticias\/vinculado-a-proceso-por-violencia-familiar-y-maltrato-animal-en-peto\/\" \/>\n<meta property=\"og:site_name\" content=\"Reporteros Hoy | Noticias de Yucat\u00e1n\" \/>\n<meta property=\"article:publisher\" content=\"http:\/\/www.facebook.com\/reporteroshoymx\" \/>\n<meta property=\"article:published_time\" content=\"2021-07-07T21:28:17+00:00\" \/>\n<meta property=\"article:modified_time\" content=\"2021-07-07T22:14:03+00:00\" \/>\n<meta property=\"og:image\" content=\"https:\/\/reporteroshoy.mx\/noticias\/wp-content\/uploads\/2021\/07\/Vinculado-a-proceso-en-Peto.jpg\" \/>\n\t<meta property=\"og:image:width\" content=\"768\" \/>\n\t<meta property=\"og:image:height\" content=\"432\" \/>\n\t<meta property=\"og:image:type\" content=\"image\/jpeg\" \/>\n<meta name=\"author\" content=\"Reporteros Hoy WP\" \/>\n<meta name=\"twitter:card\" content=\"summary_large_image\" \/>\n<meta name=\"twitter:creator\" content=\"@reporteroshoy\" \/>\n<meta name=\"twitter:site\" content=\"@reporteroshoy\" \/>\n<meta name=\"twitter:label1\" content=\"Escrito por\" \/>\n\t<meta name=\"twitter:data1\" content=\"Reporteros Hoy WP\" \/>\n\t<meta name=\"twitter:label2\" content=\"Tiempo de lectura\" \/>\n\t<meta name=\"twitter:data2\" content=\"2 minutos\" \/>\n<script type=\"application\/ld+json\" class=\"yoast-schema-graph\">{\"@context\":\"https:\\\/\\\/schema.org\",\"@graph\":[{\"@type\":\"Article\",\"@id\":\"https:\\\/\\\/reporteroshoy.mx\\\/noticias\\\/vinculado-a-proceso-por-violencia-familiar-y-maltrato-animal-en-peto\\\/#article\",\"isPartOf\":{\"@id\":\"https:\\\/\\\/reporteroshoy.mx\\\/noticias\\\/vinculado-a-proceso-por-violencia-familiar-y-maltrato-animal-en-peto\\\/\"},\"author\":{\"name\":\"Reporteros Hoy WP\",\"@id\":\"https:\\\/\\\/reporteroshoy.mx\\\/noticias\\\/#\\\/schema\\\/person\\\/c977527e57c958a62c5cefe8fe47876e\"},\"headline\":\"Vinculado a proceso por violencia familiar y maltrato animal en Peto\",\"datePublished\":\"2021-07-07T21:28:17+00:00\",\"dateModified\":\"2021-07-07T22:14:03+00:00\",\"mainEntityOfPage\":{\"@id\":\"https:\\\/\\\/reporteroshoy.mx\\\/noticias\\\/vinculado-a-proceso-por-violencia-familiar-y-maltrato-animal-en-peto\\\/\"},\"wordCount\":277,\"commentCount\":0,\"image\":{\"@id\":\"https:\\\/\\\/reporteroshoy.mx\\\/noticias\\\/vinculado-a-proceso-por-violencia-familiar-y-maltrato-animal-en-peto\\\/#primaryimage\"},\"thumbnailUrl\":\"https:\\\/\\\/reporteroshoy.mx\\\/noticias\\\/wp-content\\\/uploads\\\/2021\\\/07\\\/Vinculado-a-proceso-en-Peto.jpg\",\"keywords\":[\"Maltrato animal\",\"Peto\",\"Vinculado a Proceso\",\"Violencia Familiar\",\"Yucat\u00e1n Sur\"],\"articleSection\":[\"Municipios\"],\"inLanguage\":\"es\",\"potentialAction\":[{\"@type\":\"CommentAction\",\"name\":\"Comment\",\"target\":[\"https:\\\/\\\/reporteroshoy.mx\\\/noticias\\\/vinculado-a-proceso-por-violencia-familiar-y-maltrato-animal-en-peto\\\/#respond\"]}]},{\"@type\":\"WebPage\",\"@id\":\"https:\\\/\\\/reporteroshoy.mx\\\/noticias\\\/vinculado-a-proceso-por-violencia-familiar-y-maltrato-animal-en-peto\\\/\",\"url\":\"https:\\\/\\\/reporteroshoy.mx\\\/noticias\\\/vinculado-a-proceso-por-violencia-familiar-y-maltrato-animal-en-peto\\\/\",\"name\":\"Vinculado a proceso por violencia familiar y maltrato animal en Peto\",\"isPartOf\":{\"@id\":\"https:\\\/\\\/reporteroshoy.mx\\\/noticias\\\/#website\"},\"primaryImageOfPage\":{\"@id\":\"https:\\\/\\\/reporteroshoy.mx\\\/noticias\\\/vinculado-a-proceso-por-violencia-familiar-y-maltrato-animal-en-peto\\\/#primaryimage\"},\"image\":{\"@id\":\"https:\\\/\\\/reporteroshoy.mx\\\/noticias\\\/vinculado-a-proceso-por-violencia-familiar-y-maltrato-animal-en-peto\\\/#primaryimage\"},\"thumbnailUrl\":\"https:\\\/\\\/reporteroshoy.mx\\\/noticias\\\/wp-content\\\/uploads\\\/2021\\\/07\\\/Vinculado-a-proceso-en-Peto.jpg\",\"datePublished\":\"2021-07-07T21:28:17+00:00\",\"dateModified\":\"2021-07-07T22:14:03+00:00\",\"author\":{\"@id\":\"https:\\\/\\\/reporteroshoy.mx\\\/noticias\\\/#\\\/schema\\\/person\\\/c977527e57c958a62c5cefe8fe47876e\"},\"description\":\"El acusado lleg\u00f3 alcoholizado a su domicilio y agredi\u00f3 a su pareja embarazada, al ser detenido por su suegra se desquit\u00f3 a machetazos con un perro.\",\"breadcrumb\":{\"@id\":\"https:\\\/\\\/reporteroshoy.mx\\\/noticias\\\/vinculado-a-proceso-por-violencia-familiar-y-maltrato-animal-en-peto\\\/#breadcrumb\"},\"inLanguage\":\"es\",\"potentialAction\":[{\"@type\":\"ReadAction\",\"target\":[\"https:\\\/\\\/reporteroshoy.mx\\\/noticias\\\/vinculado-a-proceso-por-violencia-familiar-y-maltrato-animal-en-peto\\\/\"]}]},{\"@type\":\"ImageObject\",\"inLanguage\":\"es\",\"@id\":\"https:\\\/\\\/reporteroshoy.mx\\\/noticias\\\/vinculado-a-proceso-por-violencia-familiar-y-maltrato-animal-en-peto\\\/#primaryimage\",\"url\":\"https:\\\/\\\/reporteroshoy.mx\\\/noticias\\\/wp-content\\\/uploads\\\/2021\\\/07\\\/Vinculado-a-proceso-en-Peto.jpg\",\"contentUrl\":\"https:\\\/\\\/reporteroshoy.mx\\\/noticias\\\/wp-content\\\/uploads\\\/2021\\\/07\\\/Vinculado-a-proceso-en-Peto.jpg\",\"width\":768,\"height\":432},{\"@type\":\"BreadcrumbList\",\"@id\":\"https:\\\/\\\/reporteroshoy.mx\\\/noticias\\\/vinculado-a-proceso-por-violencia-familiar-y-maltrato-animal-en-peto\\\/#breadcrumb\",\"itemListElement\":[{\"@type\":\"ListItem\",\"position\":1,\"name\":\"Portada\",\"item\":\"https:\\\/\\\/reporteroshoy.mx\\\/noticias\\\/\"},{\"@type\":\"ListItem\",\"position\":2,\"name\":\"Vinculado a proceso por violencia familiar y maltrato animal en Peto\"}]},{\"@type\":\"WebSite\",\"@id\":\"https:\\\/\\\/reporteroshoy.mx\\\/noticias\\\/#website\",\"url\":\"https:\\\/\\\/reporteroshoy.mx\\\/noticias\\\/\",\"name\":\"Reporteros Hoy | Noticias de Yucat\u00e1n\",\"description\":\"Peri\u00f3dico digital con noticias diarias desde M\u00e9rida, Yucat\u00e1n para el mundo.\",\"potentialAction\":[{\"@type\":\"SearchAction\",\"target\":{\"@type\":\"EntryPoint\",\"urlTemplate\":\"https:\\\/\\\/reporteroshoy.mx\\\/noticias\\\/?s={search_term_string}\"},\"query-input\":{\"@type\":\"PropertyValueSpecification\",\"valueRequired\":true,\"valueName\":\"search_term_string\"}}],\"inLanguage\":\"es\"},{\"@type\":\"Person\",\"@id\":\"https:\\\/\\\/reporteroshoy.mx\\\/noticias\\\/#\\\/schema\\\/person\\\/c977527e57c958a62c5cefe8fe47876e\",\"name\":\"Reporteros Hoy WP\",\"image\":{\"@type\":\"ImageObject\",\"inLanguage\":\"es\",\"@id\":\"https:\\\/\\\/secure.gravatar.com\\\/avatar\\\/fd2917f79a7dae30f8ac9ddc2f35e1756bb59e25e01d1cd09deaa64df7b2f73e?s=96&d=mm&r=g\",\"url\":\"https:\\\/\\\/secure.gravatar.com\\\/avatar\\\/fd2917f79a7dae30f8ac9ddc2f35e1756bb59e25e01d1cd09deaa64df7b2f73e?s=96&d=mm&r=g\",\"contentUrl\":\"https:\\\/\\\/secure.gravatar.com\\\/avatar\\\/fd2917f79a7dae30f8ac9ddc2f35e1756bb59e25e01d1cd09deaa64df7b2f73e?s=96&d=mm&r=g\",\"caption\":\"Reporteros Hoy WP\"},\"url\":\"https:\\\/\\\/reporteroshoy.mx\\\/noticias\\\/author\\\/walfer\\\/\"}]}<\/script>\n<!-- \/ Yoast SEO plugin. -->","yoast_head_json":{"title":"Vinculado a proceso por violencia familiar y maltrato animal en Peto","description":"El acusado lleg\u00f3 alcoholizado a su domicilio y agredi\u00f3 a su pareja embarazada, al ser detenido por su suegra se desquit\u00f3 a machetazos con un perro.","robots":{"index":"index","follow":"follow","max-snippet":"max-snippet:-1","max-image-preview":"max-image-preview:large","max-video-preview":"max-video-preview:-1"},"canonical":"https:\/\/reporteroshoy.mx\/noticias\/vinculado-a-proceso-por-violencia-familiar-y-maltrato-animal-en-peto\/","og_locale":"es_ES","og_type":"article","og_title":"Vinculado a proceso por violencia familiar y maltrato animal en Peto","og_description":"El acusado lleg\u00f3 alcoholizado a su domicilio y agredi\u00f3 a su pareja embarazada, al ser detenido por su suegra se desquit\u00f3 a machetazos con un perro.","og_url":"https:\/\/reporteroshoy.mx\/noticias\/vinculado-a-proceso-por-violencia-familiar-y-maltrato-animal-en-peto\/","og_site_name":"Reporteros Hoy | Noticias de Yucat\u00e1n","article_publisher":"http:\/\/www.facebook.com\/reporteroshoymx","article_published_time":"2021-07-07T21:28:17+00:00","article_modified_time":"2021-07-07T22:14:03+00:00","og_image":[{"width":768,"height":432,"url":"https:\/\/reporteroshoy.mx\/noticias\/wp-content\/uploads\/2021\/07\/Vinculado-a-proceso-en-Peto.jpg","type":"image\/jpeg"}],"author":"Reporteros Hoy WP","twitter_card":"summary_large_image","twitter_creator":"@reporteroshoy","twitter_site":"@reporteroshoy","twitter_misc":{"Escrito por":"Reporteros Hoy WP","Tiempo de lectura":"2 minutos"},"schema":{"@context":"https:\/\/schema.org","@graph":[{"@type":"Article","@id":"https:\/\/reporteroshoy.mx\/noticias\/vinculado-a-proceso-por-violencia-familiar-y-maltrato-animal-en-peto\/#article","isPartOf":{"@id":"https:\/\/reporteroshoy.mx\/noticias\/vinculado-a-proceso-por-violencia-familiar-y-maltrato-animal-en-peto\/"},"author":{"name":"Reporteros Hoy WP","@id":"https:\/\/reporteroshoy.mx\/noticias\/#\/schema\/person\/c977527e57c958a62c5cefe8fe47876e"},"headline":"Vinculado a proceso por violencia familiar y maltrato animal en Peto","datePublished":"2021-07-07T21:28:17+00:00","dateModified":"2021-07-07T22:14:03+00:00","mainEntityOfPage":{"@id":"https:\/\/reporteroshoy.mx\/noticias\/vinculado-a-proceso-por-violencia-familiar-y-maltrato-animal-en-peto\/"},"wordCount":277,"commentCount":0,"image":{"@id":"https:\/\/reporteroshoy.mx\/noticias\/vinculado-a-proceso-por-violencia-familiar-y-maltrato-animal-en-peto\/#primaryimage"},"thumbnailUrl":"https:\/\/reporteroshoy.mx\/noticias\/wp-content\/uploads\/2021\/07\/Vinculado-a-proceso-en-Peto.jpg","keywords":["Maltrato animal","Peto","Vinculado a Proceso","Violencia Familiar","Yucat\u00e1n Sur"],"articleSection":["Municipios"],"inLanguage":"es","potentialAction":[{"@type":"CommentAction","name":"Comment","target":["https:\/\/reporteroshoy.mx\/noticias\/vinculado-a-proceso-por-violencia-familiar-y-maltrato-animal-en-peto\/#respond"]}]},{"@type":"WebPage","@id":"https:\/\/reporteroshoy.mx\/noticias\/vinculado-a-proceso-por-violencia-familiar-y-maltrato-animal-en-peto\/","url":"https:\/\/reporteroshoy.mx\/noticias\/vinculado-a-proceso-por-violencia-familiar-y-maltrato-animal-en-peto\/","name":"Vinculado a proceso por violencia familiar y maltrato animal en Peto","isPartOf":{"@id":"https:\/\/reporteroshoy.mx\/noticias\/#website"},"primaryImageOfPage":{"@id":"https:\/\/reporteroshoy.mx\/noticias\/vinculado-a-proceso-por-violencia-familiar-y-maltrato-animal-en-peto\/#primaryimage"},"image":{"@id":"https:\/\/reporteroshoy.mx\/noticias\/vinculado-a-proceso-por-violencia-familiar-y-maltrato-animal-en-peto\/#primaryimage"},"thumbnailUrl":"https:\/\/reporteroshoy.mx\/noticias\/wp-content\/uploads\/2021\/07\/Vinculado-a-proceso-en-Peto.jpg","datePublished":"2021-07-07T21:28:17+00:00","dateModified":"2021-07-07T22:14:03+00:00","author":{"@id":"https:\/\/reporteroshoy.mx\/noticias\/#\/schema\/person\/c977527e57c958a62c5cefe8fe47876e"},"description":"El acusado lleg\u00f3 alcoholizado a su domicilio y agredi\u00f3 a su pareja embarazada, al ser detenido por su suegra se desquit\u00f3 a machetazos con un perro.","breadcrumb":{"@id":"https:\/\/reporteroshoy.mx\/noticias\/vinculado-a-proceso-por-violencia-familiar-y-maltrato-animal-en-peto\/#breadcrumb"},"inLanguage":"es","potentialAction":[{"@type":"ReadAction","target":["https:\/\/reporteroshoy.mx\/noticias\/vinculado-a-proceso-por-violencia-familiar-y-maltrato-animal-en-peto\/"]}]},{"@type":"ImageObject","inLanguage":"es","@id":"https:\/\/reporteroshoy.mx\/noticias\/vinculado-a-proceso-por-violencia-familiar-y-maltrato-animal-en-peto\/#primaryimage","url":"https:\/\/reporteroshoy.mx\/noticias\/wp-content\/uploads\/2021\/07\/Vinculado-a-proceso-en-Peto.jpg","contentUrl":"https:\/\/reporteroshoy.mx\/noticias\/wp-content\/uploads\/2021\/07\/Vinculado-a-proceso-en-Peto.jpg","width":768,"height":432},{"@type":"BreadcrumbList","@id":"https:\/\/reporteroshoy.mx\/noticias\/vinculado-a-proceso-por-violencia-familiar-y-maltrato-animal-en-peto\/#breadcrumb","itemListElement":[{"@type":"ListItem","position":1,"name":"Portada","item":"https:\/\/reporteroshoy.mx\/noticias\/"},{"@type":"ListItem","position":2,"name":"Vinculado a proceso por violencia familiar y maltrato animal en Peto"}]},{"@type":"WebSite","@id":"https:\/\/reporteroshoy.mx\/noticias\/#website","url":"https:\/\/reporteroshoy.mx\/noticias\/","name":"Reporteros Hoy | Noticias de Yucat\u00e1n","description":"Peri\u00f3dico digital con noticias diarias desde M\u00e9rida, Yucat\u00e1n para el mundo.","potentialAction":[{"@type":"SearchAction","target":{"@type":"EntryPoint","urlTemplate":"https:\/\/reporteroshoy.mx\/noticias\/?s={search_term_string}"},"query-input":{"@type":"PropertyValueSpecification","valueRequired":true,"valueName":"search_term_string"}}],"inLanguage":"es"},{"@type":"Person","@id":"https:\/\/reporteroshoy.mx\/noticias\/#\/schema\/person\/c977527e57c958a62c5cefe8fe47876e","name":"Reporteros Hoy WP","image":{"@type":"ImageObject","inLanguage":"es","@id":"https:\/\/secure.gravatar.com\/avatar\/fd2917f79a7dae30f8ac9ddc2f35e1756bb59e25e01d1cd09deaa64df7b2f73e?s=96&d=mm&r=g","url":"https:\/\/secure.gravatar.com\/avatar\/fd2917f79a7dae30f8ac9ddc2f35e1756bb59e25e01d1cd09deaa64df7b2f73e?s=96&d=mm&r=g","contentUrl":"https:\/\/secure.gravatar.com\/avatar\/fd2917f79a7dae30f8ac9ddc2f35e1756bb59e25e01d1cd09deaa64df7b2f73e?s=96&d=mm&r=g","caption":"Reporteros Hoy WP"},"url":"https:\/\/reporteroshoy.mx\/noticias\/author\/walfer\/"}]}},"_links":{"self":[{"href":"https:\/\/reporteroshoy.mx\/noticias\/wp-json\/wp\/v2\/posts\/67067","targetHints":{"allow":["GET"]}}],"collection":[{"href":"https:\/\/reporteroshoy.mx\/noticias\/wp-json\/wp\/v2\/posts"}],"about":[{"href":"https:\/\/reporteroshoy.mx\/noticias\/wp-json\/wp\/v2\/types\/post"}],"author":[{"embeddable":true,"href":"https:\/\/reporteroshoy.mx\/noticias\/wp-json\/wp\/v2\/users\/9"}],"replies":[{"embeddable":true,"href":"https:\/\/reporteroshoy.mx\/noticias\/wp-json\/wp\/v2\/comments?post=67067"}],"version-history":[{"count":0,"href":"https:\/\/reporteroshoy.mx\/noticias\/wp-json\/wp\/v2\/posts\/67067\/revisions"}],"wp:featuredmedia":[{"embeddable":true,"href":"https:\/\/reporteroshoy.mx\/noticias\/wp-json\/wp\/v2\/media\/67068"}],"wp:attachment":[{"href":"https:\/\/reporteroshoy.mx\/noticias\/wp-json\/wp\/v2\/media?parent=67067"}],"wp:term":[{"taxonomy":"category","embeddable":true,"href":"https:\/\/reporteroshoy.mx\/noticias\/wp-json\/wp\/v2\/categories?post=67067"},{"taxonomy":"post_tag","embeddable":true,"href":"https:\/\/reporteroshoy.mx\/noticias\/wp-json\/wp\/v2\/tags?post=67067"}],"curies":[{"name":"wp","href":"https:\/\/api.w.org\/{rel}","templated":true}]}}