{"id":67364,"date":"2021-07-12T15:07:08","date_gmt":"2021-07-12T20:07:08","guid":{"rendered":"https:\/\/reporteroshoy.mx\/noticias\/?p=67364"},"modified":"2021-07-12T15:07:08","modified_gmt":"2021-07-12T20:07:08","slug":"preparan-la-primera-semana-de-la-economia-digital","status":"publish","type":"post","link":"https:\/\/reporteroshoy.mx\/noticias\/preparan-la-primera-semana-de-la-economia-digital\/","title":{"rendered":"Preparan la primera Semana de la Economi\u0301a Digital"},"content":{"rendered":"<p style=\"text-align: justify;\">M\u00e9rida, Yucat\u00e1n; 12 de julio de 2021 (ACOM).- La C\u00e1mara de Nacional de la Industria de Transformacio\u0301n (Canacintra) Yucata\u0301n en alianza con la Ca\u0301mara de la Industria Electro\u0301nica, de Telecomunicaciones y Tecnologi\u0301as de la Informacio\u0301n (Canietti) organizara\u0301n la primera Semana de la Economi\u0301a Digital, cuyo objetivo es informar y presentar alternativas a las empresas locales a caminar rumbo a los procesos de transformaci\u00f3n de la mano de las nuevas tecnolog\u00edas.<\/p>\n<p style=\"text-align: justify;\">Los dos organismos empresariales informaron que en la primera semana de agosto se presentar\u00e1n 15 conferencias virtuales dirigidas al sector econ\u00f3mico para impulsar el proceso de la econom\u00eda digital y motivar el conocimiento de las necesidades, oportunidades y retos que implican estas nuevas demandas del mercado y los nichos de negocios.<\/p>\n<p><img loading=\"lazy\" decoding=\"async\" class=\"wp-image-67365 aligncenter\" src=\"https:\/\/reporteroshoy.mx\/noticias\/wp-content\/uploads\/2021\/07\/Economia-Digital.jpeg\" alt=\"\" width=\"602\" height=\"339\" \/><\/p>\n<p style=\"text-align: justify;\">Jorge Charruf C\u00e1ceres, presidente de Canacintra, explic\u00f3 que la pandemia orill\u00f3 a una reconversi\u00f3n de las necesidades tecnol\u00f3gicas de las empresas de manera global, condici\u00f3n que se reflej\u00f3 en el desarrollo comercial de las empresas yucatecas.<\/p>\n<p style=\"text-align: justify;\">\u00abEs tiempo de entender a la Economi\u0301a Digital y es urgente que las empresas locales conozcan y dispongan de las herramientas, mecanismos y condiciones que implican estos procesos que ahora son altamente demandados para la competitividad, la expansi\u00f3n y modernizaci\u00f3n de las empresas de nuestro estado\u00bb, mencion\u00f3.<\/p>\n<p style=\"text-align: justify;\">Se presentar\u00e1n de manera gratuita temas como: Los cimientos de la econom\u00eda digital, experiencia del cliente en la ventas \u201cen l\u00ednea\u201d, la econom\u00eda global-digital, la comercializaci\u00f3n de productos v\u00eda internet; transformaci\u00f3n digital de los procesos productivos, planeaci\u00f3n tecnol\u00f3gica, por citar algunos de ellos.<\/p>\n<p style=\"text-align: justify;\">Por su parte, Eduardo Alvarado M\u00fajica, presidente de Canietti, destac\u00f3 que la innovaci\u00f3n y los procesos de los nuevos mecanismos de intercambio comercial implican una nueva visi\u00f3n y formas de vincularse econ\u00f3micamente, tanto paras empresas, como para los usuarios, consumidores e incluso proveedores.<\/p>\n<p style=\"text-align: justify;\">Explic\u00f3 que esta modernizaci\u00f3n se advierte ya que desde hace muy poco tiempo los usuarios se han involucrado con aplicaciones en sus dispositivos m\u00f3viles que les facilitan sus modos de vida.<\/p>\n<p style=\"text-align: justify;\">\u00abEn este momento se han creado 385 millones de aplicaciones para los usuarios del internet y la transformaci\u00f3n va dirigida a este modelo de econom\u00eda y vinculaci\u00f3n digital\u00bb, manifest\u00f3.<\/p>\n","protected":false},"excerpt":{"rendered":"<p>Tiene como objetivo presentar alternativas a las empresas locales para caminar rumbo a los procesos de transformaci\u00f3n de la mano de las nuevas tecnolog\u00edas.<\/p>\n","protected":false},"author":9,"featured_media":67365,"comment_status":"open","ping_status":"closed","sticky":false,"template":"","format":"standard","meta":{"footnotes":""},"categories":[17],"tags":[369,18318,18319],"class_list":["post-67364","post","type-post","status-publish","format-standard","has-post-thumbnail","hentry","category-yucatan","tag-canacintra","tag-canietti","tag-economia-digital"],"yoast_head":"<!-- This site is optimized with the Yoast SEO plugin v28.4 - https:\/\/yoast.com\/product\/yoast-seo-wordpress\/ -->\n<title>Preparan la primera Semana de la Economi\u0301a Digital<\/title>\n<meta name=\"description\" content=\"Tiene como objetivo presentar alternativas a las empresas locales para caminar rumbo a los procesos de transformaci\u00f3n de la mano de las nuevas tecnolog\u00edas.\" \/>\n<meta name=\"robots\" content=\"index, follow, max-snippet:-1, max-image-preview:large, max-video-preview:-1\" \/>\n<link rel=\"canonical\" href=\"https:\/\/reporteroshoy.mx\/noticias\/preparan-la-primera-semana-de-la-economia-digital\/\" \/>\n<meta property=\"og:locale\" content=\"es_ES\" \/>\n<meta property=\"og:type\" content=\"article\" \/>\n<meta property=\"og:title\" content=\"Preparan la primera Semana de la Economi\u0301a Digital\" \/>\n<meta property=\"og:description\" content=\"Tiene como objetivo presentar alternativas a las empresas locales para caminar rumbo a los procesos de transformaci\u00f3n de la mano de las nuevas tecnolog\u00edas.\" \/>\n<meta property=\"og:url\" content=\"https:\/\/reporteroshoy.mx\/noticias\/preparan-la-primera-semana-de-la-economia-digital\/\" \/>\n<meta property=\"og:site_name\" content=\"Reporteros Hoy | Noticias de Yucat\u00e1n\" \/>\n<meta property=\"article:publisher\" content=\"http:\/\/www.facebook.com\/reporteroshoymx\" \/>\n<meta property=\"article:published_time\" content=\"2021-07-12T20:07:08+00:00\" \/>\n<meta property=\"og:image\" content=\"https:\/\/reporteroshoy.mx\/noticias\/wp-content\/uploads\/2021\/07\/Economia-Digital.jpeg\" \/>\n\t<meta property=\"og:image:width\" content=\"768\" \/>\n\t<meta property=\"og:image:height\" content=\"432\" \/>\n\t<meta property=\"og:image:type\" content=\"image\/jpeg\" \/>\n<meta name=\"author\" content=\"Reporteros Hoy WP\" \/>\n<meta name=\"twitter:card\" content=\"summary_large_image\" \/>\n<meta name=\"twitter:creator\" content=\"@reporteroshoy\" \/>\n<meta name=\"twitter:site\" content=\"@reporteroshoy\" \/>\n<meta name=\"twitter:label1\" content=\"Escrito por\" \/>\n\t<meta name=\"twitter:data1\" content=\"Reporteros Hoy WP\" \/>\n\t<meta name=\"twitter:label2\" content=\"Tiempo de lectura\" \/>\n\t<meta name=\"twitter:data2\" content=\"2 minutos\" \/>\n<script type=\"application\/ld+json\" class=\"yoast-schema-graph\">{\"@context\":\"https:\\\/\\\/schema.org\",\"@graph\":[{\"@type\":\"Article\",\"@id\":\"https:\\\/\\\/reporteroshoy.mx\\\/noticias\\\/preparan-la-primera-semana-de-la-economia-digital\\\/#article\",\"isPartOf\":{\"@id\":\"https:\\\/\\\/reporteroshoy.mx\\\/noticias\\\/preparan-la-primera-semana-de-la-economia-digital\\\/\"},\"author\":{\"name\":\"Reporteros Hoy WP\",\"@id\":\"https:\\\/\\\/reporteroshoy.mx\\\/noticias\\\/#\\\/schema\\\/person\\\/c977527e57c958a62c5cefe8fe47876e\"},\"headline\":\"Preparan la primera Semana de la Economi\u0301a Digital\",\"datePublished\":\"2021-07-12T20:07:08+00:00\",\"mainEntityOfPage\":{\"@id\":\"https:\\\/\\\/reporteroshoy.mx\\\/noticias\\\/preparan-la-primera-semana-de-la-economia-digital\\\/\"},\"wordCount\":397,\"commentCount\":0,\"image\":{\"@id\":\"https:\\\/\\\/reporteroshoy.mx\\\/noticias\\\/preparan-la-primera-semana-de-la-economia-digital\\\/#primaryimage\"},\"thumbnailUrl\":\"https:\\\/\\\/reporteroshoy.mx\\\/noticias\\\/wp-content\\\/uploads\\\/2021\\\/07\\\/Economia-Digital.jpeg\",\"keywords\":[\"Canacintra\",\"Canietti\",\"Econom\u00eda Digital\"],\"articleSection\":[\"Yucat\u00e1n\"],\"inLanguage\":\"es\",\"potentialAction\":[{\"@type\":\"CommentAction\",\"name\":\"Comment\",\"target\":[\"https:\\\/\\\/reporteroshoy.mx\\\/noticias\\\/preparan-la-primera-semana-de-la-economia-digital\\\/#respond\"]}]},{\"@type\":\"WebPage\",\"@id\":\"https:\\\/\\\/reporteroshoy.mx\\\/noticias\\\/preparan-la-primera-semana-de-la-economia-digital\\\/\",\"url\":\"https:\\\/\\\/reporteroshoy.mx\\\/noticias\\\/preparan-la-primera-semana-de-la-economia-digital\\\/\",\"name\":\"Preparan la primera Semana de la Economi\u0301a Digital\",\"isPartOf\":{\"@id\":\"https:\\\/\\\/reporteroshoy.mx\\\/noticias\\\/#website\"},\"primaryImageOfPage\":{\"@id\":\"https:\\\/\\\/reporteroshoy.mx\\\/noticias\\\/preparan-la-primera-semana-de-la-economia-digital\\\/#primaryimage\"},\"image\":{\"@id\":\"https:\\\/\\\/reporteroshoy.mx\\\/noticias\\\/preparan-la-primera-semana-de-la-economia-digital\\\/#primaryimage\"},\"thumbnailUrl\":\"https:\\\/\\\/reporteroshoy.mx\\\/noticias\\\/wp-content\\\/uploads\\\/2021\\\/07\\\/Economia-Digital.jpeg\",\"datePublished\":\"2021-07-12T20:07:08+00:00\",\"author\":{\"@id\":\"https:\\\/\\\/reporteroshoy.mx\\\/noticias\\\/#\\\/schema\\\/person\\\/c977527e57c958a62c5cefe8fe47876e\"},\"description\":\"Tiene como objetivo presentar alternativas a las empresas locales para caminar rumbo a los procesos de transformaci\u00f3n de la mano de las nuevas tecnolog\u00edas.\",\"breadcrumb\":{\"@id\":\"https:\\\/\\\/reporteroshoy.mx\\\/noticias\\\/preparan-la-primera-semana-de-la-economia-digital\\\/#breadcrumb\"},\"inLanguage\":\"es\",\"potentialAction\":[{\"@type\":\"ReadAction\",\"target\":[\"https:\\\/\\\/reporteroshoy.mx\\\/noticias\\\/preparan-la-primera-semana-de-la-economia-digital\\\/\"]}]},{\"@type\":\"ImageObject\",\"inLanguage\":\"es\",\"@id\":\"https:\\\/\\\/reporteroshoy.mx\\\/noticias\\\/preparan-la-primera-semana-de-la-economia-digital\\\/#primaryimage\",\"url\":\"https:\\\/\\\/reporteroshoy.mx\\\/noticias\\\/wp-content\\\/uploads\\\/2021\\\/07\\\/Economia-Digital.jpeg\",\"contentUrl\":\"https:\\\/\\\/reporteroshoy.mx\\\/noticias\\\/wp-content\\\/uploads\\\/2021\\\/07\\\/Economia-Digital.jpeg\",\"width\":768,\"height\":432},{\"@type\":\"BreadcrumbList\",\"@id\":\"https:\\\/\\\/reporteroshoy.mx\\\/noticias\\\/preparan-la-primera-semana-de-la-economia-digital\\\/#breadcrumb\",\"itemListElement\":[{\"@type\":\"ListItem\",\"position\":1,\"name\":\"Portada\",\"item\":\"https:\\\/\\\/reporteroshoy.mx\\\/noticias\\\/\"},{\"@type\":\"ListItem\",\"position\":2,\"name\":\"Preparan la primera Semana de la Economi\u0301a Digital\"}]},{\"@type\":\"WebSite\",\"@id\":\"https:\\\/\\\/reporteroshoy.mx\\\/noticias\\\/#website\",\"url\":\"https:\\\/\\\/reporteroshoy.mx\\\/noticias\\\/\",\"name\":\"Reporteros Hoy | Noticias de Yucat\u00e1n\",\"description\":\"Peri\u00f3dico digital con noticias diarias desde M\u00e9rida, Yucat\u00e1n para el mundo.\",\"potentialAction\":[{\"@type\":\"SearchAction\",\"target\":{\"@type\":\"EntryPoint\",\"urlTemplate\":\"https:\\\/\\\/reporteroshoy.mx\\\/noticias\\\/?s={search_term_string}\"},\"query-input\":{\"@type\":\"PropertyValueSpecification\",\"valueRequired\":true,\"valueName\":\"search_term_string\"}}],\"inLanguage\":\"es\"},{\"@type\":\"Person\",\"@id\":\"https:\\\/\\\/reporteroshoy.mx\\\/noticias\\\/#\\\/schema\\\/person\\\/c977527e57c958a62c5cefe8fe47876e\",\"name\":\"Reporteros Hoy WP\",\"image\":{\"@type\":\"ImageObject\",\"inLanguage\":\"es\",\"@id\":\"https:\\\/\\\/secure.gravatar.com\\\/avatar\\\/fd2917f79a7dae30f8ac9ddc2f35e1756bb59e25e01d1cd09deaa64df7b2f73e?s=96&d=mm&r=g\",\"url\":\"https:\\\/\\\/secure.gravatar.com\\\/avatar\\\/fd2917f79a7dae30f8ac9ddc2f35e1756bb59e25e01d1cd09deaa64df7b2f73e?s=96&d=mm&r=g\",\"contentUrl\":\"https:\\\/\\\/secure.gravatar.com\\\/avatar\\\/fd2917f79a7dae30f8ac9ddc2f35e1756bb59e25e01d1cd09deaa64df7b2f73e?s=96&d=mm&r=g\",\"caption\":\"Reporteros Hoy WP\"},\"url\":\"https:\\\/\\\/reporteroshoy.mx\\\/noticias\\\/author\\\/walfer\\\/\"}]}<\/script>\n<!-- \/ Yoast SEO plugin. -->","yoast_head_json":{"title":"Preparan la primera Semana de la Economi\u0301a Digital","description":"Tiene como objetivo presentar alternativas a las empresas locales para caminar rumbo a los procesos de transformaci\u00f3n de la mano de las nuevas tecnolog\u00edas.","robots":{"index":"index","follow":"follow","max-snippet":"max-snippet:-1","max-image-preview":"max-image-preview:large","max-video-preview":"max-video-preview:-1"},"canonical":"https:\/\/reporteroshoy.mx\/noticias\/preparan-la-primera-semana-de-la-economia-digital\/","og_locale":"es_ES","og_type":"article","og_title":"Preparan la primera Semana de la Economi\u0301a Digital","og_description":"Tiene como objetivo presentar alternativas a las empresas locales para caminar rumbo a los procesos de transformaci\u00f3n de la mano de las nuevas tecnolog\u00edas.","og_url":"https:\/\/reporteroshoy.mx\/noticias\/preparan-la-primera-semana-de-la-economia-digital\/","og_site_name":"Reporteros Hoy | Noticias de Yucat\u00e1n","article_publisher":"http:\/\/www.facebook.com\/reporteroshoymx","article_published_time":"2021-07-12T20:07:08+00:00","og_image":[{"width":768,"height":432,"url":"https:\/\/reporteroshoy.mx\/noticias\/wp-content\/uploads\/2021\/07\/Economia-Digital.jpeg","type":"image\/jpeg"}],"author":"Reporteros Hoy WP","twitter_card":"summary_large_image","twitter_creator":"@reporteroshoy","twitter_site":"@reporteroshoy","twitter_misc":{"Escrito por":"Reporteros Hoy WP","Tiempo de lectura":"2 minutos"},"schema":{"@context":"https:\/\/schema.org","@graph":[{"@type":"Article","@id":"https:\/\/reporteroshoy.mx\/noticias\/preparan-la-primera-semana-de-la-economia-digital\/#article","isPartOf":{"@id":"https:\/\/reporteroshoy.mx\/noticias\/preparan-la-primera-semana-de-la-economia-digital\/"},"author":{"name":"Reporteros Hoy WP","@id":"https:\/\/reporteroshoy.mx\/noticias\/#\/schema\/person\/c977527e57c958a62c5cefe8fe47876e"},"headline":"Preparan la primera Semana de la Economi\u0301a Digital","datePublished":"2021-07-12T20:07:08+00:00","mainEntityOfPage":{"@id":"https:\/\/reporteroshoy.mx\/noticias\/preparan-la-primera-semana-de-la-economia-digital\/"},"wordCount":397,"commentCount":0,"image":{"@id":"https:\/\/reporteroshoy.mx\/noticias\/preparan-la-primera-semana-de-la-economia-digital\/#primaryimage"},"thumbnailUrl":"https:\/\/reporteroshoy.mx\/noticias\/wp-content\/uploads\/2021\/07\/Economia-Digital.jpeg","keywords":["Canacintra","Canietti","Econom\u00eda Digital"],"articleSection":["Yucat\u00e1n"],"inLanguage":"es","potentialAction":[{"@type":"CommentAction","name":"Comment","target":["https:\/\/reporteroshoy.mx\/noticias\/preparan-la-primera-semana-de-la-economia-digital\/#respond"]}]},{"@type":"WebPage","@id":"https:\/\/reporteroshoy.mx\/noticias\/preparan-la-primera-semana-de-la-economia-digital\/","url":"https:\/\/reporteroshoy.mx\/noticias\/preparan-la-primera-semana-de-la-economia-digital\/","name":"Preparan la primera Semana de la Economi\u0301a Digital","isPartOf":{"@id":"https:\/\/reporteroshoy.mx\/noticias\/#website"},"primaryImageOfPage":{"@id":"https:\/\/reporteroshoy.mx\/noticias\/preparan-la-primera-semana-de-la-economia-digital\/#primaryimage"},"image":{"@id":"https:\/\/reporteroshoy.mx\/noticias\/preparan-la-primera-semana-de-la-economia-digital\/#primaryimage"},"thumbnailUrl":"https:\/\/reporteroshoy.mx\/noticias\/wp-content\/uploads\/2021\/07\/Economia-Digital.jpeg","datePublished":"2021-07-12T20:07:08+00:00","author":{"@id":"https:\/\/reporteroshoy.mx\/noticias\/#\/schema\/person\/c977527e57c958a62c5cefe8fe47876e"},"description":"Tiene como objetivo presentar alternativas a las empresas locales para caminar rumbo a los procesos de transformaci\u00f3n de la mano de las nuevas tecnolog\u00edas.","breadcrumb":{"@id":"https:\/\/reporteroshoy.mx\/noticias\/preparan-la-primera-semana-de-la-economia-digital\/#breadcrumb"},"inLanguage":"es","potentialAction":[{"@type":"ReadAction","target":["https:\/\/reporteroshoy.mx\/noticias\/preparan-la-primera-semana-de-la-economia-digital\/"]}]},{"@type":"ImageObject","inLanguage":"es","@id":"https:\/\/reporteroshoy.mx\/noticias\/preparan-la-primera-semana-de-la-economia-digital\/#primaryimage","url":"https:\/\/reporteroshoy.mx\/noticias\/wp-content\/uploads\/2021\/07\/Economia-Digital.jpeg","contentUrl":"https:\/\/reporteroshoy.mx\/noticias\/wp-content\/uploads\/2021\/07\/Economia-Digital.jpeg","width":768,"height":432},{"@type":"BreadcrumbList","@id":"https:\/\/reporteroshoy.mx\/noticias\/preparan-la-primera-semana-de-la-economia-digital\/#breadcrumb","itemListElement":[{"@type":"ListItem","position":1,"name":"Portada","item":"https:\/\/reporteroshoy.mx\/noticias\/"},{"@type":"ListItem","position":2,"name":"Preparan la primera Semana de la Economi\u0301a Digital"}]},{"@type":"WebSite","@id":"https:\/\/reporteroshoy.mx\/noticias\/#website","url":"https:\/\/reporteroshoy.mx\/noticias\/","name":"Reporteros Hoy | Noticias de Yucat\u00e1n","description":"Peri\u00f3dico digital con noticias diarias desde M\u00e9rida, Yucat\u00e1n para el mundo.","potentialAction":[{"@type":"SearchAction","target":{"@type":"EntryPoint","urlTemplate":"https:\/\/reporteroshoy.mx\/noticias\/?s={search_term_string}"},"query-input":{"@type":"PropertyValueSpecification","valueRequired":true,"valueName":"search_term_string"}}],"inLanguage":"es"},{"@type":"Person","@id":"https:\/\/reporteroshoy.mx\/noticias\/#\/schema\/person\/c977527e57c958a62c5cefe8fe47876e","name":"Reporteros Hoy WP","image":{"@type":"ImageObject","inLanguage":"es","@id":"https:\/\/secure.gravatar.com\/avatar\/fd2917f79a7dae30f8ac9ddc2f35e1756bb59e25e01d1cd09deaa64df7b2f73e?s=96&d=mm&r=g","url":"https:\/\/secure.gravatar.com\/avatar\/fd2917f79a7dae30f8ac9ddc2f35e1756bb59e25e01d1cd09deaa64df7b2f73e?s=96&d=mm&r=g","contentUrl":"https:\/\/secure.gravatar.com\/avatar\/fd2917f79a7dae30f8ac9ddc2f35e1756bb59e25e01d1cd09deaa64df7b2f73e?s=96&d=mm&r=g","caption":"Reporteros Hoy WP"},"url":"https:\/\/reporteroshoy.mx\/noticias\/author\/walfer\/"}]}},"_links":{"self":[{"href":"https:\/\/reporteroshoy.mx\/noticias\/wp-json\/wp\/v2\/posts\/67364","targetHints":{"allow":["GET"]}}],"collection":[{"href":"https:\/\/reporteroshoy.mx\/noticias\/wp-json\/wp\/v2\/posts"}],"about":[{"href":"https:\/\/reporteroshoy.mx\/noticias\/wp-json\/wp\/v2\/types\/post"}],"author":[{"embeddable":true,"href":"https:\/\/reporteroshoy.mx\/noticias\/wp-json\/wp\/v2\/users\/9"}],"replies":[{"embeddable":true,"href":"https:\/\/reporteroshoy.mx\/noticias\/wp-json\/wp\/v2\/comments?post=67364"}],"version-history":[{"count":0,"href":"https:\/\/reporteroshoy.mx\/noticias\/wp-json\/wp\/v2\/posts\/67364\/revisions"}],"wp:featuredmedia":[{"embeddable":true,"href":"https:\/\/reporteroshoy.mx\/noticias\/wp-json\/wp\/v2\/media\/67365"}],"wp:attachment":[{"href":"https:\/\/reporteroshoy.mx\/noticias\/wp-json\/wp\/v2\/media?parent=67364"}],"wp:term":[{"taxonomy":"category","embeddable":true,"href":"https:\/\/reporteroshoy.mx\/noticias\/wp-json\/wp\/v2\/categories?post=67364"},{"taxonomy":"post_tag","embeddable":true,"href":"https:\/\/reporteroshoy.mx\/noticias\/wp-json\/wp\/v2\/tags?post=67364"}],"curies":[{"name":"wp","href":"https:\/\/api.w.org\/{rel}","templated":true}]}}