{"id":67431,"date":"2021-07-13T14:16:37","date_gmt":"2021-07-13T19:16:37","guid":{"rendered":"https:\/\/reporteroshoy.mx\/noticias\/?p=67431"},"modified":"2021-07-13T14:16:37","modified_gmt":"2021-07-13T19:16:37","slug":"por-pandemia-ayuntamiento-apoya-a-pequenos-negocios-de-merida","status":"publish","type":"post","link":"https:\/\/reporteroshoy.mx\/noticias\/por-pandemia-ayuntamiento-apoya-a-pequenos-negocios-de-merida\/","title":{"rendered":"Por pandemia, Ayuntamiento apoya a peque\u00f1os negocios de M\u00e9rida"},"content":{"rendered":"<p style=\"text-align: justify;\">M\u00e9rida, Yucat\u00e1n; 13 de julio de 2021.- Como gobierno solidario y responsable con la poblaci\u00f3n, desde el inicio de la pandemia por COVID-19, el Ayuntamiento de M\u00e9rida ha puesto en marcha una serie de programas y acciones para impulsar la reactivaci\u00f3n econ\u00f3mica del Municipio, con apoyos a los peque\u00f1os negocios y ciudadanos en general, asegur\u00f3 el alcalde Alejandro Ruz Castro.<\/p>\n<p style=\"text-align: justify;\">Se\u00f1al\u00f3 que el programa \u00abImpulsa M\u00e9rida\u00bb forma parte de estas medidas para contribuir a mitigar el impacto econ\u00f3mico al otorgar apoyos que permiten tanto el autoempleo como generar fuentes de trabajo para las familias que de esta manera mejoran sus condiciones econ\u00f3micas y calidad de vida.<\/p>\n<p><img loading=\"lazy\" decoding=\"async\" class=\"wp-image-67432 aligncenter\" src=\"https:\/\/reporteroshoy.mx\/noticias\/wp-content\/uploads\/2021\/07\/Medicina-general1.jpg\" alt=\"\" width=\"602\" height=\"338\" \/><\/p>\n<p style=\"text-align: justify;\">En ese contexto y acompa\u00f1ado del director de Desarrollo Social, Jos\u00e9 Luis Mart\u00ednez Semerena, el Concejal visit\u00f3 el consultorio m\u00e9dico \u00abMediCaucel\u00bb ubicado en la segunda etapa de dicho fraccionamiento, para supervisar el buen uso del apoyo, que ascendi\u00f3 a 10,000 pesos.<\/p>\n<p style=\"text-align: justify;\">Ruz Castro refrend\u00f3 su compromiso de seguir generando m\u00e1s y mejores mecanismos para apoyar a la ciudadan\u00eda que brinda servicios o realiza actividades comerciales.<\/p>\n<p style=\"text-align: justify;\">\u00abCon esta visita que estamos haciendo a algunos beneficiados queremos reiterarles que las y los meridanos no est\u00e1n solos en estos tiempos en que m\u00e1s necesitan de que su gobierno est\u00e9 cercano\u00bb, dijo.<\/p>\n<p style=\"text-align: justify;\">Remarc\u00f3 que el Ayuntamiento es sensible a las necesidades, especialmente en esta etapa de pandemia en la que requieren un impulso para la reactivaci\u00f3n econ\u00f3mica ante el receso que impuso la contingencia sanitaria.<\/p>\n<p style=\"text-align: justify;\">Por su parte, el m\u00e9dico cirujano Dr. C\u00e9sar S\u00e1nchez V\u00e1zquez del Mercado, beneficiario de \u00abImpulsa M\u00e9rida\u00bb, manifest\u00f3 su agradecimiento por el apoyo recibido, el cual invirti\u00f3 en instrumentos e insumos m\u00e9dicos y un letrero luminoso.<\/p>\n<p style=\"text-align: justify;\">\u00abEs un gusto saber que contamos con autoridades municipales que est\u00e1n preocupadas por apoyar a profesionales, micronegocios y personas que se auto emplean, sobre todo en estos momentos de pandemia que tanto lo necesitamos\u00bb, continu\u00f3.<\/p>\n<p><img loading=\"lazy\" decoding=\"async\" class=\"wp-image-67433 aligncenter\" src=\"https:\/\/reporteroshoy.mx\/noticias\/wp-content\/uploads\/2021\/07\/Medicina-general2.jpg\" alt=\"\" width=\"600\" height=\"338\" \/><\/p>\n<p style=\"text-align: justify;\">Adem\u00e1s de este apoyo, tengo que reconocer la eficiencia del Ayuntamiento en cuanto a tr\u00e1mites se refiere, porque fueron \u00e1giles y en l\u00ednea, lo que me permiti\u00f3 abrir pronto mi consultorio, relat\u00f3.<\/p>\n<p style=\"text-align: justify;\">Indic\u00f3 que pr\u00f3ximamente buscar\u00e1 otro cr\u00e9dito municipal para poder abrir una farmacia, un servicio que hace falta por el rumbo de Caucel.<\/p>\n<p style=\"text-align: justify;\">A su vez, el Presidente Municipal remarc\u00f3 que esta medida solidaria confirma a M\u00e9rida como una ciudad humana que apuesta por proyectos viables y econ\u00f3micos que procuran la creaci\u00f3n de fuentes de empleo que se traducen en paz social, menos \u00edndice delictivo y consolidaci\u00f3n de nuestro tejido social.<\/p>\n<p><img loading=\"lazy\" decoding=\"async\" class=\"wp-image-67434 aligncenter\" src=\"https:\/\/reporteroshoy.mx\/noticias\/wp-content\/uploads\/2021\/07\/Medicina-general.jpg\" alt=\"\" width=\"598\" height=\"337\" \/><\/p>\n<p style=\"text-align: justify;\">En total, a trav\u00e9s de \u00abImpulsa M\u00e9rida\u00bb, se han entregado 230 apoyos, de los cuales 70 fueron antes de la pandemia, 83 durante esta contingencia sanitaria y 77 en lo que va del 2021 con una inversi\u00f3n total de $3 millones 031 mil 934.00. Los beneficiarios son de colonias y comisar\u00edas.<\/p>\n<p style=\"text-align: justify;\">Los apoyos crediticios otorgados son para diversas actividades, como tiendas de abarrotes, carnicer\u00edas, papeler\u00edas, carpinter\u00edas, consultorios m\u00e9dicos, est\u00e9ticas entre otros.<\/p>\n","protected":false},"excerpt":{"rendered":"<p>A trav\u00e9s de \u00abImpulsa M\u00e9rida\u00bb el Dr. C\u00e9sar S\u00e1nchez agradeci\u00f3 el apoyo recibido por parte de las autoridades municipales.<\/p>\n","protected":false},"author":9,"featured_media":67433,"comment_status":"open","ping_status":"closed","sticky":false,"template":"","format":"standard","meta":{"footnotes":""},"categories":[7],"tags":[24,9849,10037,12401],"class_list":["post-67431","post","type-post","status-publish","format-standard","has-post-thumbnail","hentry","category-gobierno","tag-ayuntamiento-de-merida","tag-covid-19","tag-pandemia","tag-pequenos-negocios"],"yoast_head":"<!-- This site is optimized with the Yoast SEO plugin v28.4 - https:\/\/yoast.com\/product\/yoast-seo-wordpress\/ -->\n<title>Por pandemia, Ayuntamiento apoya a peque\u00f1os negocios de M\u00e9rida<\/title>\n<meta name=\"description\" content=\"A trav\u00e9s de &quot;Impulsa M\u00e9rida&quot; el Dr. C\u00e9sar S\u00e1nchez agradeci\u00f3 el apoyo recibido por parte de las autoridades municipales.\" \/>\n<meta name=\"robots\" content=\"index, follow, max-snippet:-1, max-image-preview:large, max-video-preview:-1\" \/>\n<link rel=\"canonical\" href=\"https:\/\/reporteroshoy.mx\/noticias\/por-pandemia-ayuntamiento-apoya-a-pequenos-negocios-de-merida\/\" \/>\n<meta property=\"og:locale\" content=\"es_ES\" \/>\n<meta property=\"og:type\" content=\"article\" \/>\n<meta property=\"og:title\" content=\"Por pandemia, Ayuntamiento apoya a peque\u00f1os negocios de M\u00e9rida\" \/>\n<meta property=\"og:description\" content=\"A trav\u00e9s de &quot;Impulsa M\u00e9rida&quot; el Dr. C\u00e9sar S\u00e1nchez agradeci\u00f3 el apoyo recibido por parte de las autoridades municipales.\" \/>\n<meta property=\"og:url\" content=\"https:\/\/reporteroshoy.mx\/noticias\/por-pandemia-ayuntamiento-apoya-a-pequenos-negocios-de-merida\/\" \/>\n<meta property=\"og:site_name\" content=\"Reporteros Hoy | Noticias de Yucat\u00e1n\" \/>\n<meta property=\"article:publisher\" content=\"http:\/\/www.facebook.com\/reporteroshoymx\" \/>\n<meta property=\"article:published_time\" content=\"2021-07-13T19:16:37+00:00\" \/>\n<meta property=\"og:image\" content=\"https:\/\/reporteroshoy.mx\/noticias\/wp-content\/uploads\/2021\/07\/Medicina-general2.jpg\" \/>\n\t<meta property=\"og:image:width\" content=\"768\" \/>\n\t<meta property=\"og:image:height\" content=\"432\" \/>\n\t<meta property=\"og:image:type\" content=\"image\/jpeg\" \/>\n<meta name=\"author\" content=\"Reporteros Hoy WP\" \/>\n<meta name=\"twitter:card\" content=\"summary_large_image\" \/>\n<meta name=\"twitter:creator\" content=\"@reporteroshoy\" \/>\n<meta name=\"twitter:site\" content=\"@reporteroshoy\" \/>\n<meta name=\"twitter:label1\" content=\"Escrito por\" \/>\n\t<meta name=\"twitter:data1\" content=\"Reporteros Hoy WP\" \/>\n\t<meta name=\"twitter:label2\" content=\"Tiempo de lectura\" \/>\n\t<meta name=\"twitter:data2\" content=\"3 minutos\" \/>\n<script type=\"application\/ld+json\" class=\"yoast-schema-graph\">{\"@context\":\"https:\\\/\\\/schema.org\",\"@graph\":[{\"@type\":\"Article\",\"@id\":\"https:\\\/\\\/reporteroshoy.mx\\\/noticias\\\/por-pandemia-ayuntamiento-apoya-a-pequenos-negocios-de-merida\\\/#article\",\"isPartOf\":{\"@id\":\"https:\\\/\\\/reporteroshoy.mx\\\/noticias\\\/por-pandemia-ayuntamiento-apoya-a-pequenos-negocios-de-merida\\\/\"},\"author\":{\"name\":\"Reporteros Hoy WP\",\"@id\":\"https:\\\/\\\/reporteroshoy.mx\\\/noticias\\\/#\\\/schema\\\/person\\\/c977527e57c958a62c5cefe8fe47876e\"},\"headline\":\"Por pandemia, Ayuntamiento apoya a peque\u00f1os negocios de M\u00e9rida\",\"datePublished\":\"2021-07-13T19:16:37+00:00\",\"mainEntityOfPage\":{\"@id\":\"https:\\\/\\\/reporteroshoy.mx\\\/noticias\\\/por-pandemia-ayuntamiento-apoya-a-pequenos-negocios-de-merida\\\/\"},\"wordCount\":526,\"commentCount\":0,\"image\":{\"@id\":\"https:\\\/\\\/reporteroshoy.mx\\\/noticias\\\/por-pandemia-ayuntamiento-apoya-a-pequenos-negocios-de-merida\\\/#primaryimage\"},\"thumbnailUrl\":\"https:\\\/\\\/reporteroshoy.mx\\\/noticias\\\/wp-content\\\/uploads\\\/2021\\\/07\\\/Medicina-general2.jpg\",\"keywords\":[\"ayuntamiento de merida\",\"Covid-19\",\"Pandemia\",\"Peque\u00f1os negocios\"],\"articleSection\":[\"Gobierno\"],\"inLanguage\":\"es\",\"potentialAction\":[{\"@type\":\"CommentAction\",\"name\":\"Comment\",\"target\":[\"https:\\\/\\\/reporteroshoy.mx\\\/noticias\\\/por-pandemia-ayuntamiento-apoya-a-pequenos-negocios-de-merida\\\/#respond\"]}]},{\"@type\":\"WebPage\",\"@id\":\"https:\\\/\\\/reporteroshoy.mx\\\/noticias\\\/por-pandemia-ayuntamiento-apoya-a-pequenos-negocios-de-merida\\\/\",\"url\":\"https:\\\/\\\/reporteroshoy.mx\\\/noticias\\\/por-pandemia-ayuntamiento-apoya-a-pequenos-negocios-de-merida\\\/\",\"name\":\"Por pandemia, Ayuntamiento apoya a peque\u00f1os negocios de M\u00e9rida\",\"isPartOf\":{\"@id\":\"https:\\\/\\\/reporteroshoy.mx\\\/noticias\\\/#website\"},\"primaryImageOfPage\":{\"@id\":\"https:\\\/\\\/reporteroshoy.mx\\\/noticias\\\/por-pandemia-ayuntamiento-apoya-a-pequenos-negocios-de-merida\\\/#primaryimage\"},\"image\":{\"@id\":\"https:\\\/\\\/reporteroshoy.mx\\\/noticias\\\/por-pandemia-ayuntamiento-apoya-a-pequenos-negocios-de-merida\\\/#primaryimage\"},\"thumbnailUrl\":\"https:\\\/\\\/reporteroshoy.mx\\\/noticias\\\/wp-content\\\/uploads\\\/2021\\\/07\\\/Medicina-general2.jpg\",\"datePublished\":\"2021-07-13T19:16:37+00:00\",\"author\":{\"@id\":\"https:\\\/\\\/reporteroshoy.mx\\\/noticias\\\/#\\\/schema\\\/person\\\/c977527e57c958a62c5cefe8fe47876e\"},\"description\":\"A trav\u00e9s de \\\"Impulsa M\u00e9rida\\\" el Dr. C\u00e9sar S\u00e1nchez agradeci\u00f3 el apoyo recibido por parte de las autoridades municipales.\",\"breadcrumb\":{\"@id\":\"https:\\\/\\\/reporteroshoy.mx\\\/noticias\\\/por-pandemia-ayuntamiento-apoya-a-pequenos-negocios-de-merida\\\/#breadcrumb\"},\"inLanguage\":\"es\",\"potentialAction\":[{\"@type\":\"ReadAction\",\"target\":[\"https:\\\/\\\/reporteroshoy.mx\\\/noticias\\\/por-pandemia-ayuntamiento-apoya-a-pequenos-negocios-de-merida\\\/\"]}]},{\"@type\":\"ImageObject\",\"inLanguage\":\"es\",\"@id\":\"https:\\\/\\\/reporteroshoy.mx\\\/noticias\\\/por-pandemia-ayuntamiento-apoya-a-pequenos-negocios-de-merida\\\/#primaryimage\",\"url\":\"https:\\\/\\\/reporteroshoy.mx\\\/noticias\\\/wp-content\\\/uploads\\\/2021\\\/07\\\/Medicina-general2.jpg\",\"contentUrl\":\"https:\\\/\\\/reporteroshoy.mx\\\/noticias\\\/wp-content\\\/uploads\\\/2021\\\/07\\\/Medicina-general2.jpg\",\"width\":768,\"height\":432},{\"@type\":\"BreadcrumbList\",\"@id\":\"https:\\\/\\\/reporteroshoy.mx\\\/noticias\\\/por-pandemia-ayuntamiento-apoya-a-pequenos-negocios-de-merida\\\/#breadcrumb\",\"itemListElement\":[{\"@type\":\"ListItem\",\"position\":1,\"name\":\"Portada\",\"item\":\"https:\\\/\\\/reporteroshoy.mx\\\/noticias\\\/\"},{\"@type\":\"ListItem\",\"position\":2,\"name\":\"Por pandemia, Ayuntamiento apoya a peque\u00f1os negocios de M\u00e9rida\"}]},{\"@type\":\"WebSite\",\"@id\":\"https:\\\/\\\/reporteroshoy.mx\\\/noticias\\\/#website\",\"url\":\"https:\\\/\\\/reporteroshoy.mx\\\/noticias\\\/\",\"name\":\"Reporteros Hoy | Noticias de Yucat\u00e1n\",\"description\":\"Peri\u00f3dico digital con noticias diarias desde M\u00e9rida, Yucat\u00e1n para el mundo.\",\"potentialAction\":[{\"@type\":\"SearchAction\",\"target\":{\"@type\":\"EntryPoint\",\"urlTemplate\":\"https:\\\/\\\/reporteroshoy.mx\\\/noticias\\\/?s={search_term_string}\"},\"query-input\":{\"@type\":\"PropertyValueSpecification\",\"valueRequired\":true,\"valueName\":\"search_term_string\"}}],\"inLanguage\":\"es\"},{\"@type\":\"Person\",\"@id\":\"https:\\\/\\\/reporteroshoy.mx\\\/noticias\\\/#\\\/schema\\\/person\\\/c977527e57c958a62c5cefe8fe47876e\",\"name\":\"Reporteros Hoy WP\",\"image\":{\"@type\":\"ImageObject\",\"inLanguage\":\"es\",\"@id\":\"https:\\\/\\\/secure.gravatar.com\\\/avatar\\\/fd2917f79a7dae30f8ac9ddc2f35e1756bb59e25e01d1cd09deaa64df7b2f73e?s=96&d=mm&r=g\",\"url\":\"https:\\\/\\\/secure.gravatar.com\\\/avatar\\\/fd2917f79a7dae30f8ac9ddc2f35e1756bb59e25e01d1cd09deaa64df7b2f73e?s=96&d=mm&r=g\",\"contentUrl\":\"https:\\\/\\\/secure.gravatar.com\\\/avatar\\\/fd2917f79a7dae30f8ac9ddc2f35e1756bb59e25e01d1cd09deaa64df7b2f73e?s=96&d=mm&r=g\",\"caption\":\"Reporteros Hoy WP\"},\"url\":\"https:\\\/\\\/reporteroshoy.mx\\\/noticias\\\/author\\\/walfer\\\/\"}]}<\/script>\n<!-- \/ Yoast SEO plugin. -->","yoast_head_json":{"title":"Por pandemia, Ayuntamiento apoya a peque\u00f1os negocios de M\u00e9rida","description":"A trav\u00e9s de \"Impulsa M\u00e9rida\" el Dr. C\u00e9sar S\u00e1nchez agradeci\u00f3 el apoyo recibido por parte de las autoridades municipales.","robots":{"index":"index","follow":"follow","max-snippet":"max-snippet:-1","max-image-preview":"max-image-preview:large","max-video-preview":"max-video-preview:-1"},"canonical":"https:\/\/reporteroshoy.mx\/noticias\/por-pandemia-ayuntamiento-apoya-a-pequenos-negocios-de-merida\/","og_locale":"es_ES","og_type":"article","og_title":"Por pandemia, Ayuntamiento apoya a peque\u00f1os negocios de M\u00e9rida","og_description":"A trav\u00e9s de \"Impulsa M\u00e9rida\" el Dr. C\u00e9sar S\u00e1nchez agradeci\u00f3 el apoyo recibido por parte de las autoridades municipales.","og_url":"https:\/\/reporteroshoy.mx\/noticias\/por-pandemia-ayuntamiento-apoya-a-pequenos-negocios-de-merida\/","og_site_name":"Reporteros Hoy | Noticias de Yucat\u00e1n","article_publisher":"http:\/\/www.facebook.com\/reporteroshoymx","article_published_time":"2021-07-13T19:16:37+00:00","og_image":[{"width":768,"height":432,"url":"https:\/\/reporteroshoy.mx\/noticias\/wp-content\/uploads\/2021\/07\/Medicina-general2.jpg","type":"image\/jpeg"}],"author":"Reporteros Hoy WP","twitter_card":"summary_large_image","twitter_creator":"@reporteroshoy","twitter_site":"@reporteroshoy","twitter_misc":{"Escrito por":"Reporteros Hoy WP","Tiempo de lectura":"3 minutos"},"schema":{"@context":"https:\/\/schema.org","@graph":[{"@type":"Article","@id":"https:\/\/reporteroshoy.mx\/noticias\/por-pandemia-ayuntamiento-apoya-a-pequenos-negocios-de-merida\/#article","isPartOf":{"@id":"https:\/\/reporteroshoy.mx\/noticias\/por-pandemia-ayuntamiento-apoya-a-pequenos-negocios-de-merida\/"},"author":{"name":"Reporteros Hoy WP","@id":"https:\/\/reporteroshoy.mx\/noticias\/#\/schema\/person\/c977527e57c958a62c5cefe8fe47876e"},"headline":"Por pandemia, Ayuntamiento apoya a peque\u00f1os negocios de M\u00e9rida","datePublished":"2021-07-13T19:16:37+00:00","mainEntityOfPage":{"@id":"https:\/\/reporteroshoy.mx\/noticias\/por-pandemia-ayuntamiento-apoya-a-pequenos-negocios-de-merida\/"},"wordCount":526,"commentCount":0,"image":{"@id":"https:\/\/reporteroshoy.mx\/noticias\/por-pandemia-ayuntamiento-apoya-a-pequenos-negocios-de-merida\/#primaryimage"},"thumbnailUrl":"https:\/\/reporteroshoy.mx\/noticias\/wp-content\/uploads\/2021\/07\/Medicina-general2.jpg","keywords":["ayuntamiento de merida","Covid-19","Pandemia","Peque\u00f1os negocios"],"articleSection":["Gobierno"],"inLanguage":"es","potentialAction":[{"@type":"CommentAction","name":"Comment","target":["https:\/\/reporteroshoy.mx\/noticias\/por-pandemia-ayuntamiento-apoya-a-pequenos-negocios-de-merida\/#respond"]}]},{"@type":"WebPage","@id":"https:\/\/reporteroshoy.mx\/noticias\/por-pandemia-ayuntamiento-apoya-a-pequenos-negocios-de-merida\/","url":"https:\/\/reporteroshoy.mx\/noticias\/por-pandemia-ayuntamiento-apoya-a-pequenos-negocios-de-merida\/","name":"Por pandemia, Ayuntamiento apoya a peque\u00f1os negocios de M\u00e9rida","isPartOf":{"@id":"https:\/\/reporteroshoy.mx\/noticias\/#website"},"primaryImageOfPage":{"@id":"https:\/\/reporteroshoy.mx\/noticias\/por-pandemia-ayuntamiento-apoya-a-pequenos-negocios-de-merida\/#primaryimage"},"image":{"@id":"https:\/\/reporteroshoy.mx\/noticias\/por-pandemia-ayuntamiento-apoya-a-pequenos-negocios-de-merida\/#primaryimage"},"thumbnailUrl":"https:\/\/reporteroshoy.mx\/noticias\/wp-content\/uploads\/2021\/07\/Medicina-general2.jpg","datePublished":"2021-07-13T19:16:37+00:00","author":{"@id":"https:\/\/reporteroshoy.mx\/noticias\/#\/schema\/person\/c977527e57c958a62c5cefe8fe47876e"},"description":"A trav\u00e9s de \"Impulsa M\u00e9rida\" el Dr. C\u00e9sar S\u00e1nchez agradeci\u00f3 el apoyo recibido por parte de las autoridades municipales.","breadcrumb":{"@id":"https:\/\/reporteroshoy.mx\/noticias\/por-pandemia-ayuntamiento-apoya-a-pequenos-negocios-de-merida\/#breadcrumb"},"inLanguage":"es","potentialAction":[{"@type":"ReadAction","target":["https:\/\/reporteroshoy.mx\/noticias\/por-pandemia-ayuntamiento-apoya-a-pequenos-negocios-de-merida\/"]}]},{"@type":"ImageObject","inLanguage":"es","@id":"https:\/\/reporteroshoy.mx\/noticias\/por-pandemia-ayuntamiento-apoya-a-pequenos-negocios-de-merida\/#primaryimage","url":"https:\/\/reporteroshoy.mx\/noticias\/wp-content\/uploads\/2021\/07\/Medicina-general2.jpg","contentUrl":"https:\/\/reporteroshoy.mx\/noticias\/wp-content\/uploads\/2021\/07\/Medicina-general2.jpg","width":768,"height":432},{"@type":"BreadcrumbList","@id":"https:\/\/reporteroshoy.mx\/noticias\/por-pandemia-ayuntamiento-apoya-a-pequenos-negocios-de-merida\/#breadcrumb","itemListElement":[{"@type":"ListItem","position":1,"name":"Portada","item":"https:\/\/reporteroshoy.mx\/noticias\/"},{"@type":"ListItem","position":2,"name":"Por pandemia, Ayuntamiento apoya a peque\u00f1os negocios de M\u00e9rida"}]},{"@type":"WebSite","@id":"https:\/\/reporteroshoy.mx\/noticias\/#website","url":"https:\/\/reporteroshoy.mx\/noticias\/","name":"Reporteros Hoy | Noticias de Yucat\u00e1n","description":"Peri\u00f3dico digital con noticias diarias desde M\u00e9rida, Yucat\u00e1n para el mundo.","potentialAction":[{"@type":"SearchAction","target":{"@type":"EntryPoint","urlTemplate":"https:\/\/reporteroshoy.mx\/noticias\/?s={search_term_string}"},"query-input":{"@type":"PropertyValueSpecification","valueRequired":true,"valueName":"search_term_string"}}],"inLanguage":"es"},{"@type":"Person","@id":"https:\/\/reporteroshoy.mx\/noticias\/#\/schema\/person\/c977527e57c958a62c5cefe8fe47876e","name":"Reporteros Hoy WP","image":{"@type":"ImageObject","inLanguage":"es","@id":"https:\/\/secure.gravatar.com\/avatar\/fd2917f79a7dae30f8ac9ddc2f35e1756bb59e25e01d1cd09deaa64df7b2f73e?s=96&d=mm&r=g","url":"https:\/\/secure.gravatar.com\/avatar\/fd2917f79a7dae30f8ac9ddc2f35e1756bb59e25e01d1cd09deaa64df7b2f73e?s=96&d=mm&r=g","contentUrl":"https:\/\/secure.gravatar.com\/avatar\/fd2917f79a7dae30f8ac9ddc2f35e1756bb59e25e01d1cd09deaa64df7b2f73e?s=96&d=mm&r=g","caption":"Reporteros Hoy WP"},"url":"https:\/\/reporteroshoy.mx\/noticias\/author\/walfer\/"}]}},"_links":{"self":[{"href":"https:\/\/reporteroshoy.mx\/noticias\/wp-json\/wp\/v2\/posts\/67431","targetHints":{"allow":["GET"]}}],"collection":[{"href":"https:\/\/reporteroshoy.mx\/noticias\/wp-json\/wp\/v2\/posts"}],"about":[{"href":"https:\/\/reporteroshoy.mx\/noticias\/wp-json\/wp\/v2\/types\/post"}],"author":[{"embeddable":true,"href":"https:\/\/reporteroshoy.mx\/noticias\/wp-json\/wp\/v2\/users\/9"}],"replies":[{"embeddable":true,"href":"https:\/\/reporteroshoy.mx\/noticias\/wp-json\/wp\/v2\/comments?post=67431"}],"version-history":[{"count":0,"href":"https:\/\/reporteroshoy.mx\/noticias\/wp-json\/wp\/v2\/posts\/67431\/revisions"}],"wp:featuredmedia":[{"embeddable":true,"href":"https:\/\/reporteroshoy.mx\/noticias\/wp-json\/wp\/v2\/media\/67433"}],"wp:attachment":[{"href":"https:\/\/reporteroshoy.mx\/noticias\/wp-json\/wp\/v2\/media?parent=67431"}],"wp:term":[{"taxonomy":"category","embeddable":true,"href":"https:\/\/reporteroshoy.mx\/noticias\/wp-json\/wp\/v2\/categories?post=67431"},{"taxonomy":"post_tag","embeddable":true,"href":"https:\/\/reporteroshoy.mx\/noticias\/wp-json\/wp\/v2\/tags?post=67431"}],"curies":[{"name":"wp","href":"https:\/\/api.w.org\/{rel}","templated":true}]}}