{"id":69018,"date":"2021-08-05T14:40:19","date_gmt":"2021-08-05T19:40:19","guid":{"rendered":"https:\/\/reporteroshoy.mx\/noticias\/?p=69018"},"modified":"2021-08-05T14:40:19","modified_gmt":"2021-08-05T19:40:19","slug":"comerciantes-piden-que-se-abra-el-malecon-de-progreso-dos-fines-de-semana","status":"publish","type":"post","link":"https:\/\/reporteroshoy.mx\/noticias\/comerciantes-piden-que-se-abra-el-malecon-de-progreso-dos-fines-de-semana\/","title":{"rendered":"Comerciantes piden que se abra el malec\u00f3n de Progreso dos fines de semana"},"content":{"rendered":"<p dir=\"auto\" style=\"text-align: justify;\">Progreso, Yucat\u00e1n; 5 de agosto de 2021 (ACOM).- Comerciantes progrese\u00f1os pidieron se abra el malec\u00f3n de este sitio los \u00faltimos fines de semana del periodo de verano.<\/p>\n<p style=\"text-align: justify;\">El presidente de la C\u00e1mara Nacional de Comercio (Canaco) de este municipio, Roberto S\u00e1nchez Gonz\u00e1lez, se\u00f1al\u00f3 que esta medida permitir\u00e1 que los establecimientos obtengan mejores ingresos con la derrama econ\u00f3mica que dejan los visitantes, quienes podr\u00edan tener mayor libertad de transitar y acceder a la playa desde este sitio, ya que aseguran que la temporada no ha generado las ventas esperadas.<\/p>\n<p dir=\"auto\" style=\"text-align: justify;\">\u00abEst\u00e1n bajas las ventas, sobre todo los fines de semana. A nosotros nos han perjudicado tremendamente el cierre del malec\u00f3n los s\u00e1bados y domingos\u00bb, extern\u00f3.<\/p>\n<p dir=\"auto\"><img loading=\"lazy\" decoding=\"async\" class=\"wp-image-69019 aligncenter\" src=\"https:\/\/reporteroshoy.mx\/noticias\/wp-content\/uploads\/2021\/08\/Progreso.jpg\" alt=\"\" width=\"600\" height=\"338\" \/><\/p>\n<p style=\"text-align: justify;\">S\u00e1nchez Gonz\u00e1lez se\u00f1al\u00f3 que, si se abre el malec\u00f3n los \u00faltimos d\u00edas de agosto, podr\u00e1 generar una seguidilla de buenas ventas.<\/p>\n<p dir=\"auto\" style=\"text-align: justify;\">Se inform\u00f3 que esta propuesta se les ha planteado a las autoridades municipales de Progreso, aunque hasta ahora no se ha informado si podr\u00e1 ser una realidad.<\/p>\n","protected":false},"excerpt":{"rendered":"<p>Pidieron a las autoridades que, al menos, se abra los \u00faltimos dos fines de semana de la temporada de vacaciones.<\/p>\n","protected":false},"author":9,"featured_media":69019,"comment_status":"open","ping_status":"closed","sticky":false,"template":"","format":"standard","meta":{"footnotes":""},"categories":[17],"tags":[591,3838,113,2553,4856,137],"class_list":["post-69018","post","type-post","status-publish","format-standard","has-post-thumbnail","hentry","category-yucatan","tag-comerciantes","tag-malecon-de-progreso","tag-progreso","tag-vacaciones","tag-verano","tag-yucatan-norte"],"yoast_head":"<!-- This site is optimized with the Yoast SEO plugin v28.4 - https:\/\/yoast.com\/product\/yoast-seo-wordpress\/ -->\n<title>Comerciantes piden que se abra el malec\u00f3n de Progreso dos fines de semana<\/title>\n<meta name=\"description\" content=\"Pidieron a las autoridades que, al menos, se abra los \u00faltimos dos fines de semana de la temporada de vacaciones.\" \/>\n<meta name=\"robots\" content=\"index, follow, max-snippet:-1, max-image-preview:large, max-video-preview:-1\" \/>\n<link rel=\"canonical\" href=\"https:\/\/reporteroshoy.mx\/noticias\/comerciantes-piden-que-se-abra-el-malecon-de-progreso-dos-fines-de-semana\/\" \/>\n<meta property=\"og:locale\" content=\"es_ES\" \/>\n<meta property=\"og:type\" content=\"article\" \/>\n<meta property=\"og:title\" content=\"Comerciantes piden que se abra el malec\u00f3n de Progreso dos fines de semana\" \/>\n<meta property=\"og:description\" content=\"Pidieron a las autoridades que, al menos, se abra los \u00faltimos dos fines de semana de la temporada de vacaciones.\" \/>\n<meta property=\"og:url\" content=\"https:\/\/reporteroshoy.mx\/noticias\/comerciantes-piden-que-se-abra-el-malecon-de-progreso-dos-fines-de-semana\/\" \/>\n<meta property=\"og:site_name\" content=\"Reporteros Hoy | Noticias de Yucat\u00e1n\" \/>\n<meta property=\"article:publisher\" content=\"http:\/\/www.facebook.com\/reporteroshoymx\" \/>\n<meta property=\"article:published_time\" content=\"2021-08-05T19:40:19+00:00\" \/>\n<meta property=\"og:image\" content=\"https:\/\/reporteroshoy.mx\/noticias\/wp-content\/uploads\/2021\/08\/Progreso.jpg\" \/>\n\t<meta property=\"og:image:width\" content=\"768\" \/>\n\t<meta property=\"og:image:height\" content=\"432\" \/>\n\t<meta property=\"og:image:type\" content=\"image\/jpeg\" \/>\n<meta name=\"author\" content=\"Reporteros Hoy WP\" \/>\n<meta name=\"twitter:card\" content=\"summary_large_image\" \/>\n<meta name=\"twitter:creator\" content=\"@reporteroshoy\" \/>\n<meta name=\"twitter:site\" content=\"@reporteroshoy\" \/>\n<meta name=\"twitter:label1\" content=\"Escrito por\" \/>\n\t<meta name=\"twitter:data1\" content=\"Reporteros Hoy WP\" \/>\n\t<meta name=\"twitter:label2\" content=\"Tiempo de lectura\" \/>\n\t<meta name=\"twitter:data2\" content=\"1 minuto\" \/>\n<script type=\"application\/ld+json\" class=\"yoast-schema-graph\">{\"@context\":\"https:\\\/\\\/schema.org\",\"@graph\":[{\"@type\":\"Article\",\"@id\":\"https:\\\/\\\/reporteroshoy.mx\\\/noticias\\\/comerciantes-piden-que-se-abra-el-malecon-de-progreso-dos-fines-de-semana\\\/#article\",\"isPartOf\":{\"@id\":\"https:\\\/\\\/reporteroshoy.mx\\\/noticias\\\/comerciantes-piden-que-se-abra-el-malecon-de-progreso-dos-fines-de-semana\\\/\"},\"author\":{\"name\":\"Reporteros Hoy WP\",\"@id\":\"https:\\\/\\\/reporteroshoy.mx\\\/noticias\\\/#\\\/schema\\\/person\\\/c977527e57c958a62c5cefe8fe47876e\"},\"headline\":\"Comerciantes piden que se abra el malec\u00f3n de Progreso dos fines de semana\",\"datePublished\":\"2021-08-05T19:40:19+00:00\",\"mainEntityOfPage\":{\"@id\":\"https:\\\/\\\/reporteroshoy.mx\\\/noticias\\\/comerciantes-piden-que-se-abra-el-malecon-de-progreso-dos-fines-de-semana\\\/\"},\"wordCount\":191,\"commentCount\":0,\"image\":{\"@id\":\"https:\\\/\\\/reporteroshoy.mx\\\/noticias\\\/comerciantes-piden-que-se-abra-el-malecon-de-progreso-dos-fines-de-semana\\\/#primaryimage\"},\"thumbnailUrl\":\"https:\\\/\\\/reporteroshoy.mx\\\/noticias\\\/wp-content\\\/uploads\\\/2021\\\/08\\\/Progreso.jpg\",\"keywords\":[\"Comerciantes\",\"malec\u00f3n de progreso\",\"Progreso\",\"Vacaciones\",\"Verano\",\"Yucat\u00e1n Norte\"],\"articleSection\":[\"Yucat\u00e1n\"],\"inLanguage\":\"es\",\"potentialAction\":[{\"@type\":\"CommentAction\",\"name\":\"Comment\",\"target\":[\"https:\\\/\\\/reporteroshoy.mx\\\/noticias\\\/comerciantes-piden-que-se-abra-el-malecon-de-progreso-dos-fines-de-semana\\\/#respond\"]}]},{\"@type\":\"WebPage\",\"@id\":\"https:\\\/\\\/reporteroshoy.mx\\\/noticias\\\/comerciantes-piden-que-se-abra-el-malecon-de-progreso-dos-fines-de-semana\\\/\",\"url\":\"https:\\\/\\\/reporteroshoy.mx\\\/noticias\\\/comerciantes-piden-que-se-abra-el-malecon-de-progreso-dos-fines-de-semana\\\/\",\"name\":\"Comerciantes piden que se abra el malec\u00f3n de Progreso dos fines de semana\",\"isPartOf\":{\"@id\":\"https:\\\/\\\/reporteroshoy.mx\\\/noticias\\\/#website\"},\"primaryImageOfPage\":{\"@id\":\"https:\\\/\\\/reporteroshoy.mx\\\/noticias\\\/comerciantes-piden-que-se-abra-el-malecon-de-progreso-dos-fines-de-semana\\\/#primaryimage\"},\"image\":{\"@id\":\"https:\\\/\\\/reporteroshoy.mx\\\/noticias\\\/comerciantes-piden-que-se-abra-el-malecon-de-progreso-dos-fines-de-semana\\\/#primaryimage\"},\"thumbnailUrl\":\"https:\\\/\\\/reporteroshoy.mx\\\/noticias\\\/wp-content\\\/uploads\\\/2021\\\/08\\\/Progreso.jpg\",\"datePublished\":\"2021-08-05T19:40:19+00:00\",\"author\":{\"@id\":\"https:\\\/\\\/reporteroshoy.mx\\\/noticias\\\/#\\\/schema\\\/person\\\/c977527e57c958a62c5cefe8fe47876e\"},\"description\":\"Pidieron a las autoridades que, al menos, se abra los \u00faltimos dos fines de semana de la temporada de vacaciones.\",\"breadcrumb\":{\"@id\":\"https:\\\/\\\/reporteroshoy.mx\\\/noticias\\\/comerciantes-piden-que-se-abra-el-malecon-de-progreso-dos-fines-de-semana\\\/#breadcrumb\"},\"inLanguage\":\"es\",\"potentialAction\":[{\"@type\":\"ReadAction\",\"target\":[\"https:\\\/\\\/reporteroshoy.mx\\\/noticias\\\/comerciantes-piden-que-se-abra-el-malecon-de-progreso-dos-fines-de-semana\\\/\"]}]},{\"@type\":\"ImageObject\",\"inLanguage\":\"es\",\"@id\":\"https:\\\/\\\/reporteroshoy.mx\\\/noticias\\\/comerciantes-piden-que-se-abra-el-malecon-de-progreso-dos-fines-de-semana\\\/#primaryimage\",\"url\":\"https:\\\/\\\/reporteroshoy.mx\\\/noticias\\\/wp-content\\\/uploads\\\/2021\\\/08\\\/Progreso.jpg\",\"contentUrl\":\"https:\\\/\\\/reporteroshoy.mx\\\/noticias\\\/wp-content\\\/uploads\\\/2021\\\/08\\\/Progreso.jpg\",\"width\":768,\"height\":432},{\"@type\":\"BreadcrumbList\",\"@id\":\"https:\\\/\\\/reporteroshoy.mx\\\/noticias\\\/comerciantes-piden-que-se-abra-el-malecon-de-progreso-dos-fines-de-semana\\\/#breadcrumb\",\"itemListElement\":[{\"@type\":\"ListItem\",\"position\":1,\"name\":\"Portada\",\"item\":\"https:\\\/\\\/reporteroshoy.mx\\\/noticias\\\/\"},{\"@type\":\"ListItem\",\"position\":2,\"name\":\"Comerciantes piden que se abra el malec\u00f3n de Progreso dos fines de semana\"}]},{\"@type\":\"WebSite\",\"@id\":\"https:\\\/\\\/reporteroshoy.mx\\\/noticias\\\/#website\",\"url\":\"https:\\\/\\\/reporteroshoy.mx\\\/noticias\\\/\",\"name\":\"Reporteros Hoy | Noticias de Yucat\u00e1n\",\"description\":\"Peri\u00f3dico digital con noticias diarias desde M\u00e9rida, Yucat\u00e1n para el mundo.\",\"potentialAction\":[{\"@type\":\"SearchAction\",\"target\":{\"@type\":\"EntryPoint\",\"urlTemplate\":\"https:\\\/\\\/reporteroshoy.mx\\\/noticias\\\/?s={search_term_string}\"},\"query-input\":{\"@type\":\"PropertyValueSpecification\",\"valueRequired\":true,\"valueName\":\"search_term_string\"}}],\"inLanguage\":\"es\"},{\"@type\":\"Person\",\"@id\":\"https:\\\/\\\/reporteroshoy.mx\\\/noticias\\\/#\\\/schema\\\/person\\\/c977527e57c958a62c5cefe8fe47876e\",\"name\":\"Reporteros Hoy WP\",\"image\":{\"@type\":\"ImageObject\",\"inLanguage\":\"es\",\"@id\":\"https:\\\/\\\/secure.gravatar.com\\\/avatar\\\/fd2917f79a7dae30f8ac9ddc2f35e1756bb59e25e01d1cd09deaa64df7b2f73e?s=96&d=mm&r=g\",\"url\":\"https:\\\/\\\/secure.gravatar.com\\\/avatar\\\/fd2917f79a7dae30f8ac9ddc2f35e1756bb59e25e01d1cd09deaa64df7b2f73e?s=96&d=mm&r=g\",\"contentUrl\":\"https:\\\/\\\/secure.gravatar.com\\\/avatar\\\/fd2917f79a7dae30f8ac9ddc2f35e1756bb59e25e01d1cd09deaa64df7b2f73e?s=96&d=mm&r=g\",\"caption\":\"Reporteros Hoy WP\"},\"url\":\"https:\\\/\\\/reporteroshoy.mx\\\/noticias\\\/author\\\/walfer\\\/\"}]}<\/script>\n<!-- \/ Yoast SEO plugin. -->","yoast_head_json":{"title":"Comerciantes piden que se abra el malec\u00f3n de Progreso dos fines de semana","description":"Pidieron a las autoridades que, al menos, se abra los \u00faltimos dos fines de semana de la temporada de vacaciones.","robots":{"index":"index","follow":"follow","max-snippet":"max-snippet:-1","max-image-preview":"max-image-preview:large","max-video-preview":"max-video-preview:-1"},"canonical":"https:\/\/reporteroshoy.mx\/noticias\/comerciantes-piden-que-se-abra-el-malecon-de-progreso-dos-fines-de-semana\/","og_locale":"es_ES","og_type":"article","og_title":"Comerciantes piden que se abra el malec\u00f3n de Progreso dos fines de semana","og_description":"Pidieron a las autoridades que, al menos, se abra los \u00faltimos dos fines de semana de la temporada de vacaciones.","og_url":"https:\/\/reporteroshoy.mx\/noticias\/comerciantes-piden-que-se-abra-el-malecon-de-progreso-dos-fines-de-semana\/","og_site_name":"Reporteros Hoy | Noticias de Yucat\u00e1n","article_publisher":"http:\/\/www.facebook.com\/reporteroshoymx","article_published_time":"2021-08-05T19:40:19+00:00","og_image":[{"width":768,"height":432,"url":"https:\/\/reporteroshoy.mx\/noticias\/wp-content\/uploads\/2021\/08\/Progreso.jpg","type":"image\/jpeg"}],"author":"Reporteros Hoy WP","twitter_card":"summary_large_image","twitter_creator":"@reporteroshoy","twitter_site":"@reporteroshoy","twitter_misc":{"Escrito por":"Reporteros Hoy WP","Tiempo de lectura":"1 minuto"},"schema":{"@context":"https:\/\/schema.org","@graph":[{"@type":"Article","@id":"https:\/\/reporteroshoy.mx\/noticias\/comerciantes-piden-que-se-abra-el-malecon-de-progreso-dos-fines-de-semana\/#article","isPartOf":{"@id":"https:\/\/reporteroshoy.mx\/noticias\/comerciantes-piden-que-se-abra-el-malecon-de-progreso-dos-fines-de-semana\/"},"author":{"name":"Reporteros Hoy WP","@id":"https:\/\/reporteroshoy.mx\/noticias\/#\/schema\/person\/c977527e57c958a62c5cefe8fe47876e"},"headline":"Comerciantes piden que se abra el malec\u00f3n de Progreso dos fines de semana","datePublished":"2021-08-05T19:40:19+00:00","mainEntityOfPage":{"@id":"https:\/\/reporteroshoy.mx\/noticias\/comerciantes-piden-que-se-abra-el-malecon-de-progreso-dos-fines-de-semana\/"},"wordCount":191,"commentCount":0,"image":{"@id":"https:\/\/reporteroshoy.mx\/noticias\/comerciantes-piden-que-se-abra-el-malecon-de-progreso-dos-fines-de-semana\/#primaryimage"},"thumbnailUrl":"https:\/\/reporteroshoy.mx\/noticias\/wp-content\/uploads\/2021\/08\/Progreso.jpg","keywords":["Comerciantes","malec\u00f3n de progreso","Progreso","Vacaciones","Verano","Yucat\u00e1n Norte"],"articleSection":["Yucat\u00e1n"],"inLanguage":"es","potentialAction":[{"@type":"CommentAction","name":"Comment","target":["https:\/\/reporteroshoy.mx\/noticias\/comerciantes-piden-que-se-abra-el-malecon-de-progreso-dos-fines-de-semana\/#respond"]}]},{"@type":"WebPage","@id":"https:\/\/reporteroshoy.mx\/noticias\/comerciantes-piden-que-se-abra-el-malecon-de-progreso-dos-fines-de-semana\/","url":"https:\/\/reporteroshoy.mx\/noticias\/comerciantes-piden-que-se-abra-el-malecon-de-progreso-dos-fines-de-semana\/","name":"Comerciantes piden que se abra el malec\u00f3n de Progreso dos fines de semana","isPartOf":{"@id":"https:\/\/reporteroshoy.mx\/noticias\/#website"},"primaryImageOfPage":{"@id":"https:\/\/reporteroshoy.mx\/noticias\/comerciantes-piden-que-se-abra-el-malecon-de-progreso-dos-fines-de-semana\/#primaryimage"},"image":{"@id":"https:\/\/reporteroshoy.mx\/noticias\/comerciantes-piden-que-se-abra-el-malecon-de-progreso-dos-fines-de-semana\/#primaryimage"},"thumbnailUrl":"https:\/\/reporteroshoy.mx\/noticias\/wp-content\/uploads\/2021\/08\/Progreso.jpg","datePublished":"2021-08-05T19:40:19+00:00","author":{"@id":"https:\/\/reporteroshoy.mx\/noticias\/#\/schema\/person\/c977527e57c958a62c5cefe8fe47876e"},"description":"Pidieron a las autoridades que, al menos, se abra los \u00faltimos dos fines de semana de la temporada de vacaciones.","breadcrumb":{"@id":"https:\/\/reporteroshoy.mx\/noticias\/comerciantes-piden-que-se-abra-el-malecon-de-progreso-dos-fines-de-semana\/#breadcrumb"},"inLanguage":"es","potentialAction":[{"@type":"ReadAction","target":["https:\/\/reporteroshoy.mx\/noticias\/comerciantes-piden-que-se-abra-el-malecon-de-progreso-dos-fines-de-semana\/"]}]},{"@type":"ImageObject","inLanguage":"es","@id":"https:\/\/reporteroshoy.mx\/noticias\/comerciantes-piden-que-se-abra-el-malecon-de-progreso-dos-fines-de-semana\/#primaryimage","url":"https:\/\/reporteroshoy.mx\/noticias\/wp-content\/uploads\/2021\/08\/Progreso.jpg","contentUrl":"https:\/\/reporteroshoy.mx\/noticias\/wp-content\/uploads\/2021\/08\/Progreso.jpg","width":768,"height":432},{"@type":"BreadcrumbList","@id":"https:\/\/reporteroshoy.mx\/noticias\/comerciantes-piden-que-se-abra-el-malecon-de-progreso-dos-fines-de-semana\/#breadcrumb","itemListElement":[{"@type":"ListItem","position":1,"name":"Portada","item":"https:\/\/reporteroshoy.mx\/noticias\/"},{"@type":"ListItem","position":2,"name":"Comerciantes piden que se abra el malec\u00f3n de Progreso dos fines de semana"}]},{"@type":"WebSite","@id":"https:\/\/reporteroshoy.mx\/noticias\/#website","url":"https:\/\/reporteroshoy.mx\/noticias\/","name":"Reporteros Hoy | Noticias de Yucat\u00e1n","description":"Peri\u00f3dico digital con noticias diarias desde M\u00e9rida, Yucat\u00e1n para el mundo.","potentialAction":[{"@type":"SearchAction","target":{"@type":"EntryPoint","urlTemplate":"https:\/\/reporteroshoy.mx\/noticias\/?s={search_term_string}"},"query-input":{"@type":"PropertyValueSpecification","valueRequired":true,"valueName":"search_term_string"}}],"inLanguage":"es"},{"@type":"Person","@id":"https:\/\/reporteroshoy.mx\/noticias\/#\/schema\/person\/c977527e57c958a62c5cefe8fe47876e","name":"Reporteros Hoy WP","image":{"@type":"ImageObject","inLanguage":"es","@id":"https:\/\/secure.gravatar.com\/avatar\/fd2917f79a7dae30f8ac9ddc2f35e1756bb59e25e01d1cd09deaa64df7b2f73e?s=96&d=mm&r=g","url":"https:\/\/secure.gravatar.com\/avatar\/fd2917f79a7dae30f8ac9ddc2f35e1756bb59e25e01d1cd09deaa64df7b2f73e?s=96&d=mm&r=g","contentUrl":"https:\/\/secure.gravatar.com\/avatar\/fd2917f79a7dae30f8ac9ddc2f35e1756bb59e25e01d1cd09deaa64df7b2f73e?s=96&d=mm&r=g","caption":"Reporteros Hoy WP"},"url":"https:\/\/reporteroshoy.mx\/noticias\/author\/walfer\/"}]}},"_links":{"self":[{"href":"https:\/\/reporteroshoy.mx\/noticias\/wp-json\/wp\/v2\/posts\/69018","targetHints":{"allow":["GET"]}}],"collection":[{"href":"https:\/\/reporteroshoy.mx\/noticias\/wp-json\/wp\/v2\/posts"}],"about":[{"href":"https:\/\/reporteroshoy.mx\/noticias\/wp-json\/wp\/v2\/types\/post"}],"author":[{"embeddable":true,"href":"https:\/\/reporteroshoy.mx\/noticias\/wp-json\/wp\/v2\/users\/9"}],"replies":[{"embeddable":true,"href":"https:\/\/reporteroshoy.mx\/noticias\/wp-json\/wp\/v2\/comments?post=69018"}],"version-history":[{"count":0,"href":"https:\/\/reporteroshoy.mx\/noticias\/wp-json\/wp\/v2\/posts\/69018\/revisions"}],"wp:featuredmedia":[{"embeddable":true,"href":"https:\/\/reporteroshoy.mx\/noticias\/wp-json\/wp\/v2\/media\/69019"}],"wp:attachment":[{"href":"https:\/\/reporteroshoy.mx\/noticias\/wp-json\/wp\/v2\/media?parent=69018"}],"wp:term":[{"taxonomy":"category","embeddable":true,"href":"https:\/\/reporteroshoy.mx\/noticias\/wp-json\/wp\/v2\/categories?post=69018"},{"taxonomy":"post_tag","embeddable":true,"href":"https:\/\/reporteroshoy.mx\/noticias\/wp-json\/wp\/v2\/tags?post=69018"}],"curies":[{"name":"wp","href":"https:\/\/api.w.org\/{rel}","templated":true}]}}