{"id":69322,"date":"2021-08-10T15:24:56","date_gmt":"2021-08-10T20:24:56","guid":{"rendered":"https:\/\/reporteroshoy.mx\/noticias\/?p=69322"},"modified":"2021-08-10T15:24:56","modified_gmt":"2021-08-10T20:24:56","slug":"continuara-en-prision-por-violencia-familiar-en-la-salvador-alvarado-sur","status":"publish","type":"post","link":"https:\/\/reporteroshoy.mx\/noticias\/continuara-en-prision-por-violencia-familiar-en-la-salvador-alvarado-sur\/","title":{"rendered":"Continuar\u00e1 en prisi\u00f3n por violencia familiar en la Salvador Alvarado Sur"},"content":{"rendered":"<p class=\"x_MsoNormal\" style=\"text-align: justify;\"><span lang=\"ES\">M\u00e9rida, Yucat\u00e1n; 10 de agosto de 2021.- Acusado del delito de violencia familiar, E.E.C.C. fue vinculado a proceso tras ser valorados los datos de prueba aportados por la Fiscal\u00eda General del Estado (FGE), por los hechos ocurridos en un predio de la colonia Salvador Alvarado Sur, de esta ciudad de M\u00e9rida, por lo que tras resolverse su situaci\u00f3n legal, el encausado continuar\u00e1 en prisi\u00f3n preventiva.<\/span><\/p>\n<p class=\"x_MsoNormal\" style=\"text-align: justify;\"><span lang=\"ES\">De acuerdo con la indagatoria realizada por los especialistas de la Fiscal\u00eda, los hechos ocurrieron el pasado dos de agosto en el predio donde vive la v\u00edctima, con quien el imputado hab\u00eda sostenido una relaci\u00f3n sentimental y procreado dos hijos. Conforme a la investigaci\u00f3n, el encausado ejecut\u00f3 actos abusivos, dirigidos a agredir y dominar de manera f\u00edsica y psicol\u00f3gica a la v\u00edctima, por lo que fue presentada la formal denuncia que deriv\u00f3 en la causa penal 203\/2021.<\/span><\/p>\n<p><img loading=\"lazy\" decoding=\"async\" class=\"wp-image-69335 aligncenter\" src=\"https:\/\/reporteroshoy.mx\/noticias\/wp-content\/uploads\/2021\/08\/Violencia-familiar.jpg\" alt=\"\" width=\"600\" height=\"337\" \/><\/p>\n<p class=\"x_MsoNormal\" style=\"text-align: justify;\"><span lang=\"ES\">En la audiencia realizada en el Juzgado Segundo de Control del Primer Distrito Judicial, los fiscales de litigaci\u00f3n aportaron los datos de prueba obtenidos en la indagatoria y la Juez de Control, tras valorarlos, decret\u00f3 el citado auto de vinculaci\u00f3n a proceso, otorgando adem\u00e1s un plazo de tres meses para el cierre de la investigaci\u00f3n complementaria, tiempo durante el cual las partes involucradas continuar\u00e1n con las diligencias del caso para esclarecer los hechos denunciados.<\/span><\/p>\n<p class=\"x_MsoNormal\" style=\"text-align: justify;\"><span lang=\"ES\">Antes de concluir, fue ratificada la medida cautelar de prisi\u00f3n preventiva, la cual se mantendr\u00e1 vigente durante todo el tiempo que dure el proceso, por lo que el encausado permanecer\u00e1 privado de su libertad hasta definir su participaci\u00f3n en los hechos ocurridos.<\/span><\/p>\n","protected":false},"excerpt":{"rendered":"<p>El acusado permanecer\u00e1 en prisi\u00f3n por agredir de manera f\u00edsica y psicol\u00f3gica a su pareja en el sur de M\u00e9rida.<\/p>\n","protected":false},"author":9,"featured_media":69335,"comment_status":"open","ping_status":"closed","sticky":false,"template":"","format":"standard","meta":{"footnotes":""},"categories":[14],"tags":[431,13485,5429],"class_list":["post-69322","post","type-post","status-publish","format-standard","has-post-thumbnail","hentry","category-policia","tag-fge","tag-salvador-alvarado-sur","tag-violencia-familiar"],"yoast_head":"<!-- This site is optimized with the Yoast SEO plugin v28.3 - https:\/\/yoast.com\/product\/yoast-seo-wordpress\/ -->\n<title>Continuar\u00e1 en prisi\u00f3n por violencia familiar en la Salvador Alvarado Sur<\/title>\n<meta name=\"description\" content=\"El acusado permanecer\u00e1 en prisi\u00f3n por agredir de manera f\u00edsica y psicol\u00f3gica a su pareja en el sur de M\u00e9rida.\" \/>\n<meta name=\"robots\" content=\"index, follow, max-snippet:-1, max-image-preview:large, max-video-preview:-1\" \/>\n<link rel=\"canonical\" href=\"https:\/\/reporteroshoy.mx\/noticias\/continuara-en-prision-por-violencia-familiar-en-la-salvador-alvarado-sur\/\" \/>\n<meta property=\"og:locale\" content=\"es_ES\" \/>\n<meta property=\"og:type\" content=\"article\" \/>\n<meta property=\"og:title\" content=\"Continuar\u00e1 en prisi\u00f3n por violencia familiar en la Salvador Alvarado Sur\" \/>\n<meta property=\"og:description\" content=\"El acusado permanecer\u00e1 en prisi\u00f3n por agredir de manera f\u00edsica y psicol\u00f3gica a su pareja en el sur de M\u00e9rida.\" \/>\n<meta property=\"og:url\" content=\"https:\/\/reporteroshoy.mx\/noticias\/continuara-en-prision-por-violencia-familiar-en-la-salvador-alvarado-sur\/\" \/>\n<meta property=\"og:site_name\" content=\"Reporteros Hoy | Noticias de Yucat\u00e1n\" \/>\n<meta property=\"article:publisher\" content=\"http:\/\/www.facebook.com\/reporteroshoymx\" \/>\n<meta property=\"article:published_time\" content=\"2021-08-10T20:24:56+00:00\" \/>\n<meta property=\"og:image\" content=\"https:\/\/reporteroshoy.mx\/noticias\/wp-content\/uploads\/2021\/08\/Violencia-familiar.jpg\" \/>\n\t<meta property=\"og:image:width\" content=\"768\" \/>\n\t<meta property=\"og:image:height\" content=\"431\" \/>\n\t<meta property=\"og:image:type\" content=\"image\/jpeg\" \/>\n<meta name=\"author\" content=\"Reporteros Hoy WP\" \/>\n<meta name=\"twitter:card\" content=\"summary_large_image\" \/>\n<meta name=\"twitter:creator\" content=\"@reporteroshoy\" \/>\n<meta name=\"twitter:site\" content=\"@reporteroshoy\" \/>\n<meta name=\"twitter:label1\" content=\"Escrito por\" \/>\n\t<meta name=\"twitter:data1\" content=\"Reporteros Hoy WP\" \/>\n\t<meta name=\"twitter:label2\" content=\"Tiempo de lectura\" \/>\n\t<meta name=\"twitter:data2\" content=\"2 minutos\" \/>\n<script type=\"application\/ld+json\" class=\"yoast-schema-graph\">{\"@context\":\"https:\\\/\\\/schema.org\",\"@graph\":[{\"@type\":\"Article\",\"@id\":\"https:\\\/\\\/reporteroshoy.mx\\\/noticias\\\/continuara-en-prision-por-violencia-familiar-en-la-salvador-alvarado-sur\\\/#article\",\"isPartOf\":{\"@id\":\"https:\\\/\\\/reporteroshoy.mx\\\/noticias\\\/continuara-en-prision-por-violencia-familiar-en-la-salvador-alvarado-sur\\\/\"},\"author\":{\"name\":\"Reporteros Hoy WP\",\"@id\":\"https:\\\/\\\/reporteroshoy.mx\\\/noticias\\\/#\\\/schema\\\/person\\\/c977527e57c958a62c5cefe8fe47876e\"},\"headline\":\"Continuar\u00e1 en prisi\u00f3n por violencia familiar en la Salvador Alvarado Sur\",\"datePublished\":\"2021-08-10T20:24:56+00:00\",\"mainEntityOfPage\":{\"@id\":\"https:\\\/\\\/reporteroshoy.mx\\\/noticias\\\/continuara-en-prision-por-violencia-familiar-en-la-salvador-alvarado-sur\\\/\"},\"wordCount\":292,\"commentCount\":0,\"image\":{\"@id\":\"https:\\\/\\\/reporteroshoy.mx\\\/noticias\\\/continuara-en-prision-por-violencia-familiar-en-la-salvador-alvarado-sur\\\/#primaryimage\"},\"thumbnailUrl\":\"https:\\\/\\\/reporteroshoy.mx\\\/noticias\\\/wp-content\\\/uploads\\\/2021\\\/08\\\/Violencia-familiar.jpg\",\"keywords\":[\"FGE\",\"Salvador Alvarado Sur\",\"Violencia Familiar\"],\"articleSection\":[\"Polic\u00eda\"],\"inLanguage\":\"es\",\"potentialAction\":[{\"@type\":\"CommentAction\",\"name\":\"Comment\",\"target\":[\"https:\\\/\\\/reporteroshoy.mx\\\/noticias\\\/continuara-en-prision-por-violencia-familiar-en-la-salvador-alvarado-sur\\\/#respond\"]}]},{\"@type\":\"WebPage\",\"@id\":\"https:\\\/\\\/reporteroshoy.mx\\\/noticias\\\/continuara-en-prision-por-violencia-familiar-en-la-salvador-alvarado-sur\\\/\",\"url\":\"https:\\\/\\\/reporteroshoy.mx\\\/noticias\\\/continuara-en-prision-por-violencia-familiar-en-la-salvador-alvarado-sur\\\/\",\"name\":\"Continuar\u00e1 en prisi\u00f3n por violencia familiar en la Salvador Alvarado Sur\",\"isPartOf\":{\"@id\":\"https:\\\/\\\/reporteroshoy.mx\\\/noticias\\\/#website\"},\"primaryImageOfPage\":{\"@id\":\"https:\\\/\\\/reporteroshoy.mx\\\/noticias\\\/continuara-en-prision-por-violencia-familiar-en-la-salvador-alvarado-sur\\\/#primaryimage\"},\"image\":{\"@id\":\"https:\\\/\\\/reporteroshoy.mx\\\/noticias\\\/continuara-en-prision-por-violencia-familiar-en-la-salvador-alvarado-sur\\\/#primaryimage\"},\"thumbnailUrl\":\"https:\\\/\\\/reporteroshoy.mx\\\/noticias\\\/wp-content\\\/uploads\\\/2021\\\/08\\\/Violencia-familiar.jpg\",\"datePublished\":\"2021-08-10T20:24:56+00:00\",\"author\":{\"@id\":\"https:\\\/\\\/reporteroshoy.mx\\\/noticias\\\/#\\\/schema\\\/person\\\/c977527e57c958a62c5cefe8fe47876e\"},\"description\":\"El acusado permanecer\u00e1 en prisi\u00f3n por agredir de manera f\u00edsica y psicol\u00f3gica a su pareja en el sur de M\u00e9rida.\",\"breadcrumb\":{\"@id\":\"https:\\\/\\\/reporteroshoy.mx\\\/noticias\\\/continuara-en-prision-por-violencia-familiar-en-la-salvador-alvarado-sur\\\/#breadcrumb\"},\"inLanguage\":\"es\",\"potentialAction\":[{\"@type\":\"ReadAction\",\"target\":[\"https:\\\/\\\/reporteroshoy.mx\\\/noticias\\\/continuara-en-prision-por-violencia-familiar-en-la-salvador-alvarado-sur\\\/\"]}]},{\"@type\":\"ImageObject\",\"inLanguage\":\"es\",\"@id\":\"https:\\\/\\\/reporteroshoy.mx\\\/noticias\\\/continuara-en-prision-por-violencia-familiar-en-la-salvador-alvarado-sur\\\/#primaryimage\",\"url\":\"https:\\\/\\\/reporteroshoy.mx\\\/noticias\\\/wp-content\\\/uploads\\\/2021\\\/08\\\/Violencia-familiar.jpg\",\"contentUrl\":\"https:\\\/\\\/reporteroshoy.mx\\\/noticias\\\/wp-content\\\/uploads\\\/2021\\\/08\\\/Violencia-familiar.jpg\",\"width\":768,\"height\":431},{\"@type\":\"BreadcrumbList\",\"@id\":\"https:\\\/\\\/reporteroshoy.mx\\\/noticias\\\/continuara-en-prision-por-violencia-familiar-en-la-salvador-alvarado-sur\\\/#breadcrumb\",\"itemListElement\":[{\"@type\":\"ListItem\",\"position\":1,\"name\":\"Portada\",\"item\":\"https:\\\/\\\/reporteroshoy.mx\\\/noticias\\\/\"},{\"@type\":\"ListItem\",\"position\":2,\"name\":\"Continuar\u00e1 en prisi\u00f3n por violencia familiar en la Salvador Alvarado Sur\"}]},{\"@type\":\"WebSite\",\"@id\":\"https:\\\/\\\/reporteroshoy.mx\\\/noticias\\\/#website\",\"url\":\"https:\\\/\\\/reporteroshoy.mx\\\/noticias\\\/\",\"name\":\"Reporteros Hoy | Noticias de Yucat\u00e1n\",\"description\":\"Peri\u00f3dico digital con noticias diarias desde M\u00e9rida, Yucat\u00e1n para el mundo.\",\"potentialAction\":[{\"@type\":\"SearchAction\",\"target\":{\"@type\":\"EntryPoint\",\"urlTemplate\":\"https:\\\/\\\/reporteroshoy.mx\\\/noticias\\\/?s={search_term_string}\"},\"query-input\":{\"@type\":\"PropertyValueSpecification\",\"valueRequired\":true,\"valueName\":\"search_term_string\"}}],\"inLanguage\":\"es\"},{\"@type\":\"Person\",\"@id\":\"https:\\\/\\\/reporteroshoy.mx\\\/noticias\\\/#\\\/schema\\\/person\\\/c977527e57c958a62c5cefe8fe47876e\",\"name\":\"Reporteros Hoy WP\",\"image\":{\"@type\":\"ImageObject\",\"inLanguage\":\"es\",\"@id\":\"https:\\\/\\\/secure.gravatar.com\\\/avatar\\\/fd2917f79a7dae30f8ac9ddc2f35e1756bb59e25e01d1cd09deaa64df7b2f73e?s=96&d=mm&r=g\",\"url\":\"https:\\\/\\\/secure.gravatar.com\\\/avatar\\\/fd2917f79a7dae30f8ac9ddc2f35e1756bb59e25e01d1cd09deaa64df7b2f73e?s=96&d=mm&r=g\",\"contentUrl\":\"https:\\\/\\\/secure.gravatar.com\\\/avatar\\\/fd2917f79a7dae30f8ac9ddc2f35e1756bb59e25e01d1cd09deaa64df7b2f73e?s=96&d=mm&r=g\",\"caption\":\"Reporteros Hoy WP\"},\"url\":\"https:\\\/\\\/reporteroshoy.mx\\\/noticias\\\/author\\\/walfer\\\/\"}]}<\/script>\n<!-- \/ Yoast SEO plugin. -->","yoast_head_json":{"title":"Continuar\u00e1 en prisi\u00f3n por violencia familiar en la Salvador Alvarado Sur","description":"El acusado permanecer\u00e1 en prisi\u00f3n por agredir de manera f\u00edsica y psicol\u00f3gica a su pareja en el sur de M\u00e9rida.","robots":{"index":"index","follow":"follow","max-snippet":"max-snippet:-1","max-image-preview":"max-image-preview:large","max-video-preview":"max-video-preview:-1"},"canonical":"https:\/\/reporteroshoy.mx\/noticias\/continuara-en-prision-por-violencia-familiar-en-la-salvador-alvarado-sur\/","og_locale":"es_ES","og_type":"article","og_title":"Continuar\u00e1 en prisi\u00f3n por violencia familiar en la Salvador Alvarado Sur","og_description":"El acusado permanecer\u00e1 en prisi\u00f3n por agredir de manera f\u00edsica y psicol\u00f3gica a su pareja en el sur de M\u00e9rida.","og_url":"https:\/\/reporteroshoy.mx\/noticias\/continuara-en-prision-por-violencia-familiar-en-la-salvador-alvarado-sur\/","og_site_name":"Reporteros Hoy | Noticias de Yucat\u00e1n","article_publisher":"http:\/\/www.facebook.com\/reporteroshoymx","article_published_time":"2021-08-10T20:24:56+00:00","og_image":[{"width":768,"height":431,"url":"https:\/\/reporteroshoy.mx\/noticias\/wp-content\/uploads\/2021\/08\/Violencia-familiar.jpg","type":"image\/jpeg"}],"author":"Reporteros Hoy WP","twitter_card":"summary_large_image","twitter_creator":"@reporteroshoy","twitter_site":"@reporteroshoy","twitter_misc":{"Escrito por":"Reporteros Hoy WP","Tiempo de lectura":"2 minutos"},"schema":{"@context":"https:\/\/schema.org","@graph":[{"@type":"Article","@id":"https:\/\/reporteroshoy.mx\/noticias\/continuara-en-prision-por-violencia-familiar-en-la-salvador-alvarado-sur\/#article","isPartOf":{"@id":"https:\/\/reporteroshoy.mx\/noticias\/continuara-en-prision-por-violencia-familiar-en-la-salvador-alvarado-sur\/"},"author":{"name":"Reporteros Hoy WP","@id":"https:\/\/reporteroshoy.mx\/noticias\/#\/schema\/person\/c977527e57c958a62c5cefe8fe47876e"},"headline":"Continuar\u00e1 en prisi\u00f3n por violencia familiar en la Salvador Alvarado Sur","datePublished":"2021-08-10T20:24:56+00:00","mainEntityOfPage":{"@id":"https:\/\/reporteroshoy.mx\/noticias\/continuara-en-prision-por-violencia-familiar-en-la-salvador-alvarado-sur\/"},"wordCount":292,"commentCount":0,"image":{"@id":"https:\/\/reporteroshoy.mx\/noticias\/continuara-en-prision-por-violencia-familiar-en-la-salvador-alvarado-sur\/#primaryimage"},"thumbnailUrl":"https:\/\/reporteroshoy.mx\/noticias\/wp-content\/uploads\/2021\/08\/Violencia-familiar.jpg","keywords":["FGE","Salvador Alvarado Sur","Violencia Familiar"],"articleSection":["Polic\u00eda"],"inLanguage":"es","potentialAction":[{"@type":"CommentAction","name":"Comment","target":["https:\/\/reporteroshoy.mx\/noticias\/continuara-en-prision-por-violencia-familiar-en-la-salvador-alvarado-sur\/#respond"]}]},{"@type":"WebPage","@id":"https:\/\/reporteroshoy.mx\/noticias\/continuara-en-prision-por-violencia-familiar-en-la-salvador-alvarado-sur\/","url":"https:\/\/reporteroshoy.mx\/noticias\/continuara-en-prision-por-violencia-familiar-en-la-salvador-alvarado-sur\/","name":"Continuar\u00e1 en prisi\u00f3n por violencia familiar en la Salvador Alvarado Sur","isPartOf":{"@id":"https:\/\/reporteroshoy.mx\/noticias\/#website"},"primaryImageOfPage":{"@id":"https:\/\/reporteroshoy.mx\/noticias\/continuara-en-prision-por-violencia-familiar-en-la-salvador-alvarado-sur\/#primaryimage"},"image":{"@id":"https:\/\/reporteroshoy.mx\/noticias\/continuara-en-prision-por-violencia-familiar-en-la-salvador-alvarado-sur\/#primaryimage"},"thumbnailUrl":"https:\/\/reporteroshoy.mx\/noticias\/wp-content\/uploads\/2021\/08\/Violencia-familiar.jpg","datePublished":"2021-08-10T20:24:56+00:00","author":{"@id":"https:\/\/reporteroshoy.mx\/noticias\/#\/schema\/person\/c977527e57c958a62c5cefe8fe47876e"},"description":"El acusado permanecer\u00e1 en prisi\u00f3n por agredir de manera f\u00edsica y psicol\u00f3gica a su pareja en el sur de M\u00e9rida.","breadcrumb":{"@id":"https:\/\/reporteroshoy.mx\/noticias\/continuara-en-prision-por-violencia-familiar-en-la-salvador-alvarado-sur\/#breadcrumb"},"inLanguage":"es","potentialAction":[{"@type":"ReadAction","target":["https:\/\/reporteroshoy.mx\/noticias\/continuara-en-prision-por-violencia-familiar-en-la-salvador-alvarado-sur\/"]}]},{"@type":"ImageObject","inLanguage":"es","@id":"https:\/\/reporteroshoy.mx\/noticias\/continuara-en-prision-por-violencia-familiar-en-la-salvador-alvarado-sur\/#primaryimage","url":"https:\/\/reporteroshoy.mx\/noticias\/wp-content\/uploads\/2021\/08\/Violencia-familiar.jpg","contentUrl":"https:\/\/reporteroshoy.mx\/noticias\/wp-content\/uploads\/2021\/08\/Violencia-familiar.jpg","width":768,"height":431},{"@type":"BreadcrumbList","@id":"https:\/\/reporteroshoy.mx\/noticias\/continuara-en-prision-por-violencia-familiar-en-la-salvador-alvarado-sur\/#breadcrumb","itemListElement":[{"@type":"ListItem","position":1,"name":"Portada","item":"https:\/\/reporteroshoy.mx\/noticias\/"},{"@type":"ListItem","position":2,"name":"Continuar\u00e1 en prisi\u00f3n por violencia familiar en la Salvador Alvarado Sur"}]},{"@type":"WebSite","@id":"https:\/\/reporteroshoy.mx\/noticias\/#website","url":"https:\/\/reporteroshoy.mx\/noticias\/","name":"Reporteros Hoy | Noticias de Yucat\u00e1n","description":"Peri\u00f3dico digital con noticias diarias desde M\u00e9rida, Yucat\u00e1n para el mundo.","potentialAction":[{"@type":"SearchAction","target":{"@type":"EntryPoint","urlTemplate":"https:\/\/reporteroshoy.mx\/noticias\/?s={search_term_string}"},"query-input":{"@type":"PropertyValueSpecification","valueRequired":true,"valueName":"search_term_string"}}],"inLanguage":"es"},{"@type":"Person","@id":"https:\/\/reporteroshoy.mx\/noticias\/#\/schema\/person\/c977527e57c958a62c5cefe8fe47876e","name":"Reporteros Hoy WP","image":{"@type":"ImageObject","inLanguage":"es","@id":"https:\/\/secure.gravatar.com\/avatar\/fd2917f79a7dae30f8ac9ddc2f35e1756bb59e25e01d1cd09deaa64df7b2f73e?s=96&d=mm&r=g","url":"https:\/\/secure.gravatar.com\/avatar\/fd2917f79a7dae30f8ac9ddc2f35e1756bb59e25e01d1cd09deaa64df7b2f73e?s=96&d=mm&r=g","contentUrl":"https:\/\/secure.gravatar.com\/avatar\/fd2917f79a7dae30f8ac9ddc2f35e1756bb59e25e01d1cd09deaa64df7b2f73e?s=96&d=mm&r=g","caption":"Reporteros Hoy WP"},"url":"https:\/\/reporteroshoy.mx\/noticias\/author\/walfer\/"}]}},"_links":{"self":[{"href":"https:\/\/reporteroshoy.mx\/noticias\/wp-json\/wp\/v2\/posts\/69322","targetHints":{"allow":["GET"]}}],"collection":[{"href":"https:\/\/reporteroshoy.mx\/noticias\/wp-json\/wp\/v2\/posts"}],"about":[{"href":"https:\/\/reporteroshoy.mx\/noticias\/wp-json\/wp\/v2\/types\/post"}],"author":[{"embeddable":true,"href":"https:\/\/reporteroshoy.mx\/noticias\/wp-json\/wp\/v2\/users\/9"}],"replies":[{"embeddable":true,"href":"https:\/\/reporteroshoy.mx\/noticias\/wp-json\/wp\/v2\/comments?post=69322"}],"version-history":[{"count":0,"href":"https:\/\/reporteroshoy.mx\/noticias\/wp-json\/wp\/v2\/posts\/69322\/revisions"}],"wp:featuredmedia":[{"embeddable":true,"href":"https:\/\/reporteroshoy.mx\/noticias\/wp-json\/wp\/v2\/media\/69335"}],"wp:attachment":[{"href":"https:\/\/reporteroshoy.mx\/noticias\/wp-json\/wp\/v2\/media?parent=69322"}],"wp:term":[{"taxonomy":"category","embeddable":true,"href":"https:\/\/reporteroshoy.mx\/noticias\/wp-json\/wp\/v2\/categories?post=69322"},{"taxonomy":"post_tag","embeddable":true,"href":"https:\/\/reporteroshoy.mx\/noticias\/wp-json\/wp\/v2\/tags?post=69322"}],"curies":[{"name":"wp","href":"https:\/\/api.w.org\/{rel}","templated":true}]}}