{"id":70061,"date":"2021-08-21T15:09:01","date_gmt":"2021-08-21T20:09:01","guid":{"rendered":"https:\/\/reporteroshoy.mx\/noticias\/?p=70061"},"modified":"2021-08-21T15:09:01","modified_gmt":"2021-08-21T20:09:01","slug":"violento-sujeto-imputado-por-golpear-a-su-pareja-en-merida","status":"publish","type":"post","link":"https:\/\/reporteroshoy.mx\/noticias\/violento-sujeto-imputado-por-golpear-a-su-pareja-en-merida\/","title":{"rendered":"Violento sujeto imputado por golpear a su pareja en M\u00e9rida"},"content":{"rendered":"<p dir=\"ltr\" style=\"text-align: justify;\">M\u00e9rida, Yucat\u00e1n a 21 de agosto de 2021.- Por violencia familiar y violencia familiar equiparada, la Fiscal\u00eda General del Estado (FGE) formul\u00f3 la imputaci\u00f3n de los delitos a M.G.Y., denunciado tras los hechos ocurridos en la colonia San Antonio Xluch III, en agravio a su pareja sentimental, por lo que permanecer\u00e1 privado de su libertad.<\/p>\n<p dir=\"ltr\" style=\"text-align: justify;\">Tras la denuncia interpuesta, los fiscales de litigaci\u00f3n iniciaron con la indagatoria, la cual arroj\u00f3 que el 13 de julio del a\u00f1o 2020, en un predio de la citada colonia, el encausado agredi\u00f3 de manera f\u00edsica y psicol\u00f3gica a su pareja sentimental, con quien tiene un hijo y vive desde hace cuatro a\u00f1os, por lo que ante la agresi\u00f3n, se present\u00f3 la formal denuncia que deriv\u00f3 en la causa penal 113\/2020.<\/p>\n<p dir=\"ltr\"><img loading=\"lazy\" decoding=\"async\" class=\"alignnone size-full wp-image-70062\" src=\"https:\/\/reporteroshoy.mx\/noticias\/wp-content\/uploads\/2021\/08\/violencia-mujeres-scaled.jpeg\" alt=\"\" width=\"768\" height=\"432\" \/><\/p>\n<p dir=\"ltr\" style=\"text-align: justify;\">Durante la audiencia celebrada en el Centro de Justicia Oral de M\u00e9rida, los especialistas de la Fiscal\u00eda formularon la imputaci\u00f3n de los delitos y presentaron los datos de prueba para solicitar la vinculaci\u00f3n a proceso del encausado, quien pidi\u00f3 la ampliaci\u00f3n del t\u00e9rmino constitucional para definir su condici\u00f3n jur\u00eddica, por lo que el Juez Segundo de Control estableci\u00f3 que la audiencia contin\u00fae el pr\u00f3ximo 25 de agosto.<\/p>\n<p dir=\"ltr\" style=\"text-align: justify;\">Antes de finalizar las diligencias jur\u00eddicas, esta representaci\u00f3n social present\u00f3 los argumentos para justificar la medida cautelar de prisi\u00f3n preventiva, misma que fue concedida por el Juez de Control por todo el tiempo que dure el proceso.<\/p>\n","protected":false},"excerpt":{"rendered":"<p>La tambi\u00e9n madre de su hijo, se hart\u00f3 de sus vejaciones y lo denunci\u00f3 en junio del a\u00f1o pasado tras agredirla en su casa en la colonia San Antonio Xluch III, permanecer\u00e1 en prisi\u00f3n durante el proceso.<\/p>\n","protected":false},"author":6,"featured_media":70062,"comment_status":"open","ping_status":"closed","sticky":false,"template":"","format":"standard","meta":{"footnotes":""},"categories":[14],"tags":[18825,8282],"class_list":["post-70061","post","type-post","status-publish","format-standard","has-post-thumbnail","hentry","category-policia","tag-maridos-golpeadores","tag-violencia-a-la-mujer"],"yoast_head":"<!-- This site is optimized with the Yoast SEO plugin v28.3 - https:\/\/yoast.com\/product\/yoast-seo-wordpress\/ -->\n<title>Violento sujeto imputado por golpear a su pareja en M\u00e9rida<\/title>\n<meta name=\"description\" content=\"La tambi\u00e9n madre de su hijo, se hart\u00f3 de sus vejaciones y lo denunci\u00f3 en junio del a\u00f1o pasado tras agredirla en su casa en la colonia San Antonio Xluch III, permanecer\u00e1 en prisi\u00f3n durante el proceso.\" \/>\n<meta name=\"robots\" content=\"index, follow, max-snippet:-1, max-image-preview:large, max-video-preview:-1\" \/>\n<link rel=\"canonical\" href=\"https:\/\/reporteroshoy.mx\/noticias\/violento-sujeto-imputado-por-golpear-a-su-pareja-en-merida\/\" \/>\n<meta property=\"og:locale\" content=\"es_ES\" \/>\n<meta property=\"og:type\" content=\"article\" \/>\n<meta property=\"og:title\" content=\"Violento sujeto imputado por golpear a su pareja en M\u00e9rida\" \/>\n<meta property=\"og:description\" content=\"La tambi\u00e9n madre de su hijo, se hart\u00f3 de sus vejaciones y lo denunci\u00f3 en junio del a\u00f1o pasado tras agredirla en su casa en la colonia San Antonio Xluch III, permanecer\u00e1 en prisi\u00f3n durante el proceso.\" \/>\n<meta property=\"og:url\" content=\"https:\/\/reporteroshoy.mx\/noticias\/violento-sujeto-imputado-por-golpear-a-su-pareja-en-merida\/\" \/>\n<meta property=\"og:site_name\" content=\"Reporteros Hoy | Noticias de Yucat\u00e1n\" \/>\n<meta property=\"article:publisher\" content=\"http:\/\/www.facebook.com\/reporteroshoymx\" \/>\n<meta property=\"article:published_time\" content=\"2021-08-21T20:09:01+00:00\" \/>\n<meta property=\"og:image\" content=\"https:\/\/reporteroshoy.mx\/noticias\/wp-content\/uploads\/2021\/08\/violencia-mujeres-scaled.jpeg\" \/>\n\t<meta property=\"og:image:width\" content=\"768\" \/>\n\t<meta property=\"og:image:height\" content=\"432\" \/>\n\t<meta property=\"og:image:type\" content=\"image\/jpeg\" \/>\n<meta name=\"author\" content=\"Reporteros Hoy GS\" \/>\n<meta name=\"twitter:card\" content=\"summary_large_image\" \/>\n<meta name=\"twitter:creator\" content=\"@reporteroshoy\" \/>\n<meta name=\"twitter:site\" content=\"@reporteroshoy\" \/>\n<meta name=\"twitter:label1\" content=\"Escrito por\" \/>\n\t<meta name=\"twitter:data1\" content=\"Reporteros Hoy GS\" \/>\n\t<meta name=\"twitter:label2\" content=\"Tiempo de lectura\" \/>\n\t<meta name=\"twitter:data2\" content=\"2 minutos\" \/>\n<script type=\"application\/ld+json\" class=\"yoast-schema-graph\">{\"@context\":\"https:\\\/\\\/schema.org\",\"@graph\":[{\"@type\":\"Article\",\"@id\":\"https:\\\/\\\/reporteroshoy.mx\\\/noticias\\\/violento-sujeto-imputado-por-golpear-a-su-pareja-en-merida\\\/#article\",\"isPartOf\":{\"@id\":\"https:\\\/\\\/reporteroshoy.mx\\\/noticias\\\/violento-sujeto-imputado-por-golpear-a-su-pareja-en-merida\\\/\"},\"author\":{\"name\":\"Reporteros Hoy GS\",\"@id\":\"https:\\\/\\\/reporteroshoy.mx\\\/noticias\\\/#\\\/schema\\\/person\\\/49ae631fc906b44554e4ba3866c505d7\"},\"headline\":\"Violento sujeto imputado por golpear a su pareja en M\u00e9rida\",\"datePublished\":\"2021-08-21T20:09:01+00:00\",\"mainEntityOfPage\":{\"@id\":\"https:\\\/\\\/reporteroshoy.mx\\\/noticias\\\/violento-sujeto-imputado-por-golpear-a-su-pareja-en-merida\\\/\"},\"wordCount\":261,\"commentCount\":0,\"image\":{\"@id\":\"https:\\\/\\\/reporteroshoy.mx\\\/noticias\\\/violento-sujeto-imputado-por-golpear-a-su-pareja-en-merida\\\/#primaryimage\"},\"thumbnailUrl\":\"https:\\\/\\\/reporteroshoy.mx\\\/noticias\\\/wp-content\\\/uploads\\\/2021\\\/08\\\/violencia-mujeres-scaled.jpeg\",\"keywords\":[\"maridos golpeadores\",\"Violencia a la mujer\"],\"articleSection\":[\"Polic\u00eda\"],\"inLanguage\":\"es\",\"potentialAction\":[{\"@type\":\"CommentAction\",\"name\":\"Comment\",\"target\":[\"https:\\\/\\\/reporteroshoy.mx\\\/noticias\\\/violento-sujeto-imputado-por-golpear-a-su-pareja-en-merida\\\/#respond\"]}]},{\"@type\":\"WebPage\",\"@id\":\"https:\\\/\\\/reporteroshoy.mx\\\/noticias\\\/violento-sujeto-imputado-por-golpear-a-su-pareja-en-merida\\\/\",\"url\":\"https:\\\/\\\/reporteroshoy.mx\\\/noticias\\\/violento-sujeto-imputado-por-golpear-a-su-pareja-en-merida\\\/\",\"name\":\"Violento sujeto imputado por golpear a su pareja en M\u00e9rida\",\"isPartOf\":{\"@id\":\"https:\\\/\\\/reporteroshoy.mx\\\/noticias\\\/#website\"},\"primaryImageOfPage\":{\"@id\":\"https:\\\/\\\/reporteroshoy.mx\\\/noticias\\\/violento-sujeto-imputado-por-golpear-a-su-pareja-en-merida\\\/#primaryimage\"},\"image\":{\"@id\":\"https:\\\/\\\/reporteroshoy.mx\\\/noticias\\\/violento-sujeto-imputado-por-golpear-a-su-pareja-en-merida\\\/#primaryimage\"},\"thumbnailUrl\":\"https:\\\/\\\/reporteroshoy.mx\\\/noticias\\\/wp-content\\\/uploads\\\/2021\\\/08\\\/violencia-mujeres-scaled.jpeg\",\"datePublished\":\"2021-08-21T20:09:01+00:00\",\"author\":{\"@id\":\"https:\\\/\\\/reporteroshoy.mx\\\/noticias\\\/#\\\/schema\\\/person\\\/49ae631fc906b44554e4ba3866c505d7\"},\"description\":\"La tambi\u00e9n madre de su hijo, se hart\u00f3 de sus vejaciones y lo denunci\u00f3 en junio del a\u00f1o pasado tras agredirla en su casa en la colonia San Antonio Xluch III, permanecer\u00e1 en prisi\u00f3n durante el proceso.\",\"breadcrumb\":{\"@id\":\"https:\\\/\\\/reporteroshoy.mx\\\/noticias\\\/violento-sujeto-imputado-por-golpear-a-su-pareja-en-merida\\\/#breadcrumb\"},\"inLanguage\":\"es\",\"potentialAction\":[{\"@type\":\"ReadAction\",\"target\":[\"https:\\\/\\\/reporteroshoy.mx\\\/noticias\\\/violento-sujeto-imputado-por-golpear-a-su-pareja-en-merida\\\/\"]}]},{\"@type\":\"ImageObject\",\"inLanguage\":\"es\",\"@id\":\"https:\\\/\\\/reporteroshoy.mx\\\/noticias\\\/violento-sujeto-imputado-por-golpear-a-su-pareja-en-merida\\\/#primaryimage\",\"url\":\"https:\\\/\\\/reporteroshoy.mx\\\/noticias\\\/wp-content\\\/uploads\\\/2021\\\/08\\\/violencia-mujeres-scaled.jpeg\",\"contentUrl\":\"https:\\\/\\\/reporteroshoy.mx\\\/noticias\\\/wp-content\\\/uploads\\\/2021\\\/08\\\/violencia-mujeres-scaled.jpeg\",\"width\":768,\"height\":432},{\"@type\":\"BreadcrumbList\",\"@id\":\"https:\\\/\\\/reporteroshoy.mx\\\/noticias\\\/violento-sujeto-imputado-por-golpear-a-su-pareja-en-merida\\\/#breadcrumb\",\"itemListElement\":[{\"@type\":\"ListItem\",\"position\":1,\"name\":\"Portada\",\"item\":\"https:\\\/\\\/reporteroshoy.mx\\\/noticias\\\/\"},{\"@type\":\"ListItem\",\"position\":2,\"name\":\"Violento sujeto imputado por golpear a su pareja en M\u00e9rida\"}]},{\"@type\":\"WebSite\",\"@id\":\"https:\\\/\\\/reporteroshoy.mx\\\/noticias\\\/#website\",\"url\":\"https:\\\/\\\/reporteroshoy.mx\\\/noticias\\\/\",\"name\":\"Reporteros Hoy | Noticias de Yucat\u00e1n\",\"description\":\"Peri\u00f3dico digital con noticias diarias desde M\u00e9rida, Yucat\u00e1n para el mundo.\",\"potentialAction\":[{\"@type\":\"SearchAction\",\"target\":{\"@type\":\"EntryPoint\",\"urlTemplate\":\"https:\\\/\\\/reporteroshoy.mx\\\/noticias\\\/?s={search_term_string}\"},\"query-input\":{\"@type\":\"PropertyValueSpecification\",\"valueRequired\":true,\"valueName\":\"search_term_string\"}}],\"inLanguage\":\"es\"},{\"@type\":\"Person\",\"@id\":\"https:\\\/\\\/reporteroshoy.mx\\\/noticias\\\/#\\\/schema\\\/person\\\/49ae631fc906b44554e4ba3866c505d7\",\"name\":\"Reporteros Hoy GS\",\"image\":{\"@type\":\"ImageObject\",\"inLanguage\":\"es\",\"@id\":\"https:\\\/\\\/secure.gravatar.com\\\/avatar\\\/00d32adb620345c3db2cfc175917f65c584e1e338fdc49ad126aa1f9830eb6a9?s=96&d=mm&r=g\",\"url\":\"https:\\\/\\\/secure.gravatar.com\\\/avatar\\\/00d32adb620345c3db2cfc175917f65c584e1e338fdc49ad126aa1f9830eb6a9?s=96&d=mm&r=g\",\"contentUrl\":\"https:\\\/\\\/secure.gravatar.com\\\/avatar\\\/00d32adb620345c3db2cfc175917f65c584e1e338fdc49ad126aa1f9830eb6a9?s=96&d=mm&r=g\",\"caption\":\"Reporteros Hoy GS\"},\"url\":\"https:\\\/\\\/reporteroshoy.mx\\\/noticias\\\/author\\\/lupis\\\/\"}]}<\/script>\n<!-- \/ Yoast SEO plugin. -->","yoast_head_json":{"title":"Violento sujeto imputado por golpear a su pareja en M\u00e9rida","description":"La tambi\u00e9n madre de su hijo, se hart\u00f3 de sus vejaciones y lo denunci\u00f3 en junio del a\u00f1o pasado tras agredirla en su casa en la colonia San Antonio Xluch III, permanecer\u00e1 en prisi\u00f3n durante el proceso.","robots":{"index":"index","follow":"follow","max-snippet":"max-snippet:-1","max-image-preview":"max-image-preview:large","max-video-preview":"max-video-preview:-1"},"canonical":"https:\/\/reporteroshoy.mx\/noticias\/violento-sujeto-imputado-por-golpear-a-su-pareja-en-merida\/","og_locale":"es_ES","og_type":"article","og_title":"Violento sujeto imputado por golpear a su pareja en M\u00e9rida","og_description":"La tambi\u00e9n madre de su hijo, se hart\u00f3 de sus vejaciones y lo denunci\u00f3 en junio del a\u00f1o pasado tras agredirla en su casa en la colonia San Antonio Xluch III, permanecer\u00e1 en prisi\u00f3n durante el proceso.","og_url":"https:\/\/reporteroshoy.mx\/noticias\/violento-sujeto-imputado-por-golpear-a-su-pareja-en-merida\/","og_site_name":"Reporteros Hoy | Noticias de Yucat\u00e1n","article_publisher":"http:\/\/www.facebook.com\/reporteroshoymx","article_published_time":"2021-08-21T20:09:01+00:00","og_image":[{"width":768,"height":432,"url":"https:\/\/reporteroshoy.mx\/noticias\/wp-content\/uploads\/2021\/08\/violencia-mujeres-scaled.jpeg","type":"image\/jpeg"}],"author":"Reporteros Hoy GS","twitter_card":"summary_large_image","twitter_creator":"@reporteroshoy","twitter_site":"@reporteroshoy","twitter_misc":{"Escrito por":"Reporteros Hoy GS","Tiempo de lectura":"2 minutos"},"schema":{"@context":"https:\/\/schema.org","@graph":[{"@type":"Article","@id":"https:\/\/reporteroshoy.mx\/noticias\/violento-sujeto-imputado-por-golpear-a-su-pareja-en-merida\/#article","isPartOf":{"@id":"https:\/\/reporteroshoy.mx\/noticias\/violento-sujeto-imputado-por-golpear-a-su-pareja-en-merida\/"},"author":{"name":"Reporteros Hoy GS","@id":"https:\/\/reporteroshoy.mx\/noticias\/#\/schema\/person\/49ae631fc906b44554e4ba3866c505d7"},"headline":"Violento sujeto imputado por golpear a su pareja en M\u00e9rida","datePublished":"2021-08-21T20:09:01+00:00","mainEntityOfPage":{"@id":"https:\/\/reporteroshoy.mx\/noticias\/violento-sujeto-imputado-por-golpear-a-su-pareja-en-merida\/"},"wordCount":261,"commentCount":0,"image":{"@id":"https:\/\/reporteroshoy.mx\/noticias\/violento-sujeto-imputado-por-golpear-a-su-pareja-en-merida\/#primaryimage"},"thumbnailUrl":"https:\/\/reporteroshoy.mx\/noticias\/wp-content\/uploads\/2021\/08\/violencia-mujeres-scaled.jpeg","keywords":["maridos golpeadores","Violencia a la mujer"],"articleSection":["Polic\u00eda"],"inLanguage":"es","potentialAction":[{"@type":"CommentAction","name":"Comment","target":["https:\/\/reporteroshoy.mx\/noticias\/violento-sujeto-imputado-por-golpear-a-su-pareja-en-merida\/#respond"]}]},{"@type":"WebPage","@id":"https:\/\/reporteroshoy.mx\/noticias\/violento-sujeto-imputado-por-golpear-a-su-pareja-en-merida\/","url":"https:\/\/reporteroshoy.mx\/noticias\/violento-sujeto-imputado-por-golpear-a-su-pareja-en-merida\/","name":"Violento sujeto imputado por golpear a su pareja en M\u00e9rida","isPartOf":{"@id":"https:\/\/reporteroshoy.mx\/noticias\/#website"},"primaryImageOfPage":{"@id":"https:\/\/reporteroshoy.mx\/noticias\/violento-sujeto-imputado-por-golpear-a-su-pareja-en-merida\/#primaryimage"},"image":{"@id":"https:\/\/reporteroshoy.mx\/noticias\/violento-sujeto-imputado-por-golpear-a-su-pareja-en-merida\/#primaryimage"},"thumbnailUrl":"https:\/\/reporteroshoy.mx\/noticias\/wp-content\/uploads\/2021\/08\/violencia-mujeres-scaled.jpeg","datePublished":"2021-08-21T20:09:01+00:00","author":{"@id":"https:\/\/reporteroshoy.mx\/noticias\/#\/schema\/person\/49ae631fc906b44554e4ba3866c505d7"},"description":"La tambi\u00e9n madre de su hijo, se hart\u00f3 de sus vejaciones y lo denunci\u00f3 en junio del a\u00f1o pasado tras agredirla en su casa en la colonia San Antonio Xluch III, permanecer\u00e1 en prisi\u00f3n durante el proceso.","breadcrumb":{"@id":"https:\/\/reporteroshoy.mx\/noticias\/violento-sujeto-imputado-por-golpear-a-su-pareja-en-merida\/#breadcrumb"},"inLanguage":"es","potentialAction":[{"@type":"ReadAction","target":["https:\/\/reporteroshoy.mx\/noticias\/violento-sujeto-imputado-por-golpear-a-su-pareja-en-merida\/"]}]},{"@type":"ImageObject","inLanguage":"es","@id":"https:\/\/reporteroshoy.mx\/noticias\/violento-sujeto-imputado-por-golpear-a-su-pareja-en-merida\/#primaryimage","url":"https:\/\/reporteroshoy.mx\/noticias\/wp-content\/uploads\/2021\/08\/violencia-mujeres-scaled.jpeg","contentUrl":"https:\/\/reporteroshoy.mx\/noticias\/wp-content\/uploads\/2021\/08\/violencia-mujeres-scaled.jpeg","width":768,"height":432},{"@type":"BreadcrumbList","@id":"https:\/\/reporteroshoy.mx\/noticias\/violento-sujeto-imputado-por-golpear-a-su-pareja-en-merida\/#breadcrumb","itemListElement":[{"@type":"ListItem","position":1,"name":"Portada","item":"https:\/\/reporteroshoy.mx\/noticias\/"},{"@type":"ListItem","position":2,"name":"Violento sujeto imputado por golpear a su pareja en M\u00e9rida"}]},{"@type":"WebSite","@id":"https:\/\/reporteroshoy.mx\/noticias\/#website","url":"https:\/\/reporteroshoy.mx\/noticias\/","name":"Reporteros Hoy | Noticias de Yucat\u00e1n","description":"Peri\u00f3dico digital con noticias diarias desde M\u00e9rida, Yucat\u00e1n para el mundo.","potentialAction":[{"@type":"SearchAction","target":{"@type":"EntryPoint","urlTemplate":"https:\/\/reporteroshoy.mx\/noticias\/?s={search_term_string}"},"query-input":{"@type":"PropertyValueSpecification","valueRequired":true,"valueName":"search_term_string"}}],"inLanguage":"es"},{"@type":"Person","@id":"https:\/\/reporteroshoy.mx\/noticias\/#\/schema\/person\/49ae631fc906b44554e4ba3866c505d7","name":"Reporteros Hoy GS","image":{"@type":"ImageObject","inLanguage":"es","@id":"https:\/\/secure.gravatar.com\/avatar\/00d32adb620345c3db2cfc175917f65c584e1e338fdc49ad126aa1f9830eb6a9?s=96&d=mm&r=g","url":"https:\/\/secure.gravatar.com\/avatar\/00d32adb620345c3db2cfc175917f65c584e1e338fdc49ad126aa1f9830eb6a9?s=96&d=mm&r=g","contentUrl":"https:\/\/secure.gravatar.com\/avatar\/00d32adb620345c3db2cfc175917f65c584e1e338fdc49ad126aa1f9830eb6a9?s=96&d=mm&r=g","caption":"Reporteros Hoy GS"},"url":"https:\/\/reporteroshoy.mx\/noticias\/author\/lupis\/"}]}},"_links":{"self":[{"href":"https:\/\/reporteroshoy.mx\/noticias\/wp-json\/wp\/v2\/posts\/70061","targetHints":{"allow":["GET"]}}],"collection":[{"href":"https:\/\/reporteroshoy.mx\/noticias\/wp-json\/wp\/v2\/posts"}],"about":[{"href":"https:\/\/reporteroshoy.mx\/noticias\/wp-json\/wp\/v2\/types\/post"}],"author":[{"embeddable":true,"href":"https:\/\/reporteroshoy.mx\/noticias\/wp-json\/wp\/v2\/users\/6"}],"replies":[{"embeddable":true,"href":"https:\/\/reporteroshoy.mx\/noticias\/wp-json\/wp\/v2\/comments?post=70061"}],"version-history":[{"count":0,"href":"https:\/\/reporteroshoy.mx\/noticias\/wp-json\/wp\/v2\/posts\/70061\/revisions"}],"wp:featuredmedia":[{"embeddable":true,"href":"https:\/\/reporteroshoy.mx\/noticias\/wp-json\/wp\/v2\/media\/70062"}],"wp:attachment":[{"href":"https:\/\/reporteroshoy.mx\/noticias\/wp-json\/wp\/v2\/media?parent=70061"}],"wp:term":[{"taxonomy":"category","embeddable":true,"href":"https:\/\/reporteroshoy.mx\/noticias\/wp-json\/wp\/v2\/categories?post=70061"},{"taxonomy":"post_tag","embeddable":true,"href":"https:\/\/reporteroshoy.mx\/noticias\/wp-json\/wp\/v2\/tags?post=70061"}],"curies":[{"name":"wp","href":"https:\/\/api.w.org\/{rel}","templated":true}]}}