{"id":70197,"date":"2021-08-23T18:45:57","date_gmt":"2021-08-23T23:45:57","guid":{"rendered":"https:\/\/reporteroshoy.mx\/noticias\/?p=70197"},"modified":"2021-08-23T18:45:57","modified_gmt":"2021-08-23T23:45:57","slug":"otro-padre-desobligado-casi-cuatro-anos-sin-pasar-la-pension","status":"publish","type":"post","link":"https:\/\/reporteroshoy.mx\/noticias\/otro-padre-desobligado-casi-cuatro-anos-sin-pasar-la-pension\/","title":{"rendered":"Otro padre desobligado; casi cuatro a\u00f1os sin pasar la pensi\u00f3n"},"content":{"rendered":"<p style=\"text-align: justify;\">M\u00e9rida, Yucat\u00e1n, 23 de agosto de 2021.- Acusado del delito de incumplimiento de las obligaciones de asistencia familiar, L.F.de P.E. fue vinculado a proceso tras ser valorados los elementos de prueba aportados por la Fiscal\u00eda General del Estado (FGE), por los hechos denunciados en agravio de su hija menor de edad a quien no pag\u00f3 la pensi\u00f3n alimenticia.<\/p>\n<p><img loading=\"lazy\" decoding=\"async\" class=\"alignnone size-full wp-image-70198\" src=\"https:\/\/reporteroshoy.mx\/noticias\/wp-content\/uploads\/2021\/08\/PENSION-ALIMENTICIA.jpg\" alt=\"\" width=\"720\" height=\"500\" srcset=\"https:\/\/reporteroshoy.mx\/noticias\/wp-content\/uploads\/2021\/08\/PENSION-ALIMENTICIA.jpg 720w, https:\/\/reporteroshoy.mx\/noticias\/wp-content\/uploads\/2021\/08\/PENSION-ALIMENTICIA-218x150.jpg 218w\" sizes=\"auto, (max-width: 720px) 100vw, 720px\" \/><\/p>\n<p style=\"text-align: justify;\">Conforme a la denuncia presentada, los especialistas de la Fiscal\u00eda integraron la carpeta de investigaci\u00f3n de la causa penal 195\/2021, donde establecieron que la denunciante y el imputado tuvieron una relaci\u00f3n sentimental, de la cual procrearon una hija y que en 2017 deciden separarse y se le conden\u00f3 al encausado al pago de la manutenci\u00f3n de la menor, pero desde octubre del mismo a\u00f1o ha hecho caso omiso, por lo que la denunciante present\u00f3 la formal querella.<\/p>\n<p style=\"text-align: justify;\">En la audiencia celebrada en el Juzgado Segundo de Control, los fiscales de litigaci\u00f3n expusieron los datos de prueba para ser valorados por la Juez, quien decret\u00f3 el auto de vinculaci\u00f3n a proceso y otorg\u00f3 un plazo de dos meses para el cierre de la investigaci\u00f3n complementaria.<\/p>\n<p style=\"text-align: justify;\">Antes de finalizar la audiencia, se ratificaron las medidas cautelares impuestas, por lo que el encausado debe acudir a firmar peri\u00f3dicamente al Centro Estatal de Medidas Cautelares, someterse al cuidado y vigilancia del Centro mencionado y tiene prohibido salir del Estado sin autorizaci\u00f3n judicial, todas se mantienen vigentes por el tiempo que dure el proceso.<\/p>\n<p style=\"text-align: justify;\">\n","protected":false},"excerpt":{"rendered":"<p>Desde el 2017, no da un solo peso para la alimentaci\u00f3n de su hija, por lo que la juez vincul\u00f3 a proceso al sujeto que tendr\u00e1 que firmar peri\u00f3dicamente para seguir libre. <\/p>\n","protected":false},"author":5,"featured_media":70198,"comment_status":"open","ping_status":"closed","sticky":false,"template":"","format":"standard","meta":{"footnotes":""},"categories":[14],"tags":[431,15419,13523],"class_list":["post-70197","post","type-post","status-publish","format-standard","has-post-thumbnail","hentry","category-policia","tag-fge","tag-padre-desobligado","tag-pension-alimenticia"],"yoast_head":"<!-- This site is optimized with the Yoast SEO plugin v28.3 - https:\/\/yoast.com\/product\/yoast-seo-wordpress\/ -->\n<title>Otro padre desobligado; casi cuatro a\u00f1os sin pasar la pensi\u00f3n<\/title>\n<meta name=\"description\" content=\"Desde el 2017, no da un solo peso para la alimentaci\u00f3n de su hija, por lo que la juez vincul\u00f3 a proceso al sujeto que tendr\u00e1 que firmar peri\u00f3dicamente para seguir libre.\" \/>\n<meta name=\"robots\" content=\"index, follow, max-snippet:-1, max-image-preview:large, max-video-preview:-1\" \/>\n<link rel=\"canonical\" href=\"https:\/\/reporteroshoy.mx\/noticias\/otro-padre-desobligado-casi-cuatro-anos-sin-pasar-la-pension\/\" \/>\n<meta property=\"og:locale\" content=\"es_ES\" \/>\n<meta property=\"og:type\" content=\"article\" \/>\n<meta property=\"og:title\" content=\"Otro padre desobligado; casi cuatro a\u00f1os sin pasar la pensi\u00f3n\" \/>\n<meta property=\"og:description\" content=\"Desde el 2017, no da un solo peso para la alimentaci\u00f3n de su hija, por lo que la juez vincul\u00f3 a proceso al sujeto que tendr\u00e1 que firmar peri\u00f3dicamente para seguir libre.\" \/>\n<meta property=\"og:url\" content=\"https:\/\/reporteroshoy.mx\/noticias\/otro-padre-desobligado-casi-cuatro-anos-sin-pasar-la-pension\/\" \/>\n<meta property=\"og:site_name\" content=\"Reporteros Hoy | Noticias de Yucat\u00e1n\" \/>\n<meta property=\"article:publisher\" content=\"http:\/\/www.facebook.com\/reporteroshoymx\" \/>\n<meta property=\"article:published_time\" content=\"2021-08-23T23:45:57+00:00\" \/>\n<meta property=\"og:image\" content=\"https:\/\/reporteroshoy.mx\/noticias\/wp-content\/uploads\/2021\/08\/PENSION-ALIMENTICIA.jpg\" \/>\n\t<meta property=\"og:image:width\" content=\"720\" \/>\n\t<meta property=\"og:image:height\" content=\"500\" \/>\n\t<meta property=\"og:image:type\" content=\"image\/jpeg\" \/>\n<meta name=\"author\" content=\"Reporteros Hoy IM\" \/>\n<meta name=\"twitter:card\" content=\"summary_large_image\" \/>\n<meta name=\"twitter:creator\" content=\"@reporteroshoy\" \/>\n<meta name=\"twitter:site\" content=\"@reporteroshoy\" \/>\n<meta name=\"twitter:label1\" content=\"Escrito por\" \/>\n\t<meta name=\"twitter:data1\" content=\"Reporteros Hoy IM\" \/>\n\t<meta name=\"twitter:label2\" content=\"Tiempo de lectura\" \/>\n\t<meta name=\"twitter:data2\" content=\"2 minutos\" \/>\n<script type=\"application\/ld+json\" class=\"yoast-schema-graph\">{\"@context\":\"https:\\\/\\\/schema.org\",\"@graph\":[{\"@type\":\"Article\",\"@id\":\"https:\\\/\\\/reporteroshoy.mx\\\/noticias\\\/otro-padre-desobligado-casi-cuatro-anos-sin-pasar-la-pension\\\/#article\",\"isPartOf\":{\"@id\":\"https:\\\/\\\/reporteroshoy.mx\\\/noticias\\\/otro-padre-desobligado-casi-cuatro-anos-sin-pasar-la-pension\\\/\"},\"author\":{\"name\":\"Reporteros Hoy IM\",\"@id\":\"https:\\\/\\\/reporteroshoy.mx\\\/noticias\\\/#\\\/schema\\\/person\\\/948520f0d88b01be2e5266bc4acbbc15\"},\"headline\":\"Otro padre desobligado; casi cuatro a\u00f1os sin pasar la pensi\u00f3n\",\"datePublished\":\"2021-08-23T23:45:57+00:00\",\"mainEntityOfPage\":{\"@id\":\"https:\\\/\\\/reporteroshoy.mx\\\/noticias\\\/otro-padre-desobligado-casi-cuatro-anos-sin-pasar-la-pension\\\/\"},\"wordCount\":263,\"commentCount\":0,\"image\":{\"@id\":\"https:\\\/\\\/reporteroshoy.mx\\\/noticias\\\/otro-padre-desobligado-casi-cuatro-anos-sin-pasar-la-pension\\\/#primaryimage\"},\"thumbnailUrl\":\"https:\\\/\\\/reporteroshoy.mx\\\/noticias\\\/wp-content\\\/uploads\\\/2021\\\/08\\\/PENSION-ALIMENTICIA.jpg\",\"keywords\":[\"FGE\",\"Padre desobligado\",\"pensi\u00f3n alimenticia\"],\"articleSection\":[\"Polic\u00eda\"],\"inLanguage\":\"es\",\"potentialAction\":[{\"@type\":\"CommentAction\",\"name\":\"Comment\",\"target\":[\"https:\\\/\\\/reporteroshoy.mx\\\/noticias\\\/otro-padre-desobligado-casi-cuatro-anos-sin-pasar-la-pension\\\/#respond\"]}]},{\"@type\":\"WebPage\",\"@id\":\"https:\\\/\\\/reporteroshoy.mx\\\/noticias\\\/otro-padre-desobligado-casi-cuatro-anos-sin-pasar-la-pension\\\/\",\"url\":\"https:\\\/\\\/reporteroshoy.mx\\\/noticias\\\/otro-padre-desobligado-casi-cuatro-anos-sin-pasar-la-pension\\\/\",\"name\":\"Otro padre desobligado; casi cuatro a\u00f1os sin pasar la pensi\u00f3n\",\"isPartOf\":{\"@id\":\"https:\\\/\\\/reporteroshoy.mx\\\/noticias\\\/#website\"},\"primaryImageOfPage\":{\"@id\":\"https:\\\/\\\/reporteroshoy.mx\\\/noticias\\\/otro-padre-desobligado-casi-cuatro-anos-sin-pasar-la-pension\\\/#primaryimage\"},\"image\":{\"@id\":\"https:\\\/\\\/reporteroshoy.mx\\\/noticias\\\/otro-padre-desobligado-casi-cuatro-anos-sin-pasar-la-pension\\\/#primaryimage\"},\"thumbnailUrl\":\"https:\\\/\\\/reporteroshoy.mx\\\/noticias\\\/wp-content\\\/uploads\\\/2021\\\/08\\\/PENSION-ALIMENTICIA.jpg\",\"datePublished\":\"2021-08-23T23:45:57+00:00\",\"author\":{\"@id\":\"https:\\\/\\\/reporteroshoy.mx\\\/noticias\\\/#\\\/schema\\\/person\\\/948520f0d88b01be2e5266bc4acbbc15\"},\"description\":\"Desde el 2017, no da un solo peso para la alimentaci\u00f3n de su hija, por lo que la juez vincul\u00f3 a proceso al sujeto que tendr\u00e1 que firmar peri\u00f3dicamente para seguir libre.\",\"breadcrumb\":{\"@id\":\"https:\\\/\\\/reporteroshoy.mx\\\/noticias\\\/otro-padre-desobligado-casi-cuatro-anos-sin-pasar-la-pension\\\/#breadcrumb\"},\"inLanguage\":\"es\",\"potentialAction\":[{\"@type\":\"ReadAction\",\"target\":[\"https:\\\/\\\/reporteroshoy.mx\\\/noticias\\\/otro-padre-desobligado-casi-cuatro-anos-sin-pasar-la-pension\\\/\"]}]},{\"@type\":\"ImageObject\",\"inLanguage\":\"es\",\"@id\":\"https:\\\/\\\/reporteroshoy.mx\\\/noticias\\\/otro-padre-desobligado-casi-cuatro-anos-sin-pasar-la-pension\\\/#primaryimage\",\"url\":\"https:\\\/\\\/reporteroshoy.mx\\\/noticias\\\/wp-content\\\/uploads\\\/2021\\\/08\\\/PENSION-ALIMENTICIA.jpg\",\"contentUrl\":\"https:\\\/\\\/reporteroshoy.mx\\\/noticias\\\/wp-content\\\/uploads\\\/2021\\\/08\\\/PENSION-ALIMENTICIA.jpg\",\"width\":720,\"height\":500},{\"@type\":\"BreadcrumbList\",\"@id\":\"https:\\\/\\\/reporteroshoy.mx\\\/noticias\\\/otro-padre-desobligado-casi-cuatro-anos-sin-pasar-la-pension\\\/#breadcrumb\",\"itemListElement\":[{\"@type\":\"ListItem\",\"position\":1,\"name\":\"Portada\",\"item\":\"https:\\\/\\\/reporteroshoy.mx\\\/noticias\\\/\"},{\"@type\":\"ListItem\",\"position\":2,\"name\":\"Otro padre desobligado; casi cuatro a\u00f1os sin pasar la pensi\u00f3n\"}]},{\"@type\":\"WebSite\",\"@id\":\"https:\\\/\\\/reporteroshoy.mx\\\/noticias\\\/#website\",\"url\":\"https:\\\/\\\/reporteroshoy.mx\\\/noticias\\\/\",\"name\":\"Reporteros Hoy | Noticias de Yucat\u00e1n\",\"description\":\"Peri\u00f3dico digital con noticias diarias desde M\u00e9rida, Yucat\u00e1n para el mundo.\",\"potentialAction\":[{\"@type\":\"SearchAction\",\"target\":{\"@type\":\"EntryPoint\",\"urlTemplate\":\"https:\\\/\\\/reporteroshoy.mx\\\/noticias\\\/?s={search_term_string}\"},\"query-input\":{\"@type\":\"PropertyValueSpecification\",\"valueRequired\":true,\"valueName\":\"search_term_string\"}}],\"inLanguage\":\"es\"},{\"@type\":\"Person\",\"@id\":\"https:\\\/\\\/reporteroshoy.mx\\\/noticias\\\/#\\\/schema\\\/person\\\/948520f0d88b01be2e5266bc4acbbc15\",\"name\":\"Reporteros Hoy IM\",\"image\":{\"@type\":\"ImageObject\",\"inLanguage\":\"es\",\"@id\":\"https:\\\/\\\/secure.gravatar.com\\\/avatar\\\/d843030b96552826ac048bdfe26f2895604b800ed0c880ee55765a74d95dfc65?s=96&d=mm&r=g\",\"url\":\"https:\\\/\\\/secure.gravatar.com\\\/avatar\\\/d843030b96552826ac048bdfe26f2895604b800ed0c880ee55765a74d95dfc65?s=96&d=mm&r=g\",\"contentUrl\":\"https:\\\/\\\/secure.gravatar.com\\\/avatar\\\/d843030b96552826ac048bdfe26f2895604b800ed0c880ee55765a74d95dfc65?s=96&d=mm&r=g\",\"caption\":\"Reporteros Hoy IM\"},\"url\":\"https:\\\/\\\/reporteroshoy.mx\\\/noticias\\\/author\\\/israel\\\/\"}]}<\/script>\n<!-- \/ Yoast SEO plugin. -->","yoast_head_json":{"title":"Otro padre desobligado; casi cuatro a\u00f1os sin pasar la pensi\u00f3n","description":"Desde el 2017, no da un solo peso para la alimentaci\u00f3n de su hija, por lo que la juez vincul\u00f3 a proceso al sujeto que tendr\u00e1 que firmar peri\u00f3dicamente para seguir libre.","robots":{"index":"index","follow":"follow","max-snippet":"max-snippet:-1","max-image-preview":"max-image-preview:large","max-video-preview":"max-video-preview:-1"},"canonical":"https:\/\/reporteroshoy.mx\/noticias\/otro-padre-desobligado-casi-cuatro-anos-sin-pasar-la-pension\/","og_locale":"es_ES","og_type":"article","og_title":"Otro padre desobligado; casi cuatro a\u00f1os sin pasar la pensi\u00f3n","og_description":"Desde el 2017, no da un solo peso para la alimentaci\u00f3n de su hija, por lo que la juez vincul\u00f3 a proceso al sujeto que tendr\u00e1 que firmar peri\u00f3dicamente para seguir libre.","og_url":"https:\/\/reporteroshoy.mx\/noticias\/otro-padre-desobligado-casi-cuatro-anos-sin-pasar-la-pension\/","og_site_name":"Reporteros Hoy | Noticias de Yucat\u00e1n","article_publisher":"http:\/\/www.facebook.com\/reporteroshoymx","article_published_time":"2021-08-23T23:45:57+00:00","og_image":[{"width":720,"height":500,"url":"https:\/\/reporteroshoy.mx\/noticias\/wp-content\/uploads\/2021\/08\/PENSION-ALIMENTICIA.jpg","type":"image\/jpeg"}],"author":"Reporteros Hoy IM","twitter_card":"summary_large_image","twitter_creator":"@reporteroshoy","twitter_site":"@reporteroshoy","twitter_misc":{"Escrito por":"Reporteros Hoy IM","Tiempo de lectura":"2 minutos"},"schema":{"@context":"https:\/\/schema.org","@graph":[{"@type":"Article","@id":"https:\/\/reporteroshoy.mx\/noticias\/otro-padre-desobligado-casi-cuatro-anos-sin-pasar-la-pension\/#article","isPartOf":{"@id":"https:\/\/reporteroshoy.mx\/noticias\/otro-padre-desobligado-casi-cuatro-anos-sin-pasar-la-pension\/"},"author":{"name":"Reporteros Hoy IM","@id":"https:\/\/reporteroshoy.mx\/noticias\/#\/schema\/person\/948520f0d88b01be2e5266bc4acbbc15"},"headline":"Otro padre desobligado; casi cuatro a\u00f1os sin pasar la pensi\u00f3n","datePublished":"2021-08-23T23:45:57+00:00","mainEntityOfPage":{"@id":"https:\/\/reporteroshoy.mx\/noticias\/otro-padre-desobligado-casi-cuatro-anos-sin-pasar-la-pension\/"},"wordCount":263,"commentCount":0,"image":{"@id":"https:\/\/reporteroshoy.mx\/noticias\/otro-padre-desobligado-casi-cuatro-anos-sin-pasar-la-pension\/#primaryimage"},"thumbnailUrl":"https:\/\/reporteroshoy.mx\/noticias\/wp-content\/uploads\/2021\/08\/PENSION-ALIMENTICIA.jpg","keywords":["FGE","Padre desobligado","pensi\u00f3n alimenticia"],"articleSection":["Polic\u00eda"],"inLanguage":"es","potentialAction":[{"@type":"CommentAction","name":"Comment","target":["https:\/\/reporteroshoy.mx\/noticias\/otro-padre-desobligado-casi-cuatro-anos-sin-pasar-la-pension\/#respond"]}]},{"@type":"WebPage","@id":"https:\/\/reporteroshoy.mx\/noticias\/otro-padre-desobligado-casi-cuatro-anos-sin-pasar-la-pension\/","url":"https:\/\/reporteroshoy.mx\/noticias\/otro-padre-desobligado-casi-cuatro-anos-sin-pasar-la-pension\/","name":"Otro padre desobligado; casi cuatro a\u00f1os sin pasar la pensi\u00f3n","isPartOf":{"@id":"https:\/\/reporteroshoy.mx\/noticias\/#website"},"primaryImageOfPage":{"@id":"https:\/\/reporteroshoy.mx\/noticias\/otro-padre-desobligado-casi-cuatro-anos-sin-pasar-la-pension\/#primaryimage"},"image":{"@id":"https:\/\/reporteroshoy.mx\/noticias\/otro-padre-desobligado-casi-cuatro-anos-sin-pasar-la-pension\/#primaryimage"},"thumbnailUrl":"https:\/\/reporteroshoy.mx\/noticias\/wp-content\/uploads\/2021\/08\/PENSION-ALIMENTICIA.jpg","datePublished":"2021-08-23T23:45:57+00:00","author":{"@id":"https:\/\/reporteroshoy.mx\/noticias\/#\/schema\/person\/948520f0d88b01be2e5266bc4acbbc15"},"description":"Desde el 2017, no da un solo peso para la alimentaci\u00f3n de su hija, por lo que la juez vincul\u00f3 a proceso al sujeto que tendr\u00e1 que firmar peri\u00f3dicamente para seguir libre.","breadcrumb":{"@id":"https:\/\/reporteroshoy.mx\/noticias\/otro-padre-desobligado-casi-cuatro-anos-sin-pasar-la-pension\/#breadcrumb"},"inLanguage":"es","potentialAction":[{"@type":"ReadAction","target":["https:\/\/reporteroshoy.mx\/noticias\/otro-padre-desobligado-casi-cuatro-anos-sin-pasar-la-pension\/"]}]},{"@type":"ImageObject","inLanguage":"es","@id":"https:\/\/reporteroshoy.mx\/noticias\/otro-padre-desobligado-casi-cuatro-anos-sin-pasar-la-pension\/#primaryimage","url":"https:\/\/reporteroshoy.mx\/noticias\/wp-content\/uploads\/2021\/08\/PENSION-ALIMENTICIA.jpg","contentUrl":"https:\/\/reporteroshoy.mx\/noticias\/wp-content\/uploads\/2021\/08\/PENSION-ALIMENTICIA.jpg","width":720,"height":500},{"@type":"BreadcrumbList","@id":"https:\/\/reporteroshoy.mx\/noticias\/otro-padre-desobligado-casi-cuatro-anos-sin-pasar-la-pension\/#breadcrumb","itemListElement":[{"@type":"ListItem","position":1,"name":"Portada","item":"https:\/\/reporteroshoy.mx\/noticias\/"},{"@type":"ListItem","position":2,"name":"Otro padre desobligado; casi cuatro a\u00f1os sin pasar la pensi\u00f3n"}]},{"@type":"WebSite","@id":"https:\/\/reporteroshoy.mx\/noticias\/#website","url":"https:\/\/reporteroshoy.mx\/noticias\/","name":"Reporteros Hoy | Noticias de Yucat\u00e1n","description":"Peri\u00f3dico digital con noticias diarias desde M\u00e9rida, Yucat\u00e1n para el mundo.","potentialAction":[{"@type":"SearchAction","target":{"@type":"EntryPoint","urlTemplate":"https:\/\/reporteroshoy.mx\/noticias\/?s={search_term_string}"},"query-input":{"@type":"PropertyValueSpecification","valueRequired":true,"valueName":"search_term_string"}}],"inLanguage":"es"},{"@type":"Person","@id":"https:\/\/reporteroshoy.mx\/noticias\/#\/schema\/person\/948520f0d88b01be2e5266bc4acbbc15","name":"Reporteros Hoy IM","image":{"@type":"ImageObject","inLanguage":"es","@id":"https:\/\/secure.gravatar.com\/avatar\/d843030b96552826ac048bdfe26f2895604b800ed0c880ee55765a74d95dfc65?s=96&d=mm&r=g","url":"https:\/\/secure.gravatar.com\/avatar\/d843030b96552826ac048bdfe26f2895604b800ed0c880ee55765a74d95dfc65?s=96&d=mm&r=g","contentUrl":"https:\/\/secure.gravatar.com\/avatar\/d843030b96552826ac048bdfe26f2895604b800ed0c880ee55765a74d95dfc65?s=96&d=mm&r=g","caption":"Reporteros Hoy IM"},"url":"https:\/\/reporteroshoy.mx\/noticias\/author\/israel\/"}]}},"_links":{"self":[{"href":"https:\/\/reporteroshoy.mx\/noticias\/wp-json\/wp\/v2\/posts\/70197","targetHints":{"allow":["GET"]}}],"collection":[{"href":"https:\/\/reporteroshoy.mx\/noticias\/wp-json\/wp\/v2\/posts"}],"about":[{"href":"https:\/\/reporteroshoy.mx\/noticias\/wp-json\/wp\/v2\/types\/post"}],"author":[{"embeddable":true,"href":"https:\/\/reporteroshoy.mx\/noticias\/wp-json\/wp\/v2\/users\/5"}],"replies":[{"embeddable":true,"href":"https:\/\/reporteroshoy.mx\/noticias\/wp-json\/wp\/v2\/comments?post=70197"}],"version-history":[{"count":0,"href":"https:\/\/reporteroshoy.mx\/noticias\/wp-json\/wp\/v2\/posts\/70197\/revisions"}],"wp:featuredmedia":[{"embeddable":true,"href":"https:\/\/reporteroshoy.mx\/noticias\/wp-json\/wp\/v2\/media\/70198"}],"wp:attachment":[{"href":"https:\/\/reporteroshoy.mx\/noticias\/wp-json\/wp\/v2\/media?parent=70197"}],"wp:term":[{"taxonomy":"category","embeddable":true,"href":"https:\/\/reporteroshoy.mx\/noticias\/wp-json\/wp\/v2\/categories?post=70197"},{"taxonomy":"post_tag","embeddable":true,"href":"https:\/\/reporteroshoy.mx\/noticias\/wp-json\/wp\/v2\/tags?post=70197"}],"curies":[{"name":"wp","href":"https:\/\/api.w.org\/{rel}","templated":true}]}}