{"id":70267,"date":"2021-08-24T20:47:48","date_gmt":"2021-08-25T01:47:48","guid":{"rendered":"https:\/\/reporteroshoy.mx\/noticias\/?p=70267"},"modified":"2021-08-24T20:47:48","modified_gmt":"2021-08-25T01:47:48","slug":"detenido-por-exhibir-sus-miserias-en-parque-de-tizimin","status":"publish","type":"post","link":"https:\/\/reporteroshoy.mx\/noticias\/detenido-por-exhibir-sus-miserias-en-parque-de-tizimin\/","title":{"rendered":"Detenido por exhibir sus \u201cmiserias\u201d en parque de Tizim\u00edn"},"content":{"rendered":"<p style=\"text-align: justify;\">Tizim\u00edn, Yucat\u00e1n; 24 de agosto de 2021 (ACOM).- Un hombre fue detenido por agentes de la polic\u00eda municipal luego de ser se\u00f1alado por una mujer a quien le exhibi\u00f3 sus partes \u00edntimas.<\/p>\n<p style=\"text-align: justify;\">El hecho se registr\u00f3 en el parque de la polic\u00eda ubicada en la colonia Santo Domingo, cuando una mujer llamada Hilda pidi\u00f3 el apoyo de los uniformados ya que se\u00f1al\u00f3 a un sujeto, identificado como Jos\u00e9 Javier P.C., de haberle dicho palabras obscenas y adem\u00e1s le mostr\u00f3 sus genitales.<\/p>\n<p style=\"text-align: justify;\">Los oficiales procedieron a detener al hombre y trasladarlo a la c\u00e1rcel p\u00fablica, todo por exhibir sus miserias.<\/p>\n<p style=\"text-align: justify;\"><img loading=\"lazy\" decoding=\"async\" class=\"alignnone size-full wp-image-70268\" src=\"https:\/\/reporteroshoy.mx\/noticias\/wp-content\/uploads\/2021\/08\/IMG-20210824-WA0007-scaled.jpg\" alt=\"\" width=\"768\" height=\"500\" \/><\/p>\n","protected":false},"excerpt":{"rendered":"<p>Una mujer denunci\u00f3 que Jos\u00e9 Javier P.C., adem\u00e1s de decirle obscenidades le mostr\u00f3 sus genitales en el parque de la colonia Santo Domingo.<\/p>\n","protected":false},"author":6,"featured_media":70268,"comment_status":"open","ping_status":"closed","sticky":false,"template":"","format":"standard","meta":{"footnotes":""},"categories":[11],"tags":[17190,109],"class_list":["post-70267","post","type-post","status-publish","format-standard","has-post-thumbnail","hentry","category-municipios-de-yucatan","tag-exhibicionista","tag-tizimin"],"yoast_head":"<!-- This site is optimized with the Yoast SEO plugin v28.3 - https:\/\/yoast.com\/product\/yoast-seo-wordpress\/ -->\n<title>Detenido por exhibir sus \u201cmiserias\u201d en parque de Tizim\u00edn<\/title>\n<meta name=\"description\" content=\"Una mujer denunci\u00f3 que Jos\u00e9 Javier P.C., adem\u00e1s de decirle obscenidades le mostr\u00f3 sus genitales en el parque de la colonia Santo Domingo.\" \/>\n<meta name=\"robots\" content=\"index, follow, max-snippet:-1, max-image-preview:large, max-video-preview:-1\" \/>\n<link rel=\"canonical\" href=\"https:\/\/reporteroshoy.mx\/noticias\/detenido-por-exhibir-sus-miserias-en-parque-de-tizimin\/\" \/>\n<meta property=\"og:locale\" content=\"es_ES\" \/>\n<meta property=\"og:type\" content=\"article\" \/>\n<meta property=\"og:title\" content=\"Detenido por exhibir sus \u201cmiserias\u201d en parque de Tizim\u00edn\" \/>\n<meta property=\"og:description\" content=\"Una mujer denunci\u00f3 que Jos\u00e9 Javier P.C., adem\u00e1s de decirle obscenidades le mostr\u00f3 sus genitales en el parque de la colonia Santo Domingo.\" \/>\n<meta property=\"og:url\" content=\"https:\/\/reporteroshoy.mx\/noticias\/detenido-por-exhibir-sus-miserias-en-parque-de-tizimin\/\" \/>\n<meta property=\"og:site_name\" content=\"Reporteros Hoy | Noticias de Yucat\u00e1n\" \/>\n<meta property=\"article:publisher\" content=\"http:\/\/www.facebook.com\/reporteroshoymx\" \/>\n<meta property=\"article:published_time\" content=\"2021-08-25T01:47:48+00:00\" \/>\n<meta property=\"og:image\" content=\"https:\/\/reporteroshoy.mx\/noticias\/wp-content\/uploads\/2021\/08\/IMG-20210824-WA0007-scaled.jpg\" \/>\n\t<meta property=\"og:image:width\" content=\"768\" \/>\n\t<meta property=\"og:image:height\" content=\"500\" \/>\n\t<meta property=\"og:image:type\" content=\"image\/jpeg\" \/>\n<meta name=\"author\" content=\"Reporteros Hoy GS\" \/>\n<meta name=\"twitter:card\" content=\"summary_large_image\" \/>\n<meta name=\"twitter:creator\" content=\"@reporteroshoy\" \/>\n<meta name=\"twitter:site\" content=\"@reporteroshoy\" \/>\n<meta name=\"twitter:label1\" content=\"Escrito por\" \/>\n\t<meta name=\"twitter:data1\" content=\"Reporteros Hoy GS\" \/>\n\t<meta name=\"twitter:label2\" content=\"Tiempo de lectura\" \/>\n\t<meta name=\"twitter:data2\" content=\"1 minuto\" \/>\n<script type=\"application\/ld+json\" class=\"yoast-schema-graph\">{\"@context\":\"https:\\\/\\\/schema.org\",\"@graph\":[{\"@type\":\"Article\",\"@id\":\"https:\\\/\\\/reporteroshoy.mx\\\/noticias\\\/detenido-por-exhibir-sus-miserias-en-parque-de-tizimin\\\/#article\",\"isPartOf\":{\"@id\":\"https:\\\/\\\/reporteroshoy.mx\\\/noticias\\\/detenido-por-exhibir-sus-miserias-en-parque-de-tizimin\\\/\"},\"author\":{\"name\":\"Reporteros Hoy GS\",\"@id\":\"https:\\\/\\\/reporteroshoy.mx\\\/noticias\\\/#\\\/schema\\\/person\\\/49ae631fc906b44554e4ba3866c505d7\"},\"headline\":\"Detenido por exhibir sus \u201cmiserias\u201d en parque de Tizim\u00edn\",\"datePublished\":\"2021-08-25T01:47:48+00:00\",\"mainEntityOfPage\":{\"@id\":\"https:\\\/\\\/reporteroshoy.mx\\\/noticias\\\/detenido-por-exhibir-sus-miserias-en-parque-de-tizimin\\\/\"},\"wordCount\":118,\"commentCount\":0,\"image\":{\"@id\":\"https:\\\/\\\/reporteroshoy.mx\\\/noticias\\\/detenido-por-exhibir-sus-miserias-en-parque-de-tizimin\\\/#primaryimage\"},\"thumbnailUrl\":\"https:\\\/\\\/reporteroshoy.mx\\\/noticias\\\/wp-content\\\/uploads\\\/2021\\\/08\\\/IMG-20210824-WA0007-scaled.jpg\",\"keywords\":[\"exhibicionista\",\"Tizim\u00edn\"],\"articleSection\":[\"Municipios\"],\"inLanguage\":\"es\",\"potentialAction\":[{\"@type\":\"CommentAction\",\"name\":\"Comment\",\"target\":[\"https:\\\/\\\/reporteroshoy.mx\\\/noticias\\\/detenido-por-exhibir-sus-miserias-en-parque-de-tizimin\\\/#respond\"]}]},{\"@type\":\"WebPage\",\"@id\":\"https:\\\/\\\/reporteroshoy.mx\\\/noticias\\\/detenido-por-exhibir-sus-miserias-en-parque-de-tizimin\\\/\",\"url\":\"https:\\\/\\\/reporteroshoy.mx\\\/noticias\\\/detenido-por-exhibir-sus-miserias-en-parque-de-tizimin\\\/\",\"name\":\"Detenido por exhibir sus \u201cmiserias\u201d en parque de Tizim\u00edn\",\"isPartOf\":{\"@id\":\"https:\\\/\\\/reporteroshoy.mx\\\/noticias\\\/#website\"},\"primaryImageOfPage\":{\"@id\":\"https:\\\/\\\/reporteroshoy.mx\\\/noticias\\\/detenido-por-exhibir-sus-miserias-en-parque-de-tizimin\\\/#primaryimage\"},\"image\":{\"@id\":\"https:\\\/\\\/reporteroshoy.mx\\\/noticias\\\/detenido-por-exhibir-sus-miserias-en-parque-de-tizimin\\\/#primaryimage\"},\"thumbnailUrl\":\"https:\\\/\\\/reporteroshoy.mx\\\/noticias\\\/wp-content\\\/uploads\\\/2021\\\/08\\\/IMG-20210824-WA0007-scaled.jpg\",\"datePublished\":\"2021-08-25T01:47:48+00:00\",\"author\":{\"@id\":\"https:\\\/\\\/reporteroshoy.mx\\\/noticias\\\/#\\\/schema\\\/person\\\/49ae631fc906b44554e4ba3866c505d7\"},\"description\":\"Una mujer denunci\u00f3 que Jos\u00e9 Javier P.C., adem\u00e1s de decirle obscenidades le mostr\u00f3 sus genitales en el parque de la colonia Santo Domingo.\",\"breadcrumb\":{\"@id\":\"https:\\\/\\\/reporteroshoy.mx\\\/noticias\\\/detenido-por-exhibir-sus-miserias-en-parque-de-tizimin\\\/#breadcrumb\"},\"inLanguage\":\"es\",\"potentialAction\":[{\"@type\":\"ReadAction\",\"target\":[\"https:\\\/\\\/reporteroshoy.mx\\\/noticias\\\/detenido-por-exhibir-sus-miserias-en-parque-de-tizimin\\\/\"]}]},{\"@type\":\"ImageObject\",\"inLanguage\":\"es\",\"@id\":\"https:\\\/\\\/reporteroshoy.mx\\\/noticias\\\/detenido-por-exhibir-sus-miserias-en-parque-de-tizimin\\\/#primaryimage\",\"url\":\"https:\\\/\\\/reporteroshoy.mx\\\/noticias\\\/wp-content\\\/uploads\\\/2021\\\/08\\\/IMG-20210824-WA0007-scaled.jpg\",\"contentUrl\":\"https:\\\/\\\/reporteroshoy.mx\\\/noticias\\\/wp-content\\\/uploads\\\/2021\\\/08\\\/IMG-20210824-WA0007-scaled.jpg\",\"width\":768,\"height\":500},{\"@type\":\"BreadcrumbList\",\"@id\":\"https:\\\/\\\/reporteroshoy.mx\\\/noticias\\\/detenido-por-exhibir-sus-miserias-en-parque-de-tizimin\\\/#breadcrumb\",\"itemListElement\":[{\"@type\":\"ListItem\",\"position\":1,\"name\":\"Portada\",\"item\":\"https:\\\/\\\/reporteroshoy.mx\\\/noticias\\\/\"},{\"@type\":\"ListItem\",\"position\":2,\"name\":\"Detenido por exhibir sus \u201cmiserias\u201d en parque de Tizim\u00edn\"}]},{\"@type\":\"WebSite\",\"@id\":\"https:\\\/\\\/reporteroshoy.mx\\\/noticias\\\/#website\",\"url\":\"https:\\\/\\\/reporteroshoy.mx\\\/noticias\\\/\",\"name\":\"Reporteros Hoy | Noticias de Yucat\u00e1n\",\"description\":\"Peri\u00f3dico digital con noticias diarias desde M\u00e9rida, Yucat\u00e1n para el mundo.\",\"potentialAction\":[{\"@type\":\"SearchAction\",\"target\":{\"@type\":\"EntryPoint\",\"urlTemplate\":\"https:\\\/\\\/reporteroshoy.mx\\\/noticias\\\/?s={search_term_string}\"},\"query-input\":{\"@type\":\"PropertyValueSpecification\",\"valueRequired\":true,\"valueName\":\"search_term_string\"}}],\"inLanguage\":\"es\"},{\"@type\":\"Person\",\"@id\":\"https:\\\/\\\/reporteroshoy.mx\\\/noticias\\\/#\\\/schema\\\/person\\\/49ae631fc906b44554e4ba3866c505d7\",\"name\":\"Reporteros Hoy GS\",\"image\":{\"@type\":\"ImageObject\",\"inLanguage\":\"es\",\"@id\":\"https:\\\/\\\/secure.gravatar.com\\\/avatar\\\/00d32adb620345c3db2cfc175917f65c584e1e338fdc49ad126aa1f9830eb6a9?s=96&d=mm&r=g\",\"url\":\"https:\\\/\\\/secure.gravatar.com\\\/avatar\\\/00d32adb620345c3db2cfc175917f65c584e1e338fdc49ad126aa1f9830eb6a9?s=96&d=mm&r=g\",\"contentUrl\":\"https:\\\/\\\/secure.gravatar.com\\\/avatar\\\/00d32adb620345c3db2cfc175917f65c584e1e338fdc49ad126aa1f9830eb6a9?s=96&d=mm&r=g\",\"caption\":\"Reporteros Hoy GS\"},\"url\":\"https:\\\/\\\/reporteroshoy.mx\\\/noticias\\\/author\\\/lupis\\\/\"}]}<\/script>\n<!-- \/ Yoast SEO plugin. -->","yoast_head_json":{"title":"Detenido por exhibir sus \u201cmiserias\u201d en parque de Tizim\u00edn","description":"Una mujer denunci\u00f3 que Jos\u00e9 Javier P.C., adem\u00e1s de decirle obscenidades le mostr\u00f3 sus genitales en el parque de la colonia Santo Domingo.","robots":{"index":"index","follow":"follow","max-snippet":"max-snippet:-1","max-image-preview":"max-image-preview:large","max-video-preview":"max-video-preview:-1"},"canonical":"https:\/\/reporteroshoy.mx\/noticias\/detenido-por-exhibir-sus-miserias-en-parque-de-tizimin\/","og_locale":"es_ES","og_type":"article","og_title":"Detenido por exhibir sus \u201cmiserias\u201d en parque de Tizim\u00edn","og_description":"Una mujer denunci\u00f3 que Jos\u00e9 Javier P.C., adem\u00e1s de decirle obscenidades le mostr\u00f3 sus genitales en el parque de la colonia Santo Domingo.","og_url":"https:\/\/reporteroshoy.mx\/noticias\/detenido-por-exhibir-sus-miserias-en-parque-de-tizimin\/","og_site_name":"Reporteros Hoy | Noticias de Yucat\u00e1n","article_publisher":"http:\/\/www.facebook.com\/reporteroshoymx","article_published_time":"2021-08-25T01:47:48+00:00","og_image":[{"width":768,"height":500,"url":"https:\/\/reporteroshoy.mx\/noticias\/wp-content\/uploads\/2021\/08\/IMG-20210824-WA0007-scaled.jpg","type":"image\/jpeg"}],"author":"Reporteros Hoy GS","twitter_card":"summary_large_image","twitter_creator":"@reporteroshoy","twitter_site":"@reporteroshoy","twitter_misc":{"Escrito por":"Reporteros Hoy GS","Tiempo de lectura":"1 minuto"},"schema":{"@context":"https:\/\/schema.org","@graph":[{"@type":"Article","@id":"https:\/\/reporteroshoy.mx\/noticias\/detenido-por-exhibir-sus-miserias-en-parque-de-tizimin\/#article","isPartOf":{"@id":"https:\/\/reporteroshoy.mx\/noticias\/detenido-por-exhibir-sus-miserias-en-parque-de-tizimin\/"},"author":{"name":"Reporteros Hoy GS","@id":"https:\/\/reporteroshoy.mx\/noticias\/#\/schema\/person\/49ae631fc906b44554e4ba3866c505d7"},"headline":"Detenido por exhibir sus \u201cmiserias\u201d en parque de Tizim\u00edn","datePublished":"2021-08-25T01:47:48+00:00","mainEntityOfPage":{"@id":"https:\/\/reporteroshoy.mx\/noticias\/detenido-por-exhibir-sus-miserias-en-parque-de-tizimin\/"},"wordCount":118,"commentCount":0,"image":{"@id":"https:\/\/reporteroshoy.mx\/noticias\/detenido-por-exhibir-sus-miserias-en-parque-de-tizimin\/#primaryimage"},"thumbnailUrl":"https:\/\/reporteroshoy.mx\/noticias\/wp-content\/uploads\/2021\/08\/IMG-20210824-WA0007-scaled.jpg","keywords":["exhibicionista","Tizim\u00edn"],"articleSection":["Municipios"],"inLanguage":"es","potentialAction":[{"@type":"CommentAction","name":"Comment","target":["https:\/\/reporteroshoy.mx\/noticias\/detenido-por-exhibir-sus-miserias-en-parque-de-tizimin\/#respond"]}]},{"@type":"WebPage","@id":"https:\/\/reporteroshoy.mx\/noticias\/detenido-por-exhibir-sus-miserias-en-parque-de-tizimin\/","url":"https:\/\/reporteroshoy.mx\/noticias\/detenido-por-exhibir-sus-miserias-en-parque-de-tizimin\/","name":"Detenido por exhibir sus \u201cmiserias\u201d en parque de Tizim\u00edn","isPartOf":{"@id":"https:\/\/reporteroshoy.mx\/noticias\/#website"},"primaryImageOfPage":{"@id":"https:\/\/reporteroshoy.mx\/noticias\/detenido-por-exhibir-sus-miserias-en-parque-de-tizimin\/#primaryimage"},"image":{"@id":"https:\/\/reporteroshoy.mx\/noticias\/detenido-por-exhibir-sus-miserias-en-parque-de-tizimin\/#primaryimage"},"thumbnailUrl":"https:\/\/reporteroshoy.mx\/noticias\/wp-content\/uploads\/2021\/08\/IMG-20210824-WA0007-scaled.jpg","datePublished":"2021-08-25T01:47:48+00:00","author":{"@id":"https:\/\/reporteroshoy.mx\/noticias\/#\/schema\/person\/49ae631fc906b44554e4ba3866c505d7"},"description":"Una mujer denunci\u00f3 que Jos\u00e9 Javier P.C., adem\u00e1s de decirle obscenidades le mostr\u00f3 sus genitales en el parque de la colonia Santo Domingo.","breadcrumb":{"@id":"https:\/\/reporteroshoy.mx\/noticias\/detenido-por-exhibir-sus-miserias-en-parque-de-tizimin\/#breadcrumb"},"inLanguage":"es","potentialAction":[{"@type":"ReadAction","target":["https:\/\/reporteroshoy.mx\/noticias\/detenido-por-exhibir-sus-miserias-en-parque-de-tizimin\/"]}]},{"@type":"ImageObject","inLanguage":"es","@id":"https:\/\/reporteroshoy.mx\/noticias\/detenido-por-exhibir-sus-miserias-en-parque-de-tizimin\/#primaryimage","url":"https:\/\/reporteroshoy.mx\/noticias\/wp-content\/uploads\/2021\/08\/IMG-20210824-WA0007-scaled.jpg","contentUrl":"https:\/\/reporteroshoy.mx\/noticias\/wp-content\/uploads\/2021\/08\/IMG-20210824-WA0007-scaled.jpg","width":768,"height":500},{"@type":"BreadcrumbList","@id":"https:\/\/reporteroshoy.mx\/noticias\/detenido-por-exhibir-sus-miserias-en-parque-de-tizimin\/#breadcrumb","itemListElement":[{"@type":"ListItem","position":1,"name":"Portada","item":"https:\/\/reporteroshoy.mx\/noticias\/"},{"@type":"ListItem","position":2,"name":"Detenido por exhibir sus \u201cmiserias\u201d en parque de Tizim\u00edn"}]},{"@type":"WebSite","@id":"https:\/\/reporteroshoy.mx\/noticias\/#website","url":"https:\/\/reporteroshoy.mx\/noticias\/","name":"Reporteros Hoy | Noticias de Yucat\u00e1n","description":"Peri\u00f3dico digital con noticias diarias desde M\u00e9rida, Yucat\u00e1n para el mundo.","potentialAction":[{"@type":"SearchAction","target":{"@type":"EntryPoint","urlTemplate":"https:\/\/reporteroshoy.mx\/noticias\/?s={search_term_string}"},"query-input":{"@type":"PropertyValueSpecification","valueRequired":true,"valueName":"search_term_string"}}],"inLanguage":"es"},{"@type":"Person","@id":"https:\/\/reporteroshoy.mx\/noticias\/#\/schema\/person\/49ae631fc906b44554e4ba3866c505d7","name":"Reporteros Hoy GS","image":{"@type":"ImageObject","inLanguage":"es","@id":"https:\/\/secure.gravatar.com\/avatar\/00d32adb620345c3db2cfc175917f65c584e1e338fdc49ad126aa1f9830eb6a9?s=96&d=mm&r=g","url":"https:\/\/secure.gravatar.com\/avatar\/00d32adb620345c3db2cfc175917f65c584e1e338fdc49ad126aa1f9830eb6a9?s=96&d=mm&r=g","contentUrl":"https:\/\/secure.gravatar.com\/avatar\/00d32adb620345c3db2cfc175917f65c584e1e338fdc49ad126aa1f9830eb6a9?s=96&d=mm&r=g","caption":"Reporteros Hoy GS"},"url":"https:\/\/reporteroshoy.mx\/noticias\/author\/lupis\/"}]}},"_links":{"self":[{"href":"https:\/\/reporteroshoy.mx\/noticias\/wp-json\/wp\/v2\/posts\/70267","targetHints":{"allow":["GET"]}}],"collection":[{"href":"https:\/\/reporteroshoy.mx\/noticias\/wp-json\/wp\/v2\/posts"}],"about":[{"href":"https:\/\/reporteroshoy.mx\/noticias\/wp-json\/wp\/v2\/types\/post"}],"author":[{"embeddable":true,"href":"https:\/\/reporteroshoy.mx\/noticias\/wp-json\/wp\/v2\/users\/6"}],"replies":[{"embeddable":true,"href":"https:\/\/reporteroshoy.mx\/noticias\/wp-json\/wp\/v2\/comments?post=70267"}],"version-history":[{"count":0,"href":"https:\/\/reporteroshoy.mx\/noticias\/wp-json\/wp\/v2\/posts\/70267\/revisions"}],"wp:featuredmedia":[{"embeddable":true,"href":"https:\/\/reporteroshoy.mx\/noticias\/wp-json\/wp\/v2\/media\/70268"}],"wp:attachment":[{"href":"https:\/\/reporteroshoy.mx\/noticias\/wp-json\/wp\/v2\/media?parent=70267"}],"wp:term":[{"taxonomy":"category","embeddable":true,"href":"https:\/\/reporteroshoy.mx\/noticias\/wp-json\/wp\/v2\/categories?post=70267"},{"taxonomy":"post_tag","embeddable":true,"href":"https:\/\/reporteroshoy.mx\/noticias\/wp-json\/wp\/v2\/tags?post=70267"}],"curies":[{"name":"wp","href":"https:\/\/api.w.org\/{rel}","templated":true}]}}