{"id":70816,"date":"2021-09-01T23:20:47","date_gmt":"2021-09-02T04:20:47","guid":{"rendered":"https:\/\/reporteroshoy.mx\/noticias\/?p=70816"},"modified":"2021-09-01T23:20:47","modified_gmt":"2021-09-02T04:20:47","slug":"no-llegaron-las-tortillas-atropellaron-al-tortillero-por-vehiculo-oficial","status":"publish","type":"post","link":"https:\/\/reporteroshoy.mx\/noticias\/no-llegaron-las-tortillas-atropellaron-al-tortillero-por-vehiculo-oficial\/","title":{"rendered":"No llegaron las tortillas, atropellaron al tortillero por veh\u00edculo oficial"},"content":{"rendered":"<p style=\"text-align: justify;\"><span style=\"color: #000000;\">Motul, Yucat\u00e1n; 1 de septiembre de 2021 (ACOM).- Un repartidor de tortillas fue a parar al hospital, luego de ser atropellado por un veh\u00edculo del Gobierno del Estado en calles de este municipio.<\/span><\/p>\n<p style=\"text-align: justify;\"><span style=\"color: #000000;\">Benjam\u00edn E.V. transitaba de sur a norte sobre la calle 30 a bordo de su motocicleta Italika, cuando de poniente a poniente le sali\u00f3 al paso un Nissan Versa con logotipos de la administraci\u00f3n estatal y cuyo conductor no respet\u00f3 el disco de alto de la 33.<\/span><\/p>\n<p style=\"text-align: justify;\"><img loading=\"lazy\" decoding=\"async\" class=\"wp-image-70817 aligncenter\" src=\"https:\/\/reporteroshoy.mx\/noticias\/wp-content\/uploads\/2021\/09\/ATROPELLADO-MOTUL-2-scaled.jpg\" alt=\"\" width=\"613\" height=\"460\" \/> <span style=\"color: #000000;\">El impacto fue tal que el motociclista se proyect\u00f3 contra la facia delantera del veh\u00edculo y la arranc\u00f3 por completo, antes de derrapar unos 10 metros en el pavimento.<\/span><\/p>\n<p style=\"text-align: justify;\"><span style=\"color: #000000;\">Testigos del hecho frustraron la huida del conductor del veh\u00edculo oficial, y elementos de la polic\u00eda local llegaron en compa\u00f1\u00eda de param\u00e9dicos de la Comisi\u00f3n Nacional de Emergencias, quienes valoraron al lesionado y lo trasladaron a la Cl\u00ednica del Seguro Social para descartar mayores heridas.\u00a0<\/span><\/p>\n<p><img loading=\"lazy\" decoding=\"async\" class=\"wp-image-70818 aligncenter\" src=\"https:\/\/reporteroshoy.mx\/noticias\/wp-content\/uploads\/2021\/09\/ATROPELLADO-MOTUL-scaled.jpg\" alt=\"\" width=\"645\" height=\"484\" \/><\/p>\n<p style=\"text-align: justify;\"><span style=\"color: #000000;\">Mientras tanto, los uniformados movieron los veh\u00edculos de inmediato, contrario al protocolo usual, y no se proporcionaron los datos de los tripulantes del veh\u00edculo oficial que eran tres en total: dos hombres y una mujer.\u00a0<\/span><\/p>\n","protected":false},"excerpt":{"rendered":"<p>Un repartidor de tortillas fue a dar al hospital, luego de ser atropellado por trabajadores del Gobierno del Estado en Motul.<\/p>\n","protected":false},"author":2,"featured_media":70817,"comment_status":"open","ping_status":"closed","sticky":false,"template":"","format":"standard","meta":{"footnotes":""},"categories":[11],"tags":[18781,103,760],"class_list":["post-70816","post","type-post","status-publish","format-standard","has-post-thumbnail","hentry","category-municipios-de-yucatan","tag-atropellado-en-motul","tag-motul","tag-yucatan-centro"],"yoast_head":"<!-- This site is optimized with the Yoast SEO plugin v28.4 - https:\/\/yoast.com\/product\/yoast-seo-wordpress\/ -->\n<title>No llegaron las tortillas, atropellaron al tortillero por veh\u00edculo oficial<\/title>\n<meta name=\"description\" content=\"Un repartidor de tortillas fue a dar al hospital, luego de ser atropellado por trabajadores del Gobierno del Estado en Motul.\" \/>\n<meta name=\"robots\" content=\"index, follow, max-snippet:-1, max-image-preview:large, max-video-preview:-1\" \/>\n<link rel=\"canonical\" href=\"https:\/\/reporteroshoy.mx\/noticias\/no-llegaron-las-tortillas-atropellaron-al-tortillero-por-vehiculo-oficial\/\" \/>\n<meta property=\"og:locale\" content=\"es_ES\" \/>\n<meta property=\"og:type\" content=\"article\" \/>\n<meta property=\"og:title\" content=\"No llegaron las tortillas, atropellaron al tortillero por veh\u00edculo oficial\" \/>\n<meta property=\"og:description\" content=\"Un repartidor de tortillas fue a dar al hospital, luego de ser atropellado por trabajadores del Gobierno del Estado en Motul.\" \/>\n<meta property=\"og:url\" content=\"https:\/\/reporteroshoy.mx\/noticias\/no-llegaron-las-tortillas-atropellaron-al-tortillero-por-vehiculo-oficial\/\" \/>\n<meta property=\"og:site_name\" content=\"Reporteros Hoy | Noticias de Yucat\u00e1n\" \/>\n<meta property=\"article:publisher\" content=\"http:\/\/www.facebook.com\/reporteroshoymx\" \/>\n<meta property=\"article:published_time\" content=\"2021-09-02T04:20:47+00:00\" \/>\n<meta property=\"og:image\" content=\"https:\/\/reporteroshoy.mx\/noticias\/wp-content\/uploads\/2021\/09\/ATROPELLADO-MOTUL-2-scaled.jpg\" \/>\n\t<meta property=\"og:image:width\" content=\"768\" \/>\n\t<meta property=\"og:image:height\" content=\"576\" \/>\n\t<meta property=\"og:image:type\" content=\"image\/jpeg\" \/>\n<meta name=\"author\" content=\"Reporteros Hoy HY\" \/>\n<meta name=\"twitter:card\" content=\"summary_large_image\" \/>\n<meta name=\"twitter:creator\" content=\"@reporteroshoy\" \/>\n<meta name=\"twitter:site\" content=\"@reporteroshoy\" \/>\n<meta name=\"twitter:label1\" content=\"Escrito por\" \/>\n\t<meta name=\"twitter:data1\" content=\"Reporteros Hoy HY\" \/>\n\t<meta name=\"twitter:label2\" content=\"Tiempo de lectura\" \/>\n\t<meta name=\"twitter:data2\" content=\"2 minutos\" \/>\n<script type=\"application\/ld+json\" class=\"yoast-schema-graph\">{\"@context\":\"https:\\\/\\\/schema.org\",\"@graph\":[{\"@type\":\"Article\",\"@id\":\"https:\\\/\\\/reporteroshoy.mx\\\/noticias\\\/no-llegaron-las-tortillas-atropellaron-al-tortillero-por-vehiculo-oficial\\\/#article\",\"isPartOf\":{\"@id\":\"https:\\\/\\\/reporteroshoy.mx\\\/noticias\\\/no-llegaron-las-tortillas-atropellaron-al-tortillero-por-vehiculo-oficial\\\/\"},\"author\":{\"name\":\"Reporteros Hoy HY\",\"@id\":\"https:\\\/\\\/reporteroshoy.mx\\\/noticias\\\/#\\\/schema\\\/person\\\/d32189074678a9d41498d4248e29aac3\"},\"headline\":\"No llegaron las tortillas, atropellaron al tortillero por veh\u00edculo oficial\",\"datePublished\":\"2021-09-02T04:20:47+00:00\",\"mainEntityOfPage\":{\"@id\":\"https:\\\/\\\/reporteroshoy.mx\\\/noticias\\\/no-llegaron-las-tortillas-atropellaron-al-tortillero-por-vehiculo-oficial\\\/\"},\"wordCount\":210,\"commentCount\":0,\"image\":{\"@id\":\"https:\\\/\\\/reporteroshoy.mx\\\/noticias\\\/no-llegaron-las-tortillas-atropellaron-al-tortillero-por-vehiculo-oficial\\\/#primaryimage\"},\"thumbnailUrl\":\"https:\\\/\\\/reporteroshoy.mx\\\/noticias\\\/wp-content\\\/uploads\\\/2021\\\/09\\\/ATROPELLADO-MOTUL-2-scaled.jpg\",\"keywords\":[\"atropellado en Motul\",\"Motul\",\"Yucat\u00e1n Centro\"],\"articleSection\":[\"Municipios\"],\"inLanguage\":\"es\",\"potentialAction\":[{\"@type\":\"CommentAction\",\"name\":\"Comment\",\"target\":[\"https:\\\/\\\/reporteroshoy.mx\\\/noticias\\\/no-llegaron-las-tortillas-atropellaron-al-tortillero-por-vehiculo-oficial\\\/#respond\"]}]},{\"@type\":\"WebPage\",\"@id\":\"https:\\\/\\\/reporteroshoy.mx\\\/noticias\\\/no-llegaron-las-tortillas-atropellaron-al-tortillero-por-vehiculo-oficial\\\/\",\"url\":\"https:\\\/\\\/reporteroshoy.mx\\\/noticias\\\/no-llegaron-las-tortillas-atropellaron-al-tortillero-por-vehiculo-oficial\\\/\",\"name\":\"No llegaron las tortillas, atropellaron al tortillero por veh\u00edculo oficial\",\"isPartOf\":{\"@id\":\"https:\\\/\\\/reporteroshoy.mx\\\/noticias\\\/#website\"},\"primaryImageOfPage\":{\"@id\":\"https:\\\/\\\/reporteroshoy.mx\\\/noticias\\\/no-llegaron-las-tortillas-atropellaron-al-tortillero-por-vehiculo-oficial\\\/#primaryimage\"},\"image\":{\"@id\":\"https:\\\/\\\/reporteroshoy.mx\\\/noticias\\\/no-llegaron-las-tortillas-atropellaron-al-tortillero-por-vehiculo-oficial\\\/#primaryimage\"},\"thumbnailUrl\":\"https:\\\/\\\/reporteroshoy.mx\\\/noticias\\\/wp-content\\\/uploads\\\/2021\\\/09\\\/ATROPELLADO-MOTUL-2-scaled.jpg\",\"datePublished\":\"2021-09-02T04:20:47+00:00\",\"author\":{\"@id\":\"https:\\\/\\\/reporteroshoy.mx\\\/noticias\\\/#\\\/schema\\\/person\\\/d32189074678a9d41498d4248e29aac3\"},\"description\":\"Un repartidor de tortillas fue a dar al hospital, luego de ser atropellado por trabajadores del Gobierno del Estado en Motul.\",\"breadcrumb\":{\"@id\":\"https:\\\/\\\/reporteroshoy.mx\\\/noticias\\\/no-llegaron-las-tortillas-atropellaron-al-tortillero-por-vehiculo-oficial\\\/#breadcrumb\"},\"inLanguage\":\"es\",\"potentialAction\":[{\"@type\":\"ReadAction\",\"target\":[\"https:\\\/\\\/reporteroshoy.mx\\\/noticias\\\/no-llegaron-las-tortillas-atropellaron-al-tortillero-por-vehiculo-oficial\\\/\"]}]},{\"@type\":\"ImageObject\",\"inLanguage\":\"es\",\"@id\":\"https:\\\/\\\/reporteroshoy.mx\\\/noticias\\\/no-llegaron-las-tortillas-atropellaron-al-tortillero-por-vehiculo-oficial\\\/#primaryimage\",\"url\":\"https:\\\/\\\/reporteroshoy.mx\\\/noticias\\\/wp-content\\\/uploads\\\/2021\\\/09\\\/ATROPELLADO-MOTUL-2-scaled.jpg\",\"contentUrl\":\"https:\\\/\\\/reporteroshoy.mx\\\/noticias\\\/wp-content\\\/uploads\\\/2021\\\/09\\\/ATROPELLADO-MOTUL-2-scaled.jpg\",\"width\":768,\"height\":576},{\"@type\":\"BreadcrumbList\",\"@id\":\"https:\\\/\\\/reporteroshoy.mx\\\/noticias\\\/no-llegaron-las-tortillas-atropellaron-al-tortillero-por-vehiculo-oficial\\\/#breadcrumb\",\"itemListElement\":[{\"@type\":\"ListItem\",\"position\":1,\"name\":\"Portada\",\"item\":\"https:\\\/\\\/reporteroshoy.mx\\\/noticias\\\/\"},{\"@type\":\"ListItem\",\"position\":2,\"name\":\"No llegaron las tortillas, atropellaron al tortillero por veh\u00edculo oficial\"}]},{\"@type\":\"WebSite\",\"@id\":\"https:\\\/\\\/reporteroshoy.mx\\\/noticias\\\/#website\",\"url\":\"https:\\\/\\\/reporteroshoy.mx\\\/noticias\\\/\",\"name\":\"Reporteros Hoy | Noticias de Yucat\u00e1n\",\"description\":\"Peri\u00f3dico digital con noticias diarias desde M\u00e9rida, Yucat\u00e1n para el mundo.\",\"potentialAction\":[{\"@type\":\"SearchAction\",\"target\":{\"@type\":\"EntryPoint\",\"urlTemplate\":\"https:\\\/\\\/reporteroshoy.mx\\\/noticias\\\/?s={search_term_string}\"},\"query-input\":{\"@type\":\"PropertyValueSpecification\",\"valueRequired\":true,\"valueName\":\"search_term_string\"}}],\"inLanguage\":\"es\"},{\"@type\":\"Person\",\"@id\":\"https:\\\/\\\/reporteroshoy.mx\\\/noticias\\\/#\\\/schema\\\/person\\\/d32189074678a9d41498d4248e29aac3\",\"name\":\"Reporteros Hoy HY\",\"image\":{\"@type\":\"ImageObject\",\"inLanguage\":\"es\",\"@id\":\"https:\\\/\\\/secure.gravatar.com\\\/avatar\\\/c539a82770f256437b35bda44650bb50f5fd4b7017f8b29672ed9f27a43cec47?s=96&d=mm&r=g\",\"url\":\"https:\\\/\\\/secure.gravatar.com\\\/avatar\\\/c539a82770f256437b35bda44650bb50f5fd4b7017f8b29672ed9f27a43cec47?s=96&d=mm&r=g\",\"contentUrl\":\"https:\\\/\\\/secure.gravatar.com\\\/avatar\\\/c539a82770f256437b35bda44650bb50f5fd4b7017f8b29672ed9f27a43cec47?s=96&d=mm&r=g\",\"caption\":\"Reporteros Hoy HY\"},\"url\":\"https:\\\/\\\/reporteroshoy.mx\\\/noticias\\\/author\\\/thelmo\\\/\"}]}<\/script>\n<!-- \/ Yoast SEO plugin. -->","yoast_head_json":{"title":"No llegaron las tortillas, atropellaron al tortillero por veh\u00edculo oficial","description":"Un repartidor de tortillas fue a dar al hospital, luego de ser atropellado por trabajadores del Gobierno del Estado en Motul.","robots":{"index":"index","follow":"follow","max-snippet":"max-snippet:-1","max-image-preview":"max-image-preview:large","max-video-preview":"max-video-preview:-1"},"canonical":"https:\/\/reporteroshoy.mx\/noticias\/no-llegaron-las-tortillas-atropellaron-al-tortillero-por-vehiculo-oficial\/","og_locale":"es_ES","og_type":"article","og_title":"No llegaron las tortillas, atropellaron al tortillero por veh\u00edculo oficial","og_description":"Un repartidor de tortillas fue a dar al hospital, luego de ser atropellado por trabajadores del Gobierno del Estado en Motul.","og_url":"https:\/\/reporteroshoy.mx\/noticias\/no-llegaron-las-tortillas-atropellaron-al-tortillero-por-vehiculo-oficial\/","og_site_name":"Reporteros Hoy | Noticias de Yucat\u00e1n","article_publisher":"http:\/\/www.facebook.com\/reporteroshoymx","article_published_time":"2021-09-02T04:20:47+00:00","og_image":[{"width":768,"height":576,"url":"https:\/\/reporteroshoy.mx\/noticias\/wp-content\/uploads\/2021\/09\/ATROPELLADO-MOTUL-2-scaled.jpg","type":"image\/jpeg"}],"author":"Reporteros Hoy HY","twitter_card":"summary_large_image","twitter_creator":"@reporteroshoy","twitter_site":"@reporteroshoy","twitter_misc":{"Escrito por":"Reporteros Hoy HY","Tiempo de lectura":"2 minutos"},"schema":{"@context":"https:\/\/schema.org","@graph":[{"@type":"Article","@id":"https:\/\/reporteroshoy.mx\/noticias\/no-llegaron-las-tortillas-atropellaron-al-tortillero-por-vehiculo-oficial\/#article","isPartOf":{"@id":"https:\/\/reporteroshoy.mx\/noticias\/no-llegaron-las-tortillas-atropellaron-al-tortillero-por-vehiculo-oficial\/"},"author":{"name":"Reporteros Hoy HY","@id":"https:\/\/reporteroshoy.mx\/noticias\/#\/schema\/person\/d32189074678a9d41498d4248e29aac3"},"headline":"No llegaron las tortillas, atropellaron al tortillero por veh\u00edculo oficial","datePublished":"2021-09-02T04:20:47+00:00","mainEntityOfPage":{"@id":"https:\/\/reporteroshoy.mx\/noticias\/no-llegaron-las-tortillas-atropellaron-al-tortillero-por-vehiculo-oficial\/"},"wordCount":210,"commentCount":0,"image":{"@id":"https:\/\/reporteroshoy.mx\/noticias\/no-llegaron-las-tortillas-atropellaron-al-tortillero-por-vehiculo-oficial\/#primaryimage"},"thumbnailUrl":"https:\/\/reporteroshoy.mx\/noticias\/wp-content\/uploads\/2021\/09\/ATROPELLADO-MOTUL-2-scaled.jpg","keywords":["atropellado en Motul","Motul","Yucat\u00e1n Centro"],"articleSection":["Municipios"],"inLanguage":"es","potentialAction":[{"@type":"CommentAction","name":"Comment","target":["https:\/\/reporteroshoy.mx\/noticias\/no-llegaron-las-tortillas-atropellaron-al-tortillero-por-vehiculo-oficial\/#respond"]}]},{"@type":"WebPage","@id":"https:\/\/reporteroshoy.mx\/noticias\/no-llegaron-las-tortillas-atropellaron-al-tortillero-por-vehiculo-oficial\/","url":"https:\/\/reporteroshoy.mx\/noticias\/no-llegaron-las-tortillas-atropellaron-al-tortillero-por-vehiculo-oficial\/","name":"No llegaron las tortillas, atropellaron al tortillero por veh\u00edculo oficial","isPartOf":{"@id":"https:\/\/reporteroshoy.mx\/noticias\/#website"},"primaryImageOfPage":{"@id":"https:\/\/reporteroshoy.mx\/noticias\/no-llegaron-las-tortillas-atropellaron-al-tortillero-por-vehiculo-oficial\/#primaryimage"},"image":{"@id":"https:\/\/reporteroshoy.mx\/noticias\/no-llegaron-las-tortillas-atropellaron-al-tortillero-por-vehiculo-oficial\/#primaryimage"},"thumbnailUrl":"https:\/\/reporteroshoy.mx\/noticias\/wp-content\/uploads\/2021\/09\/ATROPELLADO-MOTUL-2-scaled.jpg","datePublished":"2021-09-02T04:20:47+00:00","author":{"@id":"https:\/\/reporteroshoy.mx\/noticias\/#\/schema\/person\/d32189074678a9d41498d4248e29aac3"},"description":"Un repartidor de tortillas fue a dar al hospital, luego de ser atropellado por trabajadores del Gobierno del Estado en Motul.","breadcrumb":{"@id":"https:\/\/reporteroshoy.mx\/noticias\/no-llegaron-las-tortillas-atropellaron-al-tortillero-por-vehiculo-oficial\/#breadcrumb"},"inLanguage":"es","potentialAction":[{"@type":"ReadAction","target":["https:\/\/reporteroshoy.mx\/noticias\/no-llegaron-las-tortillas-atropellaron-al-tortillero-por-vehiculo-oficial\/"]}]},{"@type":"ImageObject","inLanguage":"es","@id":"https:\/\/reporteroshoy.mx\/noticias\/no-llegaron-las-tortillas-atropellaron-al-tortillero-por-vehiculo-oficial\/#primaryimage","url":"https:\/\/reporteroshoy.mx\/noticias\/wp-content\/uploads\/2021\/09\/ATROPELLADO-MOTUL-2-scaled.jpg","contentUrl":"https:\/\/reporteroshoy.mx\/noticias\/wp-content\/uploads\/2021\/09\/ATROPELLADO-MOTUL-2-scaled.jpg","width":768,"height":576},{"@type":"BreadcrumbList","@id":"https:\/\/reporteroshoy.mx\/noticias\/no-llegaron-las-tortillas-atropellaron-al-tortillero-por-vehiculo-oficial\/#breadcrumb","itemListElement":[{"@type":"ListItem","position":1,"name":"Portada","item":"https:\/\/reporteroshoy.mx\/noticias\/"},{"@type":"ListItem","position":2,"name":"No llegaron las tortillas, atropellaron al tortillero por veh\u00edculo oficial"}]},{"@type":"WebSite","@id":"https:\/\/reporteroshoy.mx\/noticias\/#website","url":"https:\/\/reporteroshoy.mx\/noticias\/","name":"Reporteros Hoy | Noticias de Yucat\u00e1n","description":"Peri\u00f3dico digital con noticias diarias desde M\u00e9rida, Yucat\u00e1n para el mundo.","potentialAction":[{"@type":"SearchAction","target":{"@type":"EntryPoint","urlTemplate":"https:\/\/reporteroshoy.mx\/noticias\/?s={search_term_string}"},"query-input":{"@type":"PropertyValueSpecification","valueRequired":true,"valueName":"search_term_string"}}],"inLanguage":"es"},{"@type":"Person","@id":"https:\/\/reporteroshoy.mx\/noticias\/#\/schema\/person\/d32189074678a9d41498d4248e29aac3","name":"Reporteros Hoy HY","image":{"@type":"ImageObject","inLanguage":"es","@id":"https:\/\/secure.gravatar.com\/avatar\/c539a82770f256437b35bda44650bb50f5fd4b7017f8b29672ed9f27a43cec47?s=96&d=mm&r=g","url":"https:\/\/secure.gravatar.com\/avatar\/c539a82770f256437b35bda44650bb50f5fd4b7017f8b29672ed9f27a43cec47?s=96&d=mm&r=g","contentUrl":"https:\/\/secure.gravatar.com\/avatar\/c539a82770f256437b35bda44650bb50f5fd4b7017f8b29672ed9f27a43cec47?s=96&d=mm&r=g","caption":"Reporteros Hoy HY"},"url":"https:\/\/reporteroshoy.mx\/noticias\/author\/thelmo\/"}]}},"_links":{"self":[{"href":"https:\/\/reporteroshoy.mx\/noticias\/wp-json\/wp\/v2\/posts\/70816","targetHints":{"allow":["GET"]}}],"collection":[{"href":"https:\/\/reporteroshoy.mx\/noticias\/wp-json\/wp\/v2\/posts"}],"about":[{"href":"https:\/\/reporteroshoy.mx\/noticias\/wp-json\/wp\/v2\/types\/post"}],"author":[{"embeddable":true,"href":"https:\/\/reporteroshoy.mx\/noticias\/wp-json\/wp\/v2\/users\/2"}],"replies":[{"embeddable":true,"href":"https:\/\/reporteroshoy.mx\/noticias\/wp-json\/wp\/v2\/comments?post=70816"}],"version-history":[{"count":0,"href":"https:\/\/reporteroshoy.mx\/noticias\/wp-json\/wp\/v2\/posts\/70816\/revisions"}],"wp:featuredmedia":[{"embeddable":true,"href":"https:\/\/reporteroshoy.mx\/noticias\/wp-json\/wp\/v2\/media\/70817"}],"wp:attachment":[{"href":"https:\/\/reporteroshoy.mx\/noticias\/wp-json\/wp\/v2\/media?parent=70816"}],"wp:term":[{"taxonomy":"category","embeddable":true,"href":"https:\/\/reporteroshoy.mx\/noticias\/wp-json\/wp\/v2\/categories?post=70816"},{"taxonomy":"post_tag","embeddable":true,"href":"https:\/\/reporteroshoy.mx\/noticias\/wp-json\/wp\/v2\/tags?post=70816"}],"curies":[{"name":"wp","href":"https:\/\/api.w.org\/{rel}","templated":true}]}}