{"id":71390,"date":"2021-09-10T16:08:26","date_gmt":"2021-09-10T21:08:26","guid":{"rendered":"https:\/\/reporteroshoy.mx\/noticias\/?p=71390"},"modified":"2021-09-10T16:10:47","modified_gmt":"2021-09-10T21:10:47","slug":"cada-2-dias-se-presenta-un-intento-de-suicidio-en-yucatan","status":"publish","type":"post","link":"https:\/\/reporteroshoy.mx\/noticias\/cada-2-dias-se-presenta-un-intento-de-suicidio-en-yucatan\/","title":{"rendered":"Cada 2 d\u00edas se presenta un intento de suicidio en Yucat\u00e1n"},"content":{"rendered":"<p style=\"text-align: justify;\">M\u00e9rida, Yucat\u00e1n; 10 de septiembre de 2021 (ACOM).- La depresi\u00f3n es una de las enfermedades que afecta con m\u00e1s intensidad a j\u00f3venes entre 15 y 29 a\u00f1os. Seg\u00fan datos del sector salud de Yucat\u00e1n, este padecimiento impacta al 70% de las personas m\u00e1s j\u00f3venes.<\/p>\n<p style=\"text-align: justify;\">El el D\u00eda Mundial para la Prevenci\u00f3n del Suicidio, el Instituto Nacional de Estad\u00edstica y Geograf\u00eda (Inegi) dio a conocer que nuestro estado ocupa el tercer lugar nacional en incidencia de suicidio. En datos de este organismo, y del documento Programa Especial de Prevenci\u00f3n del Delito con Enfoque de Derechos Humanos\u201d del gobierno del estado, el aumento de casos de suicidio en Yucat\u00e1n se eleva hasta un 4.5% m\u00e1s que la media nacional.<\/p>\n<p><img loading=\"lazy\" decoding=\"async\" class=\"wp-image-71392 aligncenter\" src=\"https:\/\/reporteroshoy.mx\/noticias\/wp-content\/uploads\/2021\/09\/Suicidio1.png\" alt=\"\" width=\"600\" height=\"280\" \/><\/p>\n<p style=\"text-align: justify;\">En 2017 se registraron 191 casos de suicidios en el estado, cifra menor a los 224 casos de 2016, pero 51 casos ma\u0301s que hace 10 an\u0303os. En 2018, la cifra de v\u00edctimas por muerte auto infringida fue de 242 personas, en 2019 se redujo a 203 y en 2020 sumaron 206.<\/p>\n<p style=\"text-align: justify;\">Uno de los principales factores de este problema es la depresio\u0301n. En el 2018 y 2019, Yucata\u0301n se encontro\u0301 con un puntaje mayor por 3.26 puntos en suicidios de jo\u0301venes de 10 a 29 an\u0303os.<\/p>\n<p style=\"text-align: justify;\">De esta manera, la tasa de suicidios es de 8.8 por cada 100 mil habitantes, lo que posiciona al estado como la cuarta entidad con mayor tasa en el pai\u0301s. En general, la tasa promedio del pa\u00eds fue de 5.3 casos por cada 100 mil habitantes.<\/p>\n<p style=\"text-align: justify;\">Los componentes que marcan un crecimiento en este tipo de condiciones que afectan m\u00e1s a los j\u00f3venes se advierte desde los problemas de salud mental, donde no se diagnostican a tiempo patolog\u00edas y aspectos socio emocionales, que originan conductas y sentimientos que ocasionan la depresi\u00f3n.<\/p>\n<p><img loading=\"lazy\" decoding=\"async\" class=\"wp-image-71391 aligncenter\" src=\"https:\/\/reporteroshoy.mx\/noticias\/wp-content\/uploads\/2021\/09\/Suicidio.png\" alt=\"\" width=\"549\" height=\"616\" \/><\/p>\n<p style=\"text-align: justify;\">En el estudio \u201cEl suicidio entre adolescentes\u201d, publicado por los doctores Alfonso Mart\u00edn del Campo, Cristina Gonz\u00e1lez y Juan Bustamenta en la Revista M\u00e9dica del Hospital General de M\u00e9xico indica que la depresio\u0301n es uno de los trastornos mentales ma\u0301s extendidos en todo el mundo. Afecta de manera importante a los roles laborales y de manera sustancial a las relaciones familiares. Es comu\u0301n que orille a quien lo padece al aislamiento social.<\/p>\n<p style=\"text-align: justify;\">Aunque la depresio\u0301n tiene posibilidades de tratamiento, no siempre es diagnosticada, lo que obstaculiza los esfuerzos para manejar las consecuencias econo\u0301micas, sociales y de salud que tiene la depresio\u0301n. La depresio\u0301n esta\u0301 asociada con un incremento en el nu\u0301mero de suicidios y en los intentos de suicidios de entre un 60 y 80%.<\/p>\n<p style=\"text-align: justify;\">Segu\u0301n estimaciones de la Organizacio\u0301n Mundial de la Salud (OMS) en 2020, aproximadamente un millo\u0301n y medio de personas fallecieron por suicidio\u00a0y de entre quince a treinta millones de personas cometieron una tentativa de acto suicida.<\/p>\n<p style=\"text-align: justify;\">En Yucata\u0301n durante la u\u0301ltima de\u0301cada el suicidio se ha mantenido como un problema de salud pu\u0301blica, su sitio entre las primeras 20 causas de defuncio\u0301n ha oscilado entre el lugar 15 y 16, inclusive por arriba del SIDA.<\/p>\n<p><img loading=\"lazy\" decoding=\"async\" class=\"alignnone size-full wp-image-64971\" src=\"https:\/\/reporteroshoy.mx\/noticias\/wp-content\/uploads\/2021\/06\/FINAL-LINEA-DE-APOYO.png\" alt=\"\" width=\"768\" height=\"195\" \/><\/p>\n","protected":false},"excerpt":{"rendered":"<p>Seg\u00fan datos de la SSY la depresi\u00f3n afecta al 70% de las personas m\u00e1s j\u00f3venes, siendo una de las principales causas del suicidio.<\/p>\n","protected":false},"author":9,"featured_media":71393,"comment_status":"open","ping_status":"closed","sticky":false,"template":"","format":"standard","meta":{"footnotes":""},"categories":[17],"tags":[946,2247,1180],"class_list":["post-71390","post","type-post","status-publish","format-standard","has-post-thumbnail","hentry","category-yucatan","tag-depresion","tag-inegi","tag-intento-de-suicidio"],"yoast_head":"<!-- This site is optimized with the Yoast SEO plugin v28.4 - https:\/\/yoast.com\/product\/yoast-seo-wordpress\/ -->\n<title>Cada 2 d\u00edas se presenta un intento de suicidio en Yucat\u00e1n<\/title>\n<meta name=\"description\" content=\"Seg\u00fan datos de la SSY la depresi\u00f3n afecta al 70% de las personas m\u00e1s j\u00f3venes, siendo una de las principales causas del suicidio.\" \/>\n<meta name=\"robots\" content=\"index, follow, max-snippet:-1, max-image-preview:large, max-video-preview:-1\" \/>\n<link rel=\"canonical\" href=\"https:\/\/reporteroshoy.mx\/noticias\/cada-2-dias-se-presenta-un-intento-de-suicidio-en-yucatan\/\" \/>\n<meta property=\"og:locale\" content=\"es_ES\" \/>\n<meta property=\"og:type\" content=\"article\" \/>\n<meta property=\"og:title\" content=\"Cada 2 d\u00edas se presenta un intento de suicidio en Yucat\u00e1n\" \/>\n<meta property=\"og:description\" content=\"Seg\u00fan datos de la SSY la depresi\u00f3n afecta al 70% de las personas m\u00e1s j\u00f3venes, siendo una de las principales causas del suicidio.\" \/>\n<meta property=\"og:url\" content=\"https:\/\/reporteroshoy.mx\/noticias\/cada-2-dias-se-presenta-un-intento-de-suicidio-en-yucatan\/\" \/>\n<meta property=\"og:site_name\" content=\"Reporteros Hoy | Noticias de Yucat\u00e1n\" \/>\n<meta property=\"article:publisher\" content=\"http:\/\/www.facebook.com\/reporteroshoymx\" \/>\n<meta property=\"article:published_time\" content=\"2021-09-10T21:08:26+00:00\" \/>\n<meta property=\"article:modified_time\" content=\"2021-09-10T21:10:47+00:00\" \/>\n<meta property=\"og:image\" content=\"https:\/\/reporteroshoy.mx\/noticias\/wp-content\/uploads\/2021\/09\/Depresion.jpg\" \/>\n\t<meta property=\"og:image:width\" content=\"768\" \/>\n\t<meta property=\"og:image:height\" content=\"432\" \/>\n\t<meta property=\"og:image:type\" content=\"image\/jpeg\" \/>\n<meta name=\"author\" content=\"Reporteros Hoy WP\" \/>\n<meta name=\"twitter:card\" content=\"summary_large_image\" \/>\n<meta name=\"twitter:creator\" content=\"@reporteroshoy\" \/>\n<meta name=\"twitter:site\" content=\"@reporteroshoy\" \/>\n<meta name=\"twitter:label1\" content=\"Escrito por\" \/>\n\t<meta name=\"twitter:data1\" content=\"Reporteros Hoy WP\" \/>\n\t<meta name=\"twitter:label2\" content=\"Tiempo de lectura\" \/>\n\t<meta name=\"twitter:data2\" content=\"3 minutos\" \/>\n<script type=\"application\/ld+json\" class=\"yoast-schema-graph\">{\"@context\":\"https:\\\/\\\/schema.org\",\"@graph\":[{\"@type\":\"Article\",\"@id\":\"https:\\\/\\\/reporteroshoy.mx\\\/noticias\\\/cada-2-dias-se-presenta-un-intento-de-suicidio-en-yucatan\\\/#article\",\"isPartOf\":{\"@id\":\"https:\\\/\\\/reporteroshoy.mx\\\/noticias\\\/cada-2-dias-se-presenta-un-intento-de-suicidio-en-yucatan\\\/\"},\"author\":{\"name\":\"Reporteros Hoy WP\",\"@id\":\"https:\\\/\\\/reporteroshoy.mx\\\/noticias\\\/#\\\/schema\\\/person\\\/c977527e57c958a62c5cefe8fe47876e\"},\"headline\":\"Cada 2 d\u00edas se presenta un intento de suicidio en Yucat\u00e1n\",\"datePublished\":\"2021-09-10T21:08:26+00:00\",\"dateModified\":\"2021-09-10T21:10:47+00:00\",\"mainEntityOfPage\":{\"@id\":\"https:\\\/\\\/reporteroshoy.mx\\\/noticias\\\/cada-2-dias-se-presenta-un-intento-de-suicidio-en-yucatan\\\/\"},\"wordCount\":526,\"commentCount\":0,\"image\":{\"@id\":\"https:\\\/\\\/reporteroshoy.mx\\\/noticias\\\/cada-2-dias-se-presenta-un-intento-de-suicidio-en-yucatan\\\/#primaryimage\"},\"thumbnailUrl\":\"https:\\\/\\\/reporteroshoy.mx\\\/noticias\\\/wp-content\\\/uploads\\\/2021\\\/09\\\/Depresion.jpg\",\"keywords\":[\"Depresi\u00f3n\",\"Inegi\",\"intento de suicidio\"],\"articleSection\":[\"Yucat\u00e1n\"],\"inLanguage\":\"es\",\"potentialAction\":[{\"@type\":\"CommentAction\",\"name\":\"Comment\",\"target\":[\"https:\\\/\\\/reporteroshoy.mx\\\/noticias\\\/cada-2-dias-se-presenta-un-intento-de-suicidio-en-yucatan\\\/#respond\"]}]},{\"@type\":\"WebPage\",\"@id\":\"https:\\\/\\\/reporteroshoy.mx\\\/noticias\\\/cada-2-dias-se-presenta-un-intento-de-suicidio-en-yucatan\\\/\",\"url\":\"https:\\\/\\\/reporteroshoy.mx\\\/noticias\\\/cada-2-dias-se-presenta-un-intento-de-suicidio-en-yucatan\\\/\",\"name\":\"Cada 2 d\u00edas se presenta un intento de suicidio en Yucat\u00e1n\",\"isPartOf\":{\"@id\":\"https:\\\/\\\/reporteroshoy.mx\\\/noticias\\\/#website\"},\"primaryImageOfPage\":{\"@id\":\"https:\\\/\\\/reporteroshoy.mx\\\/noticias\\\/cada-2-dias-se-presenta-un-intento-de-suicidio-en-yucatan\\\/#primaryimage\"},\"image\":{\"@id\":\"https:\\\/\\\/reporteroshoy.mx\\\/noticias\\\/cada-2-dias-se-presenta-un-intento-de-suicidio-en-yucatan\\\/#primaryimage\"},\"thumbnailUrl\":\"https:\\\/\\\/reporteroshoy.mx\\\/noticias\\\/wp-content\\\/uploads\\\/2021\\\/09\\\/Depresion.jpg\",\"datePublished\":\"2021-09-10T21:08:26+00:00\",\"dateModified\":\"2021-09-10T21:10:47+00:00\",\"author\":{\"@id\":\"https:\\\/\\\/reporteroshoy.mx\\\/noticias\\\/#\\\/schema\\\/person\\\/c977527e57c958a62c5cefe8fe47876e\"},\"description\":\"Seg\u00fan datos de la SSY la depresi\u00f3n afecta al 70% de las personas m\u00e1s j\u00f3venes, siendo una de las principales causas del suicidio.\",\"breadcrumb\":{\"@id\":\"https:\\\/\\\/reporteroshoy.mx\\\/noticias\\\/cada-2-dias-se-presenta-un-intento-de-suicidio-en-yucatan\\\/#breadcrumb\"},\"inLanguage\":\"es\",\"potentialAction\":[{\"@type\":\"ReadAction\",\"target\":[\"https:\\\/\\\/reporteroshoy.mx\\\/noticias\\\/cada-2-dias-se-presenta-un-intento-de-suicidio-en-yucatan\\\/\"]}]},{\"@type\":\"ImageObject\",\"inLanguage\":\"es\",\"@id\":\"https:\\\/\\\/reporteroshoy.mx\\\/noticias\\\/cada-2-dias-se-presenta-un-intento-de-suicidio-en-yucatan\\\/#primaryimage\",\"url\":\"https:\\\/\\\/reporteroshoy.mx\\\/noticias\\\/wp-content\\\/uploads\\\/2021\\\/09\\\/Depresion.jpg\",\"contentUrl\":\"https:\\\/\\\/reporteroshoy.mx\\\/noticias\\\/wp-content\\\/uploads\\\/2021\\\/09\\\/Depresion.jpg\",\"width\":768,\"height\":432},{\"@type\":\"BreadcrumbList\",\"@id\":\"https:\\\/\\\/reporteroshoy.mx\\\/noticias\\\/cada-2-dias-se-presenta-un-intento-de-suicidio-en-yucatan\\\/#breadcrumb\",\"itemListElement\":[{\"@type\":\"ListItem\",\"position\":1,\"name\":\"Portada\",\"item\":\"https:\\\/\\\/reporteroshoy.mx\\\/noticias\\\/\"},{\"@type\":\"ListItem\",\"position\":2,\"name\":\"Cada 2 d\u00edas se presenta un intento de suicidio en Yucat\u00e1n\"}]},{\"@type\":\"WebSite\",\"@id\":\"https:\\\/\\\/reporteroshoy.mx\\\/noticias\\\/#website\",\"url\":\"https:\\\/\\\/reporteroshoy.mx\\\/noticias\\\/\",\"name\":\"Reporteros Hoy | Noticias de Yucat\u00e1n\",\"description\":\"Peri\u00f3dico digital con noticias diarias desde M\u00e9rida, Yucat\u00e1n para el mundo.\",\"potentialAction\":[{\"@type\":\"SearchAction\",\"target\":{\"@type\":\"EntryPoint\",\"urlTemplate\":\"https:\\\/\\\/reporteroshoy.mx\\\/noticias\\\/?s={search_term_string}\"},\"query-input\":{\"@type\":\"PropertyValueSpecification\",\"valueRequired\":true,\"valueName\":\"search_term_string\"}}],\"inLanguage\":\"es\"},{\"@type\":\"Person\",\"@id\":\"https:\\\/\\\/reporteroshoy.mx\\\/noticias\\\/#\\\/schema\\\/person\\\/c977527e57c958a62c5cefe8fe47876e\",\"name\":\"Reporteros Hoy WP\",\"image\":{\"@type\":\"ImageObject\",\"inLanguage\":\"es\",\"@id\":\"https:\\\/\\\/secure.gravatar.com\\\/avatar\\\/fd2917f79a7dae30f8ac9ddc2f35e1756bb59e25e01d1cd09deaa64df7b2f73e?s=96&d=mm&r=g\",\"url\":\"https:\\\/\\\/secure.gravatar.com\\\/avatar\\\/fd2917f79a7dae30f8ac9ddc2f35e1756bb59e25e01d1cd09deaa64df7b2f73e?s=96&d=mm&r=g\",\"contentUrl\":\"https:\\\/\\\/secure.gravatar.com\\\/avatar\\\/fd2917f79a7dae30f8ac9ddc2f35e1756bb59e25e01d1cd09deaa64df7b2f73e?s=96&d=mm&r=g\",\"caption\":\"Reporteros Hoy WP\"},\"url\":\"https:\\\/\\\/reporteroshoy.mx\\\/noticias\\\/author\\\/walfer\\\/\"}]}<\/script>\n<!-- \/ Yoast SEO plugin. -->","yoast_head_json":{"title":"Cada 2 d\u00edas se presenta un intento de suicidio en Yucat\u00e1n","description":"Seg\u00fan datos de la SSY la depresi\u00f3n afecta al 70% de las personas m\u00e1s j\u00f3venes, siendo una de las principales causas del suicidio.","robots":{"index":"index","follow":"follow","max-snippet":"max-snippet:-1","max-image-preview":"max-image-preview:large","max-video-preview":"max-video-preview:-1"},"canonical":"https:\/\/reporteroshoy.mx\/noticias\/cada-2-dias-se-presenta-un-intento-de-suicidio-en-yucatan\/","og_locale":"es_ES","og_type":"article","og_title":"Cada 2 d\u00edas se presenta un intento de suicidio en Yucat\u00e1n","og_description":"Seg\u00fan datos de la SSY la depresi\u00f3n afecta al 70% de las personas m\u00e1s j\u00f3venes, siendo una de las principales causas del suicidio.","og_url":"https:\/\/reporteroshoy.mx\/noticias\/cada-2-dias-se-presenta-un-intento-de-suicidio-en-yucatan\/","og_site_name":"Reporteros Hoy | Noticias de Yucat\u00e1n","article_publisher":"http:\/\/www.facebook.com\/reporteroshoymx","article_published_time":"2021-09-10T21:08:26+00:00","article_modified_time":"2021-09-10T21:10:47+00:00","og_image":[{"width":768,"height":432,"url":"https:\/\/reporteroshoy.mx\/noticias\/wp-content\/uploads\/2021\/09\/Depresion.jpg","type":"image\/jpeg"}],"author":"Reporteros Hoy WP","twitter_card":"summary_large_image","twitter_creator":"@reporteroshoy","twitter_site":"@reporteroshoy","twitter_misc":{"Escrito por":"Reporteros Hoy WP","Tiempo de lectura":"3 minutos"},"schema":{"@context":"https:\/\/schema.org","@graph":[{"@type":"Article","@id":"https:\/\/reporteroshoy.mx\/noticias\/cada-2-dias-se-presenta-un-intento-de-suicidio-en-yucatan\/#article","isPartOf":{"@id":"https:\/\/reporteroshoy.mx\/noticias\/cada-2-dias-se-presenta-un-intento-de-suicidio-en-yucatan\/"},"author":{"name":"Reporteros Hoy WP","@id":"https:\/\/reporteroshoy.mx\/noticias\/#\/schema\/person\/c977527e57c958a62c5cefe8fe47876e"},"headline":"Cada 2 d\u00edas se presenta un intento de suicidio en Yucat\u00e1n","datePublished":"2021-09-10T21:08:26+00:00","dateModified":"2021-09-10T21:10:47+00:00","mainEntityOfPage":{"@id":"https:\/\/reporteroshoy.mx\/noticias\/cada-2-dias-se-presenta-un-intento-de-suicidio-en-yucatan\/"},"wordCount":526,"commentCount":0,"image":{"@id":"https:\/\/reporteroshoy.mx\/noticias\/cada-2-dias-se-presenta-un-intento-de-suicidio-en-yucatan\/#primaryimage"},"thumbnailUrl":"https:\/\/reporteroshoy.mx\/noticias\/wp-content\/uploads\/2021\/09\/Depresion.jpg","keywords":["Depresi\u00f3n","Inegi","intento de suicidio"],"articleSection":["Yucat\u00e1n"],"inLanguage":"es","potentialAction":[{"@type":"CommentAction","name":"Comment","target":["https:\/\/reporteroshoy.mx\/noticias\/cada-2-dias-se-presenta-un-intento-de-suicidio-en-yucatan\/#respond"]}]},{"@type":"WebPage","@id":"https:\/\/reporteroshoy.mx\/noticias\/cada-2-dias-se-presenta-un-intento-de-suicidio-en-yucatan\/","url":"https:\/\/reporteroshoy.mx\/noticias\/cada-2-dias-se-presenta-un-intento-de-suicidio-en-yucatan\/","name":"Cada 2 d\u00edas se presenta un intento de suicidio en Yucat\u00e1n","isPartOf":{"@id":"https:\/\/reporteroshoy.mx\/noticias\/#website"},"primaryImageOfPage":{"@id":"https:\/\/reporteroshoy.mx\/noticias\/cada-2-dias-se-presenta-un-intento-de-suicidio-en-yucatan\/#primaryimage"},"image":{"@id":"https:\/\/reporteroshoy.mx\/noticias\/cada-2-dias-se-presenta-un-intento-de-suicidio-en-yucatan\/#primaryimage"},"thumbnailUrl":"https:\/\/reporteroshoy.mx\/noticias\/wp-content\/uploads\/2021\/09\/Depresion.jpg","datePublished":"2021-09-10T21:08:26+00:00","dateModified":"2021-09-10T21:10:47+00:00","author":{"@id":"https:\/\/reporteroshoy.mx\/noticias\/#\/schema\/person\/c977527e57c958a62c5cefe8fe47876e"},"description":"Seg\u00fan datos de la SSY la depresi\u00f3n afecta al 70% de las personas m\u00e1s j\u00f3venes, siendo una de las principales causas del suicidio.","breadcrumb":{"@id":"https:\/\/reporteroshoy.mx\/noticias\/cada-2-dias-se-presenta-un-intento-de-suicidio-en-yucatan\/#breadcrumb"},"inLanguage":"es","potentialAction":[{"@type":"ReadAction","target":["https:\/\/reporteroshoy.mx\/noticias\/cada-2-dias-se-presenta-un-intento-de-suicidio-en-yucatan\/"]}]},{"@type":"ImageObject","inLanguage":"es","@id":"https:\/\/reporteroshoy.mx\/noticias\/cada-2-dias-se-presenta-un-intento-de-suicidio-en-yucatan\/#primaryimage","url":"https:\/\/reporteroshoy.mx\/noticias\/wp-content\/uploads\/2021\/09\/Depresion.jpg","contentUrl":"https:\/\/reporteroshoy.mx\/noticias\/wp-content\/uploads\/2021\/09\/Depresion.jpg","width":768,"height":432},{"@type":"BreadcrumbList","@id":"https:\/\/reporteroshoy.mx\/noticias\/cada-2-dias-se-presenta-un-intento-de-suicidio-en-yucatan\/#breadcrumb","itemListElement":[{"@type":"ListItem","position":1,"name":"Portada","item":"https:\/\/reporteroshoy.mx\/noticias\/"},{"@type":"ListItem","position":2,"name":"Cada 2 d\u00edas se presenta un intento de suicidio en Yucat\u00e1n"}]},{"@type":"WebSite","@id":"https:\/\/reporteroshoy.mx\/noticias\/#website","url":"https:\/\/reporteroshoy.mx\/noticias\/","name":"Reporteros Hoy | Noticias de Yucat\u00e1n","description":"Peri\u00f3dico digital con noticias diarias desde M\u00e9rida, Yucat\u00e1n para el mundo.","potentialAction":[{"@type":"SearchAction","target":{"@type":"EntryPoint","urlTemplate":"https:\/\/reporteroshoy.mx\/noticias\/?s={search_term_string}"},"query-input":{"@type":"PropertyValueSpecification","valueRequired":true,"valueName":"search_term_string"}}],"inLanguage":"es"},{"@type":"Person","@id":"https:\/\/reporteroshoy.mx\/noticias\/#\/schema\/person\/c977527e57c958a62c5cefe8fe47876e","name":"Reporteros Hoy WP","image":{"@type":"ImageObject","inLanguage":"es","@id":"https:\/\/secure.gravatar.com\/avatar\/fd2917f79a7dae30f8ac9ddc2f35e1756bb59e25e01d1cd09deaa64df7b2f73e?s=96&d=mm&r=g","url":"https:\/\/secure.gravatar.com\/avatar\/fd2917f79a7dae30f8ac9ddc2f35e1756bb59e25e01d1cd09deaa64df7b2f73e?s=96&d=mm&r=g","contentUrl":"https:\/\/secure.gravatar.com\/avatar\/fd2917f79a7dae30f8ac9ddc2f35e1756bb59e25e01d1cd09deaa64df7b2f73e?s=96&d=mm&r=g","caption":"Reporteros Hoy WP"},"url":"https:\/\/reporteroshoy.mx\/noticias\/author\/walfer\/"}]}},"_links":{"self":[{"href":"https:\/\/reporteroshoy.mx\/noticias\/wp-json\/wp\/v2\/posts\/71390","targetHints":{"allow":["GET"]}}],"collection":[{"href":"https:\/\/reporteroshoy.mx\/noticias\/wp-json\/wp\/v2\/posts"}],"about":[{"href":"https:\/\/reporteroshoy.mx\/noticias\/wp-json\/wp\/v2\/types\/post"}],"author":[{"embeddable":true,"href":"https:\/\/reporteroshoy.mx\/noticias\/wp-json\/wp\/v2\/users\/9"}],"replies":[{"embeddable":true,"href":"https:\/\/reporteroshoy.mx\/noticias\/wp-json\/wp\/v2\/comments?post=71390"}],"version-history":[{"count":0,"href":"https:\/\/reporteroshoy.mx\/noticias\/wp-json\/wp\/v2\/posts\/71390\/revisions"}],"wp:featuredmedia":[{"embeddable":true,"href":"https:\/\/reporteroshoy.mx\/noticias\/wp-json\/wp\/v2\/media\/71393"}],"wp:attachment":[{"href":"https:\/\/reporteroshoy.mx\/noticias\/wp-json\/wp\/v2\/media?parent=71390"}],"wp:term":[{"taxonomy":"category","embeddable":true,"href":"https:\/\/reporteroshoy.mx\/noticias\/wp-json\/wp\/v2\/categories?post=71390"},{"taxonomy":"post_tag","embeddable":true,"href":"https:\/\/reporteroshoy.mx\/noticias\/wp-json\/wp\/v2\/tags?post=71390"}],"curies":[{"name":"wp","href":"https:\/\/api.w.org\/{rel}","templated":true}]}}