{"id":71695,"date":"2021-09-14T16:53:48","date_gmt":"2021-09-14T21:53:48","guid":{"rendered":"https:\/\/reporteroshoy.mx\/noticias\/?p=71695"},"modified":"2021-09-14T16:53:48","modified_gmt":"2021-09-14T21:53:48","slug":"aprueban-comisiones-para-la-administracion-2021-2024-en-merida","status":"publish","type":"post","link":"https:\/\/reporteroshoy.mx\/noticias\/aprueban-comisiones-para-la-administracion-2021-2024-en-merida\/","title":{"rendered":"Aprueban comisiones para la administraci\u00f3n 2021-2024 en M\u00e9rida"},"content":{"rendered":"<p style=\"text-align: justify;\">M\u00e9rida, Yucat\u00e1n; 14 de septiembre de 2021.- En la presente administraci\u00f3n tenemos el firme compromiso de continuar ejerciendo un gobierno humanista integrado por personas comprometidas y sensibles que impulsen pol\u00edticas p\u00fablicas para el desarrollo ordenado del municipio y mantener la calidad de vida de la ciudadan\u00eda, asegur\u00f3 el alcalde Ren\u00e1n Barrera Concha.<\/p>\n<p style=\"text-align: justify;\">En ese contexto, el Cabildo meridano aprob\u00f3 la propuesta del Presidente Municipal para la integraci\u00f3n de las Comisiones Permanentes y Especiales de la Administraci\u00f3n 2021-2024.<\/p>\n<p><img loading=\"lazy\" decoding=\"async\" class=\"wp-image-71696 aligncenter\" src=\"https:\/\/reporteroshoy.mx\/noticias\/wp-content\/uploads\/2021\/09\/Ayuntamiento1.jpeg\" alt=\"\" width=\"600\" height=\"338\" \/><\/p>\n<p style=\"text-align: justify;\">El Concejal dijo que la integraci\u00f3n de estas comisiones est\u00e1 pensada y analizada para consolidar a M\u00e9rida como una ciudad creativa, inclusiva e innovadora, y que sea referente en materia de desarrollo sustentable en los aspectos econ\u00f3micos, urbanos, culturales, sociales y de movilidad, con una ciudadan\u00eda m\u00e1s participativa.<\/p>\n<p style=\"text-align: justify;\">En la sesi\u00f3n ordinaria, el Alcalde llam\u00f3 a los integrantes del cuerpo edilicio a sumar esfuerzos y velar por los intereses de la sociedad meridana, en aras de mejorar la calidad de vida, y los exhort\u00f3 a tomar las mejores decisiones desde el Cabildo.<\/p>\n<p><img loading=\"lazy\" decoding=\"async\" class=\"wp-image-71697 aligncenter\" src=\"https:\/\/reporteroshoy.mx\/noticias\/wp-content\/uploads\/2021\/09\/Ayuntamiento.jpeg\" alt=\"\" width=\"598\" height=\"337\" \/><\/p>\n<p style=\"text-align: justify;\">La integraci\u00f3n de las Comisiones Permanentes y Especiales de la Administraci\u00f3n 2021-2024, qued\u00f3 de la siguiente manera:<\/p>\n<p style=\"text-align: justify;\">Comisi\u00f3n Permanente de Gobierno: Ren\u00e1n Alberto Barrera Concha, Alejandro Iv\u00e1n Ruz Castro, Rafael Rodr\u00edguez M\u00e9ndez, Ana Gabriela Aguilar Ruiz y Jos\u00e9 Orlando P\u00e9rez Moguel.<\/p>\n<p style=\"text-align: justify;\">Comisi\u00f3n Permanente de Patrimonio y Hacienda: Ren\u00e1n Alberto Barrera Concha, Alejandro Iv\u00e1n Ruz Castro, Diana Mercedes Canto Moreno, Gabriel Barrag\u00e1n Casares y Jos\u00e9 Orlando P\u00e9rez Moguel.<\/p>\n<p style=\"text-align: justify;\">Comisi\u00f3n Permanente de Desarrollo Urbano y Obras P\u00fablicas: Alejandro Iv\u00e1n Ruz Castro, \u00c1lvaro Cetina Puerto, Mariana G\u00e1ber Fern\u00e1ndez Montilla, Ra\u00fal Fernando Escalante Aguilar, Gabriel Barrag\u00e1n Casares, Fernando Jos\u00e9 Alcocer \u00c1vila y Gloria Kareny Valle Ricalde.<\/p>\n<p style=\"text-align: justify;\">Comisi\u00f3n Permanente de Seguridad P\u00fablica y Tr\u00e1nsito: Alejandro Iv\u00e1n Ruz Castro, Mar\u00eda Gabriela Baqueiro Valencia, Celia Mar\u00eda Rivas Rodr\u00edguez, Gabriel Barrag\u00e1n Casares y Fernando Jos\u00e9 Alcocer \u00c1vila.<\/p>\n<p style=\"text-align: justify;\">Comisi\u00f3n Permanente de Servicios P\u00fablicos: \u00c1lvaro Cetina Puerto, Celia Mar\u00eda Rivas Rodr\u00edguez, Ricardo Eligio de Jes\u00fas Ascencio Maldonado, Hilda Paulina Peniche Rodr\u00edguez, Oscar Eduardo Medina Cruz, Fernando Jos\u00e9 Alcocer \u00c1vila y Gloria Kareny Valle Ricalde.<\/p>\n<p style=\"text-align: justify;\">Comisi\u00f3n Permanente de Salud y Ecolog\u00eda: Ricardo Ascencio Maldonado, Ra\u00fal Fernando Escalante Aguilar, Mar\u00eda Gabriela Baqueiro Valencia, Mar\u00eda Fernanda Vivas Sierra y Fernando Jos\u00e9 Alcocer \u00c1vila.<\/p>\n<p style=\"text-align: justify;\">Comisi\u00f3n Permanente de Igualdad de G\u00e9nero: Diana Mercedes Canto Moreno, Mariana G\u00e1ber Fern\u00e1ndez Montilla, \u00c1lvaro Cetina Puerto, Ana Gabriela Aguilar Ruiz y Elisa Johanna Z\u00fa\u00f1iga Arellano.<\/p>\n<p style=\"text-align: justify;\">Comisi\u00f3n Especial de Cultura y Espect\u00e1culos: Celia Mar\u00eda Rivas Rodr\u00edguez, Mariana G\u00e1ber Fern\u00e1ndez Montilla, Rafael Rodr\u00edguez M\u00e9ndez, Mar\u00eda Gabriela Baqueiro Valencia, Ana Gabriela Aguilar Ruiz, Elisa Johanna Z\u00fa\u00f1iga Arellano y Gloria Kareny Valle Ricalde.<\/p>\n<p style=\"text-align: justify;\">Comisi\u00f3n Especial de Juventud, Deportes y Educaci\u00f3n: Rafael Rodr\u00edguez M\u00e9ndez, Ra\u00fal Fernando Escalante Aguilar, Hilda Paulina Peniche Rodr\u00edguez, Mar\u00eda Fernanda Vivas Sierra y Elisa Johanna Z\u00fa\u00f1iga Arellano.<\/p>\n<p style=\"text-align: justify;\">Comisi\u00f3n Especial de Desarrollo Econ\u00f3mico y Turismo: \u00c1lvaro Cetina Puerto, Celia Mar\u00eda Rivas Rodr\u00edguez, Ra\u00fal Fernando Escalante Aguilar, Hilda Paulina Peniche Rodr\u00edguez, Oscar Eduardo Medina Cruz, Fernando Jos\u00e9 Alcocer \u00c1vila y Gloria Kareny Valle Ricalde.<\/p>\n<p style=\"text-align: justify;\">Comisi\u00f3n Especial de Protecci\u00f3n Civil: Mariana G\u00e1ber Fern\u00e1ndez Montilla, Alejandro Iv\u00e1n Ruz Castro, Ricardo Ascencio Maldonado, Ana Gabriela Aguilar Ruiz y Fernando Jos\u00e9 Alcocer \u00c1vila.<\/p>\n<p style=\"text-align: justify;\">Comisi\u00f3n Especial de Organismos Paramunicipales: Ra\u00fal Fernando Escalante Aguilar, Rafael Rodr\u00edguez M\u00e9ndez, Ricardo Ascencio Maldonado, Oscar Eduardo Medina Cruz y Jos\u00e9 Orlando P\u00e9rez Moguel.<\/p>\n<p style=\"text-align: justify;\">Comisi\u00f3n Especial de Participaci\u00f3n Ciudadana: Diana Mercedes Canto Moreno, Celia Mar\u00eda Rivas Rodr\u00edguez, Mariana G\u00e1ber Fern\u00e1ndez Montilla, Mar\u00eda Fernanda Vivas Sierra y Jos\u00e9 Orlando P\u00e9rez Moguel.<\/p>\n<p style=\"text-align: justify;\">Comisi\u00f3n Especial de Movilidad Urbana : Mar\u00eda Gabriela Baqueiro Valencia, Diana Mercedes Canto Moreno, \u00c1lvaro Cetina Puerto, Gabriel Barrag\u00e1n Casares y Fernando Jos\u00e9 Alcocer \u00c1vila.<\/p>\n<p style=\"text-align: justify;\">Comisi\u00f3n Especial de Grupos Vulnerables: Mariana G\u00e1ber Fern\u00e1ndez Montilla, Hilda Paulina Peniche Rodr\u00edguez, Mar\u00eda Gabriela Baqueiro Valencia, Ricardo Ascencio Maldonado, Mar\u00eda Fernanda Vivas Sierra, Elisa Johanna Z\u00fa\u00f1iga Arellano y Gloria Kareny Valle Ricalde.<\/p>\n<p style=\"text-align: justify;\">Comisi\u00f3n Especial de Administraci\u00f3n, Servicios Administrativos y Desarrollo Institucional: Diana Mercedes Canto Moreno, Hilda Paulina Peniche Rodr\u00edguez, \u00c1lvaro Cetina Puerto, Gabriel Barrag\u00e1n Casares y Elisa Johanna Z\u00fa\u00f1iga Arellano.<\/p>\n<p style=\"text-align: justify;\">Comisi\u00f3n Especial de Comisar\u00edas: Ricardo Ascencio Maldonado, Ra\u00fal Fernando Escalante Aguilar, Rafael Rodr\u00edguez M\u00e9ndez, Hilda Paulina Peniche Rodr\u00edguez, Oscar Eduardo Medina Cruz, Elisa Johanna Z\u00fa\u00f1iga Arellano y Gloria Kareny Valle Ricalde.<\/p>\n<p style=\"text-align: justify;\">Comisi\u00f3n Especial de Mercados: Ricardo Ascencio Maldonado, Alejandro Iv\u00e1n Ruz Castro, Rafael Rodr\u00edguez M\u00e9ndez, Oscar Eduardo Medina Cruz y Fernando Jos\u00e9 Alcocer \u00c1vila.<\/p>\n<p style=\"text-align: justify;\">Comisi\u00f3n Especial de Sustentabilidad: Diana Mercedes Canto Moreno, Ra\u00fal Fernando Escalante Aguilar, Mar\u00eda Gabriela Baqueiro Valencia, Mar\u00eda Fernanda Vivas Sierra y Fernando Jos\u00e9 Alcocer \u00c1vila.<\/p>\n<p style=\"text-align: justify;\">Comisi\u00f3n Especial de L\u00edmites Territoriales y Zonas Metropolitanas o Conurbadas del Municipio de M\u00e9rida: Diana Mercedes Canto Moreno, Rafael Rodr\u00edguez M\u00e9ndez, \u00c1lvaro Cetina Puerto, Gabriel Barrag\u00e1n Casares y Fernando Jos\u00e9 Alcocer \u00c1vila.<\/p>\n<p style=\"text-align: justify;\">Comisi\u00f3n Especial de Postulaci\u00f3n de la Medalla H\u00e9ctor Herrera \u201cCholo\u201d: Celia Mar\u00eda Rivas Rodr\u00edguez, Mariana G\u00e1ber Fern\u00e1ndez Montilla, Mar\u00eda Gabriela Baqueiro Valencia, Ana Gabriela Aguilar Ruiz y Elisa Johanna Z\u00fa\u00f1iga Arellano.<\/p>\n<p style=\"text-align: justify;\">Comisi\u00f3n Especial para Analizar el Expediente Protocolario de Entrega- Recepci\u00f3n: Alejandro Iv\u00e1n Ruz Castro, Diana Mercedes Canto Moreno, Hilda Paulina Peniche Rodr\u00edguez, Celia Mar\u00eda Rivas Rodr\u00edguez, Oscar Eduardo Medina Cruz, Jos\u00e9 Orlando P\u00e9rez Moguel y Gloria Kareny Valle Ricalde.<\/p>\n<p><img loading=\"lazy\" decoding=\"async\" class=\"wp-image-71698 aligncenter\" src=\"https:\/\/reporteroshoy.mx\/noticias\/wp-content\/uploads\/2021\/09\/Ayuntamiento2.jpg\" alt=\"\" width=\"598\" height=\"273\" \/><\/p>\n<p style=\"text-align: justify;\">De igual manera El Cabildo de M\u00e9rida, autoriz\u00f3 designar a la Dra. Patricia Gil\u00ed L\u00f3pez, como la oradora hu\u00e9sped para la Sesi\u00f3n Solemne de Cabildo con motivo del 211 aniversario del Inicio de la Independencia Nacional, a efectuarse ma\u00f1ana, 15 de septiembre.<\/p>\n<p style=\"text-align: justify;\">Otro punto aprobado fueron 20 licitaciones p\u00fablicas consistentes en la construcci\u00f3n de cuartos para ba\u00f1os, cocinas, dormitorios, techos y piso firmes, de tanques s\u00e9pticos para sanitarios, de calles, rehabilitaci\u00f3n de revestimiento de calles, as\u00ed como construcci\u00f3n de sistema de drenaje pluvial, y de guarniciones y banquetas en diversas colonias, fraccionamientos y comisar\u00edas pertenecientes a este Municipio.<\/p>\n","protected":false},"excerpt":{"rendered":"<p>Tambi\u00e9n se aprobaron 20 licitaciones p\u00fablicas para la construcci\u00f3n de cuartos para ba\u00f1os, cocinas, dormitorios y m\u00e1s.<\/p>\n","protected":false},"author":9,"featured_media":71697,"comment_status":"open","ping_status":"closed","sticky":false,"template":"","format":"standard","meta":{"footnotes":""},"categories":[7],"tags":[24,3799,26],"class_list":["post-71695","post","type-post","status-publish","format-standard","has-post-thumbnail","hentry","category-gobierno","tag-ayuntamiento-de-merida","tag-comisiones","tag-renan-barrera"],"yoast_head":"<!-- This site is optimized with the Yoast SEO plugin v28.3 - https:\/\/yoast.com\/product\/yoast-seo-wordpress\/ -->\n<title>Aprueban comisiones para la administraci\u00f3n 2021-2024 en M\u00e9rida<\/title>\n<meta name=\"description\" content=\"Tambi\u00e9n se aprobaron 20 licitaciones p\u00fablicas para la construcci\u00f3n de cuartos para ba\u00f1os, cocinas, dormitorios y m\u00e1s.\" \/>\n<meta name=\"robots\" content=\"index, follow, max-snippet:-1, max-image-preview:large, max-video-preview:-1\" \/>\n<link rel=\"canonical\" href=\"https:\/\/reporteroshoy.mx\/noticias\/aprueban-comisiones-para-la-administracion-2021-2024-en-merida\/\" \/>\n<meta property=\"og:locale\" content=\"es_ES\" \/>\n<meta property=\"og:type\" content=\"article\" \/>\n<meta property=\"og:title\" content=\"Aprueban comisiones para la administraci\u00f3n 2021-2024 en M\u00e9rida\" \/>\n<meta property=\"og:description\" content=\"Tambi\u00e9n se aprobaron 20 licitaciones p\u00fablicas para la construcci\u00f3n de cuartos para ba\u00f1os, cocinas, dormitorios y m\u00e1s.\" \/>\n<meta property=\"og:url\" content=\"https:\/\/reporteroshoy.mx\/noticias\/aprueban-comisiones-para-la-administracion-2021-2024-en-merida\/\" \/>\n<meta property=\"og:site_name\" content=\"Reporteros Hoy | Noticias de Yucat\u00e1n\" \/>\n<meta property=\"article:publisher\" content=\"http:\/\/www.facebook.com\/reporteroshoymx\" \/>\n<meta property=\"article:published_time\" content=\"2021-09-14T21:53:48+00:00\" \/>\n<meta property=\"og:image\" content=\"https:\/\/reporteroshoy.mx\/noticias\/wp-content\/uploads\/2021\/09\/Ayuntamiento.jpeg\" \/>\n\t<meta property=\"og:image:width\" content=\"768\" \/>\n\t<meta property=\"og:image:height\" content=\"432\" \/>\n\t<meta property=\"og:image:type\" content=\"image\/jpeg\" \/>\n<meta name=\"author\" content=\"Reporteros Hoy WP\" \/>\n<meta name=\"twitter:card\" content=\"summary_large_image\" \/>\n<meta name=\"twitter:creator\" content=\"@reporteroshoy\" \/>\n<meta name=\"twitter:site\" content=\"@reporteroshoy\" \/>\n<meta name=\"twitter:label1\" content=\"Escrito por\" \/>\n\t<meta name=\"twitter:data1\" content=\"Reporteros Hoy WP\" \/>\n\t<meta name=\"twitter:label2\" content=\"Tiempo de lectura\" \/>\n\t<meta name=\"twitter:data2\" content=\"5 minutos\" \/>\n<script type=\"application\/ld+json\" class=\"yoast-schema-graph\">{\"@context\":\"https:\\\/\\\/schema.org\",\"@graph\":[{\"@type\":\"Article\",\"@id\":\"https:\\\/\\\/reporteroshoy.mx\\\/noticias\\\/aprueban-comisiones-para-la-administracion-2021-2024-en-merida\\\/#article\",\"isPartOf\":{\"@id\":\"https:\\\/\\\/reporteroshoy.mx\\\/noticias\\\/aprueban-comisiones-para-la-administracion-2021-2024-en-merida\\\/\"},\"author\":{\"name\":\"Reporteros Hoy WP\",\"@id\":\"https:\\\/\\\/reporteroshoy.mx\\\/noticias\\\/#\\\/schema\\\/person\\\/c977527e57c958a62c5cefe8fe47876e\"},\"headline\":\"Aprueban comisiones para la administraci\u00f3n 2021-2024 en M\u00e9rida\",\"datePublished\":\"2021-09-14T21:53:48+00:00\",\"mainEntityOfPage\":{\"@id\":\"https:\\\/\\\/reporteroshoy.mx\\\/noticias\\\/aprueban-comisiones-para-la-administracion-2021-2024-en-merida\\\/\"},\"wordCount\":1091,\"commentCount\":0,\"image\":{\"@id\":\"https:\\\/\\\/reporteroshoy.mx\\\/noticias\\\/aprueban-comisiones-para-la-administracion-2021-2024-en-merida\\\/#primaryimage\"},\"thumbnailUrl\":\"https:\\\/\\\/reporteroshoy.mx\\\/noticias\\\/wp-content\\\/uploads\\\/2021\\\/09\\\/Ayuntamiento.jpeg\",\"keywords\":[\"ayuntamiento de merida\",\"Comisiones\",\"Renan Barrera\"],\"articleSection\":[\"Gobierno\"],\"inLanguage\":\"es\",\"potentialAction\":[{\"@type\":\"CommentAction\",\"name\":\"Comment\",\"target\":[\"https:\\\/\\\/reporteroshoy.mx\\\/noticias\\\/aprueban-comisiones-para-la-administracion-2021-2024-en-merida\\\/#respond\"]}]},{\"@type\":\"WebPage\",\"@id\":\"https:\\\/\\\/reporteroshoy.mx\\\/noticias\\\/aprueban-comisiones-para-la-administracion-2021-2024-en-merida\\\/\",\"url\":\"https:\\\/\\\/reporteroshoy.mx\\\/noticias\\\/aprueban-comisiones-para-la-administracion-2021-2024-en-merida\\\/\",\"name\":\"Aprueban comisiones para la administraci\u00f3n 2021-2024 en M\u00e9rida\",\"isPartOf\":{\"@id\":\"https:\\\/\\\/reporteroshoy.mx\\\/noticias\\\/#website\"},\"primaryImageOfPage\":{\"@id\":\"https:\\\/\\\/reporteroshoy.mx\\\/noticias\\\/aprueban-comisiones-para-la-administracion-2021-2024-en-merida\\\/#primaryimage\"},\"image\":{\"@id\":\"https:\\\/\\\/reporteroshoy.mx\\\/noticias\\\/aprueban-comisiones-para-la-administracion-2021-2024-en-merida\\\/#primaryimage\"},\"thumbnailUrl\":\"https:\\\/\\\/reporteroshoy.mx\\\/noticias\\\/wp-content\\\/uploads\\\/2021\\\/09\\\/Ayuntamiento.jpeg\",\"datePublished\":\"2021-09-14T21:53:48+00:00\",\"author\":{\"@id\":\"https:\\\/\\\/reporteroshoy.mx\\\/noticias\\\/#\\\/schema\\\/person\\\/c977527e57c958a62c5cefe8fe47876e\"},\"description\":\"Tambi\u00e9n se aprobaron 20 licitaciones p\u00fablicas para la construcci\u00f3n de cuartos para ba\u00f1os, cocinas, dormitorios y m\u00e1s.\",\"breadcrumb\":{\"@id\":\"https:\\\/\\\/reporteroshoy.mx\\\/noticias\\\/aprueban-comisiones-para-la-administracion-2021-2024-en-merida\\\/#breadcrumb\"},\"inLanguage\":\"es\",\"potentialAction\":[{\"@type\":\"ReadAction\",\"target\":[\"https:\\\/\\\/reporteroshoy.mx\\\/noticias\\\/aprueban-comisiones-para-la-administracion-2021-2024-en-merida\\\/\"]}]},{\"@type\":\"ImageObject\",\"inLanguage\":\"es\",\"@id\":\"https:\\\/\\\/reporteroshoy.mx\\\/noticias\\\/aprueban-comisiones-para-la-administracion-2021-2024-en-merida\\\/#primaryimage\",\"url\":\"https:\\\/\\\/reporteroshoy.mx\\\/noticias\\\/wp-content\\\/uploads\\\/2021\\\/09\\\/Ayuntamiento.jpeg\",\"contentUrl\":\"https:\\\/\\\/reporteroshoy.mx\\\/noticias\\\/wp-content\\\/uploads\\\/2021\\\/09\\\/Ayuntamiento.jpeg\",\"width\":768,\"height\":432},{\"@type\":\"BreadcrumbList\",\"@id\":\"https:\\\/\\\/reporteroshoy.mx\\\/noticias\\\/aprueban-comisiones-para-la-administracion-2021-2024-en-merida\\\/#breadcrumb\",\"itemListElement\":[{\"@type\":\"ListItem\",\"position\":1,\"name\":\"Portada\",\"item\":\"https:\\\/\\\/reporteroshoy.mx\\\/noticias\\\/\"},{\"@type\":\"ListItem\",\"position\":2,\"name\":\"Aprueban comisiones para la administraci\u00f3n 2021-2024 en M\u00e9rida\"}]},{\"@type\":\"WebSite\",\"@id\":\"https:\\\/\\\/reporteroshoy.mx\\\/noticias\\\/#website\",\"url\":\"https:\\\/\\\/reporteroshoy.mx\\\/noticias\\\/\",\"name\":\"Reporteros Hoy | Noticias de Yucat\u00e1n\",\"description\":\"Peri\u00f3dico digital con noticias diarias desde M\u00e9rida, Yucat\u00e1n para el mundo.\",\"potentialAction\":[{\"@type\":\"SearchAction\",\"target\":{\"@type\":\"EntryPoint\",\"urlTemplate\":\"https:\\\/\\\/reporteroshoy.mx\\\/noticias\\\/?s={search_term_string}\"},\"query-input\":{\"@type\":\"PropertyValueSpecification\",\"valueRequired\":true,\"valueName\":\"search_term_string\"}}],\"inLanguage\":\"es\"},{\"@type\":\"Person\",\"@id\":\"https:\\\/\\\/reporteroshoy.mx\\\/noticias\\\/#\\\/schema\\\/person\\\/c977527e57c958a62c5cefe8fe47876e\",\"name\":\"Reporteros Hoy WP\",\"image\":{\"@type\":\"ImageObject\",\"inLanguage\":\"es\",\"@id\":\"https:\\\/\\\/secure.gravatar.com\\\/avatar\\\/fd2917f79a7dae30f8ac9ddc2f35e1756bb59e25e01d1cd09deaa64df7b2f73e?s=96&d=mm&r=g\",\"url\":\"https:\\\/\\\/secure.gravatar.com\\\/avatar\\\/fd2917f79a7dae30f8ac9ddc2f35e1756bb59e25e01d1cd09deaa64df7b2f73e?s=96&d=mm&r=g\",\"contentUrl\":\"https:\\\/\\\/secure.gravatar.com\\\/avatar\\\/fd2917f79a7dae30f8ac9ddc2f35e1756bb59e25e01d1cd09deaa64df7b2f73e?s=96&d=mm&r=g\",\"caption\":\"Reporteros Hoy WP\"},\"url\":\"https:\\\/\\\/reporteroshoy.mx\\\/noticias\\\/author\\\/walfer\\\/\"}]}<\/script>\n<!-- \/ Yoast SEO plugin. -->","yoast_head_json":{"title":"Aprueban comisiones para la administraci\u00f3n 2021-2024 en M\u00e9rida","description":"Tambi\u00e9n se aprobaron 20 licitaciones p\u00fablicas para la construcci\u00f3n de cuartos para ba\u00f1os, cocinas, dormitorios y m\u00e1s.","robots":{"index":"index","follow":"follow","max-snippet":"max-snippet:-1","max-image-preview":"max-image-preview:large","max-video-preview":"max-video-preview:-1"},"canonical":"https:\/\/reporteroshoy.mx\/noticias\/aprueban-comisiones-para-la-administracion-2021-2024-en-merida\/","og_locale":"es_ES","og_type":"article","og_title":"Aprueban comisiones para la administraci\u00f3n 2021-2024 en M\u00e9rida","og_description":"Tambi\u00e9n se aprobaron 20 licitaciones p\u00fablicas para la construcci\u00f3n de cuartos para ba\u00f1os, cocinas, dormitorios y m\u00e1s.","og_url":"https:\/\/reporteroshoy.mx\/noticias\/aprueban-comisiones-para-la-administracion-2021-2024-en-merida\/","og_site_name":"Reporteros Hoy | Noticias de Yucat\u00e1n","article_publisher":"http:\/\/www.facebook.com\/reporteroshoymx","article_published_time":"2021-09-14T21:53:48+00:00","og_image":[{"width":768,"height":432,"url":"https:\/\/reporteroshoy.mx\/noticias\/wp-content\/uploads\/2021\/09\/Ayuntamiento.jpeg","type":"image\/jpeg"}],"author":"Reporteros Hoy WP","twitter_card":"summary_large_image","twitter_creator":"@reporteroshoy","twitter_site":"@reporteroshoy","twitter_misc":{"Escrito por":"Reporteros Hoy WP","Tiempo de lectura":"5 minutos"},"schema":{"@context":"https:\/\/schema.org","@graph":[{"@type":"Article","@id":"https:\/\/reporteroshoy.mx\/noticias\/aprueban-comisiones-para-la-administracion-2021-2024-en-merida\/#article","isPartOf":{"@id":"https:\/\/reporteroshoy.mx\/noticias\/aprueban-comisiones-para-la-administracion-2021-2024-en-merida\/"},"author":{"name":"Reporteros Hoy WP","@id":"https:\/\/reporteroshoy.mx\/noticias\/#\/schema\/person\/c977527e57c958a62c5cefe8fe47876e"},"headline":"Aprueban comisiones para la administraci\u00f3n 2021-2024 en M\u00e9rida","datePublished":"2021-09-14T21:53:48+00:00","mainEntityOfPage":{"@id":"https:\/\/reporteroshoy.mx\/noticias\/aprueban-comisiones-para-la-administracion-2021-2024-en-merida\/"},"wordCount":1091,"commentCount":0,"image":{"@id":"https:\/\/reporteroshoy.mx\/noticias\/aprueban-comisiones-para-la-administracion-2021-2024-en-merida\/#primaryimage"},"thumbnailUrl":"https:\/\/reporteroshoy.mx\/noticias\/wp-content\/uploads\/2021\/09\/Ayuntamiento.jpeg","keywords":["ayuntamiento de merida","Comisiones","Renan Barrera"],"articleSection":["Gobierno"],"inLanguage":"es","potentialAction":[{"@type":"CommentAction","name":"Comment","target":["https:\/\/reporteroshoy.mx\/noticias\/aprueban-comisiones-para-la-administracion-2021-2024-en-merida\/#respond"]}]},{"@type":"WebPage","@id":"https:\/\/reporteroshoy.mx\/noticias\/aprueban-comisiones-para-la-administracion-2021-2024-en-merida\/","url":"https:\/\/reporteroshoy.mx\/noticias\/aprueban-comisiones-para-la-administracion-2021-2024-en-merida\/","name":"Aprueban comisiones para la administraci\u00f3n 2021-2024 en M\u00e9rida","isPartOf":{"@id":"https:\/\/reporteroshoy.mx\/noticias\/#website"},"primaryImageOfPage":{"@id":"https:\/\/reporteroshoy.mx\/noticias\/aprueban-comisiones-para-la-administracion-2021-2024-en-merida\/#primaryimage"},"image":{"@id":"https:\/\/reporteroshoy.mx\/noticias\/aprueban-comisiones-para-la-administracion-2021-2024-en-merida\/#primaryimage"},"thumbnailUrl":"https:\/\/reporteroshoy.mx\/noticias\/wp-content\/uploads\/2021\/09\/Ayuntamiento.jpeg","datePublished":"2021-09-14T21:53:48+00:00","author":{"@id":"https:\/\/reporteroshoy.mx\/noticias\/#\/schema\/person\/c977527e57c958a62c5cefe8fe47876e"},"description":"Tambi\u00e9n se aprobaron 20 licitaciones p\u00fablicas para la construcci\u00f3n de cuartos para ba\u00f1os, cocinas, dormitorios y m\u00e1s.","breadcrumb":{"@id":"https:\/\/reporteroshoy.mx\/noticias\/aprueban-comisiones-para-la-administracion-2021-2024-en-merida\/#breadcrumb"},"inLanguage":"es","potentialAction":[{"@type":"ReadAction","target":["https:\/\/reporteroshoy.mx\/noticias\/aprueban-comisiones-para-la-administracion-2021-2024-en-merida\/"]}]},{"@type":"ImageObject","inLanguage":"es","@id":"https:\/\/reporteroshoy.mx\/noticias\/aprueban-comisiones-para-la-administracion-2021-2024-en-merida\/#primaryimage","url":"https:\/\/reporteroshoy.mx\/noticias\/wp-content\/uploads\/2021\/09\/Ayuntamiento.jpeg","contentUrl":"https:\/\/reporteroshoy.mx\/noticias\/wp-content\/uploads\/2021\/09\/Ayuntamiento.jpeg","width":768,"height":432},{"@type":"BreadcrumbList","@id":"https:\/\/reporteroshoy.mx\/noticias\/aprueban-comisiones-para-la-administracion-2021-2024-en-merida\/#breadcrumb","itemListElement":[{"@type":"ListItem","position":1,"name":"Portada","item":"https:\/\/reporteroshoy.mx\/noticias\/"},{"@type":"ListItem","position":2,"name":"Aprueban comisiones para la administraci\u00f3n 2021-2024 en M\u00e9rida"}]},{"@type":"WebSite","@id":"https:\/\/reporteroshoy.mx\/noticias\/#website","url":"https:\/\/reporteroshoy.mx\/noticias\/","name":"Reporteros Hoy | Noticias de Yucat\u00e1n","description":"Peri\u00f3dico digital con noticias diarias desde M\u00e9rida, Yucat\u00e1n para el mundo.","potentialAction":[{"@type":"SearchAction","target":{"@type":"EntryPoint","urlTemplate":"https:\/\/reporteroshoy.mx\/noticias\/?s={search_term_string}"},"query-input":{"@type":"PropertyValueSpecification","valueRequired":true,"valueName":"search_term_string"}}],"inLanguage":"es"},{"@type":"Person","@id":"https:\/\/reporteroshoy.mx\/noticias\/#\/schema\/person\/c977527e57c958a62c5cefe8fe47876e","name":"Reporteros Hoy WP","image":{"@type":"ImageObject","inLanguage":"es","@id":"https:\/\/secure.gravatar.com\/avatar\/fd2917f79a7dae30f8ac9ddc2f35e1756bb59e25e01d1cd09deaa64df7b2f73e?s=96&d=mm&r=g","url":"https:\/\/secure.gravatar.com\/avatar\/fd2917f79a7dae30f8ac9ddc2f35e1756bb59e25e01d1cd09deaa64df7b2f73e?s=96&d=mm&r=g","contentUrl":"https:\/\/secure.gravatar.com\/avatar\/fd2917f79a7dae30f8ac9ddc2f35e1756bb59e25e01d1cd09deaa64df7b2f73e?s=96&d=mm&r=g","caption":"Reporteros Hoy WP"},"url":"https:\/\/reporteroshoy.mx\/noticias\/author\/walfer\/"}]}},"_links":{"self":[{"href":"https:\/\/reporteroshoy.mx\/noticias\/wp-json\/wp\/v2\/posts\/71695","targetHints":{"allow":["GET"]}}],"collection":[{"href":"https:\/\/reporteroshoy.mx\/noticias\/wp-json\/wp\/v2\/posts"}],"about":[{"href":"https:\/\/reporteroshoy.mx\/noticias\/wp-json\/wp\/v2\/types\/post"}],"author":[{"embeddable":true,"href":"https:\/\/reporteroshoy.mx\/noticias\/wp-json\/wp\/v2\/users\/9"}],"replies":[{"embeddable":true,"href":"https:\/\/reporteroshoy.mx\/noticias\/wp-json\/wp\/v2\/comments?post=71695"}],"version-history":[{"count":0,"href":"https:\/\/reporteroshoy.mx\/noticias\/wp-json\/wp\/v2\/posts\/71695\/revisions"}],"wp:featuredmedia":[{"embeddable":true,"href":"https:\/\/reporteroshoy.mx\/noticias\/wp-json\/wp\/v2\/media\/71697"}],"wp:attachment":[{"href":"https:\/\/reporteroshoy.mx\/noticias\/wp-json\/wp\/v2\/media?parent=71695"}],"wp:term":[{"taxonomy":"category","embeddable":true,"href":"https:\/\/reporteroshoy.mx\/noticias\/wp-json\/wp\/v2\/categories?post=71695"},{"taxonomy":"post_tag","embeddable":true,"href":"https:\/\/reporteroshoy.mx\/noticias\/wp-json\/wp\/v2\/tags?post=71695"}],"curies":[{"name":"wp","href":"https:\/\/api.w.org\/{rel}","templated":true}]}}