{"id":71761,"date":"2021-09-15T14:59:10","date_gmt":"2021-09-15T19:59:10","guid":{"rendered":"https:\/\/reporteroshoy.mx\/noticias\/?p=71761"},"modified":"2021-09-15T14:59:10","modified_gmt":"2021-09-15T19:59:10","slug":"aprueban-conformacion-de-16-comisiones-en-congreso-local","status":"publish","type":"post","link":"https:\/\/reporteroshoy.mx\/noticias\/aprueban-conformacion-de-16-comisiones-en-congreso-local\/","title":{"rendered":"Aprueban conformaci\u00f3n de 16 Comisiones en Congreso local"},"content":{"rendered":"<p style=\"text-align: justify;\">M\u00e9rida, Yucat\u00e1n; 15 de septiembre de 2021.- Las siete fuerzas pol\u00edticas aprobaron por unanimidad la conformaci\u00f3n de las 16 Comisiones Permanentes y dos Especiales, as\u00ed como la de Postulaci\u00f3n para la Entrega del Reconocimiento \u201cM\u00e9dico del A\u00f1o del Estado de Yucat\u00e1n\u201d, las cuales estar\u00e1n en funciones durante los tres a\u00f1os de Ejercicio Constitucional de la actual Legislatura.<\/p>\n<p style=\"text-align: justify;\">En la cuarta Sesi\u00f3n Ordinaria del Primer Periodo, fue avalado el acuerdo de la Junta de Gobierno y Coordinaci\u00f3n Pol\u00edtica que establece la conformaci\u00f3n de las Comisiones Permanentes, la cual se basa en un criterio de proporcionalidad en t\u00e9rminos de la representatividad de las fuerzas pol\u00edticas que conforman el Congreso de Yucat\u00e1n, seg\u00fan se dispone en el art\u00edculo 42 de la Ley de Gobierno del Poder Legislativo del Estado.<\/p>\n<p style=\"text-align: justify;\">Por tal raz\u00f3n, la fracci\u00f3n del PAN encabezar\u00e1 ocho presidencias, la bancada de Morena presidir\u00e1 dos, al igual que la fracci\u00f3n del PRI; en el caso de las representaciones parlamentarias del PRD, Movimiento Ciudadano (MC), Nueva Alianza (NA) y PVEM, ser\u00e1 de una para cada una.<\/p>\n<p><img loading=\"lazy\" decoding=\"async\" class=\"wp-image-71765 aligncenter\" src=\"https:\/\/reporteroshoy.mx\/noticias\/wp-content\/uploads\/2021\/09\/Congreso4-scaled.jpg\" alt=\"\" width=\"598\" height=\"337\" \/><\/p>\n<p style=\"text-align: justify;\">El presidente de la Junta de Gobierno, V\u00edctor Hugo Lozano Poveda (PAN), reiter\u00f3 que la integraci\u00f3n de las Comisiones est\u00e1 con base a un punto aritm\u00e9tico que maneja la ley y su reglamento, \u201cno es un capricho\u201d; por tal raz\u00f3n, destac\u00f3 que cont\u00f3 con el voto un\u00e1nime de todas las fuerzas pol\u00edticas.<\/p>\n<p style=\"text-align: justify;\">\u201cEs claro que el \u00e1nimo de construcci\u00f3n, de di\u00e1logo y de acuerdo est\u00e1 imperando en esta Legislatura, que no ha sido otra cosa que una constante. No es un tema de mayoritear, no es un tema de irse por la ruta f\u00e1cil, es un tema de consenso\u201d, enfatiz\u00f3.<\/p>\n<p style=\"text-align: justify;\">De esta manera, la comisi\u00f3n de Puntos Constitucionales y Gobernaci\u00f3n ser\u00e1 presidida por la diputada del PAN, Carmen Gonz\u00e1lez Mart\u00edn; la comisi\u00f3n de Vigilancia de la Cuenta P\u00fablica, Transparencia y Anticorrupci\u00f3n, por el diputado del PAN, Erik Rihani Gonz\u00e1lez; as\u00ed como la comisi\u00f3n de Justicia y Seguridad P\u00fablica, por el diputado del PRI, Gaspar Quintal Parra.<\/p>\n<p><img loading=\"lazy\" decoding=\"async\" class=\"wp-image-71766 aligncenter\" src=\"https:\/\/reporteroshoy.mx\/noticias\/wp-content\/uploads\/2021\/09\/Congreso2-scaled.jpg\" alt=\"\" width=\"598\" height=\"337\" \/><\/p>\n<p style=\"text-align: justify;\">En la comisi\u00f3n de Presupuesto, Patrimonio Estatal y Municipal, estar\u00e1 como presidente, el diputado del PAN, Jes\u00fas P\u00e9rez Ballote; en la comisi\u00f3n de Desarrollo Econ\u00f3mico y Fomento al Empleo, como presidenta, la diputada del PRI, Karla Franco Blanco; y en la comisi\u00f3n de Desarrollo Agropecuario, ser\u00e1 presidida por el diputado del PAN, Esteban Abraham Macari.<\/p>\n<p style=\"text-align: justify;\">La comisi\u00f3n de Medio Ambiente ser\u00e1 encabezada por el diputado de PVEM, Harry Rodr\u00edguez Botello Fierro; la comisi\u00f3n de Educaci\u00f3n, Ciencia y Tecnolog\u00eda, por el diputado de NA, Jos\u00e9 Crescencio Guti\u00e9rrez Gonz\u00e1lez; adem\u00e1s, en la comisi\u00f3n de Salud y Seguridad Social, por la diputada del PAN, Dafne L\u00f3pez Osorio.<\/p>\n<p style=\"text-align: justify;\">De igual forma, la comisi\u00f3n de Desarrollo Municipal, Regional y Zonas Metropolitanas, la preside el diputado del PAN, Ra\u00fal Romero Chel; la comisi\u00f3n de Desarrollo Urbano, Vivienda e Infraestructura, el diputado de Morena, Rafael Echazarreta Torres; y la comisi\u00f3n de Igualdad de G\u00e9nero, la diputada de MC, Vida G\u00f3mez Herrera.<\/p>\n<p><img loading=\"lazy\" decoding=\"async\" class=\"wp-image-71767 aligncenter\" src=\"https:\/\/reporteroshoy.mx\/noticias\/wp-content\/uploads\/2021\/09\/Congreso1-scaled.jpg\" alt=\"\" width=\"602\" height=\"339\" \/><\/p>\n<p style=\"text-align: justify;\">La comisi\u00f3n para el Respeto y Preservaci\u00f3n de la Cultura Maya ser\u00e1 presidida por la diputada del PAN, Manuela Cocom Bolio; la comisi\u00f3n de Derechos Humanos, estar\u00e1 como presidenta, la diputada de Morena, Jazm\u00edn Villanueva Moo; en la comisi\u00f3n de Arte y Cultura, la encabezar\u00e1 el diputado del PRD, Eduardo Sobrino Sierra; y por \u00faltimo, la comisi\u00f3n de Cultura F\u00edsica y Deporte, estar\u00e1 como presidenta, la diputada del PAN, Karem Achach Ram\u00edrez (PAN).<\/p>\n<p style=\"text-align: justify;\">Por otro lado, la LXIII Legislatura tambi\u00e9n aval\u00f3 la integraci\u00f3n de las comisiones especiales de Turismo, presidida por la diputada del PAN, Karla Salazar Gonz\u00e1lez; y de Desarrollo Humano e Inclusi\u00f3n de los Grupos en Situaci\u00f3n de Vulnerabilidad, encabezada por la diputada de Morena, Rub\u00ed Be Chan.<\/p>\n<p style=\"text-align: justify;\">No obstante, se disuelven las comisiones especiales de Car\u00e1cter Temporal para el Seguimiento de la Problem\u00e1tica Existente entre una Granja Porc\u00edcola y los Habitantes del Municipio de Hom\u00fan; la de Pesca; la de Atenci\u00f3n Ciudadana; y la de Modernizaci\u00f3n del Marco Jur\u00eddico Municipal; en virtud de haber cumplido y finalizado sus trabajos.<\/p>\n<p><img loading=\"lazy\" decoding=\"async\" class=\"wp-image-71769 aligncenter\" src=\"https:\/\/reporteroshoy.mx\/noticias\/wp-content\/uploads\/2021\/09\/Congreso-scaled.jpg\" alt=\"\" width=\"598\" height=\"336\" \/><\/p>\n<p style=\"text-align: justify;\">Por \u00faltimo, las y los diputados aprobaron por unanimidad la integraci\u00f3n de la Comisi\u00f3n de Postulaci\u00f3n del Reconocimiento \u201cM\u00e9dico del A\u00f1o del Estado de Yucat\u00e1n\u201d, que estar\u00e1 encabezada por la diputada del PAN, Abril Ferreyro Rosado.<\/p>\n<p style=\"text-align: justify;\">En asuntos generales, el representante de NA, Crescencio Guti\u00e9rrez Gonz\u00e1lez, hizo entrega de su propuesta Legislativa y detall\u00f3 que tiene el firme prop\u00f3sito de ser la voz que requiere Yucat\u00e1n, por lo que solicit\u00f3 que el Congreso estatal colabor\u00e9 con el impulso que el estado solicita; adem\u00e1s que agreg\u00f3 que los ejes son la educaci\u00f3n, salud, empleo, seguridad, transparencia y combate a la corrupci\u00f3n.<\/p>\n<p style=\"text-align: justify;\">\u201cDeben existir buenas pol\u00edticas p\u00fablicas, necesitamos un marco normativo efectivo, funcional y eficaz, lo que se reflejar\u00e1 en prosperidad y mayores oportunidades para sus habitantes. El ciudadano busca la atenci\u00f3n de sus necesidades y para que el Congreso atienda estas problem\u00e1ticas requiere el consenso y voluntad de las y los diputados\u201d, recalc\u00f3.<\/p>\n<p><img loading=\"lazy\" decoding=\"async\" class=\"wp-image-71768 aligncenter\" src=\"https:\/\/reporteroshoy.mx\/noticias\/wp-content\/uploads\/2021\/09\/Congreso3-scaled.jpg\" alt=\"\" width=\"600\" height=\"338\" \/><\/p>\n<p style=\"text-align: justify;\">En su turno, a nombre de la fracci\u00f3n del PRI, la diputada Fabiola Loeza, present\u00f3 un punto de Acuerdo para que el Congreso del Estado, en pleno respeto a la divisi\u00f3n de poderes, exhorte a los Poderes del Estado, a los Titulares de los 106 Honorables Ayuntamientos, Organismos Aut\u00f3nomos, todos del Estado de Yucat\u00e1n, as\u00ed como a la iniciativa privada; con el fin de que sin afectar sus trabajos y actividades, se consideren horarios flexibles; y en general, acciones que permitan y faciliten condiciones laborales para que las madres y padres que en ellos laboran, cuenten con tiempos para el debido acompa\u00f1amiento a sus hijas e hijos en edad preescolar, primaria, secundaria y preparatoria, hasta en tanto se normaliza la educaci\u00f3n presencial en la entidad, sin riesgo alguno para su salud.<\/p>\n<p style=\"text-align: justify;\">\u201cLa presente propuesta es motivada por las expresiones de preocupaci\u00f3n de familias que se han acercado y manifestado sus condiciones complejas de vida ante la conciliaci\u00f3n del \u00e1mbito laboral, con la salud y garant\u00eda de la educaci\u00f3n\u201d, expres\u00f3.<\/p>\n<p style=\"text-align: justify;\">Sobre este tema, la diputada del PAN, Karla Salazar, present\u00f3 un ajuste a la mencionada propuesta de Acuerdo, para que se considere el respeto a la divisi\u00f3n de poderes, al permitir que las autoridades y el sector privado puedan tomar medidas para adoptar, en su caso, acciones pertinentes planteadas en el punto anterior.<\/p>\n<p style=\"text-align: justify;\">Con lo anterior, continu\u00f3, se fomenta el cuidado de la salud de la ni\u00f1ez y juventud yucateca, pero tambi\u00e9n respetamos la autodeterminaci\u00f3n para poder ajustar las medidas que se pongan en marcha para que las familias y sus hijas e hijos puedan tener el acompa\u00f1amiento en sus clases a distancia.<\/p>\n<p style=\"text-align: justify;\">\u201cTenemos un compromiso con las madres y los padres, por lo que refrendamos nuestra disposici\u00f3n para generar actos legislativos que abonen y ayuden a contar con mayores herramientas para hacer frente a las consecuencias y repercusiones que esta pandemia ha provocado en todos los sectores\u201d, resalt\u00f3.<\/p>\n<p><img loading=\"lazy\" decoding=\"async\" class=\"wp-image-71763 aligncenter\" src=\"https:\/\/reporteroshoy.mx\/noticias\/wp-content\/uploads\/2021\/09\/Congreso5-scaled.jpg\" alt=\"\" width=\"600\" height=\"338\" \/><\/p>\n<p style=\"text-align: justify;\">En la plenaria tambi\u00e9n se dieron a conocer un oficio de la jefa del Despacho de la Secretar\u00eda General de Gobierno, Karla Quintal Sol\u00eds, en el cual adjunta el oficio suscrito por la Senadora Ana Rivera Rivera, secretaria de la Comisi\u00f3n Permanente del Congreso de la Uni\u00f3n, para convocar a las 32 legislaturas locales a implementar estrategias conforme a la Agenda 2030 de la Organizaci\u00f3n de las Naciones Unidas (ONU).<\/p>\n<p style=\"text-align: justify;\">As\u00ed mismo, se dieron a conocer oficios del presidente municipal de Espita, Josu\u00e9 Castillo Am\u00e9zquita; de Temoz\u00f3n, Carlos Kuyok Castillo; de Cenotillo, \u00c1ngel Cardoz Fern\u00e1ndez; de Chemax, Eliseo Balam Balam; de Temax, \u00c1ngel Gonz\u00e1lez Escalante; de Um\u00e1n, Gaspar Cisneros Polanco; y de Xocchel, Lourdes Tah Maas; todos del estado de Yucat\u00e1n.<\/p>\n<p style=\"text-align: justify;\">Para finalizar, se convoc\u00f3 a la siguiente Sesi\u00f3n para el pr\u00f3ximo mi\u00e9rcoles 22 de septiembre del a\u00f1o en curso, a las 11 de la ma\u00f1ana.<\/p>\n","protected":false},"excerpt":{"rendered":"<p>Tambi\u00e9n se aprob\u00f3 por unanimidad la integraci\u00f3n de la Comisi\u00f3n de Postulaci\u00f3n del Reconocimiento \u201cM\u00e9dico del A\u00f1o del Estado de Yucat\u00e1n\u201d.<\/p>\n","protected":false},"author":9,"featured_media":71767,"comment_status":"open","ping_status":"closed","sticky":false,"template":"","format":"standard","meta":{"footnotes":""},"categories":[7],"tags":[3799,321,583],"class_list":["post-71761","post","type-post","status-publish","format-standard","has-post-thumbnail","hentry","category-gobierno","tag-comisiones","tag-congreso-de-yucatan","tag-diputados-locales"],"yoast_head":"<!-- This site is optimized with the Yoast SEO plugin v28.3 - https:\/\/yoast.com\/product\/yoast-seo-wordpress\/ -->\n<title>Aprueban conformaci\u00f3n de 16 Comisiones en Congreso local<\/title>\n<meta name=\"description\" content=\"Tambi\u00e9n se aprob\u00f3 por unanimidad la integraci\u00f3n de la Comisi\u00f3n de Postulaci\u00f3n del Reconocimiento \u201cM\u00e9dico del A\u00f1o del Estado de Yucat\u00e1n\u201d.\" \/>\n<meta name=\"robots\" content=\"index, follow, max-snippet:-1, max-image-preview:large, max-video-preview:-1\" \/>\n<link rel=\"canonical\" href=\"https:\/\/reporteroshoy.mx\/noticias\/aprueban-conformacion-de-16-comisiones-en-congreso-local\/\" \/>\n<meta property=\"og:locale\" content=\"es_ES\" \/>\n<meta property=\"og:type\" content=\"article\" \/>\n<meta property=\"og:title\" content=\"Aprueban conformaci\u00f3n de 16 Comisiones en Congreso local\" \/>\n<meta property=\"og:description\" content=\"Tambi\u00e9n se aprob\u00f3 por unanimidad la integraci\u00f3n de la Comisi\u00f3n de Postulaci\u00f3n del Reconocimiento \u201cM\u00e9dico del A\u00f1o del Estado de Yucat\u00e1n\u201d.\" \/>\n<meta property=\"og:url\" content=\"https:\/\/reporteroshoy.mx\/noticias\/aprueban-conformacion-de-16-comisiones-en-congreso-local\/\" \/>\n<meta property=\"og:site_name\" content=\"Reporteros Hoy | Noticias de Yucat\u00e1n\" \/>\n<meta property=\"article:publisher\" content=\"http:\/\/www.facebook.com\/reporteroshoymx\" \/>\n<meta property=\"article:published_time\" content=\"2021-09-15T19:59:10+00:00\" \/>\n<meta property=\"og:image\" content=\"https:\/\/reporteroshoy.mx\/noticias\/wp-content\/uploads\/2021\/09\/Congreso1-scaled.jpg\" \/>\n\t<meta property=\"og:image:width\" content=\"768\" \/>\n\t<meta property=\"og:image:height\" content=\"432\" \/>\n\t<meta property=\"og:image:type\" content=\"image\/jpeg\" \/>\n<meta name=\"author\" content=\"Reporteros Hoy WP\" \/>\n<meta name=\"twitter:card\" content=\"summary_large_image\" \/>\n<meta name=\"twitter:creator\" content=\"@reporteroshoy\" \/>\n<meta name=\"twitter:site\" content=\"@reporteroshoy\" \/>\n<meta name=\"twitter:label1\" content=\"Escrito por\" \/>\n\t<meta name=\"twitter:data1\" content=\"Reporteros Hoy WP\" \/>\n\t<meta name=\"twitter:label2\" content=\"Tiempo de lectura\" \/>\n\t<meta name=\"twitter:data2\" content=\"7 minutos\" \/>\n<script type=\"application\/ld+json\" class=\"yoast-schema-graph\">{\"@context\":\"https:\\\/\\\/schema.org\",\"@graph\":[{\"@type\":\"Article\",\"@id\":\"https:\\\/\\\/reporteroshoy.mx\\\/noticias\\\/aprueban-conformacion-de-16-comisiones-en-congreso-local\\\/#article\",\"isPartOf\":{\"@id\":\"https:\\\/\\\/reporteroshoy.mx\\\/noticias\\\/aprueban-conformacion-de-16-comisiones-en-congreso-local\\\/\"},\"author\":{\"name\":\"Reporteros Hoy WP\",\"@id\":\"https:\\\/\\\/reporteroshoy.mx\\\/noticias\\\/#\\\/schema\\\/person\\\/c977527e57c958a62c5cefe8fe47876e\"},\"headline\":\"Aprueban conformaci\u00f3n de 16 Comisiones en Congreso local\",\"datePublished\":\"2021-09-15T19:59:10+00:00\",\"mainEntityOfPage\":{\"@id\":\"https:\\\/\\\/reporteroshoy.mx\\\/noticias\\\/aprueban-conformacion-de-16-comisiones-en-congreso-local\\\/\"},\"wordCount\":1403,\"commentCount\":0,\"image\":{\"@id\":\"https:\\\/\\\/reporteroshoy.mx\\\/noticias\\\/aprueban-conformacion-de-16-comisiones-en-congreso-local\\\/#primaryimage\"},\"thumbnailUrl\":\"https:\\\/\\\/reporteroshoy.mx\\\/noticias\\\/wp-content\\\/uploads\\\/2021\\\/09\\\/Congreso1-scaled.jpg\",\"keywords\":[\"Comisiones\",\"congreso de yucat\u00e1n\",\"Diputados locales\"],\"articleSection\":[\"Gobierno\"],\"inLanguage\":\"es\",\"potentialAction\":[{\"@type\":\"CommentAction\",\"name\":\"Comment\",\"target\":[\"https:\\\/\\\/reporteroshoy.mx\\\/noticias\\\/aprueban-conformacion-de-16-comisiones-en-congreso-local\\\/#respond\"]}]},{\"@type\":\"WebPage\",\"@id\":\"https:\\\/\\\/reporteroshoy.mx\\\/noticias\\\/aprueban-conformacion-de-16-comisiones-en-congreso-local\\\/\",\"url\":\"https:\\\/\\\/reporteroshoy.mx\\\/noticias\\\/aprueban-conformacion-de-16-comisiones-en-congreso-local\\\/\",\"name\":\"Aprueban conformaci\u00f3n de 16 Comisiones en Congreso local\",\"isPartOf\":{\"@id\":\"https:\\\/\\\/reporteroshoy.mx\\\/noticias\\\/#website\"},\"primaryImageOfPage\":{\"@id\":\"https:\\\/\\\/reporteroshoy.mx\\\/noticias\\\/aprueban-conformacion-de-16-comisiones-en-congreso-local\\\/#primaryimage\"},\"image\":{\"@id\":\"https:\\\/\\\/reporteroshoy.mx\\\/noticias\\\/aprueban-conformacion-de-16-comisiones-en-congreso-local\\\/#primaryimage\"},\"thumbnailUrl\":\"https:\\\/\\\/reporteroshoy.mx\\\/noticias\\\/wp-content\\\/uploads\\\/2021\\\/09\\\/Congreso1-scaled.jpg\",\"datePublished\":\"2021-09-15T19:59:10+00:00\",\"author\":{\"@id\":\"https:\\\/\\\/reporteroshoy.mx\\\/noticias\\\/#\\\/schema\\\/person\\\/c977527e57c958a62c5cefe8fe47876e\"},\"description\":\"Tambi\u00e9n se aprob\u00f3 por unanimidad la integraci\u00f3n de la Comisi\u00f3n de Postulaci\u00f3n del Reconocimiento \u201cM\u00e9dico del A\u00f1o del Estado de Yucat\u00e1n\u201d.\",\"breadcrumb\":{\"@id\":\"https:\\\/\\\/reporteroshoy.mx\\\/noticias\\\/aprueban-conformacion-de-16-comisiones-en-congreso-local\\\/#breadcrumb\"},\"inLanguage\":\"es\",\"potentialAction\":[{\"@type\":\"ReadAction\",\"target\":[\"https:\\\/\\\/reporteroshoy.mx\\\/noticias\\\/aprueban-conformacion-de-16-comisiones-en-congreso-local\\\/\"]}]},{\"@type\":\"ImageObject\",\"inLanguage\":\"es\",\"@id\":\"https:\\\/\\\/reporteroshoy.mx\\\/noticias\\\/aprueban-conformacion-de-16-comisiones-en-congreso-local\\\/#primaryimage\",\"url\":\"https:\\\/\\\/reporteroshoy.mx\\\/noticias\\\/wp-content\\\/uploads\\\/2021\\\/09\\\/Congreso1-scaled.jpg\",\"contentUrl\":\"https:\\\/\\\/reporteroshoy.mx\\\/noticias\\\/wp-content\\\/uploads\\\/2021\\\/09\\\/Congreso1-scaled.jpg\",\"width\":768,\"height\":432},{\"@type\":\"BreadcrumbList\",\"@id\":\"https:\\\/\\\/reporteroshoy.mx\\\/noticias\\\/aprueban-conformacion-de-16-comisiones-en-congreso-local\\\/#breadcrumb\",\"itemListElement\":[{\"@type\":\"ListItem\",\"position\":1,\"name\":\"Portada\",\"item\":\"https:\\\/\\\/reporteroshoy.mx\\\/noticias\\\/\"},{\"@type\":\"ListItem\",\"position\":2,\"name\":\"Aprueban conformaci\u00f3n de 16 Comisiones en Congreso local\"}]},{\"@type\":\"WebSite\",\"@id\":\"https:\\\/\\\/reporteroshoy.mx\\\/noticias\\\/#website\",\"url\":\"https:\\\/\\\/reporteroshoy.mx\\\/noticias\\\/\",\"name\":\"Reporteros Hoy | Noticias de Yucat\u00e1n\",\"description\":\"Peri\u00f3dico digital con noticias diarias desde M\u00e9rida, Yucat\u00e1n para el mundo.\",\"potentialAction\":[{\"@type\":\"SearchAction\",\"target\":{\"@type\":\"EntryPoint\",\"urlTemplate\":\"https:\\\/\\\/reporteroshoy.mx\\\/noticias\\\/?s={search_term_string}\"},\"query-input\":{\"@type\":\"PropertyValueSpecification\",\"valueRequired\":true,\"valueName\":\"search_term_string\"}}],\"inLanguage\":\"es\"},{\"@type\":\"Person\",\"@id\":\"https:\\\/\\\/reporteroshoy.mx\\\/noticias\\\/#\\\/schema\\\/person\\\/c977527e57c958a62c5cefe8fe47876e\",\"name\":\"Reporteros Hoy WP\",\"image\":{\"@type\":\"ImageObject\",\"inLanguage\":\"es\",\"@id\":\"https:\\\/\\\/secure.gravatar.com\\\/avatar\\\/fd2917f79a7dae30f8ac9ddc2f35e1756bb59e25e01d1cd09deaa64df7b2f73e?s=96&d=mm&r=g\",\"url\":\"https:\\\/\\\/secure.gravatar.com\\\/avatar\\\/fd2917f79a7dae30f8ac9ddc2f35e1756bb59e25e01d1cd09deaa64df7b2f73e?s=96&d=mm&r=g\",\"contentUrl\":\"https:\\\/\\\/secure.gravatar.com\\\/avatar\\\/fd2917f79a7dae30f8ac9ddc2f35e1756bb59e25e01d1cd09deaa64df7b2f73e?s=96&d=mm&r=g\",\"caption\":\"Reporteros Hoy WP\"},\"url\":\"https:\\\/\\\/reporteroshoy.mx\\\/noticias\\\/author\\\/walfer\\\/\"}]}<\/script>\n<!-- \/ Yoast SEO plugin. -->","yoast_head_json":{"title":"Aprueban conformaci\u00f3n de 16 Comisiones en Congreso local","description":"Tambi\u00e9n se aprob\u00f3 por unanimidad la integraci\u00f3n de la Comisi\u00f3n de Postulaci\u00f3n del Reconocimiento \u201cM\u00e9dico del A\u00f1o del Estado de Yucat\u00e1n\u201d.","robots":{"index":"index","follow":"follow","max-snippet":"max-snippet:-1","max-image-preview":"max-image-preview:large","max-video-preview":"max-video-preview:-1"},"canonical":"https:\/\/reporteroshoy.mx\/noticias\/aprueban-conformacion-de-16-comisiones-en-congreso-local\/","og_locale":"es_ES","og_type":"article","og_title":"Aprueban conformaci\u00f3n de 16 Comisiones en Congreso local","og_description":"Tambi\u00e9n se aprob\u00f3 por unanimidad la integraci\u00f3n de la Comisi\u00f3n de Postulaci\u00f3n del Reconocimiento \u201cM\u00e9dico del A\u00f1o del Estado de Yucat\u00e1n\u201d.","og_url":"https:\/\/reporteroshoy.mx\/noticias\/aprueban-conformacion-de-16-comisiones-en-congreso-local\/","og_site_name":"Reporteros Hoy | Noticias de Yucat\u00e1n","article_publisher":"http:\/\/www.facebook.com\/reporteroshoymx","article_published_time":"2021-09-15T19:59:10+00:00","og_image":[{"width":768,"height":432,"url":"https:\/\/reporteroshoy.mx\/noticias\/wp-content\/uploads\/2021\/09\/Congreso1-scaled.jpg","type":"image\/jpeg"}],"author":"Reporteros Hoy WP","twitter_card":"summary_large_image","twitter_creator":"@reporteroshoy","twitter_site":"@reporteroshoy","twitter_misc":{"Escrito por":"Reporteros Hoy WP","Tiempo de lectura":"7 minutos"},"schema":{"@context":"https:\/\/schema.org","@graph":[{"@type":"Article","@id":"https:\/\/reporteroshoy.mx\/noticias\/aprueban-conformacion-de-16-comisiones-en-congreso-local\/#article","isPartOf":{"@id":"https:\/\/reporteroshoy.mx\/noticias\/aprueban-conformacion-de-16-comisiones-en-congreso-local\/"},"author":{"name":"Reporteros Hoy WP","@id":"https:\/\/reporteroshoy.mx\/noticias\/#\/schema\/person\/c977527e57c958a62c5cefe8fe47876e"},"headline":"Aprueban conformaci\u00f3n de 16 Comisiones en Congreso local","datePublished":"2021-09-15T19:59:10+00:00","mainEntityOfPage":{"@id":"https:\/\/reporteroshoy.mx\/noticias\/aprueban-conformacion-de-16-comisiones-en-congreso-local\/"},"wordCount":1403,"commentCount":0,"image":{"@id":"https:\/\/reporteroshoy.mx\/noticias\/aprueban-conformacion-de-16-comisiones-en-congreso-local\/#primaryimage"},"thumbnailUrl":"https:\/\/reporteroshoy.mx\/noticias\/wp-content\/uploads\/2021\/09\/Congreso1-scaled.jpg","keywords":["Comisiones","congreso de yucat\u00e1n","Diputados locales"],"articleSection":["Gobierno"],"inLanguage":"es","potentialAction":[{"@type":"CommentAction","name":"Comment","target":["https:\/\/reporteroshoy.mx\/noticias\/aprueban-conformacion-de-16-comisiones-en-congreso-local\/#respond"]}]},{"@type":"WebPage","@id":"https:\/\/reporteroshoy.mx\/noticias\/aprueban-conformacion-de-16-comisiones-en-congreso-local\/","url":"https:\/\/reporteroshoy.mx\/noticias\/aprueban-conformacion-de-16-comisiones-en-congreso-local\/","name":"Aprueban conformaci\u00f3n de 16 Comisiones en Congreso local","isPartOf":{"@id":"https:\/\/reporteroshoy.mx\/noticias\/#website"},"primaryImageOfPage":{"@id":"https:\/\/reporteroshoy.mx\/noticias\/aprueban-conformacion-de-16-comisiones-en-congreso-local\/#primaryimage"},"image":{"@id":"https:\/\/reporteroshoy.mx\/noticias\/aprueban-conformacion-de-16-comisiones-en-congreso-local\/#primaryimage"},"thumbnailUrl":"https:\/\/reporteroshoy.mx\/noticias\/wp-content\/uploads\/2021\/09\/Congreso1-scaled.jpg","datePublished":"2021-09-15T19:59:10+00:00","author":{"@id":"https:\/\/reporteroshoy.mx\/noticias\/#\/schema\/person\/c977527e57c958a62c5cefe8fe47876e"},"description":"Tambi\u00e9n se aprob\u00f3 por unanimidad la integraci\u00f3n de la Comisi\u00f3n de Postulaci\u00f3n del Reconocimiento \u201cM\u00e9dico del A\u00f1o del Estado de Yucat\u00e1n\u201d.","breadcrumb":{"@id":"https:\/\/reporteroshoy.mx\/noticias\/aprueban-conformacion-de-16-comisiones-en-congreso-local\/#breadcrumb"},"inLanguage":"es","potentialAction":[{"@type":"ReadAction","target":["https:\/\/reporteroshoy.mx\/noticias\/aprueban-conformacion-de-16-comisiones-en-congreso-local\/"]}]},{"@type":"ImageObject","inLanguage":"es","@id":"https:\/\/reporteroshoy.mx\/noticias\/aprueban-conformacion-de-16-comisiones-en-congreso-local\/#primaryimage","url":"https:\/\/reporteroshoy.mx\/noticias\/wp-content\/uploads\/2021\/09\/Congreso1-scaled.jpg","contentUrl":"https:\/\/reporteroshoy.mx\/noticias\/wp-content\/uploads\/2021\/09\/Congreso1-scaled.jpg","width":768,"height":432},{"@type":"BreadcrumbList","@id":"https:\/\/reporteroshoy.mx\/noticias\/aprueban-conformacion-de-16-comisiones-en-congreso-local\/#breadcrumb","itemListElement":[{"@type":"ListItem","position":1,"name":"Portada","item":"https:\/\/reporteroshoy.mx\/noticias\/"},{"@type":"ListItem","position":2,"name":"Aprueban conformaci\u00f3n de 16 Comisiones en Congreso local"}]},{"@type":"WebSite","@id":"https:\/\/reporteroshoy.mx\/noticias\/#website","url":"https:\/\/reporteroshoy.mx\/noticias\/","name":"Reporteros Hoy | Noticias de Yucat\u00e1n","description":"Peri\u00f3dico digital con noticias diarias desde M\u00e9rida, Yucat\u00e1n para el mundo.","potentialAction":[{"@type":"SearchAction","target":{"@type":"EntryPoint","urlTemplate":"https:\/\/reporteroshoy.mx\/noticias\/?s={search_term_string}"},"query-input":{"@type":"PropertyValueSpecification","valueRequired":true,"valueName":"search_term_string"}}],"inLanguage":"es"},{"@type":"Person","@id":"https:\/\/reporteroshoy.mx\/noticias\/#\/schema\/person\/c977527e57c958a62c5cefe8fe47876e","name":"Reporteros Hoy WP","image":{"@type":"ImageObject","inLanguage":"es","@id":"https:\/\/secure.gravatar.com\/avatar\/fd2917f79a7dae30f8ac9ddc2f35e1756bb59e25e01d1cd09deaa64df7b2f73e?s=96&d=mm&r=g","url":"https:\/\/secure.gravatar.com\/avatar\/fd2917f79a7dae30f8ac9ddc2f35e1756bb59e25e01d1cd09deaa64df7b2f73e?s=96&d=mm&r=g","contentUrl":"https:\/\/secure.gravatar.com\/avatar\/fd2917f79a7dae30f8ac9ddc2f35e1756bb59e25e01d1cd09deaa64df7b2f73e?s=96&d=mm&r=g","caption":"Reporteros Hoy WP"},"url":"https:\/\/reporteroshoy.mx\/noticias\/author\/walfer\/"}]}},"_links":{"self":[{"href":"https:\/\/reporteroshoy.mx\/noticias\/wp-json\/wp\/v2\/posts\/71761","targetHints":{"allow":["GET"]}}],"collection":[{"href":"https:\/\/reporteroshoy.mx\/noticias\/wp-json\/wp\/v2\/posts"}],"about":[{"href":"https:\/\/reporteroshoy.mx\/noticias\/wp-json\/wp\/v2\/types\/post"}],"author":[{"embeddable":true,"href":"https:\/\/reporteroshoy.mx\/noticias\/wp-json\/wp\/v2\/users\/9"}],"replies":[{"embeddable":true,"href":"https:\/\/reporteroshoy.mx\/noticias\/wp-json\/wp\/v2\/comments?post=71761"}],"version-history":[{"count":0,"href":"https:\/\/reporteroshoy.mx\/noticias\/wp-json\/wp\/v2\/posts\/71761\/revisions"}],"wp:featuredmedia":[{"embeddable":true,"href":"https:\/\/reporteroshoy.mx\/noticias\/wp-json\/wp\/v2\/media\/71767"}],"wp:attachment":[{"href":"https:\/\/reporteroshoy.mx\/noticias\/wp-json\/wp\/v2\/media?parent=71761"}],"wp:term":[{"taxonomy":"category","embeddable":true,"href":"https:\/\/reporteroshoy.mx\/noticias\/wp-json\/wp\/v2\/categories?post=71761"},{"taxonomy":"post_tag","embeddable":true,"href":"https:\/\/reporteroshoy.mx\/noticias\/wp-json\/wp\/v2\/tags?post=71761"}],"curies":[{"name":"wp","href":"https:\/\/api.w.org\/{rel}","templated":true}]}}