{"id":71822,"date":"2021-09-15T20:38:31","date_gmt":"2021-09-16T01:38:31","guid":{"rendered":"https:\/\/reporteroshoy.mx\/noticias\/?p=71822"},"modified":"2021-09-15T20:38:31","modified_gmt":"2021-09-16T01:38:31","slug":"tragedia-en-motul-joven-se-quita-la-vida-al-ingerir-pastillas-contra-garrapatas","status":"publish","type":"post","link":"https:\/\/reporteroshoy.mx\/noticias\/tragedia-en-motul-joven-se-quita-la-vida-al-ingerir-pastillas-contra-garrapatas\/","title":{"rendered":"Tragedia en Motul: joven se quita la vida al ingerir pastillas contra garrapatas"},"content":{"rendered":"<p style=\"text-align: justify;\"><span style=\"color: #000000;\">Motul, Yucat\u00e1n; 15 de septiembre de 2021 (ACOM).- En una aut\u00e9ntica tragedia, un joven de 24 a\u00f1os de edad, habitante de la comisar\u00eda de Kin\u00ed, se suicid\u00f3 al consumir pastillas contra garrapatas.<\/span><\/p>\n<p style=\"text-align: justify;\"><span style=\"color: #000000;\">La v\u00edctima fue identificada como B.C.M., quien comenz\u00f3 a convulsionar tras ingerir el veneno, lo que alert\u00f3 a su familia.<\/span><\/p>\n<p style=\"text-align: justify;\"><span style=\"color: #000000;\"><img loading=\"lazy\" decoding=\"async\" class=\" wp-image-71823 aligncenter\" src=\"https:\/\/reporteroshoy.mx\/noticias\/wp-content\/uploads\/2021\/09\/KINI-1-scaled.jpg\" alt=\"\" width=\"604\" height=\"363\" \/><\/span><\/p>\n<p style=\"text-align: justify;\"><span style=\"color: #000000;\">R\u00e1pidamente se pusieron en contacto con elementos de la polic\u00eda local, que despach\u00f3 un grupo de param\u00e9dicos a la localidad.<\/span><\/p>\n<p style=\"text-align: justify;\"><span style=\"color: #000000;\">Los elementos de emergencia llegaron para cuando los signos vitales del muchacho -quien ya hab\u00eda confesado haber tomado las pastillas- se encontraban muy bajos.<\/span><\/p>\n<p style=\"text-align: justify;\"><span style=\"color: #000000;\">Desgraciadamente el joven perdi\u00f3 la vida a los pocos minutos, por lo que se tuvo que dar parte al Servicio M\u00e9dico Forense (Semefo), cuyo personal se encarg\u00f3 del levantamiento del cuerpo del ahora occiso.<\/span><\/p>\n<p style=\"text-align: justify;\"><span style=\"color: #000000;\"><img loading=\"lazy\" decoding=\"async\" class=\"wp-image-64278 aligncenter\" src=\"https:\/\/reporteroshoy.mx\/noticias\/wp-content\/uploads\/2021\/05\/suicidio-informacion-scaled.jpeg\" alt=\"\" width=\"649\" height=\"165\" \/><\/span><\/p>\n","protected":false},"excerpt":{"rendered":"<p>La comisar\u00eda de Kin\u00ed est\u00e1 de luto y en conmoci\u00f3n por el suicidio de un apreciado vecino de 24 a\u00f1os de edad. Descanse en paz.<\/p>\n","protected":false},"author":2,"featured_media":71824,"comment_status":"open","ping_status":"closed","sticky":false,"template":"","format":"standard","meta":{"footnotes":""},"categories":[11],"tags":[5552,103,16732,760],"class_list":["post-71822","post","type-post","status-publish","format-standard","has-post-thumbnail","hentry","category-municipios-de-yucatan","tag-kini","tag-motul","tag-suicidio-en-motul","tag-yucatan-centro"],"yoast_head":"<!-- This site is optimized with the Yoast SEO plugin v28.4 - https:\/\/yoast.com\/product\/yoast-seo-wordpress\/ -->\n<title>Tragedia en Motul: joven se quita la vida con pastillas contra garrapatas<\/title>\n<meta name=\"description\" content=\"La comisar\u00eda de Kin\u00ed est\u00e1 de luto y en conmoci\u00f3n por el suicidio de un apreciado vecino de 24 a\u00f1os de edad. Descanse en paz.\" \/>\n<meta name=\"robots\" content=\"index, follow, max-snippet:-1, max-image-preview:large, max-video-preview:-1\" \/>\n<link rel=\"canonical\" href=\"https:\/\/reporteroshoy.mx\/noticias\/tragedia-en-motul-joven-se-quita-la-vida-al-ingerir-pastillas-contra-garrapatas\/\" \/>\n<meta property=\"og:locale\" content=\"es_ES\" \/>\n<meta property=\"og:type\" content=\"article\" \/>\n<meta property=\"og:title\" content=\"Tragedia en Motul: joven se quita la vida con pastillas contra garrapatas\" \/>\n<meta property=\"og:description\" content=\"La comisar\u00eda de Kin\u00ed est\u00e1 de luto y en conmoci\u00f3n por el suicidio de un apreciado vecino de 24 a\u00f1os de edad. Descanse en paz.\" \/>\n<meta property=\"og:url\" content=\"https:\/\/reporteroshoy.mx\/noticias\/tragedia-en-motul-joven-se-quita-la-vida-al-ingerir-pastillas-contra-garrapatas\/\" \/>\n<meta property=\"og:site_name\" content=\"Reporteros Hoy | Noticias de Yucat\u00e1n\" \/>\n<meta property=\"article:publisher\" content=\"http:\/\/www.facebook.com\/reporteroshoymx\" \/>\n<meta property=\"article:published_time\" content=\"2021-09-16T01:38:31+00:00\" \/>\n<meta property=\"og:image\" content=\"https:\/\/reporteroshoy.mx\/noticias\/wp-content\/uploads\/2021\/09\/KINI-2-scaled.jpg\" \/>\n\t<meta property=\"og:image:width\" content=\"768\" \/>\n\t<meta property=\"og:image:height\" content=\"493\" \/>\n\t<meta property=\"og:image:type\" content=\"image\/jpeg\" \/>\n<meta name=\"author\" content=\"Reporteros Hoy HY\" \/>\n<meta name=\"twitter:card\" content=\"summary_large_image\" \/>\n<meta name=\"twitter:creator\" content=\"@reporteroshoy\" \/>\n<meta name=\"twitter:site\" content=\"@reporteroshoy\" \/>\n<meta name=\"twitter:label1\" content=\"Escrito por\" \/>\n\t<meta name=\"twitter:data1\" content=\"Reporteros Hoy HY\" \/>\n\t<meta name=\"twitter:label2\" content=\"Tiempo de lectura\" \/>\n\t<meta name=\"twitter:data2\" content=\"1 minuto\" \/>\n<script type=\"application\/ld+json\" class=\"yoast-schema-graph\">{\"@context\":\"https:\\\/\\\/schema.org\",\"@graph\":[{\"@type\":\"Article\",\"@id\":\"https:\\\/\\\/reporteroshoy.mx\\\/noticias\\\/tragedia-en-motul-joven-se-quita-la-vida-al-ingerir-pastillas-contra-garrapatas\\\/#article\",\"isPartOf\":{\"@id\":\"https:\\\/\\\/reporteroshoy.mx\\\/noticias\\\/tragedia-en-motul-joven-se-quita-la-vida-al-ingerir-pastillas-contra-garrapatas\\\/\"},\"author\":{\"name\":\"Reporteros Hoy HY\",\"@id\":\"https:\\\/\\\/reporteroshoy.mx\\\/noticias\\\/#\\\/schema\\\/person\\\/d32189074678a9d41498d4248e29aac3\"},\"headline\":\"Tragedia en Motul: joven se quita la vida al ingerir pastillas contra garrapatas\",\"datePublished\":\"2021-09-16T01:38:31+00:00\",\"mainEntityOfPage\":{\"@id\":\"https:\\\/\\\/reporteroshoy.mx\\\/noticias\\\/tragedia-en-motul-joven-se-quita-la-vida-al-ingerir-pastillas-contra-garrapatas\\\/\"},\"wordCount\":153,\"commentCount\":0,\"image\":{\"@id\":\"https:\\\/\\\/reporteroshoy.mx\\\/noticias\\\/tragedia-en-motul-joven-se-quita-la-vida-al-ingerir-pastillas-contra-garrapatas\\\/#primaryimage\"},\"thumbnailUrl\":\"https:\\\/\\\/reporteroshoy.mx\\\/noticias\\\/wp-content\\\/uploads\\\/2021\\\/09\\\/KINI-2-scaled.jpg\",\"keywords\":[\"kin\u00ed\",\"Motul\",\"suicidio en Motul\",\"Yucat\u00e1n Centro\"],\"articleSection\":[\"Municipios\"],\"inLanguage\":\"es\",\"potentialAction\":[{\"@type\":\"CommentAction\",\"name\":\"Comment\",\"target\":[\"https:\\\/\\\/reporteroshoy.mx\\\/noticias\\\/tragedia-en-motul-joven-se-quita-la-vida-al-ingerir-pastillas-contra-garrapatas\\\/#respond\"]}]},{\"@type\":\"WebPage\",\"@id\":\"https:\\\/\\\/reporteroshoy.mx\\\/noticias\\\/tragedia-en-motul-joven-se-quita-la-vida-al-ingerir-pastillas-contra-garrapatas\\\/\",\"url\":\"https:\\\/\\\/reporteroshoy.mx\\\/noticias\\\/tragedia-en-motul-joven-se-quita-la-vida-al-ingerir-pastillas-contra-garrapatas\\\/\",\"name\":\"Tragedia en Motul: joven se quita la vida con pastillas contra garrapatas\",\"isPartOf\":{\"@id\":\"https:\\\/\\\/reporteroshoy.mx\\\/noticias\\\/#website\"},\"primaryImageOfPage\":{\"@id\":\"https:\\\/\\\/reporteroshoy.mx\\\/noticias\\\/tragedia-en-motul-joven-se-quita-la-vida-al-ingerir-pastillas-contra-garrapatas\\\/#primaryimage\"},\"image\":{\"@id\":\"https:\\\/\\\/reporteroshoy.mx\\\/noticias\\\/tragedia-en-motul-joven-se-quita-la-vida-al-ingerir-pastillas-contra-garrapatas\\\/#primaryimage\"},\"thumbnailUrl\":\"https:\\\/\\\/reporteroshoy.mx\\\/noticias\\\/wp-content\\\/uploads\\\/2021\\\/09\\\/KINI-2-scaled.jpg\",\"datePublished\":\"2021-09-16T01:38:31+00:00\",\"author\":{\"@id\":\"https:\\\/\\\/reporteroshoy.mx\\\/noticias\\\/#\\\/schema\\\/person\\\/d32189074678a9d41498d4248e29aac3\"},\"description\":\"La comisar\u00eda de Kin\u00ed est\u00e1 de luto y en conmoci\u00f3n por el suicidio de un apreciado vecino de 24 a\u00f1os de edad. Descanse en paz.\",\"breadcrumb\":{\"@id\":\"https:\\\/\\\/reporteroshoy.mx\\\/noticias\\\/tragedia-en-motul-joven-se-quita-la-vida-al-ingerir-pastillas-contra-garrapatas\\\/#breadcrumb\"},\"inLanguage\":\"es\",\"potentialAction\":[{\"@type\":\"ReadAction\",\"target\":[\"https:\\\/\\\/reporteroshoy.mx\\\/noticias\\\/tragedia-en-motul-joven-se-quita-la-vida-al-ingerir-pastillas-contra-garrapatas\\\/\"]}]},{\"@type\":\"ImageObject\",\"inLanguage\":\"es\",\"@id\":\"https:\\\/\\\/reporteroshoy.mx\\\/noticias\\\/tragedia-en-motul-joven-se-quita-la-vida-al-ingerir-pastillas-contra-garrapatas\\\/#primaryimage\",\"url\":\"https:\\\/\\\/reporteroshoy.mx\\\/noticias\\\/wp-content\\\/uploads\\\/2021\\\/09\\\/KINI-2-scaled.jpg\",\"contentUrl\":\"https:\\\/\\\/reporteroshoy.mx\\\/noticias\\\/wp-content\\\/uploads\\\/2021\\\/09\\\/KINI-2-scaled.jpg\",\"width\":768,\"height\":493},{\"@type\":\"BreadcrumbList\",\"@id\":\"https:\\\/\\\/reporteroshoy.mx\\\/noticias\\\/tragedia-en-motul-joven-se-quita-la-vida-al-ingerir-pastillas-contra-garrapatas\\\/#breadcrumb\",\"itemListElement\":[{\"@type\":\"ListItem\",\"position\":1,\"name\":\"Portada\",\"item\":\"https:\\\/\\\/reporteroshoy.mx\\\/noticias\\\/\"},{\"@type\":\"ListItem\",\"position\":2,\"name\":\"Tragedia en Motul: joven se quita la vida al ingerir pastillas contra garrapatas\"}]},{\"@type\":\"WebSite\",\"@id\":\"https:\\\/\\\/reporteroshoy.mx\\\/noticias\\\/#website\",\"url\":\"https:\\\/\\\/reporteroshoy.mx\\\/noticias\\\/\",\"name\":\"Reporteros Hoy | Noticias de Yucat\u00e1n\",\"description\":\"Peri\u00f3dico digital con noticias diarias desde M\u00e9rida, Yucat\u00e1n para el mundo.\",\"potentialAction\":[{\"@type\":\"SearchAction\",\"target\":{\"@type\":\"EntryPoint\",\"urlTemplate\":\"https:\\\/\\\/reporteroshoy.mx\\\/noticias\\\/?s={search_term_string}\"},\"query-input\":{\"@type\":\"PropertyValueSpecification\",\"valueRequired\":true,\"valueName\":\"search_term_string\"}}],\"inLanguage\":\"es\"},{\"@type\":\"Person\",\"@id\":\"https:\\\/\\\/reporteroshoy.mx\\\/noticias\\\/#\\\/schema\\\/person\\\/d32189074678a9d41498d4248e29aac3\",\"name\":\"Reporteros Hoy HY\",\"image\":{\"@type\":\"ImageObject\",\"inLanguage\":\"es\",\"@id\":\"https:\\\/\\\/secure.gravatar.com\\\/avatar\\\/c539a82770f256437b35bda44650bb50f5fd4b7017f8b29672ed9f27a43cec47?s=96&d=mm&r=g\",\"url\":\"https:\\\/\\\/secure.gravatar.com\\\/avatar\\\/c539a82770f256437b35bda44650bb50f5fd4b7017f8b29672ed9f27a43cec47?s=96&d=mm&r=g\",\"contentUrl\":\"https:\\\/\\\/secure.gravatar.com\\\/avatar\\\/c539a82770f256437b35bda44650bb50f5fd4b7017f8b29672ed9f27a43cec47?s=96&d=mm&r=g\",\"caption\":\"Reporteros Hoy HY\"},\"url\":\"https:\\\/\\\/reporteroshoy.mx\\\/noticias\\\/author\\\/thelmo\\\/\"}]}<\/script>\n<!-- \/ Yoast SEO plugin. -->","yoast_head_json":{"title":"Tragedia en Motul: joven se quita la vida con pastillas contra garrapatas","description":"La comisar\u00eda de Kin\u00ed est\u00e1 de luto y en conmoci\u00f3n por el suicidio de un apreciado vecino de 24 a\u00f1os de edad. Descanse en paz.","robots":{"index":"index","follow":"follow","max-snippet":"max-snippet:-1","max-image-preview":"max-image-preview:large","max-video-preview":"max-video-preview:-1"},"canonical":"https:\/\/reporteroshoy.mx\/noticias\/tragedia-en-motul-joven-se-quita-la-vida-al-ingerir-pastillas-contra-garrapatas\/","og_locale":"es_ES","og_type":"article","og_title":"Tragedia en Motul: joven se quita la vida con pastillas contra garrapatas","og_description":"La comisar\u00eda de Kin\u00ed est\u00e1 de luto y en conmoci\u00f3n por el suicidio de un apreciado vecino de 24 a\u00f1os de edad. Descanse en paz.","og_url":"https:\/\/reporteroshoy.mx\/noticias\/tragedia-en-motul-joven-se-quita-la-vida-al-ingerir-pastillas-contra-garrapatas\/","og_site_name":"Reporteros Hoy | Noticias de Yucat\u00e1n","article_publisher":"http:\/\/www.facebook.com\/reporteroshoymx","article_published_time":"2021-09-16T01:38:31+00:00","og_image":[{"width":768,"height":493,"url":"https:\/\/reporteroshoy.mx\/noticias\/wp-content\/uploads\/2021\/09\/KINI-2-scaled.jpg","type":"image\/jpeg"}],"author":"Reporteros Hoy HY","twitter_card":"summary_large_image","twitter_creator":"@reporteroshoy","twitter_site":"@reporteroshoy","twitter_misc":{"Escrito por":"Reporteros Hoy HY","Tiempo de lectura":"1 minuto"},"schema":{"@context":"https:\/\/schema.org","@graph":[{"@type":"Article","@id":"https:\/\/reporteroshoy.mx\/noticias\/tragedia-en-motul-joven-se-quita-la-vida-al-ingerir-pastillas-contra-garrapatas\/#article","isPartOf":{"@id":"https:\/\/reporteroshoy.mx\/noticias\/tragedia-en-motul-joven-se-quita-la-vida-al-ingerir-pastillas-contra-garrapatas\/"},"author":{"name":"Reporteros Hoy HY","@id":"https:\/\/reporteroshoy.mx\/noticias\/#\/schema\/person\/d32189074678a9d41498d4248e29aac3"},"headline":"Tragedia en Motul: joven se quita la vida al ingerir pastillas contra garrapatas","datePublished":"2021-09-16T01:38:31+00:00","mainEntityOfPage":{"@id":"https:\/\/reporteroshoy.mx\/noticias\/tragedia-en-motul-joven-se-quita-la-vida-al-ingerir-pastillas-contra-garrapatas\/"},"wordCount":153,"commentCount":0,"image":{"@id":"https:\/\/reporteroshoy.mx\/noticias\/tragedia-en-motul-joven-se-quita-la-vida-al-ingerir-pastillas-contra-garrapatas\/#primaryimage"},"thumbnailUrl":"https:\/\/reporteroshoy.mx\/noticias\/wp-content\/uploads\/2021\/09\/KINI-2-scaled.jpg","keywords":["kin\u00ed","Motul","suicidio en Motul","Yucat\u00e1n Centro"],"articleSection":["Municipios"],"inLanguage":"es","potentialAction":[{"@type":"CommentAction","name":"Comment","target":["https:\/\/reporteroshoy.mx\/noticias\/tragedia-en-motul-joven-se-quita-la-vida-al-ingerir-pastillas-contra-garrapatas\/#respond"]}]},{"@type":"WebPage","@id":"https:\/\/reporteroshoy.mx\/noticias\/tragedia-en-motul-joven-se-quita-la-vida-al-ingerir-pastillas-contra-garrapatas\/","url":"https:\/\/reporteroshoy.mx\/noticias\/tragedia-en-motul-joven-se-quita-la-vida-al-ingerir-pastillas-contra-garrapatas\/","name":"Tragedia en Motul: joven se quita la vida con pastillas contra garrapatas","isPartOf":{"@id":"https:\/\/reporteroshoy.mx\/noticias\/#website"},"primaryImageOfPage":{"@id":"https:\/\/reporteroshoy.mx\/noticias\/tragedia-en-motul-joven-se-quita-la-vida-al-ingerir-pastillas-contra-garrapatas\/#primaryimage"},"image":{"@id":"https:\/\/reporteroshoy.mx\/noticias\/tragedia-en-motul-joven-se-quita-la-vida-al-ingerir-pastillas-contra-garrapatas\/#primaryimage"},"thumbnailUrl":"https:\/\/reporteroshoy.mx\/noticias\/wp-content\/uploads\/2021\/09\/KINI-2-scaled.jpg","datePublished":"2021-09-16T01:38:31+00:00","author":{"@id":"https:\/\/reporteroshoy.mx\/noticias\/#\/schema\/person\/d32189074678a9d41498d4248e29aac3"},"description":"La comisar\u00eda de Kin\u00ed est\u00e1 de luto y en conmoci\u00f3n por el suicidio de un apreciado vecino de 24 a\u00f1os de edad. Descanse en paz.","breadcrumb":{"@id":"https:\/\/reporteroshoy.mx\/noticias\/tragedia-en-motul-joven-se-quita-la-vida-al-ingerir-pastillas-contra-garrapatas\/#breadcrumb"},"inLanguage":"es","potentialAction":[{"@type":"ReadAction","target":["https:\/\/reporteroshoy.mx\/noticias\/tragedia-en-motul-joven-se-quita-la-vida-al-ingerir-pastillas-contra-garrapatas\/"]}]},{"@type":"ImageObject","inLanguage":"es","@id":"https:\/\/reporteroshoy.mx\/noticias\/tragedia-en-motul-joven-se-quita-la-vida-al-ingerir-pastillas-contra-garrapatas\/#primaryimage","url":"https:\/\/reporteroshoy.mx\/noticias\/wp-content\/uploads\/2021\/09\/KINI-2-scaled.jpg","contentUrl":"https:\/\/reporteroshoy.mx\/noticias\/wp-content\/uploads\/2021\/09\/KINI-2-scaled.jpg","width":768,"height":493},{"@type":"BreadcrumbList","@id":"https:\/\/reporteroshoy.mx\/noticias\/tragedia-en-motul-joven-se-quita-la-vida-al-ingerir-pastillas-contra-garrapatas\/#breadcrumb","itemListElement":[{"@type":"ListItem","position":1,"name":"Portada","item":"https:\/\/reporteroshoy.mx\/noticias\/"},{"@type":"ListItem","position":2,"name":"Tragedia en Motul: joven se quita la vida al ingerir pastillas contra garrapatas"}]},{"@type":"WebSite","@id":"https:\/\/reporteroshoy.mx\/noticias\/#website","url":"https:\/\/reporteroshoy.mx\/noticias\/","name":"Reporteros Hoy | Noticias de Yucat\u00e1n","description":"Peri\u00f3dico digital con noticias diarias desde M\u00e9rida, Yucat\u00e1n para el mundo.","potentialAction":[{"@type":"SearchAction","target":{"@type":"EntryPoint","urlTemplate":"https:\/\/reporteroshoy.mx\/noticias\/?s={search_term_string}"},"query-input":{"@type":"PropertyValueSpecification","valueRequired":true,"valueName":"search_term_string"}}],"inLanguage":"es"},{"@type":"Person","@id":"https:\/\/reporteroshoy.mx\/noticias\/#\/schema\/person\/d32189074678a9d41498d4248e29aac3","name":"Reporteros Hoy HY","image":{"@type":"ImageObject","inLanguage":"es","@id":"https:\/\/secure.gravatar.com\/avatar\/c539a82770f256437b35bda44650bb50f5fd4b7017f8b29672ed9f27a43cec47?s=96&d=mm&r=g","url":"https:\/\/secure.gravatar.com\/avatar\/c539a82770f256437b35bda44650bb50f5fd4b7017f8b29672ed9f27a43cec47?s=96&d=mm&r=g","contentUrl":"https:\/\/secure.gravatar.com\/avatar\/c539a82770f256437b35bda44650bb50f5fd4b7017f8b29672ed9f27a43cec47?s=96&d=mm&r=g","caption":"Reporteros Hoy HY"},"url":"https:\/\/reporteroshoy.mx\/noticias\/author\/thelmo\/"}]}},"_links":{"self":[{"href":"https:\/\/reporteroshoy.mx\/noticias\/wp-json\/wp\/v2\/posts\/71822","targetHints":{"allow":["GET"]}}],"collection":[{"href":"https:\/\/reporteroshoy.mx\/noticias\/wp-json\/wp\/v2\/posts"}],"about":[{"href":"https:\/\/reporteroshoy.mx\/noticias\/wp-json\/wp\/v2\/types\/post"}],"author":[{"embeddable":true,"href":"https:\/\/reporteroshoy.mx\/noticias\/wp-json\/wp\/v2\/users\/2"}],"replies":[{"embeddable":true,"href":"https:\/\/reporteroshoy.mx\/noticias\/wp-json\/wp\/v2\/comments?post=71822"}],"version-history":[{"count":0,"href":"https:\/\/reporteroshoy.mx\/noticias\/wp-json\/wp\/v2\/posts\/71822\/revisions"}],"wp:featuredmedia":[{"embeddable":true,"href":"https:\/\/reporteroshoy.mx\/noticias\/wp-json\/wp\/v2\/media\/71824"}],"wp:attachment":[{"href":"https:\/\/reporteroshoy.mx\/noticias\/wp-json\/wp\/v2\/media?parent=71822"}],"wp:term":[{"taxonomy":"category","embeddable":true,"href":"https:\/\/reporteroshoy.mx\/noticias\/wp-json\/wp\/v2\/categories?post=71822"},{"taxonomy":"post_tag","embeddable":true,"href":"https:\/\/reporteroshoy.mx\/noticias\/wp-json\/wp\/v2\/tags?post=71822"}],"curies":[{"name":"wp","href":"https:\/\/api.w.org\/{rel}","templated":true}]}}