{"id":71876,"date":"2021-09-16T10:50:25","date_gmt":"2021-09-16T15:50:25","guid":{"rendered":"https:\/\/reporteroshoy.mx\/noticias\/?p=71876"},"modified":"2021-09-16T10:50:25","modified_gmt":"2021-09-16T15:50:25","slug":"nuevo-reconocimiento-al-personal-de-salud-en-la-lucha-contra-el-coronavirus","status":"publish","type":"post","link":"https:\/\/reporteroshoy.mx\/noticias\/nuevo-reconocimiento-al-personal-de-salud-en-la-lucha-contra-el-coronavirus\/","title":{"rendered":"Nuevo reconocimiento al personal de salud en la lucha contra el coronavirus"},"content":{"rendered":"<p style=\"text-align: justify;\">M\u00e9rida, Yucat\u00e1n, 16 de septiembre de 2021.- Con un minuto de aplausos en reconocimiento a la labor del personal de salud que est\u00e1 en primera l\u00ednea desde hace m\u00e1s de un a\u00f1o y medio en la batalla contra el coronavirus, el gobernador Mauricio Vila Dosal encabez\u00f3 esta ma\u00f1ana la conmemoraci\u00f3n por el 211 aniversario del inicio de la Independencia de M\u00e9xico.<\/p>\n<p style=\"text-align: justify;\">Acompa\u00f1ado de autoridades civiles y militares, Vila Dosal presidi\u00f3 este homenaje en reconocimiento a la labor de los trabajadores del sector salud desde la Plaza Grande de M\u00e9rida, en cuya asta central iz\u00f3 la bandera nacional para rememorar esta fecha trascendental en la vida del pa\u00eds.<\/p>\n<p><img loading=\"lazy\" decoding=\"async\" class=\"alignnone size-full wp-image-71871\" src=\"https:\/\/reporteroshoy.mx\/noticias\/wp-content\/uploads\/2021\/09\/VILA_IZAMIENTO_INDEPENDENCIA-1.jpeg\" alt=\"\" width=\"768\" height=\"511\" \/><\/p>\n<p style=\"text-align: justify;\">Minutos antes de las 8:00 horas, el Gobernador sali\u00f3 de Palacio de Gobierno, junto con los representantes de los Poderes Legislativo y Judicial, as\u00ed como de las Fuerzas Armadas y del Ayuntamiento de M\u00e9rida, para trasladarse hasta el centro de la plaza principal de la capital yucateca.<\/p>\n<p style=\"text-align: justify;\">Tras izar el l\u00e1baro patrio, Vila Dosal y las dem\u00e1s autoridades presentes rindieron honores a la bandera nacional y entonaron el himno nacional mexicano, en una ceremonia que se llev\u00f3 a cabo sin la presencia de p\u00fablico, ni invitados, como medida para evitar aglomeraciones, reducir riesgos de contagio de Coronavirus y proteger la salud de los yucatecos.<\/p>\n<p><img loading=\"lazy\" decoding=\"async\" class=\"alignnone size-full wp-image-71875\" src=\"https:\/\/reporteroshoy.mx\/noticias\/wp-content\/uploads\/2021\/09\/VILA_IZAMIENTO_INDEPENDENCIA-2.jpeg\" alt=\"\" width=\"768\" height=\"511\" \/><\/p>\n<p style=\"text-align: justify;\">Hay que recordar que, por segundo a\u00f1o consecutivo, el Gobierno del Estado y la Secretar\u00eda de la Defensa Nacional (SDN), por conducto de la X regi\u00f3n Militar, acordaron no llevar a cabo hoy 16 de septiembre el acostumbrado Desfile C\u00edvico-Militar con motivo de un aniversario m\u00e1s del inicio de la independencia de M\u00e9xico para no poner en riesgo la salud de la poblaci\u00f3n debido a la emergencia sanitaria.<\/p>\n","protected":false},"excerpt":{"rendered":"<p> Durante ceremonia c\u00edvica por el 211 aniversario del inicio de la Independencia de M\u00e9xico <\/p>\n","protected":false},"author":5,"featured_media":0,"comment_status":"open","ping_status":"closed","sticky":false,"template":"","format":"standard","meta":{"footnotes":""},"categories":[7],"tags":[533,6410,14076,1983],"class_list":["post-71876","post","type-post","status-publish","format-standard","hentry","category-gobierno","tag-gobierno-de-yucatan","tag-independencia-de-mexico","tag-izamiento","tag-mauricio-vila-dosal"],"yoast_head":"<!-- This site is optimized with the Yoast SEO plugin v28.3 - https:\/\/yoast.com\/product\/yoast-seo-wordpress\/ -->\n<title>Nuevo reconocimiento al personal de salud en la lucha contra el coronavirus<\/title>\n<meta name=\"description\" content=\"Durante ceremonia c\u00edvica por el 211 aniversario del inicio de la Independencia de M\u00e9xico\" \/>\n<meta name=\"robots\" content=\"index, follow, max-snippet:-1, max-image-preview:large, max-video-preview:-1\" \/>\n<link rel=\"canonical\" href=\"https:\/\/reporteroshoy.mx\/noticias\/nuevo-reconocimiento-al-personal-de-salud-en-la-lucha-contra-el-coronavirus\/\" \/>\n<meta property=\"og:locale\" content=\"es_ES\" \/>\n<meta property=\"og:type\" content=\"article\" \/>\n<meta property=\"og:title\" content=\"Nuevo reconocimiento al personal de salud en la lucha contra el coronavirus\" \/>\n<meta property=\"og:description\" content=\"Durante ceremonia c\u00edvica por el 211 aniversario del inicio de la Independencia de M\u00e9xico\" \/>\n<meta property=\"og:url\" content=\"https:\/\/reporteroshoy.mx\/noticias\/nuevo-reconocimiento-al-personal-de-salud-en-la-lucha-contra-el-coronavirus\/\" \/>\n<meta property=\"og:site_name\" content=\"Reporteros Hoy | Noticias de Yucat\u00e1n\" \/>\n<meta property=\"article:publisher\" content=\"http:\/\/www.facebook.com\/reporteroshoymx\" \/>\n<meta property=\"article:published_time\" content=\"2021-09-16T15:50:25+00:00\" \/>\n<meta property=\"og:image\" content=\"https:\/\/reporteroshoy.mx\/noticias\/wp-content\/uploads\/2021\/09\/VILA_IZAMIENTO_INDEPENDENCIA-3.jpeg\" \/>\n\t<meta property=\"og:image:width\" content=\"768\" \/>\n\t<meta property=\"og:image:height\" content=\"511\" \/>\n\t<meta property=\"og:image:type\" content=\"image\/jpeg\" \/>\n<meta name=\"author\" content=\"Reporteros Hoy IM\" \/>\n<meta name=\"twitter:card\" content=\"summary_large_image\" \/>\n<meta name=\"twitter:creator\" content=\"@reporteroshoy\" \/>\n<meta name=\"twitter:site\" content=\"@reporteroshoy\" \/>\n<meta name=\"twitter:label1\" content=\"Escrito por\" \/>\n\t<meta name=\"twitter:data1\" content=\"Reporteros Hoy IM\" \/>\n\t<meta name=\"twitter:label2\" content=\"Tiempo de lectura\" \/>\n\t<meta name=\"twitter:data2\" content=\"2 minutos\" \/>\n<script type=\"application\/ld+json\" class=\"yoast-schema-graph\">{\"@context\":\"https:\\\/\\\/schema.org\",\"@graph\":[{\"@type\":\"Article\",\"@id\":\"https:\\\/\\\/reporteroshoy.mx\\\/noticias\\\/nuevo-reconocimiento-al-personal-de-salud-en-la-lucha-contra-el-coronavirus\\\/#article\",\"isPartOf\":{\"@id\":\"https:\\\/\\\/reporteroshoy.mx\\\/noticias\\\/nuevo-reconocimiento-al-personal-de-salud-en-la-lucha-contra-el-coronavirus\\\/\"},\"author\":{\"name\":\"Reporteros Hoy IM\",\"@id\":\"https:\\\/\\\/reporteroshoy.mx\\\/noticias\\\/#\\\/schema\\\/person\\\/948520f0d88b01be2e5266bc4acbbc15\"},\"headline\":\"Nuevo reconocimiento al personal de salud en la lucha contra el coronavirus\",\"datePublished\":\"2021-09-16T15:50:25+00:00\",\"mainEntityOfPage\":{\"@id\":\"https:\\\/\\\/reporteroshoy.mx\\\/noticias\\\/nuevo-reconocimiento-al-personal-de-salud-en-la-lucha-contra-el-coronavirus\\\/\"},\"wordCount\":309,\"commentCount\":0,\"image\":{\"@id\":\"https:\\\/\\\/reporteroshoy.mx\\\/noticias\\\/nuevo-reconocimiento-al-personal-de-salud-en-la-lucha-contra-el-coronavirus\\\/#primaryimage\"},\"thumbnailUrl\":\"https:\\\/\\\/reporteroshoy.mx\\\/noticias\\\/wp-content\\\/uploads\\\/2021\\\/09\\\/VILA_IZAMIENTO_INDEPENDENCIA-1.jpeg\",\"keywords\":[\"Gobierno de Yucat\u00e1n\",\"independencia de mexico\",\"Izamiento\",\"Mauricio Vila Dosal\"],\"articleSection\":[\"Gobierno\"],\"inLanguage\":\"es\",\"potentialAction\":[{\"@type\":\"CommentAction\",\"name\":\"Comment\",\"target\":[\"https:\\\/\\\/reporteroshoy.mx\\\/noticias\\\/nuevo-reconocimiento-al-personal-de-salud-en-la-lucha-contra-el-coronavirus\\\/#respond\"]}]},{\"@type\":\"WebPage\",\"@id\":\"https:\\\/\\\/reporteroshoy.mx\\\/noticias\\\/nuevo-reconocimiento-al-personal-de-salud-en-la-lucha-contra-el-coronavirus\\\/\",\"url\":\"https:\\\/\\\/reporteroshoy.mx\\\/noticias\\\/nuevo-reconocimiento-al-personal-de-salud-en-la-lucha-contra-el-coronavirus\\\/\",\"name\":\"Nuevo reconocimiento al personal de salud en la lucha contra el coronavirus\",\"isPartOf\":{\"@id\":\"https:\\\/\\\/reporteroshoy.mx\\\/noticias\\\/#website\"},\"primaryImageOfPage\":{\"@id\":\"https:\\\/\\\/reporteroshoy.mx\\\/noticias\\\/nuevo-reconocimiento-al-personal-de-salud-en-la-lucha-contra-el-coronavirus\\\/#primaryimage\"},\"image\":{\"@id\":\"https:\\\/\\\/reporteroshoy.mx\\\/noticias\\\/nuevo-reconocimiento-al-personal-de-salud-en-la-lucha-contra-el-coronavirus\\\/#primaryimage\"},\"thumbnailUrl\":\"https:\\\/\\\/reporteroshoy.mx\\\/noticias\\\/wp-content\\\/uploads\\\/2021\\\/09\\\/VILA_IZAMIENTO_INDEPENDENCIA-1.jpeg\",\"datePublished\":\"2021-09-16T15:50:25+00:00\",\"author\":{\"@id\":\"https:\\\/\\\/reporteroshoy.mx\\\/noticias\\\/#\\\/schema\\\/person\\\/948520f0d88b01be2e5266bc4acbbc15\"},\"description\":\"Durante ceremonia c\u00edvica por el 211 aniversario del inicio de la Independencia de M\u00e9xico\",\"breadcrumb\":{\"@id\":\"https:\\\/\\\/reporteroshoy.mx\\\/noticias\\\/nuevo-reconocimiento-al-personal-de-salud-en-la-lucha-contra-el-coronavirus\\\/#breadcrumb\"},\"inLanguage\":\"es\",\"potentialAction\":[{\"@type\":\"ReadAction\",\"target\":[\"https:\\\/\\\/reporteroshoy.mx\\\/noticias\\\/nuevo-reconocimiento-al-personal-de-salud-en-la-lucha-contra-el-coronavirus\\\/\"]}]},{\"@type\":\"ImageObject\",\"inLanguage\":\"es\",\"@id\":\"https:\\\/\\\/reporteroshoy.mx\\\/noticias\\\/nuevo-reconocimiento-al-personal-de-salud-en-la-lucha-contra-el-coronavirus\\\/#primaryimage\",\"url\":\"https:\\\/\\\/reporteroshoy.mx\\\/noticias\\\/wp-content\\\/uploads\\\/2021\\\/09\\\/VILA_IZAMIENTO_INDEPENDENCIA-1.jpeg\",\"contentUrl\":\"https:\\\/\\\/reporteroshoy.mx\\\/noticias\\\/wp-content\\\/uploads\\\/2021\\\/09\\\/VILA_IZAMIENTO_INDEPENDENCIA-1.jpeg\",\"width\":768,\"height\":511},{\"@type\":\"BreadcrumbList\",\"@id\":\"https:\\\/\\\/reporteroshoy.mx\\\/noticias\\\/nuevo-reconocimiento-al-personal-de-salud-en-la-lucha-contra-el-coronavirus\\\/#breadcrumb\",\"itemListElement\":[{\"@type\":\"ListItem\",\"position\":1,\"name\":\"Portada\",\"item\":\"https:\\\/\\\/reporteroshoy.mx\\\/noticias\\\/\"},{\"@type\":\"ListItem\",\"position\":2,\"name\":\"Nuevo reconocimiento al personal de salud en la lucha contra el coronavirus\"}]},{\"@type\":\"WebSite\",\"@id\":\"https:\\\/\\\/reporteroshoy.mx\\\/noticias\\\/#website\",\"url\":\"https:\\\/\\\/reporteroshoy.mx\\\/noticias\\\/\",\"name\":\"Reporteros Hoy | Noticias de Yucat\u00e1n\",\"description\":\"Peri\u00f3dico digital con noticias diarias desde M\u00e9rida, Yucat\u00e1n para el mundo.\",\"potentialAction\":[{\"@type\":\"SearchAction\",\"target\":{\"@type\":\"EntryPoint\",\"urlTemplate\":\"https:\\\/\\\/reporteroshoy.mx\\\/noticias\\\/?s={search_term_string}\"},\"query-input\":{\"@type\":\"PropertyValueSpecification\",\"valueRequired\":true,\"valueName\":\"search_term_string\"}}],\"inLanguage\":\"es\"},{\"@type\":\"Person\",\"@id\":\"https:\\\/\\\/reporteroshoy.mx\\\/noticias\\\/#\\\/schema\\\/person\\\/948520f0d88b01be2e5266bc4acbbc15\",\"name\":\"Reporteros Hoy IM\",\"image\":{\"@type\":\"ImageObject\",\"inLanguage\":\"es\",\"@id\":\"https:\\\/\\\/secure.gravatar.com\\\/avatar\\\/d843030b96552826ac048bdfe26f2895604b800ed0c880ee55765a74d95dfc65?s=96&d=mm&r=g\",\"url\":\"https:\\\/\\\/secure.gravatar.com\\\/avatar\\\/d843030b96552826ac048bdfe26f2895604b800ed0c880ee55765a74d95dfc65?s=96&d=mm&r=g\",\"contentUrl\":\"https:\\\/\\\/secure.gravatar.com\\\/avatar\\\/d843030b96552826ac048bdfe26f2895604b800ed0c880ee55765a74d95dfc65?s=96&d=mm&r=g\",\"caption\":\"Reporteros Hoy IM\"},\"url\":\"https:\\\/\\\/reporteroshoy.mx\\\/noticias\\\/author\\\/israel\\\/\"}]}<\/script>\n<!-- \/ Yoast SEO plugin. -->","yoast_head_json":{"title":"Nuevo reconocimiento al personal de salud en la lucha contra el coronavirus","description":"Durante ceremonia c\u00edvica por el 211 aniversario del inicio de la Independencia de M\u00e9xico","robots":{"index":"index","follow":"follow","max-snippet":"max-snippet:-1","max-image-preview":"max-image-preview:large","max-video-preview":"max-video-preview:-1"},"canonical":"https:\/\/reporteroshoy.mx\/noticias\/nuevo-reconocimiento-al-personal-de-salud-en-la-lucha-contra-el-coronavirus\/","og_locale":"es_ES","og_type":"article","og_title":"Nuevo reconocimiento al personal de salud en la lucha contra el coronavirus","og_description":"Durante ceremonia c\u00edvica por el 211 aniversario del inicio de la Independencia de M\u00e9xico","og_url":"https:\/\/reporteroshoy.mx\/noticias\/nuevo-reconocimiento-al-personal-de-salud-en-la-lucha-contra-el-coronavirus\/","og_site_name":"Reporteros Hoy | Noticias de Yucat\u00e1n","article_publisher":"http:\/\/www.facebook.com\/reporteroshoymx","article_published_time":"2021-09-16T15:50:25+00:00","og_image":[{"width":768,"height":511,"url":"https:\/\/reporteroshoy.mx\/noticias\/wp-content\/uploads\/2021\/09\/VILA_IZAMIENTO_INDEPENDENCIA-3.jpeg","type":"image\/jpeg"}],"author":"Reporteros Hoy IM","twitter_card":"summary_large_image","twitter_creator":"@reporteroshoy","twitter_site":"@reporteroshoy","twitter_misc":{"Escrito por":"Reporteros Hoy IM","Tiempo de lectura":"2 minutos"},"schema":{"@context":"https:\/\/schema.org","@graph":[{"@type":"Article","@id":"https:\/\/reporteroshoy.mx\/noticias\/nuevo-reconocimiento-al-personal-de-salud-en-la-lucha-contra-el-coronavirus\/#article","isPartOf":{"@id":"https:\/\/reporteroshoy.mx\/noticias\/nuevo-reconocimiento-al-personal-de-salud-en-la-lucha-contra-el-coronavirus\/"},"author":{"name":"Reporteros Hoy IM","@id":"https:\/\/reporteroshoy.mx\/noticias\/#\/schema\/person\/948520f0d88b01be2e5266bc4acbbc15"},"headline":"Nuevo reconocimiento al personal de salud en la lucha contra el coronavirus","datePublished":"2021-09-16T15:50:25+00:00","mainEntityOfPage":{"@id":"https:\/\/reporteroshoy.mx\/noticias\/nuevo-reconocimiento-al-personal-de-salud-en-la-lucha-contra-el-coronavirus\/"},"wordCount":309,"commentCount":0,"image":{"@id":"https:\/\/reporteroshoy.mx\/noticias\/nuevo-reconocimiento-al-personal-de-salud-en-la-lucha-contra-el-coronavirus\/#primaryimage"},"thumbnailUrl":"https:\/\/reporteroshoy.mx\/noticias\/wp-content\/uploads\/2021\/09\/VILA_IZAMIENTO_INDEPENDENCIA-1.jpeg","keywords":["Gobierno de Yucat\u00e1n","independencia de mexico","Izamiento","Mauricio Vila Dosal"],"articleSection":["Gobierno"],"inLanguage":"es","potentialAction":[{"@type":"CommentAction","name":"Comment","target":["https:\/\/reporteroshoy.mx\/noticias\/nuevo-reconocimiento-al-personal-de-salud-en-la-lucha-contra-el-coronavirus\/#respond"]}]},{"@type":"WebPage","@id":"https:\/\/reporteroshoy.mx\/noticias\/nuevo-reconocimiento-al-personal-de-salud-en-la-lucha-contra-el-coronavirus\/","url":"https:\/\/reporteroshoy.mx\/noticias\/nuevo-reconocimiento-al-personal-de-salud-en-la-lucha-contra-el-coronavirus\/","name":"Nuevo reconocimiento al personal de salud en la lucha contra el coronavirus","isPartOf":{"@id":"https:\/\/reporteroshoy.mx\/noticias\/#website"},"primaryImageOfPage":{"@id":"https:\/\/reporteroshoy.mx\/noticias\/nuevo-reconocimiento-al-personal-de-salud-en-la-lucha-contra-el-coronavirus\/#primaryimage"},"image":{"@id":"https:\/\/reporteroshoy.mx\/noticias\/nuevo-reconocimiento-al-personal-de-salud-en-la-lucha-contra-el-coronavirus\/#primaryimage"},"thumbnailUrl":"https:\/\/reporteroshoy.mx\/noticias\/wp-content\/uploads\/2021\/09\/VILA_IZAMIENTO_INDEPENDENCIA-1.jpeg","datePublished":"2021-09-16T15:50:25+00:00","author":{"@id":"https:\/\/reporteroshoy.mx\/noticias\/#\/schema\/person\/948520f0d88b01be2e5266bc4acbbc15"},"description":"Durante ceremonia c\u00edvica por el 211 aniversario del inicio de la Independencia de M\u00e9xico","breadcrumb":{"@id":"https:\/\/reporteroshoy.mx\/noticias\/nuevo-reconocimiento-al-personal-de-salud-en-la-lucha-contra-el-coronavirus\/#breadcrumb"},"inLanguage":"es","potentialAction":[{"@type":"ReadAction","target":["https:\/\/reporteroshoy.mx\/noticias\/nuevo-reconocimiento-al-personal-de-salud-en-la-lucha-contra-el-coronavirus\/"]}]},{"@type":"ImageObject","inLanguage":"es","@id":"https:\/\/reporteroshoy.mx\/noticias\/nuevo-reconocimiento-al-personal-de-salud-en-la-lucha-contra-el-coronavirus\/#primaryimage","url":"https:\/\/reporteroshoy.mx\/noticias\/wp-content\/uploads\/2021\/09\/VILA_IZAMIENTO_INDEPENDENCIA-1.jpeg","contentUrl":"https:\/\/reporteroshoy.mx\/noticias\/wp-content\/uploads\/2021\/09\/VILA_IZAMIENTO_INDEPENDENCIA-1.jpeg","width":768,"height":511},{"@type":"BreadcrumbList","@id":"https:\/\/reporteroshoy.mx\/noticias\/nuevo-reconocimiento-al-personal-de-salud-en-la-lucha-contra-el-coronavirus\/#breadcrumb","itemListElement":[{"@type":"ListItem","position":1,"name":"Portada","item":"https:\/\/reporteroshoy.mx\/noticias\/"},{"@type":"ListItem","position":2,"name":"Nuevo reconocimiento al personal de salud en la lucha contra el coronavirus"}]},{"@type":"WebSite","@id":"https:\/\/reporteroshoy.mx\/noticias\/#website","url":"https:\/\/reporteroshoy.mx\/noticias\/","name":"Reporteros Hoy | Noticias de Yucat\u00e1n","description":"Peri\u00f3dico digital con noticias diarias desde M\u00e9rida, Yucat\u00e1n para el mundo.","potentialAction":[{"@type":"SearchAction","target":{"@type":"EntryPoint","urlTemplate":"https:\/\/reporteroshoy.mx\/noticias\/?s={search_term_string}"},"query-input":{"@type":"PropertyValueSpecification","valueRequired":true,"valueName":"search_term_string"}}],"inLanguage":"es"},{"@type":"Person","@id":"https:\/\/reporteroshoy.mx\/noticias\/#\/schema\/person\/948520f0d88b01be2e5266bc4acbbc15","name":"Reporteros Hoy IM","image":{"@type":"ImageObject","inLanguage":"es","@id":"https:\/\/secure.gravatar.com\/avatar\/d843030b96552826ac048bdfe26f2895604b800ed0c880ee55765a74d95dfc65?s=96&d=mm&r=g","url":"https:\/\/secure.gravatar.com\/avatar\/d843030b96552826ac048bdfe26f2895604b800ed0c880ee55765a74d95dfc65?s=96&d=mm&r=g","contentUrl":"https:\/\/secure.gravatar.com\/avatar\/d843030b96552826ac048bdfe26f2895604b800ed0c880ee55765a74d95dfc65?s=96&d=mm&r=g","caption":"Reporteros Hoy IM"},"url":"https:\/\/reporteroshoy.mx\/noticias\/author\/israel\/"}]}},"_links":{"self":[{"href":"https:\/\/reporteroshoy.mx\/noticias\/wp-json\/wp\/v2\/posts\/71876","targetHints":{"allow":["GET"]}}],"collection":[{"href":"https:\/\/reporteroshoy.mx\/noticias\/wp-json\/wp\/v2\/posts"}],"about":[{"href":"https:\/\/reporteroshoy.mx\/noticias\/wp-json\/wp\/v2\/types\/post"}],"author":[{"embeddable":true,"href":"https:\/\/reporteroshoy.mx\/noticias\/wp-json\/wp\/v2\/users\/5"}],"replies":[{"embeddable":true,"href":"https:\/\/reporteroshoy.mx\/noticias\/wp-json\/wp\/v2\/comments?post=71876"}],"version-history":[{"count":0,"href":"https:\/\/reporteroshoy.mx\/noticias\/wp-json\/wp\/v2\/posts\/71876\/revisions"}],"wp:attachment":[{"href":"https:\/\/reporteroshoy.mx\/noticias\/wp-json\/wp\/v2\/media?parent=71876"}],"wp:term":[{"taxonomy":"category","embeddable":true,"href":"https:\/\/reporteroshoy.mx\/noticias\/wp-json\/wp\/v2\/categories?post=71876"},{"taxonomy":"post_tag","embeddable":true,"href":"https:\/\/reporteroshoy.mx\/noticias\/wp-json\/wp\/v2\/tags?post=71876"}],"curies":[{"name":"wp","href":"https:\/\/api.w.org\/{rel}","templated":true}]}}