{"id":72036,"date":"2021-09-18T17:54:15","date_gmt":"2021-09-18T22:54:15","guid":{"rendered":"https:\/\/reporteroshoy.mx\/noticias\/?p=72036"},"modified":"2021-09-18T17:54:15","modified_gmt":"2021-09-18T22:54:15","slug":"piden-retirar-restriccion-vehicular-toda-la-semana-y-no-solo-unos-dias","status":"publish","type":"post","link":"https:\/\/reporteroshoy.mx\/noticias\/piden-retirar-restriccion-vehicular-toda-la-semana-y-no-solo-unos-dias\/","title":{"rendered":"Piden retirar restricci\u00f3n vehicular toda la semana y no solo unos d\u00edas"},"content":{"rendered":"<p style=\"text-align: justify;\"><span style=\"color: #000000;\">M\u00e9rida, Yucat\u00e1n; 18 de septiembre de 2021 (ACOM).- El presidente de la C\u00e1mara Nacional de Comercio en Peque\u00f1o (Canacope) de M\u00e9rida, Jorge Carde\u00f1a Licona, pugn\u00f3 porque se retire de manera total la restricci\u00f3n vehicular, ya que asegu\u00f3 que la medida est\u00e1 siendo contraproducente para diversos sectores econ\u00f3micos.<\/span><\/p>\n<p style=\"text-align: justify;\"><span style=\"color: #000000;\">Luego de que se anunciara el retiro parcial de la medida, el l\u00edder empresarial reconoci\u00f3 que era algo necesario, aunque remarc\u00f3 que es importante que la restricci\u00f3n se retire de manera total, pues hay giros comerciales que as\u00ed lo requieren.<\/span><\/p>\n<p style=\"text-align: justify;\"><span style=\"color: #000000;\">\u00abEstas restricciones se deben levantar para que podamos seguir teniendo un desarrollo econ\u00f3mico y tengamos un poco m\u00e1s de solvencia econ\u00f3mica, al nivel empresarial o al nivel peque\u00f1o comercio\u00bb, se\u00f1al\u00f3.<\/span><\/p>\n<p><img loading=\"lazy\" decoding=\"async\" class=\"wp-image-65872 aligncenter\" src=\"https:\/\/reporteroshoy.mx\/noticias\/wp-content\/uploads\/2021\/06\/Restriccion-vehicular1.jpg\" alt=\"\" width=\"651\" height=\"366\" \/><\/p>\n<p style=\"text-align: justify;\"><span style=\"color: #000000;\">\u00abEn el caso de las tienditas, cerrar m\u00e1s tarde les permit\u00eda tener un poco m\u00e1s de ingresos, pero con la restricci\u00f3n eso no se pod\u00eda realizar\u00bb, apunt\u00f3.<\/span><\/p>\n<p style=\"text-align: justify;\"><span style=\"color: #000000;\">Como se inform\u00f3 en su oportunidad, la restricci\u00f3n vehicular se retir\u00f3 de domingo a mi\u00e9rcoles, permaneciendo de jueves a s\u00e1bado de 11:30 PM a 05:30 AM.<\/span><\/p>\n<p style=\"text-align: justify;\"><span style=\"color: #000000;\">Sin embargo, Carde\u00f1a Licona insisti\u00f3 en que esto no debe hacerse de manera parcial, por lo que confi\u00f3 en que pronto se retire la medida.<\/span><\/p>\n<p style=\"text-align: justify;\"><span style=\"color: #000000;\">Dijo que para ello tambi\u00e9n es crucial la participaci\u00f3n social por lo que pidi\u00f3 a los ciudadanos contribuir con el respeto a las medidas de salud, que permitan que las autoridades retiren las restricciones obligatorias.<\/span><\/p>\n<p style=\"text-align: justify;\"><span style=\"color: #000000;\">\u00abConminamos a la gente a que se respeten los protocolos de salud establecidos por las autoridades, ya que esto tambi\u00e9n nos ayudar\u00e1 a agilizar la apertura comercial\u00bb, concluy\u00f3.<\/span><\/p>\n","protected":false},"excerpt":{"rendered":"<p>El l\u00edder de los peque\u00f1os comerciantes en M\u00e9rida, Jorge Carde\u00f1a Licona, pugn\u00f3 porque se elimine el \u2018toque de queda\u2019 nocturno ya que asegura que la medida es contraproducente para diversos negocios.<\/p>\n","protected":false},"author":2,"featured_media":65872,"comment_status":"open","ping_status":"closed","sticky":false,"template":"","format":"standard","meta":{"footnotes":""},"categories":[17],"tags":[1218,11166,17542,19161],"class_list":["post-72036","post","type-post","status-publish","format-standard","has-post-thumbnail","hentry","category-yucatan","tag-canacope","tag-jorge-cardena-licona","tag-restriccion-vehicular","tag-toque-de-queda-vehicular"],"yoast_head":"<!-- This site is optimized with the Yoast SEO plugin v28.4 - https:\/\/yoast.com\/product\/yoast-seo-wordpress\/ -->\n<title>Piden retirar restricci\u00f3n vehicular toda la semana y no solo unos d\u00edas<\/title>\n<meta name=\"description\" content=\"El l\u00edder de los peque\u00f1os comerciantes en M\u00e9rida, Jorge Carde\u00f1a Licona, pugn\u00f3 porque se elimine el \u2018toque de queda\u2019 nocturno ya que asegura que la medida es contraproducente para diversos negocios.\" \/>\n<meta name=\"robots\" content=\"index, follow, max-snippet:-1, max-image-preview:large, max-video-preview:-1\" \/>\n<link rel=\"canonical\" href=\"https:\/\/reporteroshoy.mx\/noticias\/piden-retirar-restriccion-vehicular-toda-la-semana-y-no-solo-unos-dias\/\" \/>\n<meta property=\"og:locale\" content=\"es_ES\" \/>\n<meta property=\"og:type\" content=\"article\" \/>\n<meta property=\"og:title\" content=\"Piden retirar restricci\u00f3n vehicular toda la semana y no solo unos d\u00edas\" \/>\n<meta property=\"og:description\" content=\"El l\u00edder de los peque\u00f1os comerciantes en M\u00e9rida, Jorge Carde\u00f1a Licona, pugn\u00f3 porque se elimine el \u2018toque de queda\u2019 nocturno ya que asegura que la medida es contraproducente para diversos negocios.\" \/>\n<meta property=\"og:url\" content=\"https:\/\/reporteroshoy.mx\/noticias\/piden-retirar-restriccion-vehicular-toda-la-semana-y-no-solo-unos-dias\/\" \/>\n<meta property=\"og:site_name\" content=\"Reporteros Hoy | Noticias de Yucat\u00e1n\" \/>\n<meta property=\"article:publisher\" content=\"http:\/\/www.facebook.com\/reporteroshoymx\" \/>\n<meta property=\"article:published_time\" content=\"2021-09-18T22:54:15+00:00\" \/>\n<meta property=\"og:image\" content=\"https:\/\/reporteroshoy.mx\/noticias\/wp-content\/uploads\/2021\/06\/Restriccion-vehicular1.jpg\" \/>\n\t<meta property=\"og:image:width\" content=\"768\" \/>\n\t<meta property=\"og:image:height\" content=\"432\" \/>\n\t<meta property=\"og:image:type\" content=\"image\/jpeg\" \/>\n<meta name=\"author\" content=\"Reporteros Hoy HY\" \/>\n<meta name=\"twitter:card\" content=\"summary_large_image\" \/>\n<meta name=\"twitter:creator\" content=\"@reporteroshoy\" \/>\n<meta name=\"twitter:site\" content=\"@reporteroshoy\" \/>\n<meta name=\"twitter:label1\" content=\"Escrito por\" \/>\n\t<meta name=\"twitter:data1\" content=\"Reporteros Hoy HY\" \/>\n\t<meta name=\"twitter:label2\" content=\"Tiempo de lectura\" \/>\n\t<meta name=\"twitter:data2\" content=\"1 minuto\" \/>\n<script type=\"application\/ld+json\" class=\"yoast-schema-graph\">{\"@context\":\"https:\\\/\\\/schema.org\",\"@graph\":[{\"@type\":\"Article\",\"@id\":\"https:\\\/\\\/reporteroshoy.mx\\\/noticias\\\/piden-retirar-restriccion-vehicular-toda-la-semana-y-no-solo-unos-dias\\\/#article\",\"isPartOf\":{\"@id\":\"https:\\\/\\\/reporteroshoy.mx\\\/noticias\\\/piden-retirar-restriccion-vehicular-toda-la-semana-y-no-solo-unos-dias\\\/\"},\"author\":{\"name\":\"Reporteros Hoy HY\",\"@id\":\"https:\\\/\\\/reporteroshoy.mx\\\/noticias\\\/#\\\/schema\\\/person\\\/d32189074678a9d41498d4248e29aac3\"},\"headline\":\"Piden retirar restricci\u00f3n vehicular toda la semana y no solo unos d\u00edas\",\"datePublished\":\"2021-09-18T22:54:15+00:00\",\"mainEntityOfPage\":{\"@id\":\"https:\\\/\\\/reporteroshoy.mx\\\/noticias\\\/piden-retirar-restriccion-vehicular-toda-la-semana-y-no-solo-unos-dias\\\/\"},\"wordCount\":296,\"commentCount\":0,\"image\":{\"@id\":\"https:\\\/\\\/reporteroshoy.mx\\\/noticias\\\/piden-retirar-restriccion-vehicular-toda-la-semana-y-no-solo-unos-dias\\\/#primaryimage\"},\"thumbnailUrl\":\"https:\\\/\\\/reporteroshoy.mx\\\/noticias\\\/wp-content\\\/uploads\\\/2021\\\/06\\\/Restriccion-vehicular1.jpg\",\"keywords\":[\"Canacope\",\"Jorge Carde\u00f1a Licona\",\"restricci\u00f3n vehicular\",\"toque de queda vehicular\"],\"articleSection\":[\"Yucat\u00e1n\"],\"inLanguage\":\"es\",\"potentialAction\":[{\"@type\":\"CommentAction\",\"name\":\"Comment\",\"target\":[\"https:\\\/\\\/reporteroshoy.mx\\\/noticias\\\/piden-retirar-restriccion-vehicular-toda-la-semana-y-no-solo-unos-dias\\\/#respond\"]}]},{\"@type\":\"WebPage\",\"@id\":\"https:\\\/\\\/reporteroshoy.mx\\\/noticias\\\/piden-retirar-restriccion-vehicular-toda-la-semana-y-no-solo-unos-dias\\\/\",\"url\":\"https:\\\/\\\/reporteroshoy.mx\\\/noticias\\\/piden-retirar-restriccion-vehicular-toda-la-semana-y-no-solo-unos-dias\\\/\",\"name\":\"Piden retirar restricci\u00f3n vehicular toda la semana y no solo unos d\u00edas\",\"isPartOf\":{\"@id\":\"https:\\\/\\\/reporteroshoy.mx\\\/noticias\\\/#website\"},\"primaryImageOfPage\":{\"@id\":\"https:\\\/\\\/reporteroshoy.mx\\\/noticias\\\/piden-retirar-restriccion-vehicular-toda-la-semana-y-no-solo-unos-dias\\\/#primaryimage\"},\"image\":{\"@id\":\"https:\\\/\\\/reporteroshoy.mx\\\/noticias\\\/piden-retirar-restriccion-vehicular-toda-la-semana-y-no-solo-unos-dias\\\/#primaryimage\"},\"thumbnailUrl\":\"https:\\\/\\\/reporteroshoy.mx\\\/noticias\\\/wp-content\\\/uploads\\\/2021\\\/06\\\/Restriccion-vehicular1.jpg\",\"datePublished\":\"2021-09-18T22:54:15+00:00\",\"author\":{\"@id\":\"https:\\\/\\\/reporteroshoy.mx\\\/noticias\\\/#\\\/schema\\\/person\\\/d32189074678a9d41498d4248e29aac3\"},\"description\":\"El l\u00edder de los peque\u00f1os comerciantes en M\u00e9rida, Jorge Carde\u00f1a Licona, pugn\u00f3 porque se elimine el \u2018toque de queda\u2019 nocturno ya que asegura que la medida es contraproducente para diversos negocios.\",\"breadcrumb\":{\"@id\":\"https:\\\/\\\/reporteroshoy.mx\\\/noticias\\\/piden-retirar-restriccion-vehicular-toda-la-semana-y-no-solo-unos-dias\\\/#breadcrumb\"},\"inLanguage\":\"es\",\"potentialAction\":[{\"@type\":\"ReadAction\",\"target\":[\"https:\\\/\\\/reporteroshoy.mx\\\/noticias\\\/piden-retirar-restriccion-vehicular-toda-la-semana-y-no-solo-unos-dias\\\/\"]}]},{\"@type\":\"ImageObject\",\"inLanguage\":\"es\",\"@id\":\"https:\\\/\\\/reporteroshoy.mx\\\/noticias\\\/piden-retirar-restriccion-vehicular-toda-la-semana-y-no-solo-unos-dias\\\/#primaryimage\",\"url\":\"https:\\\/\\\/reporteroshoy.mx\\\/noticias\\\/wp-content\\\/uploads\\\/2021\\\/06\\\/Restriccion-vehicular1.jpg\",\"contentUrl\":\"https:\\\/\\\/reporteroshoy.mx\\\/noticias\\\/wp-content\\\/uploads\\\/2021\\\/06\\\/Restriccion-vehicular1.jpg\",\"width\":768,\"height\":432},{\"@type\":\"BreadcrumbList\",\"@id\":\"https:\\\/\\\/reporteroshoy.mx\\\/noticias\\\/piden-retirar-restriccion-vehicular-toda-la-semana-y-no-solo-unos-dias\\\/#breadcrumb\",\"itemListElement\":[{\"@type\":\"ListItem\",\"position\":1,\"name\":\"Portada\",\"item\":\"https:\\\/\\\/reporteroshoy.mx\\\/noticias\\\/\"},{\"@type\":\"ListItem\",\"position\":2,\"name\":\"Piden retirar restricci\u00f3n vehicular toda la semana y no solo unos d\u00edas\"}]},{\"@type\":\"WebSite\",\"@id\":\"https:\\\/\\\/reporteroshoy.mx\\\/noticias\\\/#website\",\"url\":\"https:\\\/\\\/reporteroshoy.mx\\\/noticias\\\/\",\"name\":\"Reporteros Hoy | Noticias de Yucat\u00e1n\",\"description\":\"Peri\u00f3dico digital con noticias diarias desde M\u00e9rida, Yucat\u00e1n para el mundo.\",\"potentialAction\":[{\"@type\":\"SearchAction\",\"target\":{\"@type\":\"EntryPoint\",\"urlTemplate\":\"https:\\\/\\\/reporteroshoy.mx\\\/noticias\\\/?s={search_term_string}\"},\"query-input\":{\"@type\":\"PropertyValueSpecification\",\"valueRequired\":true,\"valueName\":\"search_term_string\"}}],\"inLanguage\":\"es\"},{\"@type\":\"Person\",\"@id\":\"https:\\\/\\\/reporteroshoy.mx\\\/noticias\\\/#\\\/schema\\\/person\\\/d32189074678a9d41498d4248e29aac3\",\"name\":\"Reporteros Hoy HY\",\"image\":{\"@type\":\"ImageObject\",\"inLanguage\":\"es\",\"@id\":\"https:\\\/\\\/secure.gravatar.com\\\/avatar\\\/c539a82770f256437b35bda44650bb50f5fd4b7017f8b29672ed9f27a43cec47?s=96&d=mm&r=g\",\"url\":\"https:\\\/\\\/secure.gravatar.com\\\/avatar\\\/c539a82770f256437b35bda44650bb50f5fd4b7017f8b29672ed9f27a43cec47?s=96&d=mm&r=g\",\"contentUrl\":\"https:\\\/\\\/secure.gravatar.com\\\/avatar\\\/c539a82770f256437b35bda44650bb50f5fd4b7017f8b29672ed9f27a43cec47?s=96&d=mm&r=g\",\"caption\":\"Reporteros Hoy HY\"},\"url\":\"https:\\\/\\\/reporteroshoy.mx\\\/noticias\\\/author\\\/thelmo\\\/\"}]}<\/script>\n<!-- \/ Yoast SEO plugin. -->","yoast_head_json":{"title":"Piden retirar restricci\u00f3n vehicular toda la semana y no solo unos d\u00edas","description":"El l\u00edder de los peque\u00f1os comerciantes en M\u00e9rida, Jorge Carde\u00f1a Licona, pugn\u00f3 porque se elimine el \u2018toque de queda\u2019 nocturno ya que asegura que la medida es contraproducente para diversos negocios.","robots":{"index":"index","follow":"follow","max-snippet":"max-snippet:-1","max-image-preview":"max-image-preview:large","max-video-preview":"max-video-preview:-1"},"canonical":"https:\/\/reporteroshoy.mx\/noticias\/piden-retirar-restriccion-vehicular-toda-la-semana-y-no-solo-unos-dias\/","og_locale":"es_ES","og_type":"article","og_title":"Piden retirar restricci\u00f3n vehicular toda la semana y no solo unos d\u00edas","og_description":"El l\u00edder de los peque\u00f1os comerciantes en M\u00e9rida, Jorge Carde\u00f1a Licona, pugn\u00f3 porque se elimine el \u2018toque de queda\u2019 nocturno ya que asegura que la medida es contraproducente para diversos negocios.","og_url":"https:\/\/reporteroshoy.mx\/noticias\/piden-retirar-restriccion-vehicular-toda-la-semana-y-no-solo-unos-dias\/","og_site_name":"Reporteros Hoy | Noticias de Yucat\u00e1n","article_publisher":"http:\/\/www.facebook.com\/reporteroshoymx","article_published_time":"2021-09-18T22:54:15+00:00","og_image":[{"width":768,"height":432,"url":"https:\/\/reporteroshoy.mx\/noticias\/wp-content\/uploads\/2021\/06\/Restriccion-vehicular1.jpg","type":"image\/jpeg"}],"author":"Reporteros Hoy HY","twitter_card":"summary_large_image","twitter_creator":"@reporteroshoy","twitter_site":"@reporteroshoy","twitter_misc":{"Escrito por":"Reporteros Hoy HY","Tiempo de lectura":"1 minuto"},"schema":{"@context":"https:\/\/schema.org","@graph":[{"@type":"Article","@id":"https:\/\/reporteroshoy.mx\/noticias\/piden-retirar-restriccion-vehicular-toda-la-semana-y-no-solo-unos-dias\/#article","isPartOf":{"@id":"https:\/\/reporteroshoy.mx\/noticias\/piden-retirar-restriccion-vehicular-toda-la-semana-y-no-solo-unos-dias\/"},"author":{"name":"Reporteros Hoy HY","@id":"https:\/\/reporteroshoy.mx\/noticias\/#\/schema\/person\/d32189074678a9d41498d4248e29aac3"},"headline":"Piden retirar restricci\u00f3n vehicular toda la semana y no solo unos d\u00edas","datePublished":"2021-09-18T22:54:15+00:00","mainEntityOfPage":{"@id":"https:\/\/reporteroshoy.mx\/noticias\/piden-retirar-restriccion-vehicular-toda-la-semana-y-no-solo-unos-dias\/"},"wordCount":296,"commentCount":0,"image":{"@id":"https:\/\/reporteroshoy.mx\/noticias\/piden-retirar-restriccion-vehicular-toda-la-semana-y-no-solo-unos-dias\/#primaryimage"},"thumbnailUrl":"https:\/\/reporteroshoy.mx\/noticias\/wp-content\/uploads\/2021\/06\/Restriccion-vehicular1.jpg","keywords":["Canacope","Jorge Carde\u00f1a Licona","restricci\u00f3n vehicular","toque de queda vehicular"],"articleSection":["Yucat\u00e1n"],"inLanguage":"es","potentialAction":[{"@type":"CommentAction","name":"Comment","target":["https:\/\/reporteroshoy.mx\/noticias\/piden-retirar-restriccion-vehicular-toda-la-semana-y-no-solo-unos-dias\/#respond"]}]},{"@type":"WebPage","@id":"https:\/\/reporteroshoy.mx\/noticias\/piden-retirar-restriccion-vehicular-toda-la-semana-y-no-solo-unos-dias\/","url":"https:\/\/reporteroshoy.mx\/noticias\/piden-retirar-restriccion-vehicular-toda-la-semana-y-no-solo-unos-dias\/","name":"Piden retirar restricci\u00f3n vehicular toda la semana y no solo unos d\u00edas","isPartOf":{"@id":"https:\/\/reporteroshoy.mx\/noticias\/#website"},"primaryImageOfPage":{"@id":"https:\/\/reporteroshoy.mx\/noticias\/piden-retirar-restriccion-vehicular-toda-la-semana-y-no-solo-unos-dias\/#primaryimage"},"image":{"@id":"https:\/\/reporteroshoy.mx\/noticias\/piden-retirar-restriccion-vehicular-toda-la-semana-y-no-solo-unos-dias\/#primaryimage"},"thumbnailUrl":"https:\/\/reporteroshoy.mx\/noticias\/wp-content\/uploads\/2021\/06\/Restriccion-vehicular1.jpg","datePublished":"2021-09-18T22:54:15+00:00","author":{"@id":"https:\/\/reporteroshoy.mx\/noticias\/#\/schema\/person\/d32189074678a9d41498d4248e29aac3"},"description":"El l\u00edder de los peque\u00f1os comerciantes en M\u00e9rida, Jorge Carde\u00f1a Licona, pugn\u00f3 porque se elimine el \u2018toque de queda\u2019 nocturno ya que asegura que la medida es contraproducente para diversos negocios.","breadcrumb":{"@id":"https:\/\/reporteroshoy.mx\/noticias\/piden-retirar-restriccion-vehicular-toda-la-semana-y-no-solo-unos-dias\/#breadcrumb"},"inLanguage":"es","potentialAction":[{"@type":"ReadAction","target":["https:\/\/reporteroshoy.mx\/noticias\/piden-retirar-restriccion-vehicular-toda-la-semana-y-no-solo-unos-dias\/"]}]},{"@type":"ImageObject","inLanguage":"es","@id":"https:\/\/reporteroshoy.mx\/noticias\/piden-retirar-restriccion-vehicular-toda-la-semana-y-no-solo-unos-dias\/#primaryimage","url":"https:\/\/reporteroshoy.mx\/noticias\/wp-content\/uploads\/2021\/06\/Restriccion-vehicular1.jpg","contentUrl":"https:\/\/reporteroshoy.mx\/noticias\/wp-content\/uploads\/2021\/06\/Restriccion-vehicular1.jpg","width":768,"height":432},{"@type":"BreadcrumbList","@id":"https:\/\/reporteroshoy.mx\/noticias\/piden-retirar-restriccion-vehicular-toda-la-semana-y-no-solo-unos-dias\/#breadcrumb","itemListElement":[{"@type":"ListItem","position":1,"name":"Portada","item":"https:\/\/reporteroshoy.mx\/noticias\/"},{"@type":"ListItem","position":2,"name":"Piden retirar restricci\u00f3n vehicular toda la semana y no solo unos d\u00edas"}]},{"@type":"WebSite","@id":"https:\/\/reporteroshoy.mx\/noticias\/#website","url":"https:\/\/reporteroshoy.mx\/noticias\/","name":"Reporteros Hoy | Noticias de Yucat\u00e1n","description":"Peri\u00f3dico digital con noticias diarias desde M\u00e9rida, Yucat\u00e1n para el mundo.","potentialAction":[{"@type":"SearchAction","target":{"@type":"EntryPoint","urlTemplate":"https:\/\/reporteroshoy.mx\/noticias\/?s={search_term_string}"},"query-input":{"@type":"PropertyValueSpecification","valueRequired":true,"valueName":"search_term_string"}}],"inLanguage":"es"},{"@type":"Person","@id":"https:\/\/reporteroshoy.mx\/noticias\/#\/schema\/person\/d32189074678a9d41498d4248e29aac3","name":"Reporteros Hoy HY","image":{"@type":"ImageObject","inLanguage":"es","@id":"https:\/\/secure.gravatar.com\/avatar\/c539a82770f256437b35bda44650bb50f5fd4b7017f8b29672ed9f27a43cec47?s=96&d=mm&r=g","url":"https:\/\/secure.gravatar.com\/avatar\/c539a82770f256437b35bda44650bb50f5fd4b7017f8b29672ed9f27a43cec47?s=96&d=mm&r=g","contentUrl":"https:\/\/secure.gravatar.com\/avatar\/c539a82770f256437b35bda44650bb50f5fd4b7017f8b29672ed9f27a43cec47?s=96&d=mm&r=g","caption":"Reporteros Hoy HY"},"url":"https:\/\/reporteroshoy.mx\/noticias\/author\/thelmo\/"}]}},"_links":{"self":[{"href":"https:\/\/reporteroshoy.mx\/noticias\/wp-json\/wp\/v2\/posts\/72036","targetHints":{"allow":["GET"]}}],"collection":[{"href":"https:\/\/reporteroshoy.mx\/noticias\/wp-json\/wp\/v2\/posts"}],"about":[{"href":"https:\/\/reporteroshoy.mx\/noticias\/wp-json\/wp\/v2\/types\/post"}],"author":[{"embeddable":true,"href":"https:\/\/reporteroshoy.mx\/noticias\/wp-json\/wp\/v2\/users\/2"}],"replies":[{"embeddable":true,"href":"https:\/\/reporteroshoy.mx\/noticias\/wp-json\/wp\/v2\/comments?post=72036"}],"version-history":[{"count":0,"href":"https:\/\/reporteroshoy.mx\/noticias\/wp-json\/wp\/v2\/posts\/72036\/revisions"}],"wp:featuredmedia":[{"embeddable":true,"href":"https:\/\/reporteroshoy.mx\/noticias\/wp-json\/wp\/v2\/media\/65872"}],"wp:attachment":[{"href":"https:\/\/reporteroshoy.mx\/noticias\/wp-json\/wp\/v2\/media?parent=72036"}],"wp:term":[{"taxonomy":"category","embeddable":true,"href":"https:\/\/reporteroshoy.mx\/noticias\/wp-json\/wp\/v2\/categories?post=72036"},{"taxonomy":"post_tag","embeddable":true,"href":"https:\/\/reporteroshoy.mx\/noticias\/wp-json\/wp\/v2\/tags?post=72036"}],"curies":[{"name":"wp","href":"https:\/\/api.w.org\/{rel}","templated":true}]}}