{"id":72083,"date":"2021-09-19T16:31:10","date_gmt":"2021-09-19T21:31:10","guid":{"rendered":"https:\/\/reporteroshoy.mx\/noticias\/?p=72083"},"modified":"2021-09-19T16:31:10","modified_gmt":"2021-09-19T21:31:10","slug":"sigue-la-rehabilitacion-del-paso-deprimido","status":"publish","type":"post","link":"https:\/\/reporteroshoy.mx\/noticias\/sigue-la-rehabilitacion-del-paso-deprimido\/","title":{"rendered":"Sigue la rehabilitaci\u00f3n del paso deprimido"},"content":{"rendered":"<p style=\"text-align: justify;\">M\u00e9rida, Yucat\u00e1n; 19 de septiembre de 2021.- La rehabilitaci\u00f3n del distribuidor vial ubicado en Prolongaci\u00f3n de Montejo presenta avances importantes en la elevaci\u00f3n de 1.50 metros de la superficie de rodamiento para evitar afectaciones ante posibles inundaciones, cumpliendo con el programa del proyecto aprobado y contratado para estas tareas.<\/p>\n<p style=\"text-align: justify;\">En esta semana se realiz\u00f3 la demolici\u00f3n y retiro de escombros del camell\u00f3n central de la parte norte del paso a desnivel al quedar liberado de la tuber\u00eda de conducci\u00f3n de aguas que se desalojan, asimismo se continu\u00f3 con la demolici\u00f3n y retiro de escombros en la rampa norte.<\/p>\n<p><img loading=\"lazy\" decoding=\"async\" class=\"wp-image-72084 aligncenter\" src=\"https:\/\/reporteroshoy.mx\/noticias\/wp-content\/uploads\/2021\/09\/Paso-deprimido1.jpeg\" alt=\"\" width=\"598\" height=\"337\" \/><\/p>\n<p style=\"text-align: justify;\">Trabajadores de la empresa Sacb\u00e9 Construcciones, que lleva a cabo este proyecto, precisaron que en la parte central del interior del distribuidor vial, conocida como el t\u00fanel, se aprovech\u00f3 la reubicaci\u00f3n de las bombas temporales de extracci\u00f3n de aguas del manto fre\u00e1tico para trabajar en el colado y relleno de 30 metros cuadrados del antiguo c\u00e1rcamo, este colado se realiz\u00f3 con el concreto conocido como cicl\u00f3peo.<\/p>\n<p style=\"text-align: justify;\">Asimismo, se\u00f1alaron que en la misma zona del t\u00fanel se concluy\u00f3 el relleno y envoltura del material p\u00e9treo con la membrana geo-textil con una superficie de 210 metros cuadrados, quedando por ejecutar el armado de acero que permitir\u00e1 una mayor resistencia y fortaleza a la nueva superficie de rodamiento de concreto hidr\u00e1ulico de alta resistencia, la membrana geo-textil y el material p\u00e9treo se colocaron sobre un piedraplen que acompa\u00f1a de manera lateral a la nueva cisterna herm\u00e9tica del paso a desnivel.<\/p>\n<p style=\"text-align: justify;\">Tambi\u00e9n, indicaron que en la parte sur del paso a desnivel se trabaja en el armado de acero que dar\u00e1 forma al canal central, en esta misma zona contin\u00faan los trabajos de armado de acero de 450 metros cuadrados que al colarse se sumaran a los 420 metros cuadrados de superficie de rodamiento coladas la semana pasada, uniendo de esta forma la rampa con la zona del t\u00fanel.<\/p>\n<p><img loading=\"lazy\" decoding=\"async\" class=\"wp-image-72085 aligncenter\" src=\"https:\/\/reporteroshoy.mx\/noticias\/wp-content\/uploads\/2021\/09\/Paso-deprimido2.jpeg\" alt=\"\" width=\"600\" height=\"338\" \/><\/p>\n<p style=\"text-align: justify;\">Destacaron que hasta el momento en la zona de trabajos han ingresado 320 toneladas de acero, 140 metros c\u00fabicos de piedras y m\u00e1s de 600 metros c\u00fabicos de concreto hidr\u00e1ulico de diversas caracter\u00edsticas seg\u00fan su uso, pero siempre de alta resistencia.<\/p>\n<p style=\"text-align: justify;\">Se inform\u00f3 que la Direcci\u00f3n de Obras P\u00fablicas del Ayuntamiento de M\u00e9rida en coordinaci\u00f3n con el Colegio de Ingenieros Civiles de Yucat\u00e1n, A. C. se mantienen al pendiente de la obra y realizan una constante supervisi\u00f3n en el sitio de la rehabilitaci\u00f3n, verificando que los trabajos se realicen de acuerdo con lo se\u00f1alado en el proyecto.<\/p>\n","protected":false},"excerpt":{"rendered":"<p>La rehabilitaci\u00f3n del distribuidor vial presenta avances en la elevaci\u00f3n de 1.50 metros de la superficie de rodamiento que evitar\u00e1 posibles inundaciones.<\/p>\n","protected":false},"author":9,"featured_media":72086,"comment_status":"open","ping_status":"closed","sticky":false,"template":"","format":"standard","meta":{"footnotes":""},"categories":[7],"tags":[24,12250,26],"class_list":["post-72083","post","type-post","status-publish","format-standard","has-post-thumbnail","hentry","category-gobierno","tag-ayuntamiento-de-merida","tag-paso-deprimido","tag-renan-barrera"],"yoast_head":"<!-- This site is optimized with the Yoast SEO plugin v28.3 - https:\/\/yoast.com\/product\/yoast-seo-wordpress\/ -->\n<title>Sigue la rehabilitaci\u00f3n del paso deprimido<\/title>\n<meta name=\"description\" content=\"La rehabilitaci\u00f3n del distribuidor vial presenta avances en la elevaci\u00f3n de 1.50 metros de la superficie de rodamiento que evitar\u00e1 posibles inundaciones.\" \/>\n<meta name=\"robots\" content=\"index, follow, max-snippet:-1, max-image-preview:large, max-video-preview:-1\" \/>\n<link rel=\"canonical\" href=\"https:\/\/reporteroshoy.mx\/noticias\/sigue-la-rehabilitacion-del-paso-deprimido\/\" \/>\n<meta property=\"og:locale\" content=\"es_ES\" \/>\n<meta property=\"og:type\" content=\"article\" \/>\n<meta property=\"og:title\" content=\"Sigue la rehabilitaci\u00f3n del paso deprimido\" \/>\n<meta property=\"og:description\" content=\"La rehabilitaci\u00f3n del distribuidor vial presenta avances en la elevaci\u00f3n de 1.50 metros de la superficie de rodamiento que evitar\u00e1 posibles inundaciones.\" \/>\n<meta property=\"og:url\" content=\"https:\/\/reporteroshoy.mx\/noticias\/sigue-la-rehabilitacion-del-paso-deprimido\/\" \/>\n<meta property=\"og:site_name\" content=\"Reporteros Hoy | Noticias de Yucat\u00e1n\" \/>\n<meta property=\"article:publisher\" content=\"http:\/\/www.facebook.com\/reporteroshoymx\" \/>\n<meta property=\"article:published_time\" content=\"2021-09-19T21:31:10+00:00\" \/>\n<meta property=\"og:image\" content=\"https:\/\/reporteroshoy.mx\/noticias\/wp-content\/uploads\/2021\/09\/Paso-deprimido.jpeg\" \/>\n\t<meta property=\"og:image:width\" content=\"768\" \/>\n\t<meta property=\"og:image:height\" content=\"432\" \/>\n\t<meta property=\"og:image:type\" content=\"image\/jpeg\" \/>\n<meta name=\"author\" content=\"Reporteros Hoy WP\" \/>\n<meta name=\"twitter:card\" content=\"summary_large_image\" \/>\n<meta name=\"twitter:creator\" content=\"@reporteroshoy\" \/>\n<meta name=\"twitter:site\" content=\"@reporteroshoy\" \/>\n<meta name=\"twitter:label1\" content=\"Escrito por\" \/>\n\t<meta name=\"twitter:data1\" content=\"Reporteros Hoy WP\" \/>\n\t<meta name=\"twitter:label2\" content=\"Tiempo de lectura\" \/>\n\t<meta name=\"twitter:data2\" content=\"3 minutos\" \/>\n<script type=\"application\/ld+json\" class=\"yoast-schema-graph\">{\"@context\":\"https:\\\/\\\/schema.org\",\"@graph\":[{\"@type\":\"Article\",\"@id\":\"https:\\\/\\\/reporteroshoy.mx\\\/noticias\\\/sigue-la-rehabilitacion-del-paso-deprimido\\\/#article\",\"isPartOf\":{\"@id\":\"https:\\\/\\\/reporteroshoy.mx\\\/noticias\\\/sigue-la-rehabilitacion-del-paso-deprimido\\\/\"},\"author\":{\"name\":\"Reporteros Hoy WP\",\"@id\":\"https:\\\/\\\/reporteroshoy.mx\\\/noticias\\\/#\\\/schema\\\/person\\\/c977527e57c958a62c5cefe8fe47876e\"},\"headline\":\"Sigue la rehabilitaci\u00f3n del paso deprimido\",\"datePublished\":\"2021-09-19T21:31:10+00:00\",\"mainEntityOfPage\":{\"@id\":\"https:\\\/\\\/reporteroshoy.mx\\\/noticias\\\/sigue-la-rehabilitacion-del-paso-deprimido\\\/\"},\"wordCount\":448,\"commentCount\":0,\"image\":{\"@id\":\"https:\\\/\\\/reporteroshoy.mx\\\/noticias\\\/sigue-la-rehabilitacion-del-paso-deprimido\\\/#primaryimage\"},\"thumbnailUrl\":\"https:\\\/\\\/reporteroshoy.mx\\\/noticias\\\/wp-content\\\/uploads\\\/2021\\\/09\\\/Paso-deprimido.jpeg\",\"keywords\":[\"ayuntamiento de merida\",\"paso deprimido\",\"Renan Barrera\"],\"articleSection\":[\"Gobierno\"],\"inLanguage\":\"es\",\"potentialAction\":[{\"@type\":\"CommentAction\",\"name\":\"Comment\",\"target\":[\"https:\\\/\\\/reporteroshoy.mx\\\/noticias\\\/sigue-la-rehabilitacion-del-paso-deprimido\\\/#respond\"]}]},{\"@type\":\"WebPage\",\"@id\":\"https:\\\/\\\/reporteroshoy.mx\\\/noticias\\\/sigue-la-rehabilitacion-del-paso-deprimido\\\/\",\"url\":\"https:\\\/\\\/reporteroshoy.mx\\\/noticias\\\/sigue-la-rehabilitacion-del-paso-deprimido\\\/\",\"name\":\"Sigue la rehabilitaci\u00f3n del paso deprimido\",\"isPartOf\":{\"@id\":\"https:\\\/\\\/reporteroshoy.mx\\\/noticias\\\/#website\"},\"primaryImageOfPage\":{\"@id\":\"https:\\\/\\\/reporteroshoy.mx\\\/noticias\\\/sigue-la-rehabilitacion-del-paso-deprimido\\\/#primaryimage\"},\"image\":{\"@id\":\"https:\\\/\\\/reporteroshoy.mx\\\/noticias\\\/sigue-la-rehabilitacion-del-paso-deprimido\\\/#primaryimage\"},\"thumbnailUrl\":\"https:\\\/\\\/reporteroshoy.mx\\\/noticias\\\/wp-content\\\/uploads\\\/2021\\\/09\\\/Paso-deprimido.jpeg\",\"datePublished\":\"2021-09-19T21:31:10+00:00\",\"author\":{\"@id\":\"https:\\\/\\\/reporteroshoy.mx\\\/noticias\\\/#\\\/schema\\\/person\\\/c977527e57c958a62c5cefe8fe47876e\"},\"description\":\"La rehabilitaci\u00f3n del distribuidor vial presenta avances en la elevaci\u00f3n de 1.50 metros de la superficie de rodamiento que evitar\u00e1 posibles inundaciones.\",\"breadcrumb\":{\"@id\":\"https:\\\/\\\/reporteroshoy.mx\\\/noticias\\\/sigue-la-rehabilitacion-del-paso-deprimido\\\/#breadcrumb\"},\"inLanguage\":\"es\",\"potentialAction\":[{\"@type\":\"ReadAction\",\"target\":[\"https:\\\/\\\/reporteroshoy.mx\\\/noticias\\\/sigue-la-rehabilitacion-del-paso-deprimido\\\/\"]}]},{\"@type\":\"ImageObject\",\"inLanguage\":\"es\",\"@id\":\"https:\\\/\\\/reporteroshoy.mx\\\/noticias\\\/sigue-la-rehabilitacion-del-paso-deprimido\\\/#primaryimage\",\"url\":\"https:\\\/\\\/reporteroshoy.mx\\\/noticias\\\/wp-content\\\/uploads\\\/2021\\\/09\\\/Paso-deprimido.jpeg\",\"contentUrl\":\"https:\\\/\\\/reporteroshoy.mx\\\/noticias\\\/wp-content\\\/uploads\\\/2021\\\/09\\\/Paso-deprimido.jpeg\",\"width\":768,\"height\":432},{\"@type\":\"BreadcrumbList\",\"@id\":\"https:\\\/\\\/reporteroshoy.mx\\\/noticias\\\/sigue-la-rehabilitacion-del-paso-deprimido\\\/#breadcrumb\",\"itemListElement\":[{\"@type\":\"ListItem\",\"position\":1,\"name\":\"Portada\",\"item\":\"https:\\\/\\\/reporteroshoy.mx\\\/noticias\\\/\"},{\"@type\":\"ListItem\",\"position\":2,\"name\":\"Sigue la rehabilitaci\u00f3n del paso deprimido\"}]},{\"@type\":\"WebSite\",\"@id\":\"https:\\\/\\\/reporteroshoy.mx\\\/noticias\\\/#website\",\"url\":\"https:\\\/\\\/reporteroshoy.mx\\\/noticias\\\/\",\"name\":\"Reporteros Hoy | Noticias de Yucat\u00e1n\",\"description\":\"Peri\u00f3dico digital con noticias diarias desde M\u00e9rida, Yucat\u00e1n para el mundo.\",\"potentialAction\":[{\"@type\":\"SearchAction\",\"target\":{\"@type\":\"EntryPoint\",\"urlTemplate\":\"https:\\\/\\\/reporteroshoy.mx\\\/noticias\\\/?s={search_term_string}\"},\"query-input\":{\"@type\":\"PropertyValueSpecification\",\"valueRequired\":true,\"valueName\":\"search_term_string\"}}],\"inLanguage\":\"es\"},{\"@type\":\"Person\",\"@id\":\"https:\\\/\\\/reporteroshoy.mx\\\/noticias\\\/#\\\/schema\\\/person\\\/c977527e57c958a62c5cefe8fe47876e\",\"name\":\"Reporteros Hoy WP\",\"image\":{\"@type\":\"ImageObject\",\"inLanguage\":\"es\",\"@id\":\"https:\\\/\\\/secure.gravatar.com\\\/avatar\\\/fd2917f79a7dae30f8ac9ddc2f35e1756bb59e25e01d1cd09deaa64df7b2f73e?s=96&d=mm&r=g\",\"url\":\"https:\\\/\\\/secure.gravatar.com\\\/avatar\\\/fd2917f79a7dae30f8ac9ddc2f35e1756bb59e25e01d1cd09deaa64df7b2f73e?s=96&d=mm&r=g\",\"contentUrl\":\"https:\\\/\\\/secure.gravatar.com\\\/avatar\\\/fd2917f79a7dae30f8ac9ddc2f35e1756bb59e25e01d1cd09deaa64df7b2f73e?s=96&d=mm&r=g\",\"caption\":\"Reporteros Hoy WP\"},\"url\":\"https:\\\/\\\/reporteroshoy.mx\\\/noticias\\\/author\\\/walfer\\\/\"}]}<\/script>\n<!-- \/ Yoast SEO plugin. -->","yoast_head_json":{"title":"Sigue la rehabilitaci\u00f3n del paso deprimido","description":"La rehabilitaci\u00f3n del distribuidor vial presenta avances en la elevaci\u00f3n de 1.50 metros de la superficie de rodamiento que evitar\u00e1 posibles inundaciones.","robots":{"index":"index","follow":"follow","max-snippet":"max-snippet:-1","max-image-preview":"max-image-preview:large","max-video-preview":"max-video-preview:-1"},"canonical":"https:\/\/reporteroshoy.mx\/noticias\/sigue-la-rehabilitacion-del-paso-deprimido\/","og_locale":"es_ES","og_type":"article","og_title":"Sigue la rehabilitaci\u00f3n del paso deprimido","og_description":"La rehabilitaci\u00f3n del distribuidor vial presenta avances en la elevaci\u00f3n de 1.50 metros de la superficie de rodamiento que evitar\u00e1 posibles inundaciones.","og_url":"https:\/\/reporteroshoy.mx\/noticias\/sigue-la-rehabilitacion-del-paso-deprimido\/","og_site_name":"Reporteros Hoy | Noticias de Yucat\u00e1n","article_publisher":"http:\/\/www.facebook.com\/reporteroshoymx","article_published_time":"2021-09-19T21:31:10+00:00","og_image":[{"width":768,"height":432,"url":"https:\/\/reporteroshoy.mx\/noticias\/wp-content\/uploads\/2021\/09\/Paso-deprimido.jpeg","type":"image\/jpeg"}],"author":"Reporteros Hoy WP","twitter_card":"summary_large_image","twitter_creator":"@reporteroshoy","twitter_site":"@reporteroshoy","twitter_misc":{"Escrito por":"Reporteros Hoy WP","Tiempo de lectura":"3 minutos"},"schema":{"@context":"https:\/\/schema.org","@graph":[{"@type":"Article","@id":"https:\/\/reporteroshoy.mx\/noticias\/sigue-la-rehabilitacion-del-paso-deprimido\/#article","isPartOf":{"@id":"https:\/\/reporteroshoy.mx\/noticias\/sigue-la-rehabilitacion-del-paso-deprimido\/"},"author":{"name":"Reporteros Hoy WP","@id":"https:\/\/reporteroshoy.mx\/noticias\/#\/schema\/person\/c977527e57c958a62c5cefe8fe47876e"},"headline":"Sigue la rehabilitaci\u00f3n del paso deprimido","datePublished":"2021-09-19T21:31:10+00:00","mainEntityOfPage":{"@id":"https:\/\/reporteroshoy.mx\/noticias\/sigue-la-rehabilitacion-del-paso-deprimido\/"},"wordCount":448,"commentCount":0,"image":{"@id":"https:\/\/reporteroshoy.mx\/noticias\/sigue-la-rehabilitacion-del-paso-deprimido\/#primaryimage"},"thumbnailUrl":"https:\/\/reporteroshoy.mx\/noticias\/wp-content\/uploads\/2021\/09\/Paso-deprimido.jpeg","keywords":["ayuntamiento de merida","paso deprimido","Renan Barrera"],"articleSection":["Gobierno"],"inLanguage":"es","potentialAction":[{"@type":"CommentAction","name":"Comment","target":["https:\/\/reporteroshoy.mx\/noticias\/sigue-la-rehabilitacion-del-paso-deprimido\/#respond"]}]},{"@type":"WebPage","@id":"https:\/\/reporteroshoy.mx\/noticias\/sigue-la-rehabilitacion-del-paso-deprimido\/","url":"https:\/\/reporteroshoy.mx\/noticias\/sigue-la-rehabilitacion-del-paso-deprimido\/","name":"Sigue la rehabilitaci\u00f3n del paso deprimido","isPartOf":{"@id":"https:\/\/reporteroshoy.mx\/noticias\/#website"},"primaryImageOfPage":{"@id":"https:\/\/reporteroshoy.mx\/noticias\/sigue-la-rehabilitacion-del-paso-deprimido\/#primaryimage"},"image":{"@id":"https:\/\/reporteroshoy.mx\/noticias\/sigue-la-rehabilitacion-del-paso-deprimido\/#primaryimage"},"thumbnailUrl":"https:\/\/reporteroshoy.mx\/noticias\/wp-content\/uploads\/2021\/09\/Paso-deprimido.jpeg","datePublished":"2021-09-19T21:31:10+00:00","author":{"@id":"https:\/\/reporteroshoy.mx\/noticias\/#\/schema\/person\/c977527e57c958a62c5cefe8fe47876e"},"description":"La rehabilitaci\u00f3n del distribuidor vial presenta avances en la elevaci\u00f3n de 1.50 metros de la superficie de rodamiento que evitar\u00e1 posibles inundaciones.","breadcrumb":{"@id":"https:\/\/reporteroshoy.mx\/noticias\/sigue-la-rehabilitacion-del-paso-deprimido\/#breadcrumb"},"inLanguage":"es","potentialAction":[{"@type":"ReadAction","target":["https:\/\/reporteroshoy.mx\/noticias\/sigue-la-rehabilitacion-del-paso-deprimido\/"]}]},{"@type":"ImageObject","inLanguage":"es","@id":"https:\/\/reporteroshoy.mx\/noticias\/sigue-la-rehabilitacion-del-paso-deprimido\/#primaryimage","url":"https:\/\/reporteroshoy.mx\/noticias\/wp-content\/uploads\/2021\/09\/Paso-deprimido.jpeg","contentUrl":"https:\/\/reporteroshoy.mx\/noticias\/wp-content\/uploads\/2021\/09\/Paso-deprimido.jpeg","width":768,"height":432},{"@type":"BreadcrumbList","@id":"https:\/\/reporteroshoy.mx\/noticias\/sigue-la-rehabilitacion-del-paso-deprimido\/#breadcrumb","itemListElement":[{"@type":"ListItem","position":1,"name":"Portada","item":"https:\/\/reporteroshoy.mx\/noticias\/"},{"@type":"ListItem","position":2,"name":"Sigue la rehabilitaci\u00f3n del paso deprimido"}]},{"@type":"WebSite","@id":"https:\/\/reporteroshoy.mx\/noticias\/#website","url":"https:\/\/reporteroshoy.mx\/noticias\/","name":"Reporteros Hoy | Noticias de Yucat\u00e1n","description":"Peri\u00f3dico digital con noticias diarias desde M\u00e9rida, Yucat\u00e1n para el mundo.","potentialAction":[{"@type":"SearchAction","target":{"@type":"EntryPoint","urlTemplate":"https:\/\/reporteroshoy.mx\/noticias\/?s={search_term_string}"},"query-input":{"@type":"PropertyValueSpecification","valueRequired":true,"valueName":"search_term_string"}}],"inLanguage":"es"},{"@type":"Person","@id":"https:\/\/reporteroshoy.mx\/noticias\/#\/schema\/person\/c977527e57c958a62c5cefe8fe47876e","name":"Reporteros Hoy WP","image":{"@type":"ImageObject","inLanguage":"es","@id":"https:\/\/secure.gravatar.com\/avatar\/fd2917f79a7dae30f8ac9ddc2f35e1756bb59e25e01d1cd09deaa64df7b2f73e?s=96&d=mm&r=g","url":"https:\/\/secure.gravatar.com\/avatar\/fd2917f79a7dae30f8ac9ddc2f35e1756bb59e25e01d1cd09deaa64df7b2f73e?s=96&d=mm&r=g","contentUrl":"https:\/\/secure.gravatar.com\/avatar\/fd2917f79a7dae30f8ac9ddc2f35e1756bb59e25e01d1cd09deaa64df7b2f73e?s=96&d=mm&r=g","caption":"Reporteros Hoy WP"},"url":"https:\/\/reporteroshoy.mx\/noticias\/author\/walfer\/"}]}},"_links":{"self":[{"href":"https:\/\/reporteroshoy.mx\/noticias\/wp-json\/wp\/v2\/posts\/72083","targetHints":{"allow":["GET"]}}],"collection":[{"href":"https:\/\/reporteroshoy.mx\/noticias\/wp-json\/wp\/v2\/posts"}],"about":[{"href":"https:\/\/reporteroshoy.mx\/noticias\/wp-json\/wp\/v2\/types\/post"}],"author":[{"embeddable":true,"href":"https:\/\/reporteroshoy.mx\/noticias\/wp-json\/wp\/v2\/users\/9"}],"replies":[{"embeddable":true,"href":"https:\/\/reporteroshoy.mx\/noticias\/wp-json\/wp\/v2\/comments?post=72083"}],"version-history":[{"count":0,"href":"https:\/\/reporteroshoy.mx\/noticias\/wp-json\/wp\/v2\/posts\/72083\/revisions"}],"wp:featuredmedia":[{"embeddable":true,"href":"https:\/\/reporteroshoy.mx\/noticias\/wp-json\/wp\/v2\/media\/72086"}],"wp:attachment":[{"href":"https:\/\/reporteroshoy.mx\/noticias\/wp-json\/wp\/v2\/media?parent=72083"}],"wp:term":[{"taxonomy":"category","embeddable":true,"href":"https:\/\/reporteroshoy.mx\/noticias\/wp-json\/wp\/v2\/categories?post=72083"},{"taxonomy":"post_tag","embeddable":true,"href":"https:\/\/reporteroshoy.mx\/noticias\/wp-json\/wp\/v2\/tags?post=72083"}],"curies":[{"name":"wp","href":"https:\/\/api.w.org\/{rel}","templated":true}]}}