{"id":72153,"date":"2021-09-20T16:39:12","date_gmt":"2021-09-20T21:39:12","guid":{"rendered":"https:\/\/reporteroshoy.mx\/noticias\/?p=72153"},"modified":"2021-09-21T01:30:24","modified_gmt":"2021-09-21T06:30:24","slug":"eliminacion-de-la-restriccion-vehicular-acelerara-la-recuperacion-economica","status":"publish","type":"post","link":"https:\/\/reporteroshoy.mx\/noticias\/eliminacion-de-la-restriccion-vehicular-acelerara-la-recuperacion-economica\/","title":{"rendered":"Eliminaci\u00f3n de la restricci\u00f3n vehicular acelerar\u00e1 la recuperaci\u00f3n econ\u00f3mica"},"content":{"rendered":"<p style=\"text-align: justify;\">M\u00e9rida, Yucat\u00e1n; 20 de septiembre de 2021 (ACOM).- El retiro total de la restricci\u00f3n a la movilidad nocturna permitir\u00e1 acelerar el proceso de recuperaci\u00f3n econ\u00f3mica de Yucat\u00e1n, afirm\u00f3 Iv\u00e1n Rodr\u00edguez Gasque, presidente de la C\u00e1mara Nacional de Comercio (Canaco) de M\u00e9rida.<\/p>\n<div>\n<p style=\"text-align: justify;\">El l\u00edder empresarial se\u00f1al\u00f3 que esta disposici\u00f3n del gobierno estatal apenas es un primer paso, el cual se genera gracias al avance en la vacunaci\u00f3n contra el coronavirus en la entidad.<\/p>\n<p style=\"text-align: justify;\">\u00abLos fines de semana es cuando tenemos m\u00e1s movimiento, pero es un primer paso porque las condiciones de salud han ido avanzando y hemos tenido una estabilizaci\u00f3n en el n\u00famero de hospitalizados\u00bb, extern\u00f3.<\/p>\n<p><img loading=\"lazy\" decoding=\"async\" class=\"wp-image-72154 aligncenter\" src=\"https:\/\/reporteroshoy.mx\/noticias\/wp-content\/uploads\/2021\/09\/Restriccion-movilidad.jpg\" alt=\"\" width=\"599\" height=\"334\" \/><\/p>\n<p style=\"text-align: justify;\">Se\u00f1al\u00f3 que continuar\u00e1 el di\u00e1logo con las autoridades estatales en torno a los avances para la recuperaci\u00f3n econ\u00f3mica del estado, con miras a continuar con las estrategias de apertura econ\u00f3mica en la entidad.<\/p>\n<p style=\"text-align: justify;\">\u00abHoy, las cosas permiten estos cambios. Esperemos que, si las cosas van mejorando, un poquito m\u00e1s, por lo menos permanezcan estables\u00bb, se\u00f1al\u00f3.<\/p>\n<p style=\"text-align: justify;\">Como se ha informado, la Secretar\u00eda estatal de Salud anunci\u00f3 que no habr\u00e1 restricci\u00f3n vehicular de domingo a mi\u00e9rcoles, pues la medida solo aplicar\u00e1 de jueves a s\u00e1bado de 11:30 de la noche a 05:30 de la ma\u00f1ana, aunque se anunci\u00f3 que el 4 de octubre se eliminar\u00e1 por completo.<\/p>\n<\/div>\n","protected":false},"excerpt":{"rendered":"<p>La Canaco continuar\u00e1 en di\u00e1logo con autoridades estatales para seguir con las estrategias de apertura econ\u00f3mica en la entidad.<\/p>\n","protected":false},"author":9,"featured_media":72154,"comment_status":"open","ping_status":"closed","sticky":false,"template":"","format":"standard","meta":{"footnotes":""},"categories":[17],"tags":[12950,17542],"class_list":["post-72153","post","type-post","status-publish","format-standard","has-post-thumbnail","hentry","category-yucatan","tag-recuperacion-economica","tag-restriccion-vehicular"],"yoast_head":"<!-- This site is optimized with the Yoast SEO plugin v28.4 - https:\/\/yoast.com\/product\/yoast-seo-wordpress\/ -->\n<title>Eliminaci\u00f3n de la restricci\u00f3n vehicular acelerar\u00e1 la recuperaci\u00f3n econ\u00f3mica<\/title>\n<meta name=\"description\" content=\"La Canaco continuar\u00e1 en di\u00e1logo con autoridades estatales para seguir con las estrategias de apertura econ\u00f3mica en la entidad.\" \/>\n<meta name=\"robots\" content=\"index, follow, max-snippet:-1, max-image-preview:large, max-video-preview:-1\" \/>\n<link rel=\"canonical\" href=\"https:\/\/reporteroshoy.mx\/noticias\/eliminacion-de-la-restriccion-vehicular-acelerara-la-recuperacion-economica\/\" \/>\n<meta property=\"og:locale\" content=\"es_ES\" \/>\n<meta property=\"og:type\" content=\"article\" \/>\n<meta property=\"og:title\" content=\"Eliminaci\u00f3n de la restricci\u00f3n vehicular acelerar\u00e1 la recuperaci\u00f3n econ\u00f3mica\" \/>\n<meta property=\"og:description\" content=\"La Canaco continuar\u00e1 en di\u00e1logo con autoridades estatales para seguir con las estrategias de apertura econ\u00f3mica en la entidad.\" \/>\n<meta property=\"og:url\" content=\"https:\/\/reporteroshoy.mx\/noticias\/eliminacion-de-la-restriccion-vehicular-acelerara-la-recuperacion-economica\/\" \/>\n<meta property=\"og:site_name\" content=\"Reporteros Hoy | Noticias de Yucat\u00e1n\" \/>\n<meta property=\"article:publisher\" content=\"http:\/\/www.facebook.com\/reporteroshoymx\" \/>\n<meta property=\"article:published_time\" content=\"2021-09-20T21:39:12+00:00\" \/>\n<meta property=\"article:modified_time\" content=\"2021-09-21T06:30:24+00:00\" \/>\n<meta property=\"og:image\" content=\"https:\/\/reporteroshoy.mx\/noticias\/wp-content\/uploads\/2021\/09\/Restriccion-movilidad.jpg\" \/>\n\t<meta property=\"og:image:width\" content=\"768\" \/>\n\t<meta property=\"og:image:height\" content=\"428\" \/>\n\t<meta property=\"og:image:type\" content=\"image\/jpeg\" \/>\n<meta name=\"author\" content=\"Reporteros Hoy WP\" \/>\n<meta name=\"twitter:card\" content=\"summary_large_image\" \/>\n<meta name=\"twitter:creator\" content=\"@reporteroshoy\" \/>\n<meta name=\"twitter:site\" content=\"@reporteroshoy\" \/>\n<meta name=\"twitter:label1\" content=\"Escrito por\" \/>\n\t<meta name=\"twitter:data1\" content=\"Reporteros Hoy WP\" \/>\n\t<meta name=\"twitter:label2\" content=\"Tiempo de lectura\" \/>\n\t<meta name=\"twitter:data2\" content=\"2 minutos\" \/>\n<script type=\"application\/ld+json\" class=\"yoast-schema-graph\">{\"@context\":\"https:\\\/\\\/schema.org\",\"@graph\":[{\"@type\":\"Article\",\"@id\":\"https:\\\/\\\/reporteroshoy.mx\\\/noticias\\\/eliminacion-de-la-restriccion-vehicular-acelerara-la-recuperacion-economica\\\/#article\",\"isPartOf\":{\"@id\":\"https:\\\/\\\/reporteroshoy.mx\\\/noticias\\\/eliminacion-de-la-restriccion-vehicular-acelerara-la-recuperacion-economica\\\/\"},\"author\":{\"name\":\"Reporteros Hoy WP\",\"@id\":\"https:\\\/\\\/reporteroshoy.mx\\\/noticias\\\/#\\\/schema\\\/person\\\/c977527e57c958a62c5cefe8fe47876e\"},\"headline\":\"Eliminaci\u00f3n de la restricci\u00f3n vehicular acelerar\u00e1 la recuperaci\u00f3n econ\u00f3mica\",\"datePublished\":\"2021-09-20T21:39:12+00:00\",\"dateModified\":\"2021-09-21T06:30:24+00:00\",\"mainEntityOfPage\":{\"@id\":\"https:\\\/\\\/reporteroshoy.mx\\\/noticias\\\/eliminacion-de-la-restriccion-vehicular-acelerara-la-recuperacion-economica\\\/\"},\"wordCount\":248,\"commentCount\":0,\"image\":{\"@id\":\"https:\\\/\\\/reporteroshoy.mx\\\/noticias\\\/eliminacion-de-la-restriccion-vehicular-acelerara-la-recuperacion-economica\\\/#primaryimage\"},\"thumbnailUrl\":\"https:\\\/\\\/reporteroshoy.mx\\\/noticias\\\/wp-content\\\/uploads\\\/2021\\\/09\\\/Restriccion-movilidad.jpg\",\"keywords\":[\"Recuperaci\u00f3n econ\u00f3mica\",\"restricci\u00f3n vehicular\"],\"articleSection\":[\"Yucat\u00e1n\"],\"inLanguage\":\"es\",\"potentialAction\":[{\"@type\":\"CommentAction\",\"name\":\"Comment\",\"target\":[\"https:\\\/\\\/reporteroshoy.mx\\\/noticias\\\/eliminacion-de-la-restriccion-vehicular-acelerara-la-recuperacion-economica\\\/#respond\"]}]},{\"@type\":\"WebPage\",\"@id\":\"https:\\\/\\\/reporteroshoy.mx\\\/noticias\\\/eliminacion-de-la-restriccion-vehicular-acelerara-la-recuperacion-economica\\\/\",\"url\":\"https:\\\/\\\/reporteroshoy.mx\\\/noticias\\\/eliminacion-de-la-restriccion-vehicular-acelerara-la-recuperacion-economica\\\/\",\"name\":\"Eliminaci\u00f3n de la restricci\u00f3n vehicular acelerar\u00e1 la recuperaci\u00f3n econ\u00f3mica\",\"isPartOf\":{\"@id\":\"https:\\\/\\\/reporteroshoy.mx\\\/noticias\\\/#website\"},\"primaryImageOfPage\":{\"@id\":\"https:\\\/\\\/reporteroshoy.mx\\\/noticias\\\/eliminacion-de-la-restriccion-vehicular-acelerara-la-recuperacion-economica\\\/#primaryimage\"},\"image\":{\"@id\":\"https:\\\/\\\/reporteroshoy.mx\\\/noticias\\\/eliminacion-de-la-restriccion-vehicular-acelerara-la-recuperacion-economica\\\/#primaryimage\"},\"thumbnailUrl\":\"https:\\\/\\\/reporteroshoy.mx\\\/noticias\\\/wp-content\\\/uploads\\\/2021\\\/09\\\/Restriccion-movilidad.jpg\",\"datePublished\":\"2021-09-20T21:39:12+00:00\",\"dateModified\":\"2021-09-21T06:30:24+00:00\",\"author\":{\"@id\":\"https:\\\/\\\/reporteroshoy.mx\\\/noticias\\\/#\\\/schema\\\/person\\\/c977527e57c958a62c5cefe8fe47876e\"},\"description\":\"La Canaco continuar\u00e1 en di\u00e1logo con autoridades estatales para seguir con las estrategias de apertura econ\u00f3mica en la entidad.\",\"breadcrumb\":{\"@id\":\"https:\\\/\\\/reporteroshoy.mx\\\/noticias\\\/eliminacion-de-la-restriccion-vehicular-acelerara-la-recuperacion-economica\\\/#breadcrumb\"},\"inLanguage\":\"es\",\"potentialAction\":[{\"@type\":\"ReadAction\",\"target\":[\"https:\\\/\\\/reporteroshoy.mx\\\/noticias\\\/eliminacion-de-la-restriccion-vehicular-acelerara-la-recuperacion-economica\\\/\"]}]},{\"@type\":\"ImageObject\",\"inLanguage\":\"es\",\"@id\":\"https:\\\/\\\/reporteroshoy.mx\\\/noticias\\\/eliminacion-de-la-restriccion-vehicular-acelerara-la-recuperacion-economica\\\/#primaryimage\",\"url\":\"https:\\\/\\\/reporteroshoy.mx\\\/noticias\\\/wp-content\\\/uploads\\\/2021\\\/09\\\/Restriccion-movilidad.jpg\",\"contentUrl\":\"https:\\\/\\\/reporteroshoy.mx\\\/noticias\\\/wp-content\\\/uploads\\\/2021\\\/09\\\/Restriccion-movilidad.jpg\",\"width\":768,\"height\":428},{\"@type\":\"BreadcrumbList\",\"@id\":\"https:\\\/\\\/reporteroshoy.mx\\\/noticias\\\/eliminacion-de-la-restriccion-vehicular-acelerara-la-recuperacion-economica\\\/#breadcrumb\",\"itemListElement\":[{\"@type\":\"ListItem\",\"position\":1,\"name\":\"Portada\",\"item\":\"https:\\\/\\\/reporteroshoy.mx\\\/noticias\\\/\"},{\"@type\":\"ListItem\",\"position\":2,\"name\":\"Eliminaci\u00f3n de la restricci\u00f3n vehicular acelerar\u00e1 la recuperaci\u00f3n econ\u00f3mica\"}]},{\"@type\":\"WebSite\",\"@id\":\"https:\\\/\\\/reporteroshoy.mx\\\/noticias\\\/#website\",\"url\":\"https:\\\/\\\/reporteroshoy.mx\\\/noticias\\\/\",\"name\":\"Reporteros Hoy | Noticias de Yucat\u00e1n\",\"description\":\"Peri\u00f3dico digital con noticias diarias desde M\u00e9rida, Yucat\u00e1n para el mundo.\",\"potentialAction\":[{\"@type\":\"SearchAction\",\"target\":{\"@type\":\"EntryPoint\",\"urlTemplate\":\"https:\\\/\\\/reporteroshoy.mx\\\/noticias\\\/?s={search_term_string}\"},\"query-input\":{\"@type\":\"PropertyValueSpecification\",\"valueRequired\":true,\"valueName\":\"search_term_string\"}}],\"inLanguage\":\"es\"},{\"@type\":\"Person\",\"@id\":\"https:\\\/\\\/reporteroshoy.mx\\\/noticias\\\/#\\\/schema\\\/person\\\/c977527e57c958a62c5cefe8fe47876e\",\"name\":\"Reporteros Hoy WP\",\"image\":{\"@type\":\"ImageObject\",\"inLanguage\":\"es\",\"@id\":\"https:\\\/\\\/secure.gravatar.com\\\/avatar\\\/fd2917f79a7dae30f8ac9ddc2f35e1756bb59e25e01d1cd09deaa64df7b2f73e?s=96&d=mm&r=g\",\"url\":\"https:\\\/\\\/secure.gravatar.com\\\/avatar\\\/fd2917f79a7dae30f8ac9ddc2f35e1756bb59e25e01d1cd09deaa64df7b2f73e?s=96&d=mm&r=g\",\"contentUrl\":\"https:\\\/\\\/secure.gravatar.com\\\/avatar\\\/fd2917f79a7dae30f8ac9ddc2f35e1756bb59e25e01d1cd09deaa64df7b2f73e?s=96&d=mm&r=g\",\"caption\":\"Reporteros Hoy WP\"},\"url\":\"https:\\\/\\\/reporteroshoy.mx\\\/noticias\\\/author\\\/walfer\\\/\"}]}<\/script>\n<!-- \/ Yoast SEO plugin. -->","yoast_head_json":{"title":"Eliminaci\u00f3n de la restricci\u00f3n vehicular acelerar\u00e1 la recuperaci\u00f3n econ\u00f3mica","description":"La Canaco continuar\u00e1 en di\u00e1logo con autoridades estatales para seguir con las estrategias de apertura econ\u00f3mica en la entidad.","robots":{"index":"index","follow":"follow","max-snippet":"max-snippet:-1","max-image-preview":"max-image-preview:large","max-video-preview":"max-video-preview:-1"},"canonical":"https:\/\/reporteroshoy.mx\/noticias\/eliminacion-de-la-restriccion-vehicular-acelerara-la-recuperacion-economica\/","og_locale":"es_ES","og_type":"article","og_title":"Eliminaci\u00f3n de la restricci\u00f3n vehicular acelerar\u00e1 la recuperaci\u00f3n econ\u00f3mica","og_description":"La Canaco continuar\u00e1 en di\u00e1logo con autoridades estatales para seguir con las estrategias de apertura econ\u00f3mica en la entidad.","og_url":"https:\/\/reporteroshoy.mx\/noticias\/eliminacion-de-la-restriccion-vehicular-acelerara-la-recuperacion-economica\/","og_site_name":"Reporteros Hoy | Noticias de Yucat\u00e1n","article_publisher":"http:\/\/www.facebook.com\/reporteroshoymx","article_published_time":"2021-09-20T21:39:12+00:00","article_modified_time":"2021-09-21T06:30:24+00:00","og_image":[{"width":768,"height":428,"url":"https:\/\/reporteroshoy.mx\/noticias\/wp-content\/uploads\/2021\/09\/Restriccion-movilidad.jpg","type":"image\/jpeg"}],"author":"Reporteros Hoy WP","twitter_card":"summary_large_image","twitter_creator":"@reporteroshoy","twitter_site":"@reporteroshoy","twitter_misc":{"Escrito por":"Reporteros Hoy WP","Tiempo de lectura":"2 minutos"},"schema":{"@context":"https:\/\/schema.org","@graph":[{"@type":"Article","@id":"https:\/\/reporteroshoy.mx\/noticias\/eliminacion-de-la-restriccion-vehicular-acelerara-la-recuperacion-economica\/#article","isPartOf":{"@id":"https:\/\/reporteroshoy.mx\/noticias\/eliminacion-de-la-restriccion-vehicular-acelerara-la-recuperacion-economica\/"},"author":{"name":"Reporteros Hoy WP","@id":"https:\/\/reporteroshoy.mx\/noticias\/#\/schema\/person\/c977527e57c958a62c5cefe8fe47876e"},"headline":"Eliminaci\u00f3n de la restricci\u00f3n vehicular acelerar\u00e1 la recuperaci\u00f3n econ\u00f3mica","datePublished":"2021-09-20T21:39:12+00:00","dateModified":"2021-09-21T06:30:24+00:00","mainEntityOfPage":{"@id":"https:\/\/reporteroshoy.mx\/noticias\/eliminacion-de-la-restriccion-vehicular-acelerara-la-recuperacion-economica\/"},"wordCount":248,"commentCount":0,"image":{"@id":"https:\/\/reporteroshoy.mx\/noticias\/eliminacion-de-la-restriccion-vehicular-acelerara-la-recuperacion-economica\/#primaryimage"},"thumbnailUrl":"https:\/\/reporteroshoy.mx\/noticias\/wp-content\/uploads\/2021\/09\/Restriccion-movilidad.jpg","keywords":["Recuperaci\u00f3n econ\u00f3mica","restricci\u00f3n vehicular"],"articleSection":["Yucat\u00e1n"],"inLanguage":"es","potentialAction":[{"@type":"CommentAction","name":"Comment","target":["https:\/\/reporteroshoy.mx\/noticias\/eliminacion-de-la-restriccion-vehicular-acelerara-la-recuperacion-economica\/#respond"]}]},{"@type":"WebPage","@id":"https:\/\/reporteroshoy.mx\/noticias\/eliminacion-de-la-restriccion-vehicular-acelerara-la-recuperacion-economica\/","url":"https:\/\/reporteroshoy.mx\/noticias\/eliminacion-de-la-restriccion-vehicular-acelerara-la-recuperacion-economica\/","name":"Eliminaci\u00f3n de la restricci\u00f3n vehicular acelerar\u00e1 la recuperaci\u00f3n econ\u00f3mica","isPartOf":{"@id":"https:\/\/reporteroshoy.mx\/noticias\/#website"},"primaryImageOfPage":{"@id":"https:\/\/reporteroshoy.mx\/noticias\/eliminacion-de-la-restriccion-vehicular-acelerara-la-recuperacion-economica\/#primaryimage"},"image":{"@id":"https:\/\/reporteroshoy.mx\/noticias\/eliminacion-de-la-restriccion-vehicular-acelerara-la-recuperacion-economica\/#primaryimage"},"thumbnailUrl":"https:\/\/reporteroshoy.mx\/noticias\/wp-content\/uploads\/2021\/09\/Restriccion-movilidad.jpg","datePublished":"2021-09-20T21:39:12+00:00","dateModified":"2021-09-21T06:30:24+00:00","author":{"@id":"https:\/\/reporteroshoy.mx\/noticias\/#\/schema\/person\/c977527e57c958a62c5cefe8fe47876e"},"description":"La Canaco continuar\u00e1 en di\u00e1logo con autoridades estatales para seguir con las estrategias de apertura econ\u00f3mica en la entidad.","breadcrumb":{"@id":"https:\/\/reporteroshoy.mx\/noticias\/eliminacion-de-la-restriccion-vehicular-acelerara-la-recuperacion-economica\/#breadcrumb"},"inLanguage":"es","potentialAction":[{"@type":"ReadAction","target":["https:\/\/reporteroshoy.mx\/noticias\/eliminacion-de-la-restriccion-vehicular-acelerara-la-recuperacion-economica\/"]}]},{"@type":"ImageObject","inLanguage":"es","@id":"https:\/\/reporteroshoy.mx\/noticias\/eliminacion-de-la-restriccion-vehicular-acelerara-la-recuperacion-economica\/#primaryimage","url":"https:\/\/reporteroshoy.mx\/noticias\/wp-content\/uploads\/2021\/09\/Restriccion-movilidad.jpg","contentUrl":"https:\/\/reporteroshoy.mx\/noticias\/wp-content\/uploads\/2021\/09\/Restriccion-movilidad.jpg","width":768,"height":428},{"@type":"BreadcrumbList","@id":"https:\/\/reporteroshoy.mx\/noticias\/eliminacion-de-la-restriccion-vehicular-acelerara-la-recuperacion-economica\/#breadcrumb","itemListElement":[{"@type":"ListItem","position":1,"name":"Portada","item":"https:\/\/reporteroshoy.mx\/noticias\/"},{"@type":"ListItem","position":2,"name":"Eliminaci\u00f3n de la restricci\u00f3n vehicular acelerar\u00e1 la recuperaci\u00f3n econ\u00f3mica"}]},{"@type":"WebSite","@id":"https:\/\/reporteroshoy.mx\/noticias\/#website","url":"https:\/\/reporteroshoy.mx\/noticias\/","name":"Reporteros Hoy | Noticias de Yucat\u00e1n","description":"Peri\u00f3dico digital con noticias diarias desde M\u00e9rida, Yucat\u00e1n para el mundo.","potentialAction":[{"@type":"SearchAction","target":{"@type":"EntryPoint","urlTemplate":"https:\/\/reporteroshoy.mx\/noticias\/?s={search_term_string}"},"query-input":{"@type":"PropertyValueSpecification","valueRequired":true,"valueName":"search_term_string"}}],"inLanguage":"es"},{"@type":"Person","@id":"https:\/\/reporteroshoy.mx\/noticias\/#\/schema\/person\/c977527e57c958a62c5cefe8fe47876e","name":"Reporteros Hoy WP","image":{"@type":"ImageObject","inLanguage":"es","@id":"https:\/\/secure.gravatar.com\/avatar\/fd2917f79a7dae30f8ac9ddc2f35e1756bb59e25e01d1cd09deaa64df7b2f73e?s=96&d=mm&r=g","url":"https:\/\/secure.gravatar.com\/avatar\/fd2917f79a7dae30f8ac9ddc2f35e1756bb59e25e01d1cd09deaa64df7b2f73e?s=96&d=mm&r=g","contentUrl":"https:\/\/secure.gravatar.com\/avatar\/fd2917f79a7dae30f8ac9ddc2f35e1756bb59e25e01d1cd09deaa64df7b2f73e?s=96&d=mm&r=g","caption":"Reporteros Hoy WP"},"url":"https:\/\/reporteroshoy.mx\/noticias\/author\/walfer\/"}]}},"_links":{"self":[{"href":"https:\/\/reporteroshoy.mx\/noticias\/wp-json\/wp\/v2\/posts\/72153","targetHints":{"allow":["GET"]}}],"collection":[{"href":"https:\/\/reporteroshoy.mx\/noticias\/wp-json\/wp\/v2\/posts"}],"about":[{"href":"https:\/\/reporteroshoy.mx\/noticias\/wp-json\/wp\/v2\/types\/post"}],"author":[{"embeddable":true,"href":"https:\/\/reporteroshoy.mx\/noticias\/wp-json\/wp\/v2\/users\/9"}],"replies":[{"embeddable":true,"href":"https:\/\/reporteroshoy.mx\/noticias\/wp-json\/wp\/v2\/comments?post=72153"}],"version-history":[{"count":0,"href":"https:\/\/reporteroshoy.mx\/noticias\/wp-json\/wp\/v2\/posts\/72153\/revisions"}],"wp:featuredmedia":[{"embeddable":true,"href":"https:\/\/reporteroshoy.mx\/noticias\/wp-json\/wp\/v2\/media\/72154"}],"wp:attachment":[{"href":"https:\/\/reporteroshoy.mx\/noticias\/wp-json\/wp\/v2\/media?parent=72153"}],"wp:term":[{"taxonomy":"category","embeddable":true,"href":"https:\/\/reporteroshoy.mx\/noticias\/wp-json\/wp\/v2\/categories?post=72153"},{"taxonomy":"post_tag","embeddable":true,"href":"https:\/\/reporteroshoy.mx\/noticias\/wp-json\/wp\/v2\/tags?post=72153"}],"curies":[{"name":"wp","href":"https:\/\/api.w.org\/{rel}","templated":true}]}}