{"id":72206,"date":"2021-09-21T00:16:26","date_gmt":"2021-09-21T05:16:26","guid":{"rendered":"https:\/\/reporteroshoy.mx\/noticias\/?p=72206"},"modified":"2021-09-21T00:16:26","modified_gmt":"2021-09-21T05:16:26","slug":"se-estrenan-diputados-en-sus-comisiones-del-congreso-local","status":"publish","type":"post","link":"https:\/\/reporteroshoy.mx\/noticias\/se-estrenan-diputados-en-sus-comisiones-del-congreso-local\/","title":{"rendered":"Se \u2018estrenan\u2019 diputados en sus comisiones del Congreso local"},"content":{"rendered":"<p style=\"text-align: justify;\">M\u00e9rida, Yucat\u00e1n, 20 de septiembre de 2021.- Este lunes inici\u00f3 formalmente la instalaci\u00f3n de las Comisiones Permanentes, la primera fue la de Puntos Constitucionales y Gobernaci\u00f3n; Vigilancia de la Cuenta P\u00fablica, Transparencia y Anticorrupci\u00f3n; Justicia y Seguridad P\u00fablica; Presupuesto, Patrimonio Estatal y Municipal; as\u00ed como la de Postulaci\u00f3n \u201cM\u00e9dico del A\u00f1o\u201d del Estado de Yucat\u00e1n.<\/p>\n<p style=\"text-align: justify;\">La presidenta de la comisi\u00f3n de Puntos Constitucionales, Carmen Gonz\u00e1lez Mart\u00edn (PAN), detall\u00f3 que este cuerpo colegiado tendr\u00e1 por objeto estudiar, analizar y dictaminar sobre los asuntos relacionados con las reformas a la Constituci\u00f3n Pol\u00edtica de los Estados Unidos Mexicanos, la propia del Estado y los relativos con la gobernabilidad estatal y municipal.<\/p>\n<p><img loading=\"lazy\" decoding=\"async\" class=\"alignnone size-full wp-image-72203\" src=\"https:\/\/reporteroshoy.mx\/noticias\/wp-content\/uploads\/2021\/09\/CONGRESO_COMISIONES_20SEP21-3.jpg\" alt=\"\" width=\"768\" height=\"508\" \/><\/p>\n<p style=\"text-align: justify;\">La comisi\u00f3n de Puntos Constitucionales y Gobernaci\u00f3n tambi\u00e9n est\u00e1 conformada por la diputada de Morena, Alejandra Novelo Segura, como vicepresidenta; el diputado del PRI, Gaspar Quintal Parra; y del PAN, Jes\u00fas P\u00e9rez Ballote, como secretarios; as\u00ed como las y los diputados del PAN, V\u00edctor Hugo Lozano Poveda, Dafne L\u00f3pez Osorio y Karla Salazar Gonz\u00e1lez; de Nueva Alianza (NA), Jos\u00e9 Guti\u00e9rrez Gonz\u00e1lez; y de Movimiento Ciudadano, Vida G\u00f3mez Herrera, como vocales.<\/p>\n<p style=\"text-align: justify;\">En su turno, el presidente de la comisi\u00f3n de Vigilancia de la Cuenta P\u00fablica, Erik Rihani Gonz\u00e1lez (PAN), inform\u00f3 que este \u00f3rgano legislativo tendr\u00e1 por objeto estudiar, analizar y dictaminar, sobre las atribuciones que le otorga la Ley de Fiscalizaci\u00f3n de la Cuenta P\u00fablica del Estado de Yucat\u00e1n; los asuntos relacionados con la cuenta p\u00fablica estatal y municipal; lo relacionado con la normatividad de transparencia y acceso a la informaci\u00f3n p\u00fablica, as\u00ed como conocer, analizar y dictaminar lo referente a las iniciativas en materia de anticorrupci\u00f3n.<\/p>\n<p style=\"text-align: justify;\">Adem\u00e1s, continu\u00f3, organizar foros de consulta con la finalidad de recibir y analizar propuestas que tiendan a mejorar la aplicaci\u00f3n o en su caso adecuaci\u00f3n de la legislaci\u00f3n en materia de transparencia, protecci\u00f3n de datos personales y anticorrupci\u00f3n.<\/p>\n<p><img loading=\"lazy\" decoding=\"async\" class=\"alignnone size-full wp-image-72204\" src=\"https:\/\/reporteroshoy.mx\/noticias\/wp-content\/uploads\/2021\/09\/CONGRESO_COMISIONES_20SEP21-2.jpg\" alt=\"\" width=\"768\" height=\"512\" \/><\/p>\n<p style=\"text-align: justify;\">La comisi\u00f3n tambi\u00e9n est\u00e1 integrada por la diputada del PRI, Fabiola Loeza Novelo, como vicepresidenta; el diputado de Morena, Rafael Echazarreta Torres, y del PAN, Esteban Abraham Macari, como secretarios; al igual que como vocales, el diputado del PVEM, Harry Rodr\u00edguez Botello Fierro; del PAN, Lozano Poveda y Manuela Cocom Bolio; de NA, Guti\u00e9rrez Gonz\u00e1lez; y del PRD, Eduardo Sobrino Sierra.<\/p>\n<p style=\"text-align: justify;\">Posteriormente, el presidente de la comisi\u00f3n de Justicia, Gaspar Quintal Parra (PRI), hizo llegar a los dem\u00e1s integrantes un proyecto del plan de trabajo del cuerpo colegiado, el cual tendr\u00e1 por objeto estudiar, analizar y dictaminar, sobre los asuntos relacionados con la procuraci\u00f3n e impartici\u00f3n de justicia y la seguridad p\u00fablica.<\/p>\n<p style=\"text-align: justify;\">Para lo cual, a\u00f1adi\u00f3, conocer\u00e1 de la procuraci\u00f3n e impartici\u00f3n de justicia, salvaguardando las garant\u00edas de seguridad jur\u00eddica, preservando el estado de derecho; la seguridad p\u00fablica y la prestaci\u00f3n de servicios de seguridad privada; el sistema penitenciario y la reinserci\u00f3n social, y la protecci\u00f3n civil y prevenci\u00f3n de desastres.<\/p>\n<p style=\"text-align: justify;\">Este \u00f3rgano parlamentario tambi\u00e9n est\u00e1 conformado por el diputado del PAN, Luis Fern\u00e1ndez Vidal, como vicepresidente; el legislador del PRD, Sobrino Sierra, y del PAN, L\u00f3pez Osorio, como secretarios; adem\u00e1s, como vocales, del PAN, P\u00e9rez Ballote, Gonz\u00e1lez Mart\u00edn y Lozano Poveda; de Morena, Echazarreta Torres, y Jazm\u00edn Villanueva Moo.<\/p>\n<p style=\"text-align: justify;\">De la misma manera, el presidente de la comisi\u00f3n de Presupuesto, Jes\u00fas P\u00e9rez Ballote (PAN), mencion\u00f3 que este cuerpo colegiado tendr\u00e1 por objeto estudiar, analizar y dictaminar, sobre los asuntos relacionados con la legislaci\u00f3n en materia fiscal, hacendaria y patrimonial del Estado y los municipios.<\/p>\n<p style=\"text-align: justify;\">Todo lo anterior, agreg\u00f3, referente a las iniciativas de leyes, decretos y reformas a la legislaci\u00f3n en materia fiscal; el Presupuesto de Egresos del Gobierno del Estado; cuestiones de finanzas p\u00fablicas estatales y municipales; y las solicitudes que afecten de alguna forma el patrimonio del Estado o los municipios, as\u00ed como la autorizaci\u00f3n de financiamientos y afectaci\u00f3n de ingresos del Poder Ejecutivo estatal y de los ayuntamientos.<\/p>\n<p><img loading=\"lazy\" decoding=\"async\" class=\"alignnone size-full wp-image-72202\" src=\"https:\/\/reporteroshoy.mx\/noticias\/wp-content\/uploads\/2021\/09\/CONGRESO_COMISIONES_20SEP21-4.jpg\" alt=\"\" width=\"768\" height=\"511\" \/><\/p>\n<p style=\"text-align: justify;\">Este \u00f3rgano parlamentario tambi\u00e9n est\u00e1 integrado por el diputado del PVEM, Rodr\u00edguez Botello Fierro, como vicepresidente; el diputado de NA, Guti\u00e9rrez Gonz\u00e1lez, y del PAN, Gonz\u00e1lez Mart\u00edn, como secretarios; as\u00ed como vocales, las y los legisladores del PAN, L\u00f3pez Osorio, Ingrid Santos D\u00edaz, y Lozano Poveda; de Morena, Novelo Segura, y del PRI, Loeza Novelo.<\/p>\n<p style=\"text-align: justify;\">Previamente, la presidenta de la comisi\u00f3n de postulaci\u00f3n, Abril Ferreyro Rosado (PAN), instruy\u00f3 la elaboraci\u00f3n de un proyecto de convocatoria para los poderes del estado, las organizaciones sociales y culturales del \u00e1rea de la salud, medios de comunicaci\u00f3n y sociedad civil, para que presenten candidatos merecedores a este galard\u00f3n.<\/p>\n<p style=\"text-align: justify;\">Dicho cuerpo colegiado tambi\u00e9n est\u00e1 integrado por la diputada de Morena, Rub\u00ed Be Chan, como vicepresidenta; la diputada del PRI, Karla Franco Blanco, y del PAN, P\u00e9rez Ballote, como secretarios; as\u00ed como vocal, el diputado del PRD, Sobrino Sierra.<\/p>\n","protected":false},"excerpt":{"rendered":"<p>Se instalaron las primeras cinco de un total de 17 que funcionar\u00e1n durante la LXIII Legislatura yucateca.  <\/p>\n","protected":false},"author":5,"featured_media":72203,"comment_status":"open","ping_status":"closed","sticky":false,"template":"","format":"standard","meta":{"footnotes":""},"categories":[2],"tags":[3799,321],"class_list":["post-72206","post","type-post","status-publish","format-standard","has-post-thumbnail","hentry","category-boletines","tag-comisiones","tag-congreso-de-yucatan"],"yoast_head":"<!-- This site is optimized with the Yoast SEO plugin v28.4 - https:\/\/yoast.com\/product\/yoast-seo-wordpress\/ -->\n<title>Se \u2018estrenan\u2019 diputados en sus comisiones del Congreso local<\/title>\n<meta name=\"description\" content=\"Se instalaron las primeras cinco de un total de 17 que funcionar\u00e1n durante la LXIII Legislatura yucateca.\" \/>\n<meta name=\"robots\" content=\"index, follow, max-snippet:-1, max-image-preview:large, max-video-preview:-1\" \/>\n<link rel=\"canonical\" href=\"https:\/\/reporteroshoy.mx\/noticias\/se-estrenan-diputados-en-sus-comisiones-del-congreso-local\/\" \/>\n<meta property=\"og:locale\" content=\"es_ES\" \/>\n<meta property=\"og:type\" content=\"article\" \/>\n<meta property=\"og:title\" content=\"Se \u2018estrenan\u2019 diputados en sus comisiones del Congreso local\" \/>\n<meta property=\"og:description\" content=\"Se instalaron las primeras cinco de un total de 17 que funcionar\u00e1n durante la LXIII Legislatura yucateca.\" \/>\n<meta property=\"og:url\" content=\"https:\/\/reporteroshoy.mx\/noticias\/se-estrenan-diputados-en-sus-comisiones-del-congreso-local\/\" \/>\n<meta property=\"og:site_name\" content=\"Reporteros Hoy | Noticias de Yucat\u00e1n\" \/>\n<meta property=\"article:publisher\" content=\"http:\/\/www.facebook.com\/reporteroshoymx\" \/>\n<meta property=\"article:published_time\" content=\"2021-09-21T05:16:26+00:00\" \/>\n<meta property=\"og:image\" content=\"https:\/\/reporteroshoy.mx\/noticias\/wp-content\/uploads\/2021\/09\/CONGRESO_COMISIONES_20SEP21-3.jpg\" \/>\n\t<meta property=\"og:image:width\" content=\"768\" \/>\n\t<meta property=\"og:image:height\" content=\"508\" \/>\n\t<meta property=\"og:image:type\" content=\"image\/jpeg\" \/>\n<meta name=\"author\" content=\"Reporteros Hoy IM\" \/>\n<meta name=\"twitter:card\" content=\"summary_large_image\" \/>\n<meta name=\"twitter:creator\" content=\"@reporteroshoy\" \/>\n<meta name=\"twitter:site\" content=\"@reporteroshoy\" \/>\n<meta name=\"twitter:label1\" content=\"Escrito por\" \/>\n\t<meta name=\"twitter:data1\" content=\"Reporteros Hoy IM\" \/>\n\t<meta name=\"twitter:label2\" content=\"Tiempo de lectura\" \/>\n\t<meta name=\"twitter:data2\" content=\"4 minutos\" \/>\n<script type=\"application\/ld+json\" class=\"yoast-schema-graph\">{\"@context\":\"https:\\\/\\\/schema.org\",\"@graph\":[{\"@type\":\"Article\",\"@id\":\"https:\\\/\\\/reporteroshoy.mx\\\/noticias\\\/se-estrenan-diputados-en-sus-comisiones-del-congreso-local\\\/#article\",\"isPartOf\":{\"@id\":\"https:\\\/\\\/reporteroshoy.mx\\\/noticias\\\/se-estrenan-diputados-en-sus-comisiones-del-congreso-local\\\/\"},\"author\":{\"name\":\"Reporteros Hoy IM\",\"@id\":\"https:\\\/\\\/reporteroshoy.mx\\\/noticias\\\/#\\\/schema\\\/person\\\/948520f0d88b01be2e5266bc4acbbc15\"},\"headline\":\"Se \u2018estrenan\u2019 diputados en sus comisiones del Congreso local\",\"datePublished\":\"2021-09-21T05:16:26+00:00\",\"mainEntityOfPage\":{\"@id\":\"https:\\\/\\\/reporteroshoy.mx\\\/noticias\\\/se-estrenan-diputados-en-sus-comisiones-del-congreso-local\\\/\"},\"wordCount\":869,\"commentCount\":0,\"image\":{\"@id\":\"https:\\\/\\\/reporteroshoy.mx\\\/noticias\\\/se-estrenan-diputados-en-sus-comisiones-del-congreso-local\\\/#primaryimage\"},\"thumbnailUrl\":\"https:\\\/\\\/reporteroshoy.mx\\\/noticias\\\/wp-content\\\/uploads\\\/2021\\\/09\\\/CONGRESO_COMISIONES_20SEP21-3.jpg\",\"keywords\":[\"Comisiones\",\"congreso de yucat\u00e1n\"],\"articleSection\":[\"Boletines\"],\"inLanguage\":\"es\",\"potentialAction\":[{\"@type\":\"CommentAction\",\"name\":\"Comment\",\"target\":[\"https:\\\/\\\/reporteroshoy.mx\\\/noticias\\\/se-estrenan-diputados-en-sus-comisiones-del-congreso-local\\\/#respond\"]}]},{\"@type\":\"WebPage\",\"@id\":\"https:\\\/\\\/reporteroshoy.mx\\\/noticias\\\/se-estrenan-diputados-en-sus-comisiones-del-congreso-local\\\/\",\"url\":\"https:\\\/\\\/reporteroshoy.mx\\\/noticias\\\/se-estrenan-diputados-en-sus-comisiones-del-congreso-local\\\/\",\"name\":\"Se \u2018estrenan\u2019 diputados en sus comisiones del Congreso local\",\"isPartOf\":{\"@id\":\"https:\\\/\\\/reporteroshoy.mx\\\/noticias\\\/#website\"},\"primaryImageOfPage\":{\"@id\":\"https:\\\/\\\/reporteroshoy.mx\\\/noticias\\\/se-estrenan-diputados-en-sus-comisiones-del-congreso-local\\\/#primaryimage\"},\"image\":{\"@id\":\"https:\\\/\\\/reporteroshoy.mx\\\/noticias\\\/se-estrenan-diputados-en-sus-comisiones-del-congreso-local\\\/#primaryimage\"},\"thumbnailUrl\":\"https:\\\/\\\/reporteroshoy.mx\\\/noticias\\\/wp-content\\\/uploads\\\/2021\\\/09\\\/CONGRESO_COMISIONES_20SEP21-3.jpg\",\"datePublished\":\"2021-09-21T05:16:26+00:00\",\"author\":{\"@id\":\"https:\\\/\\\/reporteroshoy.mx\\\/noticias\\\/#\\\/schema\\\/person\\\/948520f0d88b01be2e5266bc4acbbc15\"},\"description\":\"Se instalaron las primeras cinco de un total de 17 que funcionar\u00e1n durante la LXIII Legislatura yucateca.\",\"breadcrumb\":{\"@id\":\"https:\\\/\\\/reporteroshoy.mx\\\/noticias\\\/se-estrenan-diputados-en-sus-comisiones-del-congreso-local\\\/#breadcrumb\"},\"inLanguage\":\"es\",\"potentialAction\":[{\"@type\":\"ReadAction\",\"target\":[\"https:\\\/\\\/reporteroshoy.mx\\\/noticias\\\/se-estrenan-diputados-en-sus-comisiones-del-congreso-local\\\/\"]}]},{\"@type\":\"ImageObject\",\"inLanguage\":\"es\",\"@id\":\"https:\\\/\\\/reporteroshoy.mx\\\/noticias\\\/se-estrenan-diputados-en-sus-comisiones-del-congreso-local\\\/#primaryimage\",\"url\":\"https:\\\/\\\/reporteroshoy.mx\\\/noticias\\\/wp-content\\\/uploads\\\/2021\\\/09\\\/CONGRESO_COMISIONES_20SEP21-3.jpg\",\"contentUrl\":\"https:\\\/\\\/reporteroshoy.mx\\\/noticias\\\/wp-content\\\/uploads\\\/2021\\\/09\\\/CONGRESO_COMISIONES_20SEP21-3.jpg\",\"width\":768,\"height\":508},{\"@type\":\"BreadcrumbList\",\"@id\":\"https:\\\/\\\/reporteroshoy.mx\\\/noticias\\\/se-estrenan-diputados-en-sus-comisiones-del-congreso-local\\\/#breadcrumb\",\"itemListElement\":[{\"@type\":\"ListItem\",\"position\":1,\"name\":\"Portada\",\"item\":\"https:\\\/\\\/reporteroshoy.mx\\\/noticias\\\/\"},{\"@type\":\"ListItem\",\"position\":2,\"name\":\"Se \u2018estrenan\u2019 diputados en sus comisiones del Congreso local\"}]},{\"@type\":\"WebSite\",\"@id\":\"https:\\\/\\\/reporteroshoy.mx\\\/noticias\\\/#website\",\"url\":\"https:\\\/\\\/reporteroshoy.mx\\\/noticias\\\/\",\"name\":\"Reporteros Hoy | Noticias de Yucat\u00e1n\",\"description\":\"Peri\u00f3dico digital con noticias diarias desde M\u00e9rida, Yucat\u00e1n para el mundo.\",\"potentialAction\":[{\"@type\":\"SearchAction\",\"target\":{\"@type\":\"EntryPoint\",\"urlTemplate\":\"https:\\\/\\\/reporteroshoy.mx\\\/noticias\\\/?s={search_term_string}\"},\"query-input\":{\"@type\":\"PropertyValueSpecification\",\"valueRequired\":true,\"valueName\":\"search_term_string\"}}],\"inLanguage\":\"es\"},{\"@type\":\"Person\",\"@id\":\"https:\\\/\\\/reporteroshoy.mx\\\/noticias\\\/#\\\/schema\\\/person\\\/948520f0d88b01be2e5266bc4acbbc15\",\"name\":\"Reporteros Hoy IM\",\"image\":{\"@type\":\"ImageObject\",\"inLanguage\":\"es\",\"@id\":\"https:\\\/\\\/secure.gravatar.com\\\/avatar\\\/d843030b96552826ac048bdfe26f2895604b800ed0c880ee55765a74d95dfc65?s=96&d=mm&r=g\",\"url\":\"https:\\\/\\\/secure.gravatar.com\\\/avatar\\\/d843030b96552826ac048bdfe26f2895604b800ed0c880ee55765a74d95dfc65?s=96&d=mm&r=g\",\"contentUrl\":\"https:\\\/\\\/secure.gravatar.com\\\/avatar\\\/d843030b96552826ac048bdfe26f2895604b800ed0c880ee55765a74d95dfc65?s=96&d=mm&r=g\",\"caption\":\"Reporteros Hoy IM\"},\"url\":\"https:\\\/\\\/reporteroshoy.mx\\\/noticias\\\/author\\\/israel\\\/\"}]}<\/script>\n<!-- \/ Yoast SEO plugin. -->","yoast_head_json":{"title":"Se \u2018estrenan\u2019 diputados en sus comisiones del Congreso local","description":"Se instalaron las primeras cinco de un total de 17 que funcionar\u00e1n durante la LXIII Legislatura yucateca.","robots":{"index":"index","follow":"follow","max-snippet":"max-snippet:-1","max-image-preview":"max-image-preview:large","max-video-preview":"max-video-preview:-1"},"canonical":"https:\/\/reporteroshoy.mx\/noticias\/se-estrenan-diputados-en-sus-comisiones-del-congreso-local\/","og_locale":"es_ES","og_type":"article","og_title":"Se \u2018estrenan\u2019 diputados en sus comisiones del Congreso local","og_description":"Se instalaron las primeras cinco de un total de 17 que funcionar\u00e1n durante la LXIII Legislatura yucateca.","og_url":"https:\/\/reporteroshoy.mx\/noticias\/se-estrenan-diputados-en-sus-comisiones-del-congreso-local\/","og_site_name":"Reporteros Hoy | Noticias de Yucat\u00e1n","article_publisher":"http:\/\/www.facebook.com\/reporteroshoymx","article_published_time":"2021-09-21T05:16:26+00:00","og_image":[{"width":768,"height":508,"url":"https:\/\/reporteroshoy.mx\/noticias\/wp-content\/uploads\/2021\/09\/CONGRESO_COMISIONES_20SEP21-3.jpg","type":"image\/jpeg"}],"author":"Reporteros Hoy IM","twitter_card":"summary_large_image","twitter_creator":"@reporteroshoy","twitter_site":"@reporteroshoy","twitter_misc":{"Escrito por":"Reporteros Hoy IM","Tiempo de lectura":"4 minutos"},"schema":{"@context":"https:\/\/schema.org","@graph":[{"@type":"Article","@id":"https:\/\/reporteroshoy.mx\/noticias\/se-estrenan-diputados-en-sus-comisiones-del-congreso-local\/#article","isPartOf":{"@id":"https:\/\/reporteroshoy.mx\/noticias\/se-estrenan-diputados-en-sus-comisiones-del-congreso-local\/"},"author":{"name":"Reporteros Hoy IM","@id":"https:\/\/reporteroshoy.mx\/noticias\/#\/schema\/person\/948520f0d88b01be2e5266bc4acbbc15"},"headline":"Se \u2018estrenan\u2019 diputados en sus comisiones del Congreso local","datePublished":"2021-09-21T05:16:26+00:00","mainEntityOfPage":{"@id":"https:\/\/reporteroshoy.mx\/noticias\/se-estrenan-diputados-en-sus-comisiones-del-congreso-local\/"},"wordCount":869,"commentCount":0,"image":{"@id":"https:\/\/reporteroshoy.mx\/noticias\/se-estrenan-diputados-en-sus-comisiones-del-congreso-local\/#primaryimage"},"thumbnailUrl":"https:\/\/reporteroshoy.mx\/noticias\/wp-content\/uploads\/2021\/09\/CONGRESO_COMISIONES_20SEP21-3.jpg","keywords":["Comisiones","congreso de yucat\u00e1n"],"articleSection":["Boletines"],"inLanguage":"es","potentialAction":[{"@type":"CommentAction","name":"Comment","target":["https:\/\/reporteroshoy.mx\/noticias\/se-estrenan-diputados-en-sus-comisiones-del-congreso-local\/#respond"]}]},{"@type":"WebPage","@id":"https:\/\/reporteroshoy.mx\/noticias\/se-estrenan-diputados-en-sus-comisiones-del-congreso-local\/","url":"https:\/\/reporteroshoy.mx\/noticias\/se-estrenan-diputados-en-sus-comisiones-del-congreso-local\/","name":"Se \u2018estrenan\u2019 diputados en sus comisiones del Congreso local","isPartOf":{"@id":"https:\/\/reporteroshoy.mx\/noticias\/#website"},"primaryImageOfPage":{"@id":"https:\/\/reporteroshoy.mx\/noticias\/se-estrenan-diputados-en-sus-comisiones-del-congreso-local\/#primaryimage"},"image":{"@id":"https:\/\/reporteroshoy.mx\/noticias\/se-estrenan-diputados-en-sus-comisiones-del-congreso-local\/#primaryimage"},"thumbnailUrl":"https:\/\/reporteroshoy.mx\/noticias\/wp-content\/uploads\/2021\/09\/CONGRESO_COMISIONES_20SEP21-3.jpg","datePublished":"2021-09-21T05:16:26+00:00","author":{"@id":"https:\/\/reporteroshoy.mx\/noticias\/#\/schema\/person\/948520f0d88b01be2e5266bc4acbbc15"},"description":"Se instalaron las primeras cinco de un total de 17 que funcionar\u00e1n durante la LXIII Legislatura yucateca.","breadcrumb":{"@id":"https:\/\/reporteroshoy.mx\/noticias\/se-estrenan-diputados-en-sus-comisiones-del-congreso-local\/#breadcrumb"},"inLanguage":"es","potentialAction":[{"@type":"ReadAction","target":["https:\/\/reporteroshoy.mx\/noticias\/se-estrenan-diputados-en-sus-comisiones-del-congreso-local\/"]}]},{"@type":"ImageObject","inLanguage":"es","@id":"https:\/\/reporteroshoy.mx\/noticias\/se-estrenan-diputados-en-sus-comisiones-del-congreso-local\/#primaryimage","url":"https:\/\/reporteroshoy.mx\/noticias\/wp-content\/uploads\/2021\/09\/CONGRESO_COMISIONES_20SEP21-3.jpg","contentUrl":"https:\/\/reporteroshoy.mx\/noticias\/wp-content\/uploads\/2021\/09\/CONGRESO_COMISIONES_20SEP21-3.jpg","width":768,"height":508},{"@type":"BreadcrumbList","@id":"https:\/\/reporteroshoy.mx\/noticias\/se-estrenan-diputados-en-sus-comisiones-del-congreso-local\/#breadcrumb","itemListElement":[{"@type":"ListItem","position":1,"name":"Portada","item":"https:\/\/reporteroshoy.mx\/noticias\/"},{"@type":"ListItem","position":2,"name":"Se \u2018estrenan\u2019 diputados en sus comisiones del Congreso local"}]},{"@type":"WebSite","@id":"https:\/\/reporteroshoy.mx\/noticias\/#website","url":"https:\/\/reporteroshoy.mx\/noticias\/","name":"Reporteros Hoy | Noticias de Yucat\u00e1n","description":"Peri\u00f3dico digital con noticias diarias desde M\u00e9rida, Yucat\u00e1n para el mundo.","potentialAction":[{"@type":"SearchAction","target":{"@type":"EntryPoint","urlTemplate":"https:\/\/reporteroshoy.mx\/noticias\/?s={search_term_string}"},"query-input":{"@type":"PropertyValueSpecification","valueRequired":true,"valueName":"search_term_string"}}],"inLanguage":"es"},{"@type":"Person","@id":"https:\/\/reporteroshoy.mx\/noticias\/#\/schema\/person\/948520f0d88b01be2e5266bc4acbbc15","name":"Reporteros Hoy IM","image":{"@type":"ImageObject","inLanguage":"es","@id":"https:\/\/secure.gravatar.com\/avatar\/d843030b96552826ac048bdfe26f2895604b800ed0c880ee55765a74d95dfc65?s=96&d=mm&r=g","url":"https:\/\/secure.gravatar.com\/avatar\/d843030b96552826ac048bdfe26f2895604b800ed0c880ee55765a74d95dfc65?s=96&d=mm&r=g","contentUrl":"https:\/\/secure.gravatar.com\/avatar\/d843030b96552826ac048bdfe26f2895604b800ed0c880ee55765a74d95dfc65?s=96&d=mm&r=g","caption":"Reporteros Hoy IM"},"url":"https:\/\/reporteroshoy.mx\/noticias\/author\/israel\/"}]}},"_links":{"self":[{"href":"https:\/\/reporteroshoy.mx\/noticias\/wp-json\/wp\/v2\/posts\/72206","targetHints":{"allow":["GET"]}}],"collection":[{"href":"https:\/\/reporteroshoy.mx\/noticias\/wp-json\/wp\/v2\/posts"}],"about":[{"href":"https:\/\/reporteroshoy.mx\/noticias\/wp-json\/wp\/v2\/types\/post"}],"author":[{"embeddable":true,"href":"https:\/\/reporteroshoy.mx\/noticias\/wp-json\/wp\/v2\/users\/5"}],"replies":[{"embeddable":true,"href":"https:\/\/reporteroshoy.mx\/noticias\/wp-json\/wp\/v2\/comments?post=72206"}],"version-history":[{"count":0,"href":"https:\/\/reporteroshoy.mx\/noticias\/wp-json\/wp\/v2\/posts\/72206\/revisions"}],"wp:featuredmedia":[{"embeddable":true,"href":"https:\/\/reporteroshoy.mx\/noticias\/wp-json\/wp\/v2\/media\/72203"}],"wp:attachment":[{"href":"https:\/\/reporteroshoy.mx\/noticias\/wp-json\/wp\/v2\/media?parent=72206"}],"wp:term":[{"taxonomy":"category","embeddable":true,"href":"https:\/\/reporteroshoy.mx\/noticias\/wp-json\/wp\/v2\/categories?post=72206"},{"taxonomy":"post_tag","embeddable":true,"href":"https:\/\/reporteroshoy.mx\/noticias\/wp-json\/wp\/v2\/tags?post=72206"}],"curies":[{"name":"wp","href":"https:\/\/api.w.org\/{rel}","templated":true}]}}