{"id":72423,"date":"2021-09-23T13:59:23","date_gmt":"2021-09-23T18:59:23","guid":{"rendered":"https:\/\/reporteroshoy.mx\/noticias\/?p=72423"},"modified":"2021-09-23T13:59:55","modified_gmt":"2021-09-23T18:59:55","slug":"la-espera-termino-reabren-bares-y-cantinas-en-merida","status":"publish","type":"post","link":"https:\/\/reporteroshoy.mx\/noticias\/la-espera-termino-reabren-bares-y-cantinas-en-merida\/","title":{"rendered":"\u00a1La espera termin\u00f3! Reabren bares y cantinas en M\u00e9rida"},"content":{"rendered":"<p style=\"text-align: justify;\">M\u00e9rida, Yucat\u00e1n; 23 de septiembre de 2021 (ACOM).- Bares y cantinas ya entraron en funci\u00f3n luego de varios meses de permanecer cerrados debido a la pandemia por coronavirus.<\/p>\n<p style=\"text-align: justify;\">Desde el pasado 20 de septiembre, las autoridades estatales permitieron a estos establecimientos regresar a la actividad, aplicando diversos protocolos de salud para disminuir el riesgo de contagio de clientes y personal.<\/p>\n<p style=\"text-align: justify;\">\u00abEstamos siguiendo todos los protocolos de salubridad, el 50% de aforo, uso de gen antibacterial y chequeo de temperatura tanto de los comensales como de empleados\u00bb, extern\u00f3 Tom\u00e1s Hogan, uno de los due\u00f1os de la cantina \u00abLa Negrita\u00bb, ubicada en el centro de M\u00e9rida.<\/p>\n<p>Estos establecimientos estuvieron cerrados en 2020, y casi un a\u00f1o despu\u00e9s se les permiti\u00f3 operar con permiso de restaurantes, aunque en junio de este a\u00f1o, fueron cerrados de nueva cuenta.<\/p>\n<p><img loading=\"lazy\" decoding=\"async\" class=\"wp-image-72424 aligncenter\" src=\"https:\/\/reporteroshoy.mx\/noticias\/wp-content\/uploads\/2021\/09\/La-negrita.jpg\" alt=\"\" width=\"600\" height=\"338\" \/><\/p>\n<p>Tres meses despu\u00e9s, las autoridades estatales les permitieron volver a funcionar por lo que, a lo largo de esta semana, varios establecimientos iniciaron los preparativos para abrir sus puertas, algo que varios ya han conseguido, mientras que otros est\u00e1n en ese proceso.<\/p>\n<p>Dentro de las condiciones de operaci\u00f3n tambi\u00e9n est\u00e1 el control de los horarios mientras se mantiene la restricci\u00f3n a la movilidad.<\/p>\n<p>Los due\u00f1os de las cantinas reconocen que, pese a la apertura, prevalece la incertidumbre de un nuevo cierre por lo que afirman que est\u00e1n tomando el asunto con calma.<\/p>\n<p style=\"text-align: justify;\">\u00abAhorita nos permiten abrir domingo, lunes, martes y mi\u00e9rcoles hasta las 12 de la noche, abrimos de 10 de la ma\u00f1ana a 12 de la noche. Jueves, viernes y s\u00e1bado, hasta las 10 de la noche, de lo cual estamos muy agradecidos\u00bb, se\u00f1al\u00f3.<\/p>\n<h4 style=\"text-align: justify;\"><strong>SE ESPERA UN BUEN CIERRE DE A\u00d1O<\/strong><\/h4>\n<div>\n<p style=\"text-align: justify;\">El presidente de la Confederaci\u00f3n Patronal de la Rep\u00fablica Mexicana (Coparmex) en M\u00e9rida, Fernando Ponce D\u00edaz, refiri\u00f3 que el pr\u00f3ximo retiro de varias restricciones relacionadas con la pandemia por coronavirus ser\u00e1n los principales alicientes para acelerar la recuperaci\u00f3n de la econom\u00eda a finales del 2021.<\/p>\n<p style=\"text-align: justify;\">\u00abEl cierre del 2021 va a ser mucho mejor que el a\u00f1o pasado, pero no va a ser como hace dos a\u00f1os. La recuperaci\u00f3n se est\u00e1 dando, los empleos tambi\u00e9n, pero est\u00e1 un poco lento. Las proyecciones que tenemos para el 2022 son buenas para Yucat\u00e1n, esperemos que las logremos aprovechar, tomando en cuenta la afectaci\u00f3n que hemos tenido\u00bb, concluy\u00f3.<\/p>\n<\/div>\n","protected":false},"excerpt":{"rendered":"<p>Solo se permite un aforo del 50%, adem\u00e1s de contar con todas las medidas de salud. Para finales de a\u00f1o se espera que la econom\u00eda mejore.<\/p>\n","protected":false},"author":9,"featured_media":72424,"comment_status":"open","ping_status":"closed","sticky":false,"template":"","format":"standard","meta":{"footnotes":""},"categories":[17],"tags":[10574,16842,534,12950],"class_list":["post-72423","post","type-post","status-publish","format-standard","has-post-thumbnail","hentry","category-yucatan","tag-bares","tag-cantinas","tag-coparmex","tag-recuperacion-economica"],"yoast_head":"<!-- This site is optimized with the Yoast SEO plugin v28.4 - https:\/\/yoast.com\/product\/yoast-seo-wordpress\/ -->\n<title>\u00a1La espera termin\u00f3! Reabren bares y cantinas en M\u00e9rida<\/title>\n<meta name=\"description\" content=\"Solo se permite un aforo del 50%, adem\u00e1s de contar con todas las medidas de salud. Para finales de a\u00f1o se espera que la econom\u00eda mejore.\" \/>\n<meta name=\"robots\" content=\"index, follow, max-snippet:-1, max-image-preview:large, max-video-preview:-1\" \/>\n<link rel=\"canonical\" href=\"https:\/\/reporteroshoy.mx\/noticias\/la-espera-termino-reabren-bares-y-cantinas-en-merida\/\" \/>\n<meta property=\"og:locale\" content=\"es_ES\" \/>\n<meta property=\"og:type\" content=\"article\" \/>\n<meta property=\"og:title\" content=\"\u00a1La espera termin\u00f3! Reabren bares y cantinas en M\u00e9rida\" \/>\n<meta property=\"og:description\" content=\"Solo se permite un aforo del 50%, adem\u00e1s de contar con todas las medidas de salud. Para finales de a\u00f1o se espera que la econom\u00eda mejore.\" \/>\n<meta property=\"og:url\" content=\"https:\/\/reporteroshoy.mx\/noticias\/la-espera-termino-reabren-bares-y-cantinas-en-merida\/\" \/>\n<meta property=\"og:site_name\" content=\"Reporteros Hoy | Noticias de Yucat\u00e1n\" \/>\n<meta property=\"article:publisher\" content=\"http:\/\/www.facebook.com\/reporteroshoymx\" \/>\n<meta property=\"article:published_time\" content=\"2021-09-23T18:59:23+00:00\" \/>\n<meta property=\"article:modified_time\" content=\"2021-09-23T18:59:55+00:00\" \/>\n<meta property=\"og:image\" content=\"https:\/\/reporteroshoy.mx\/noticias\/wp-content\/uploads\/2021\/09\/La-negrita.jpg\" \/>\n\t<meta property=\"og:image:width\" content=\"768\" \/>\n\t<meta property=\"og:image:height\" content=\"432\" \/>\n\t<meta property=\"og:image:type\" content=\"image\/jpeg\" \/>\n<meta name=\"author\" content=\"Reporteros Hoy WP\" \/>\n<meta name=\"twitter:card\" content=\"summary_large_image\" \/>\n<meta name=\"twitter:creator\" content=\"@reporteroshoy\" \/>\n<meta name=\"twitter:site\" content=\"@reporteroshoy\" \/>\n<meta name=\"twitter:label1\" content=\"Escrito por\" \/>\n\t<meta name=\"twitter:data1\" content=\"Reporteros Hoy WP\" \/>\n\t<meta name=\"twitter:label2\" content=\"Tiempo de lectura\" \/>\n\t<meta name=\"twitter:data2\" content=\"2 minutos\" \/>\n<script type=\"application\/ld+json\" class=\"yoast-schema-graph\">{\"@context\":\"https:\\\/\\\/schema.org\",\"@graph\":[{\"@type\":\"Article\",\"@id\":\"https:\\\/\\\/reporteroshoy.mx\\\/noticias\\\/la-espera-termino-reabren-bares-y-cantinas-en-merida\\\/#article\",\"isPartOf\":{\"@id\":\"https:\\\/\\\/reporteroshoy.mx\\\/noticias\\\/la-espera-termino-reabren-bares-y-cantinas-en-merida\\\/\"},\"author\":{\"name\":\"Reporteros Hoy WP\",\"@id\":\"https:\\\/\\\/reporteroshoy.mx\\\/noticias\\\/#\\\/schema\\\/person\\\/c977527e57c958a62c5cefe8fe47876e\"},\"headline\":\"\u00a1La espera termin\u00f3! Reabren bares y cantinas en M\u00e9rida\",\"datePublished\":\"2021-09-23T18:59:23+00:00\",\"dateModified\":\"2021-09-23T18:59:55+00:00\",\"mainEntityOfPage\":{\"@id\":\"https:\\\/\\\/reporteroshoy.mx\\\/noticias\\\/la-espera-termino-reabren-bares-y-cantinas-en-merida\\\/\"},\"wordCount\":415,\"commentCount\":0,\"image\":{\"@id\":\"https:\\\/\\\/reporteroshoy.mx\\\/noticias\\\/la-espera-termino-reabren-bares-y-cantinas-en-merida\\\/#primaryimage\"},\"thumbnailUrl\":\"https:\\\/\\\/reporteroshoy.mx\\\/noticias\\\/wp-content\\\/uploads\\\/2021\\\/09\\\/La-negrita.jpg\",\"keywords\":[\"bares\",\"cantinas\",\"Coparmex\",\"Recuperaci\u00f3n econ\u00f3mica\"],\"articleSection\":[\"Yucat\u00e1n\"],\"inLanguage\":\"es\",\"potentialAction\":[{\"@type\":\"CommentAction\",\"name\":\"Comment\",\"target\":[\"https:\\\/\\\/reporteroshoy.mx\\\/noticias\\\/la-espera-termino-reabren-bares-y-cantinas-en-merida\\\/#respond\"]}]},{\"@type\":\"WebPage\",\"@id\":\"https:\\\/\\\/reporteroshoy.mx\\\/noticias\\\/la-espera-termino-reabren-bares-y-cantinas-en-merida\\\/\",\"url\":\"https:\\\/\\\/reporteroshoy.mx\\\/noticias\\\/la-espera-termino-reabren-bares-y-cantinas-en-merida\\\/\",\"name\":\"\u00a1La espera termin\u00f3! Reabren bares y cantinas en M\u00e9rida\",\"isPartOf\":{\"@id\":\"https:\\\/\\\/reporteroshoy.mx\\\/noticias\\\/#website\"},\"primaryImageOfPage\":{\"@id\":\"https:\\\/\\\/reporteroshoy.mx\\\/noticias\\\/la-espera-termino-reabren-bares-y-cantinas-en-merida\\\/#primaryimage\"},\"image\":{\"@id\":\"https:\\\/\\\/reporteroshoy.mx\\\/noticias\\\/la-espera-termino-reabren-bares-y-cantinas-en-merida\\\/#primaryimage\"},\"thumbnailUrl\":\"https:\\\/\\\/reporteroshoy.mx\\\/noticias\\\/wp-content\\\/uploads\\\/2021\\\/09\\\/La-negrita.jpg\",\"datePublished\":\"2021-09-23T18:59:23+00:00\",\"dateModified\":\"2021-09-23T18:59:55+00:00\",\"author\":{\"@id\":\"https:\\\/\\\/reporteroshoy.mx\\\/noticias\\\/#\\\/schema\\\/person\\\/c977527e57c958a62c5cefe8fe47876e\"},\"description\":\"Solo se permite un aforo del 50%, adem\u00e1s de contar con todas las medidas de salud. Para finales de a\u00f1o se espera que la econom\u00eda mejore.\",\"breadcrumb\":{\"@id\":\"https:\\\/\\\/reporteroshoy.mx\\\/noticias\\\/la-espera-termino-reabren-bares-y-cantinas-en-merida\\\/#breadcrumb\"},\"inLanguage\":\"es\",\"potentialAction\":[{\"@type\":\"ReadAction\",\"target\":[\"https:\\\/\\\/reporteroshoy.mx\\\/noticias\\\/la-espera-termino-reabren-bares-y-cantinas-en-merida\\\/\"]}]},{\"@type\":\"ImageObject\",\"inLanguage\":\"es\",\"@id\":\"https:\\\/\\\/reporteroshoy.mx\\\/noticias\\\/la-espera-termino-reabren-bares-y-cantinas-en-merida\\\/#primaryimage\",\"url\":\"https:\\\/\\\/reporteroshoy.mx\\\/noticias\\\/wp-content\\\/uploads\\\/2021\\\/09\\\/La-negrita.jpg\",\"contentUrl\":\"https:\\\/\\\/reporteroshoy.mx\\\/noticias\\\/wp-content\\\/uploads\\\/2021\\\/09\\\/La-negrita.jpg\",\"width\":768,\"height\":432},{\"@type\":\"BreadcrumbList\",\"@id\":\"https:\\\/\\\/reporteroshoy.mx\\\/noticias\\\/la-espera-termino-reabren-bares-y-cantinas-en-merida\\\/#breadcrumb\",\"itemListElement\":[{\"@type\":\"ListItem\",\"position\":1,\"name\":\"Portada\",\"item\":\"https:\\\/\\\/reporteroshoy.mx\\\/noticias\\\/\"},{\"@type\":\"ListItem\",\"position\":2,\"name\":\"\u00a1La espera termin\u00f3! Reabren bares y cantinas en M\u00e9rida\"}]},{\"@type\":\"WebSite\",\"@id\":\"https:\\\/\\\/reporteroshoy.mx\\\/noticias\\\/#website\",\"url\":\"https:\\\/\\\/reporteroshoy.mx\\\/noticias\\\/\",\"name\":\"Reporteros Hoy | Noticias de Yucat\u00e1n\",\"description\":\"Peri\u00f3dico digital con noticias diarias desde M\u00e9rida, Yucat\u00e1n para el mundo.\",\"potentialAction\":[{\"@type\":\"SearchAction\",\"target\":{\"@type\":\"EntryPoint\",\"urlTemplate\":\"https:\\\/\\\/reporteroshoy.mx\\\/noticias\\\/?s={search_term_string}\"},\"query-input\":{\"@type\":\"PropertyValueSpecification\",\"valueRequired\":true,\"valueName\":\"search_term_string\"}}],\"inLanguage\":\"es\"},{\"@type\":\"Person\",\"@id\":\"https:\\\/\\\/reporteroshoy.mx\\\/noticias\\\/#\\\/schema\\\/person\\\/c977527e57c958a62c5cefe8fe47876e\",\"name\":\"Reporteros Hoy WP\",\"image\":{\"@type\":\"ImageObject\",\"inLanguage\":\"es\",\"@id\":\"https:\\\/\\\/secure.gravatar.com\\\/avatar\\\/fd2917f79a7dae30f8ac9ddc2f35e1756bb59e25e01d1cd09deaa64df7b2f73e?s=96&d=mm&r=g\",\"url\":\"https:\\\/\\\/secure.gravatar.com\\\/avatar\\\/fd2917f79a7dae30f8ac9ddc2f35e1756bb59e25e01d1cd09deaa64df7b2f73e?s=96&d=mm&r=g\",\"contentUrl\":\"https:\\\/\\\/secure.gravatar.com\\\/avatar\\\/fd2917f79a7dae30f8ac9ddc2f35e1756bb59e25e01d1cd09deaa64df7b2f73e?s=96&d=mm&r=g\",\"caption\":\"Reporteros Hoy WP\"},\"url\":\"https:\\\/\\\/reporteroshoy.mx\\\/noticias\\\/author\\\/walfer\\\/\"}]}<\/script>\n<!-- \/ Yoast SEO plugin. -->","yoast_head_json":{"title":"\u00a1La espera termin\u00f3! Reabren bares y cantinas en M\u00e9rida","description":"Solo se permite un aforo del 50%, adem\u00e1s de contar con todas las medidas de salud. Para finales de a\u00f1o se espera que la econom\u00eda mejore.","robots":{"index":"index","follow":"follow","max-snippet":"max-snippet:-1","max-image-preview":"max-image-preview:large","max-video-preview":"max-video-preview:-1"},"canonical":"https:\/\/reporteroshoy.mx\/noticias\/la-espera-termino-reabren-bares-y-cantinas-en-merida\/","og_locale":"es_ES","og_type":"article","og_title":"\u00a1La espera termin\u00f3! Reabren bares y cantinas en M\u00e9rida","og_description":"Solo se permite un aforo del 50%, adem\u00e1s de contar con todas las medidas de salud. Para finales de a\u00f1o se espera que la econom\u00eda mejore.","og_url":"https:\/\/reporteroshoy.mx\/noticias\/la-espera-termino-reabren-bares-y-cantinas-en-merida\/","og_site_name":"Reporteros Hoy | Noticias de Yucat\u00e1n","article_publisher":"http:\/\/www.facebook.com\/reporteroshoymx","article_published_time":"2021-09-23T18:59:23+00:00","article_modified_time":"2021-09-23T18:59:55+00:00","og_image":[{"width":768,"height":432,"url":"https:\/\/reporteroshoy.mx\/noticias\/wp-content\/uploads\/2021\/09\/La-negrita.jpg","type":"image\/jpeg"}],"author":"Reporteros Hoy WP","twitter_card":"summary_large_image","twitter_creator":"@reporteroshoy","twitter_site":"@reporteroshoy","twitter_misc":{"Escrito por":"Reporteros Hoy WP","Tiempo de lectura":"2 minutos"},"schema":{"@context":"https:\/\/schema.org","@graph":[{"@type":"Article","@id":"https:\/\/reporteroshoy.mx\/noticias\/la-espera-termino-reabren-bares-y-cantinas-en-merida\/#article","isPartOf":{"@id":"https:\/\/reporteroshoy.mx\/noticias\/la-espera-termino-reabren-bares-y-cantinas-en-merida\/"},"author":{"name":"Reporteros Hoy WP","@id":"https:\/\/reporteroshoy.mx\/noticias\/#\/schema\/person\/c977527e57c958a62c5cefe8fe47876e"},"headline":"\u00a1La espera termin\u00f3! Reabren bares y cantinas en M\u00e9rida","datePublished":"2021-09-23T18:59:23+00:00","dateModified":"2021-09-23T18:59:55+00:00","mainEntityOfPage":{"@id":"https:\/\/reporteroshoy.mx\/noticias\/la-espera-termino-reabren-bares-y-cantinas-en-merida\/"},"wordCount":415,"commentCount":0,"image":{"@id":"https:\/\/reporteroshoy.mx\/noticias\/la-espera-termino-reabren-bares-y-cantinas-en-merida\/#primaryimage"},"thumbnailUrl":"https:\/\/reporteroshoy.mx\/noticias\/wp-content\/uploads\/2021\/09\/La-negrita.jpg","keywords":["bares","cantinas","Coparmex","Recuperaci\u00f3n econ\u00f3mica"],"articleSection":["Yucat\u00e1n"],"inLanguage":"es","potentialAction":[{"@type":"CommentAction","name":"Comment","target":["https:\/\/reporteroshoy.mx\/noticias\/la-espera-termino-reabren-bares-y-cantinas-en-merida\/#respond"]}]},{"@type":"WebPage","@id":"https:\/\/reporteroshoy.mx\/noticias\/la-espera-termino-reabren-bares-y-cantinas-en-merida\/","url":"https:\/\/reporteroshoy.mx\/noticias\/la-espera-termino-reabren-bares-y-cantinas-en-merida\/","name":"\u00a1La espera termin\u00f3! Reabren bares y cantinas en M\u00e9rida","isPartOf":{"@id":"https:\/\/reporteroshoy.mx\/noticias\/#website"},"primaryImageOfPage":{"@id":"https:\/\/reporteroshoy.mx\/noticias\/la-espera-termino-reabren-bares-y-cantinas-en-merida\/#primaryimage"},"image":{"@id":"https:\/\/reporteroshoy.mx\/noticias\/la-espera-termino-reabren-bares-y-cantinas-en-merida\/#primaryimage"},"thumbnailUrl":"https:\/\/reporteroshoy.mx\/noticias\/wp-content\/uploads\/2021\/09\/La-negrita.jpg","datePublished":"2021-09-23T18:59:23+00:00","dateModified":"2021-09-23T18:59:55+00:00","author":{"@id":"https:\/\/reporteroshoy.mx\/noticias\/#\/schema\/person\/c977527e57c958a62c5cefe8fe47876e"},"description":"Solo se permite un aforo del 50%, adem\u00e1s de contar con todas las medidas de salud. Para finales de a\u00f1o se espera que la econom\u00eda mejore.","breadcrumb":{"@id":"https:\/\/reporteroshoy.mx\/noticias\/la-espera-termino-reabren-bares-y-cantinas-en-merida\/#breadcrumb"},"inLanguage":"es","potentialAction":[{"@type":"ReadAction","target":["https:\/\/reporteroshoy.mx\/noticias\/la-espera-termino-reabren-bares-y-cantinas-en-merida\/"]}]},{"@type":"ImageObject","inLanguage":"es","@id":"https:\/\/reporteroshoy.mx\/noticias\/la-espera-termino-reabren-bares-y-cantinas-en-merida\/#primaryimage","url":"https:\/\/reporteroshoy.mx\/noticias\/wp-content\/uploads\/2021\/09\/La-negrita.jpg","contentUrl":"https:\/\/reporteroshoy.mx\/noticias\/wp-content\/uploads\/2021\/09\/La-negrita.jpg","width":768,"height":432},{"@type":"BreadcrumbList","@id":"https:\/\/reporteroshoy.mx\/noticias\/la-espera-termino-reabren-bares-y-cantinas-en-merida\/#breadcrumb","itemListElement":[{"@type":"ListItem","position":1,"name":"Portada","item":"https:\/\/reporteroshoy.mx\/noticias\/"},{"@type":"ListItem","position":2,"name":"\u00a1La espera termin\u00f3! Reabren bares y cantinas en M\u00e9rida"}]},{"@type":"WebSite","@id":"https:\/\/reporteroshoy.mx\/noticias\/#website","url":"https:\/\/reporteroshoy.mx\/noticias\/","name":"Reporteros Hoy | Noticias de Yucat\u00e1n","description":"Peri\u00f3dico digital con noticias diarias desde M\u00e9rida, Yucat\u00e1n para el mundo.","potentialAction":[{"@type":"SearchAction","target":{"@type":"EntryPoint","urlTemplate":"https:\/\/reporteroshoy.mx\/noticias\/?s={search_term_string}"},"query-input":{"@type":"PropertyValueSpecification","valueRequired":true,"valueName":"search_term_string"}}],"inLanguage":"es"},{"@type":"Person","@id":"https:\/\/reporteroshoy.mx\/noticias\/#\/schema\/person\/c977527e57c958a62c5cefe8fe47876e","name":"Reporteros Hoy WP","image":{"@type":"ImageObject","inLanguage":"es","@id":"https:\/\/secure.gravatar.com\/avatar\/fd2917f79a7dae30f8ac9ddc2f35e1756bb59e25e01d1cd09deaa64df7b2f73e?s=96&d=mm&r=g","url":"https:\/\/secure.gravatar.com\/avatar\/fd2917f79a7dae30f8ac9ddc2f35e1756bb59e25e01d1cd09deaa64df7b2f73e?s=96&d=mm&r=g","contentUrl":"https:\/\/secure.gravatar.com\/avatar\/fd2917f79a7dae30f8ac9ddc2f35e1756bb59e25e01d1cd09deaa64df7b2f73e?s=96&d=mm&r=g","caption":"Reporteros Hoy WP"},"url":"https:\/\/reporteroshoy.mx\/noticias\/author\/walfer\/"}]}},"_links":{"self":[{"href":"https:\/\/reporteroshoy.mx\/noticias\/wp-json\/wp\/v2\/posts\/72423","targetHints":{"allow":["GET"]}}],"collection":[{"href":"https:\/\/reporteroshoy.mx\/noticias\/wp-json\/wp\/v2\/posts"}],"about":[{"href":"https:\/\/reporteroshoy.mx\/noticias\/wp-json\/wp\/v2\/types\/post"}],"author":[{"embeddable":true,"href":"https:\/\/reporteroshoy.mx\/noticias\/wp-json\/wp\/v2\/users\/9"}],"replies":[{"embeddable":true,"href":"https:\/\/reporteroshoy.mx\/noticias\/wp-json\/wp\/v2\/comments?post=72423"}],"version-history":[{"count":0,"href":"https:\/\/reporteroshoy.mx\/noticias\/wp-json\/wp\/v2\/posts\/72423\/revisions"}],"wp:featuredmedia":[{"embeddable":true,"href":"https:\/\/reporteroshoy.mx\/noticias\/wp-json\/wp\/v2\/media\/72424"}],"wp:attachment":[{"href":"https:\/\/reporteroshoy.mx\/noticias\/wp-json\/wp\/v2\/media?parent=72423"}],"wp:term":[{"taxonomy":"category","embeddable":true,"href":"https:\/\/reporteroshoy.mx\/noticias\/wp-json\/wp\/v2\/categories?post=72423"},{"taxonomy":"post_tag","embeddable":true,"href":"https:\/\/reporteroshoy.mx\/noticias\/wp-json\/wp\/v2\/tags?post=72423"}],"curies":[{"name":"wp","href":"https:\/\/api.w.org\/{rel}","templated":true}]}}