{"id":72453,"date":"2021-09-23T16:46:05","date_gmt":"2021-09-23T21:46:05","guid":{"rendered":"https:\/\/reporteroshoy.mx\/noticias\/?p=72453"},"modified":"2021-09-23T16:46:05","modified_gmt":"2021-09-23T21:46:05","slug":"cuatro-comisiones-mas-inician-trabajos-legislativos","status":"publish","type":"post","link":"https:\/\/reporteroshoy.mx\/noticias\/cuatro-comisiones-mas-inician-trabajos-legislativos\/","title":{"rendered":"Cuatro Comisiones m\u00e1s inician trabajos legislativos"},"content":{"rendered":"<p style=\"text-align: justify;\">M\u00e9rida, Yucat\u00e1n; 23 de septiembre de 2021.- Como parte del proceso de inicio de sus trabajos, este jueves se instalaron cuatro Comisiones Permanentes m\u00e1s de la LXIII Legislatura, en esta ocasi\u00f3n fueron la de Igualdad de G\u00e9nero; Salud y Seguridad Social; de Desarrollo Municipal, Regional y Zonas Metropolitanas; as\u00ed como Desarrollo Urbano, Vivienda e Infraestructura.<\/p>\n<p style=\"text-align: justify;\">Al instalarse la Comisi\u00f3n de Igualdad de G\u00e9nero, su presidente, diputada, Vida G\u00f3mez Herrera (MC), invit\u00f3 a sus compa\u00f1eros a sumarse a una actividad de parlamento abierto en la materia para conocer las necesidades e inquietudes de la ciudadan\u00eda y actualizar el marco jur\u00eddico, el cual, deber\u00e1 celebrarse en el mes de octubre, para lo cual en la siguiente sesi\u00f3n compartir\u00e1 m\u00e1s detalles para que sea organizado en conjunto, invitaci\u00f3n que fue aceptada por sus integrantes.<\/p>\n<p style=\"text-align: justify;\">As\u00ed mismo, explic\u00f3 que este \u00f3rgano parlamentario tendr\u00e1 por objeto estudiar, analizar y dictaminar, sobre los asuntos relacionados con el trato imparcial de mujeres y hombres de todas las edades, seg\u00fan sus necesidades.<\/p>\n<p><img loading=\"lazy\" decoding=\"async\" class=\"wp-image-72454 aligncenter\" src=\"https:\/\/reporteroshoy.mx\/noticias\/wp-content\/uploads\/2021\/09\/Comisiones.jpg\" alt=\"\" width=\"598\" height=\"337\" \/><\/p>\n<p style=\"text-align: justify;\">En dicho cuerpo colegiado tambi\u00e9n forman parte, la diputada del PAN, Karla Salazar Gonz\u00e1lez, como vicepresidenta; las legisladoras de Morena, Alejandra Novelo Segura, y del PAN, Melba Gamboa \u00c1vila; adem\u00e1s, como vocales, del PRI, Fabiola Loeza Novelo; de Morena, Rub\u00ed Be Chan; y del PAN, Karem Achach Ram\u00edrez, Luis Fern\u00e1ndez Vidal, y Ra\u00fal Romero Chel.<\/p>\n<p style=\"text-align: justify;\">Momentos despu\u00e9s, la presidenta de la Comisi\u00f3n de Salud, Dafne L\u00f3pez Osorio, detall\u00f3 que este \u00f3rgano parlamentario estudiar\u00e1, analizar\u00e1 y dictaminar\u00e1, sobre los asuntos relacionados con el derecho a la salud y la seguridad social de los trabajadores del Estado.<\/p>\n<p style=\"text-align: justify;\">Lo anterior, en lo referente a la salud de los habitantes; el control sanitario en establecimientos que vendan alimentos y bebidas; los programas de salud p\u00fablica del Estado y los municipios, fundamentalmente aqu\u00e9llos que tiendan a combatir la drogadicci\u00f3n, el alcoholismo, la prostituci\u00f3n y el tabaquismo, y la asistencia y seguridad social que protejan al sector productivo y laboral.<\/p>\n<p><img loading=\"lazy\" decoding=\"async\" class=\"wp-image-72456 aligncenter\" src=\"https:\/\/reporteroshoy.mx\/noticias\/wp-content\/uploads\/2021\/09\/Comisiones3.jpg\" alt=\"\" width=\"598\" height=\"337\" \/><\/p>\n<p style=\"text-align: justify;\">El mencionado cuerpo colegiado tambi\u00e9n est\u00e1 integrado por la diputada de Morena, Be Chan, como vicepresidenta; la legisladora del PRI, Karla Franco Blanco, y del PRD, Eduardo Sobrino Sierra como secretarios; as\u00ed como los vocales, del PAN, Abril Ferreyro Rosado, Achach Ram\u00edrez, y Esteban Abraham Macari.<\/p>\n<p style=\"text-align: justify;\">Posteriormente, el presidente de la Comisi\u00f3n de Desarrollo Municipal, Ra\u00fal Romero (PAN), anunci\u00f3 que no se cuenta con iniciativas ni asuntos pendientes en este \u00f3rgano que atender\u00e1 los puntos relativos con el desarrollo de los municipios, y las relaciones entre los gobiernos municipales y el estatal, con respecto a la promoci\u00f3n del desarrollo socioecon\u00f3mico de los municipios y su desarrollo integral, de las zona regionales metropolitanas, y las solicitudes de los ayuntamientos para que se les autorice a celebrar convenios de asociaci\u00f3n con municipios de otras entidades federativas.<\/p>\n<p style=\"text-align: justify;\">En este cuerpo colegiado tambi\u00e9n participan la diputada del PRI, Loeza Novelo, como vicepresidenta; los diputados de Morena, Rafael Echazarreta Torres, y del PAN, Achach Ram\u00edrez, como secretarios; as\u00ed como vocales, del PRI, Franco Blanco, y del PAN, Fern\u00e1ndez Vidal y Manuela Cocom Bolio.<\/p>\n<p><img loading=\"lazy\" decoding=\"async\" class=\"wp-image-72455 aligncenter\" src=\"https:\/\/reporteroshoy.mx\/noticias\/wp-content\/uploads\/2021\/09\/Comisiones1.jpg\" alt=\"\" width=\"602\" height=\"339\" \/><\/p>\n<p style=\"text-align: justify;\">Por \u00faltimo, el presidente de la Comisi\u00f3n de Desarrollo Urbano, Rafael Echazarreta (Morena), inform\u00f3 que este \u00f3rgano parlamentario abordar\u00e1 temas relacionados con el urbanismo, las obras p\u00fablicas, vivienda, regulaci\u00f3n de la tenencia de la tierra, comunicaciones y transporte.<\/p>\n<p style=\"text-align: justify;\">Adem\u00e1s, se distribuy\u00f3 entre los integrantes la propuesta de plan de trabajo y la relaci\u00f3n de los asuntos pendientes de dicho cuerpo colegiado que tambi\u00e9n est\u00e1 conformado por el diputado del PAN, Jes\u00fas P\u00e9rez Ballote, como vicepresidente; las diputadas de Morena, Be Chan, y del PAN, Achach Ram\u00edrez, como secretarias; al igual que, como vocales, del PRI, Loeza Novelo; y del PAN, Ferreyro Rosado y Salazar Gonz\u00e1lez.<\/p>\n","protected":false},"excerpt":{"rendered":"<p>Se instal\u00f3 la Comisi\u00f3n de Igualdad de G\u00e9nero; Salud y Seguridad Social; Desarrollo Municipal, Regional y Zonas Metropolitanas; y Desarrollo Urbano, Vivienda e Infraestructura.<\/p>\n","protected":false},"author":9,"featured_media":72457,"comment_status":"open","ping_status":"closed","sticky":false,"template":"","format":"standard","meta":{"footnotes":""},"categories":[7],"tags":[3799,1995],"class_list":["post-72453","post","type-post","status-publish","format-standard","has-post-thumbnail","hentry","category-gobierno","tag-comisiones","tag-congreso-local"],"yoast_head":"<!-- This site is optimized with the Yoast SEO plugin v28.4 - https:\/\/yoast.com\/product\/yoast-seo-wordpress\/ -->\n<title>Cuatro Comisiones m\u00e1s inician trabajos legislativos<\/title>\n<meta name=\"description\" content=\"Se instal\u00f3 la Comisi\u00f3n de Igualdad de G\u00e9nero; Salud y Seguridad Social; Desarrollo Municipal, Regional y Zonas Metropolitanas; y Desarrollo Urbano, Vivienda e Infraestructura.\" \/>\n<meta name=\"robots\" content=\"index, follow, max-snippet:-1, max-image-preview:large, max-video-preview:-1\" \/>\n<link rel=\"canonical\" href=\"https:\/\/reporteroshoy.mx\/noticias\/cuatro-comisiones-mas-inician-trabajos-legislativos\/\" \/>\n<meta property=\"og:locale\" content=\"es_ES\" \/>\n<meta property=\"og:type\" content=\"article\" \/>\n<meta property=\"og:title\" content=\"Cuatro Comisiones m\u00e1s inician trabajos legislativos\" \/>\n<meta property=\"og:description\" content=\"Se instal\u00f3 la Comisi\u00f3n de Igualdad de G\u00e9nero; Salud y Seguridad Social; Desarrollo Municipal, Regional y Zonas Metropolitanas; y Desarrollo Urbano, Vivienda e Infraestructura.\" \/>\n<meta property=\"og:url\" content=\"https:\/\/reporteroshoy.mx\/noticias\/cuatro-comisiones-mas-inician-trabajos-legislativos\/\" \/>\n<meta property=\"og:site_name\" content=\"Reporteros Hoy | Noticias de Yucat\u00e1n\" \/>\n<meta property=\"article:publisher\" content=\"http:\/\/www.facebook.com\/reporteroshoymx\" \/>\n<meta property=\"article:published_time\" content=\"2021-09-23T21:46:05+00:00\" \/>\n<meta property=\"og:image\" content=\"https:\/\/reporteroshoy.mx\/noticias\/wp-content\/uploads\/2021\/09\/Comisiones2.jpg\" \/>\n\t<meta property=\"og:image:width\" content=\"768\" \/>\n\t<meta property=\"og:image:height\" content=\"432\" \/>\n\t<meta property=\"og:image:type\" content=\"image\/jpeg\" \/>\n<meta name=\"author\" content=\"Reporteros Hoy WP\" \/>\n<meta name=\"twitter:card\" content=\"summary_large_image\" \/>\n<meta name=\"twitter:creator\" content=\"@reporteroshoy\" \/>\n<meta name=\"twitter:site\" content=\"@reporteroshoy\" \/>\n<meta name=\"twitter:label1\" content=\"Escrito por\" \/>\n\t<meta name=\"twitter:data1\" content=\"Reporteros Hoy WP\" \/>\n\t<meta name=\"twitter:label2\" content=\"Tiempo de lectura\" \/>\n\t<meta name=\"twitter:data2\" content=\"4 minutos\" \/>\n<script type=\"application\/ld+json\" class=\"yoast-schema-graph\">{\"@context\":\"https:\\\/\\\/schema.org\",\"@graph\":[{\"@type\":\"Article\",\"@id\":\"https:\\\/\\\/reporteroshoy.mx\\\/noticias\\\/cuatro-comisiones-mas-inician-trabajos-legislativos\\\/#article\",\"isPartOf\":{\"@id\":\"https:\\\/\\\/reporteroshoy.mx\\\/noticias\\\/cuatro-comisiones-mas-inician-trabajos-legislativos\\\/\"},\"author\":{\"name\":\"Reporteros Hoy WP\",\"@id\":\"https:\\\/\\\/reporteroshoy.mx\\\/noticias\\\/#\\\/schema\\\/person\\\/c977527e57c958a62c5cefe8fe47876e\"},\"headline\":\"Cuatro Comisiones m\u00e1s inician trabajos legislativos\",\"datePublished\":\"2021-09-23T21:46:05+00:00\",\"mainEntityOfPage\":{\"@id\":\"https:\\\/\\\/reporteroshoy.mx\\\/noticias\\\/cuatro-comisiones-mas-inician-trabajos-legislativos\\\/\"},\"wordCount\":655,\"commentCount\":0,\"image\":{\"@id\":\"https:\\\/\\\/reporteroshoy.mx\\\/noticias\\\/cuatro-comisiones-mas-inician-trabajos-legislativos\\\/#primaryimage\"},\"thumbnailUrl\":\"https:\\\/\\\/reporteroshoy.mx\\\/noticias\\\/wp-content\\\/uploads\\\/2021\\\/09\\\/Comisiones2.jpg\",\"keywords\":[\"Comisiones\",\"Congreso Local\"],\"articleSection\":[\"Gobierno\"],\"inLanguage\":\"es\",\"potentialAction\":[{\"@type\":\"CommentAction\",\"name\":\"Comment\",\"target\":[\"https:\\\/\\\/reporteroshoy.mx\\\/noticias\\\/cuatro-comisiones-mas-inician-trabajos-legislativos\\\/#respond\"]}]},{\"@type\":\"WebPage\",\"@id\":\"https:\\\/\\\/reporteroshoy.mx\\\/noticias\\\/cuatro-comisiones-mas-inician-trabajos-legislativos\\\/\",\"url\":\"https:\\\/\\\/reporteroshoy.mx\\\/noticias\\\/cuatro-comisiones-mas-inician-trabajos-legislativos\\\/\",\"name\":\"Cuatro Comisiones m\u00e1s inician trabajos legislativos\",\"isPartOf\":{\"@id\":\"https:\\\/\\\/reporteroshoy.mx\\\/noticias\\\/#website\"},\"primaryImageOfPage\":{\"@id\":\"https:\\\/\\\/reporteroshoy.mx\\\/noticias\\\/cuatro-comisiones-mas-inician-trabajos-legislativos\\\/#primaryimage\"},\"image\":{\"@id\":\"https:\\\/\\\/reporteroshoy.mx\\\/noticias\\\/cuatro-comisiones-mas-inician-trabajos-legislativos\\\/#primaryimage\"},\"thumbnailUrl\":\"https:\\\/\\\/reporteroshoy.mx\\\/noticias\\\/wp-content\\\/uploads\\\/2021\\\/09\\\/Comisiones2.jpg\",\"datePublished\":\"2021-09-23T21:46:05+00:00\",\"author\":{\"@id\":\"https:\\\/\\\/reporteroshoy.mx\\\/noticias\\\/#\\\/schema\\\/person\\\/c977527e57c958a62c5cefe8fe47876e\"},\"description\":\"Se instal\u00f3 la Comisi\u00f3n de Igualdad de G\u00e9nero; Salud y Seguridad Social; Desarrollo Municipal, Regional y Zonas Metropolitanas; y Desarrollo Urbano, Vivienda e Infraestructura.\",\"breadcrumb\":{\"@id\":\"https:\\\/\\\/reporteroshoy.mx\\\/noticias\\\/cuatro-comisiones-mas-inician-trabajos-legislativos\\\/#breadcrumb\"},\"inLanguage\":\"es\",\"potentialAction\":[{\"@type\":\"ReadAction\",\"target\":[\"https:\\\/\\\/reporteroshoy.mx\\\/noticias\\\/cuatro-comisiones-mas-inician-trabajos-legislativos\\\/\"]}]},{\"@type\":\"ImageObject\",\"inLanguage\":\"es\",\"@id\":\"https:\\\/\\\/reporteroshoy.mx\\\/noticias\\\/cuatro-comisiones-mas-inician-trabajos-legislativos\\\/#primaryimage\",\"url\":\"https:\\\/\\\/reporteroshoy.mx\\\/noticias\\\/wp-content\\\/uploads\\\/2021\\\/09\\\/Comisiones2.jpg\",\"contentUrl\":\"https:\\\/\\\/reporteroshoy.mx\\\/noticias\\\/wp-content\\\/uploads\\\/2021\\\/09\\\/Comisiones2.jpg\",\"width\":768,\"height\":432},{\"@type\":\"BreadcrumbList\",\"@id\":\"https:\\\/\\\/reporteroshoy.mx\\\/noticias\\\/cuatro-comisiones-mas-inician-trabajos-legislativos\\\/#breadcrumb\",\"itemListElement\":[{\"@type\":\"ListItem\",\"position\":1,\"name\":\"Portada\",\"item\":\"https:\\\/\\\/reporteroshoy.mx\\\/noticias\\\/\"},{\"@type\":\"ListItem\",\"position\":2,\"name\":\"Cuatro Comisiones m\u00e1s inician trabajos legislativos\"}]},{\"@type\":\"WebSite\",\"@id\":\"https:\\\/\\\/reporteroshoy.mx\\\/noticias\\\/#website\",\"url\":\"https:\\\/\\\/reporteroshoy.mx\\\/noticias\\\/\",\"name\":\"Reporteros Hoy | Noticias de Yucat\u00e1n\",\"description\":\"Peri\u00f3dico digital con noticias diarias desde M\u00e9rida, Yucat\u00e1n para el mundo.\",\"potentialAction\":[{\"@type\":\"SearchAction\",\"target\":{\"@type\":\"EntryPoint\",\"urlTemplate\":\"https:\\\/\\\/reporteroshoy.mx\\\/noticias\\\/?s={search_term_string}\"},\"query-input\":{\"@type\":\"PropertyValueSpecification\",\"valueRequired\":true,\"valueName\":\"search_term_string\"}}],\"inLanguage\":\"es\"},{\"@type\":\"Person\",\"@id\":\"https:\\\/\\\/reporteroshoy.mx\\\/noticias\\\/#\\\/schema\\\/person\\\/c977527e57c958a62c5cefe8fe47876e\",\"name\":\"Reporteros Hoy WP\",\"image\":{\"@type\":\"ImageObject\",\"inLanguage\":\"es\",\"@id\":\"https:\\\/\\\/secure.gravatar.com\\\/avatar\\\/fd2917f79a7dae30f8ac9ddc2f35e1756bb59e25e01d1cd09deaa64df7b2f73e?s=96&d=mm&r=g\",\"url\":\"https:\\\/\\\/secure.gravatar.com\\\/avatar\\\/fd2917f79a7dae30f8ac9ddc2f35e1756bb59e25e01d1cd09deaa64df7b2f73e?s=96&d=mm&r=g\",\"contentUrl\":\"https:\\\/\\\/secure.gravatar.com\\\/avatar\\\/fd2917f79a7dae30f8ac9ddc2f35e1756bb59e25e01d1cd09deaa64df7b2f73e?s=96&d=mm&r=g\",\"caption\":\"Reporteros Hoy WP\"},\"url\":\"https:\\\/\\\/reporteroshoy.mx\\\/noticias\\\/author\\\/walfer\\\/\"}]}<\/script>\n<!-- \/ Yoast SEO plugin. -->","yoast_head_json":{"title":"Cuatro Comisiones m\u00e1s inician trabajos legislativos","description":"Se instal\u00f3 la Comisi\u00f3n de Igualdad de G\u00e9nero; Salud y Seguridad Social; Desarrollo Municipal, Regional y Zonas Metropolitanas; y Desarrollo Urbano, Vivienda e Infraestructura.","robots":{"index":"index","follow":"follow","max-snippet":"max-snippet:-1","max-image-preview":"max-image-preview:large","max-video-preview":"max-video-preview:-1"},"canonical":"https:\/\/reporteroshoy.mx\/noticias\/cuatro-comisiones-mas-inician-trabajos-legislativos\/","og_locale":"es_ES","og_type":"article","og_title":"Cuatro Comisiones m\u00e1s inician trabajos legislativos","og_description":"Se instal\u00f3 la Comisi\u00f3n de Igualdad de G\u00e9nero; Salud y Seguridad Social; Desarrollo Municipal, Regional y Zonas Metropolitanas; y Desarrollo Urbano, Vivienda e Infraestructura.","og_url":"https:\/\/reporteroshoy.mx\/noticias\/cuatro-comisiones-mas-inician-trabajos-legislativos\/","og_site_name":"Reporteros Hoy | Noticias de Yucat\u00e1n","article_publisher":"http:\/\/www.facebook.com\/reporteroshoymx","article_published_time":"2021-09-23T21:46:05+00:00","og_image":[{"width":768,"height":432,"url":"https:\/\/reporteroshoy.mx\/noticias\/wp-content\/uploads\/2021\/09\/Comisiones2.jpg","type":"image\/jpeg"}],"author":"Reporteros Hoy WP","twitter_card":"summary_large_image","twitter_creator":"@reporteroshoy","twitter_site":"@reporteroshoy","twitter_misc":{"Escrito por":"Reporteros Hoy WP","Tiempo de lectura":"4 minutos"},"schema":{"@context":"https:\/\/schema.org","@graph":[{"@type":"Article","@id":"https:\/\/reporteroshoy.mx\/noticias\/cuatro-comisiones-mas-inician-trabajos-legislativos\/#article","isPartOf":{"@id":"https:\/\/reporteroshoy.mx\/noticias\/cuatro-comisiones-mas-inician-trabajos-legislativos\/"},"author":{"name":"Reporteros Hoy WP","@id":"https:\/\/reporteroshoy.mx\/noticias\/#\/schema\/person\/c977527e57c958a62c5cefe8fe47876e"},"headline":"Cuatro Comisiones m\u00e1s inician trabajos legislativos","datePublished":"2021-09-23T21:46:05+00:00","mainEntityOfPage":{"@id":"https:\/\/reporteroshoy.mx\/noticias\/cuatro-comisiones-mas-inician-trabajos-legislativos\/"},"wordCount":655,"commentCount":0,"image":{"@id":"https:\/\/reporteroshoy.mx\/noticias\/cuatro-comisiones-mas-inician-trabajos-legislativos\/#primaryimage"},"thumbnailUrl":"https:\/\/reporteroshoy.mx\/noticias\/wp-content\/uploads\/2021\/09\/Comisiones2.jpg","keywords":["Comisiones","Congreso Local"],"articleSection":["Gobierno"],"inLanguage":"es","potentialAction":[{"@type":"CommentAction","name":"Comment","target":["https:\/\/reporteroshoy.mx\/noticias\/cuatro-comisiones-mas-inician-trabajos-legislativos\/#respond"]}]},{"@type":"WebPage","@id":"https:\/\/reporteroshoy.mx\/noticias\/cuatro-comisiones-mas-inician-trabajos-legislativos\/","url":"https:\/\/reporteroshoy.mx\/noticias\/cuatro-comisiones-mas-inician-trabajos-legislativos\/","name":"Cuatro Comisiones m\u00e1s inician trabajos legislativos","isPartOf":{"@id":"https:\/\/reporteroshoy.mx\/noticias\/#website"},"primaryImageOfPage":{"@id":"https:\/\/reporteroshoy.mx\/noticias\/cuatro-comisiones-mas-inician-trabajos-legislativos\/#primaryimage"},"image":{"@id":"https:\/\/reporteroshoy.mx\/noticias\/cuatro-comisiones-mas-inician-trabajos-legislativos\/#primaryimage"},"thumbnailUrl":"https:\/\/reporteroshoy.mx\/noticias\/wp-content\/uploads\/2021\/09\/Comisiones2.jpg","datePublished":"2021-09-23T21:46:05+00:00","author":{"@id":"https:\/\/reporteroshoy.mx\/noticias\/#\/schema\/person\/c977527e57c958a62c5cefe8fe47876e"},"description":"Se instal\u00f3 la Comisi\u00f3n de Igualdad de G\u00e9nero; Salud y Seguridad Social; Desarrollo Municipal, Regional y Zonas Metropolitanas; y Desarrollo Urbano, Vivienda e Infraestructura.","breadcrumb":{"@id":"https:\/\/reporteroshoy.mx\/noticias\/cuatro-comisiones-mas-inician-trabajos-legislativos\/#breadcrumb"},"inLanguage":"es","potentialAction":[{"@type":"ReadAction","target":["https:\/\/reporteroshoy.mx\/noticias\/cuatro-comisiones-mas-inician-trabajos-legislativos\/"]}]},{"@type":"ImageObject","inLanguage":"es","@id":"https:\/\/reporteroshoy.mx\/noticias\/cuatro-comisiones-mas-inician-trabajos-legislativos\/#primaryimage","url":"https:\/\/reporteroshoy.mx\/noticias\/wp-content\/uploads\/2021\/09\/Comisiones2.jpg","contentUrl":"https:\/\/reporteroshoy.mx\/noticias\/wp-content\/uploads\/2021\/09\/Comisiones2.jpg","width":768,"height":432},{"@type":"BreadcrumbList","@id":"https:\/\/reporteroshoy.mx\/noticias\/cuatro-comisiones-mas-inician-trabajos-legislativos\/#breadcrumb","itemListElement":[{"@type":"ListItem","position":1,"name":"Portada","item":"https:\/\/reporteroshoy.mx\/noticias\/"},{"@type":"ListItem","position":2,"name":"Cuatro Comisiones m\u00e1s inician trabajos legislativos"}]},{"@type":"WebSite","@id":"https:\/\/reporteroshoy.mx\/noticias\/#website","url":"https:\/\/reporteroshoy.mx\/noticias\/","name":"Reporteros Hoy | Noticias de Yucat\u00e1n","description":"Peri\u00f3dico digital con noticias diarias desde M\u00e9rida, Yucat\u00e1n para el mundo.","potentialAction":[{"@type":"SearchAction","target":{"@type":"EntryPoint","urlTemplate":"https:\/\/reporteroshoy.mx\/noticias\/?s={search_term_string}"},"query-input":{"@type":"PropertyValueSpecification","valueRequired":true,"valueName":"search_term_string"}}],"inLanguage":"es"},{"@type":"Person","@id":"https:\/\/reporteroshoy.mx\/noticias\/#\/schema\/person\/c977527e57c958a62c5cefe8fe47876e","name":"Reporteros Hoy WP","image":{"@type":"ImageObject","inLanguage":"es","@id":"https:\/\/secure.gravatar.com\/avatar\/fd2917f79a7dae30f8ac9ddc2f35e1756bb59e25e01d1cd09deaa64df7b2f73e?s=96&d=mm&r=g","url":"https:\/\/secure.gravatar.com\/avatar\/fd2917f79a7dae30f8ac9ddc2f35e1756bb59e25e01d1cd09deaa64df7b2f73e?s=96&d=mm&r=g","contentUrl":"https:\/\/secure.gravatar.com\/avatar\/fd2917f79a7dae30f8ac9ddc2f35e1756bb59e25e01d1cd09deaa64df7b2f73e?s=96&d=mm&r=g","caption":"Reporteros Hoy WP"},"url":"https:\/\/reporteroshoy.mx\/noticias\/author\/walfer\/"}]}},"_links":{"self":[{"href":"https:\/\/reporteroshoy.mx\/noticias\/wp-json\/wp\/v2\/posts\/72453","targetHints":{"allow":["GET"]}}],"collection":[{"href":"https:\/\/reporteroshoy.mx\/noticias\/wp-json\/wp\/v2\/posts"}],"about":[{"href":"https:\/\/reporteroshoy.mx\/noticias\/wp-json\/wp\/v2\/types\/post"}],"author":[{"embeddable":true,"href":"https:\/\/reporteroshoy.mx\/noticias\/wp-json\/wp\/v2\/users\/9"}],"replies":[{"embeddable":true,"href":"https:\/\/reporteroshoy.mx\/noticias\/wp-json\/wp\/v2\/comments?post=72453"}],"version-history":[{"count":0,"href":"https:\/\/reporteroshoy.mx\/noticias\/wp-json\/wp\/v2\/posts\/72453\/revisions"}],"wp:featuredmedia":[{"embeddable":true,"href":"https:\/\/reporteroshoy.mx\/noticias\/wp-json\/wp\/v2\/media\/72457"}],"wp:attachment":[{"href":"https:\/\/reporteroshoy.mx\/noticias\/wp-json\/wp\/v2\/media?parent=72453"}],"wp:term":[{"taxonomy":"category","embeddable":true,"href":"https:\/\/reporteroshoy.mx\/noticias\/wp-json\/wp\/v2\/categories?post=72453"},{"taxonomy":"post_tag","embeddable":true,"href":"https:\/\/reporteroshoy.mx\/noticias\/wp-json\/wp\/v2\/tags?post=72453"}],"curies":[{"name":"wp","href":"https:\/\/api.w.org\/{rel}","templated":true}]}}