{"id":72735,"date":"2021-09-27T16:34:48","date_gmt":"2021-09-27T21:34:48","guid":{"rendered":"https:\/\/reporteroshoy.mx\/noticias\/?p=72735"},"modified":"2021-09-27T16:34:48","modified_gmt":"2021-09-27T21:34:48","slug":"mas-viva-y-fuerte-que-nunca-angelica-araujo","status":"publish","type":"post","link":"https:\/\/reporteroshoy.mx\/noticias\/mas-viva-y-fuerte-que-nunca-angelica-araujo\/","title":{"rendered":"\u201cM\u00e1s viva y fuerte que nunca\u201d: Ang\u00e9lica Araujo"},"content":{"rendered":"<p style=\"text-align: justify;\">M\u00e9rida, Yucat\u00e1n, 27 de septiembre de 2021.- Al participar como invitada en el programa \u201cNuestra Voz\u201d, que el PRI yucateco transmite en vivo por Facebook, la ex alcaldesa de M\u00e9rida, Ang\u00e9lica Araujo Lara, dio \u201cuna mala noticia\u201d al alcalde Ren\u00e1n Barrera Concha: \u201caqu\u00ed sigo de frente, dando la cara, mucho m\u00e1s fuerte y list\u00edsima para seguir trabajando, a pesar de m\u00e1s de 10 a\u00f1os de ataques e intentos de desacreditarme\u201d.<\/p>\n<p style=\"text-align: justify;\">El espacio se denomin\u00f3 \u201cA 10 a\u00f1os del \u00faltimo gobierno priista en M\u00e9rida\u201d y, en ese marco, la ex senadora destac\u00f3 que en tan s\u00f3lo 18 meses que estuvo al frente del Ayuntamiento en el lapso 2010-2012, realiz\u00f3 obras de impacto que hasta los gobiernos panistas se dan el lujo de presumir, como el techado del Pasaje de la Revoluci\u00f3n.<\/p>\n<p><img loading=\"lazy\" decoding=\"async\" class=\"alignnone size-full wp-image-72736\" src=\"https:\/\/reporteroshoy.mx\/noticias\/wp-content\/uploads\/2021\/09\/ANGELICA-ARAUJO.jpeg\" alt=\"\" width=\"768\" height=\"511\" \/><\/p>\n<p style=\"text-align: justify;\">\u201cYo pregunto, en casi 10 a\u00f1os de gobiernos panistas y con un presupuesto de m\u00e1s de 27 mil millones de pesos, \u00bfcu\u00e1l es la obra emblem\u00e1tica de Ren\u00e1n Barrera?, puntualiz\u00f3 la ex presidenta municipal.<\/p>\n<p style=\"text-align: justify;\">Acompa\u00f1ada del presidente del Comit\u00e9 Directivo Estatal del PRI, Francisco Torres Rivas, la entrevistada abord\u00f3 resuelta cada uno de los temas relacionados con su gesti\u00f3n, incluidos el distribuidor vial o \u201cpaso deprimido\u201d, as\u00ed como el cambio de luminarias.<\/p>\n<p style=\"text-align: justify;\">\u201c\u00a1Es el colmo! Ren\u00e1n Barrera es gobierno -no oposici\u00f3n- pero como gobierno sigue hablando y lucrando pol\u00edticamente de obras hechas en mi gesti\u00f3n, como el paso a desnivel y las luminarias, es su \u00fanico tema\u201d, exhibi\u00f3.<\/p>\n<p style=\"text-align: justify;\">Con relaci\u00f3n al distribuidor vial, Ang\u00e9lica Araujo se confes\u00f3 tentada a pedir cuentas del manejo financiero que la administraci\u00f3n de Ren\u00e1n Barrera hace de la obra, porque no es posible que haya demorado m\u00e1s de un a\u00f1o en desuso, cuando se construy\u00f3 en tiempo r\u00e9cord de tres meses.<\/p>\n<p style=\"text-align: justify;\">\u00bfC\u00f3mo es posible que nos diga que repararlo costar\u00e1 m\u00e1s de la mitad de lo que necesitamos para construirlo?, cuestion\u00f3 Araujo Lara.<\/p>\n<p style=\"text-align: justify;\">Record\u00f3 la ex alcaldesa que anteriores administraciones panistas elaboraron los proyectos ejecutivos de 7 pasos a desnivel para la ciudad, pero fue ella la que s\u00ed se atrevi\u00f3 a generar una acci\u00f3n orientada a solucionar el problema vial.<\/p>\n<p style=\"text-align: justify;\">Sobre el endeudamiento de casi 600 millones de pesos ocasionado porque el alcalde Ren\u00e1n Barrera desconoci\u00f3 los t\u00e9rminos legales en la rescisi\u00f3n del contrato de luminarias, Ang\u00e9lica Araujo -al comentar una pregunta del p\u00fablico participante- estim\u00f3 que habr\u00eda elementos para fincar responsabilidades penales a Ren\u00e1n por mal manejo de recursos y por da\u00f1o patrimonial.<\/p>\n<p style=\"text-align: justify;\">Al contrastar lo hecho en el \u00faltimo gobierno priista en M\u00e9rida en tan s\u00f3lo 2 a\u00f1os y 2 meses, contra los \u00faltimos 10 a\u00f1os de autoridades panistas, Ang\u00e9lica Araujo present\u00f3 el sitio web https:\/\/angelicaaraujo.info\/ en el que se detallan los resultados de su administraci\u00f3n.<\/p>\n<p style=\"text-align: justify;\">\u201cY s\u00ed tenemos que exigirle resultados a la actual autoridad municipal, porque si bien Ren\u00e1n fue electo nuevamente alcalde de M\u00e9rida, no cuenta con la mayor\u00eda de los habitantes del municipio, pues tan s\u00f3lo la suma de los votos obtenidos por el PRI y MORENA en la pasada elecci\u00f3n, rebasan a los que \u00e9l alcanz\u00f3\u201d, detall\u00f3 la ex directora del Instituto de Vivienda de Yucat\u00e1n.<\/p>\n","protected":false},"excerpt":{"rendered":"<p>La ex alcaldesa de M\u00e9rida dijo que ya estuvo bueno que autoridades municipales sigan lucrando pol\u00edticamente con el \u2018paso deprimido\u2019 y las luminarias de la ciudad. <\/p>\n","protected":false},"author":5,"featured_media":72736,"comment_status":"open","ping_status":"closed","sticky":false,"template":"","format":"standard","meta":{"footnotes":""},"categories":[1],"tags":[15041,14005,12250,370],"class_list":["post-72735","post","type-post","status-publish","format-standard","has-post-thumbnail","hentry","category-sin-categoria","tag-angelica-araujo-lara","tag-luminarias","tag-paso-deprimido","tag-pri"],"yoast_head":"<!-- This site is optimized with the Yoast SEO plugin v28.3 - https:\/\/yoast.com\/product\/yoast-seo-wordpress\/ -->\n<title>\u201cM\u00e1s viva y fuerte que nunca\u201d: Ang\u00e9lica Araujo<\/title>\n<meta name=\"description\" content=\"La ex alcaldesa de M\u00e9rida dijo que ya estuvo bueno que autoridades municipales sigan lucrando pol\u00edticamente con el \u2018paso deprimido\u2019 y las luminarias de la ciudad.\" \/>\n<meta name=\"robots\" content=\"index, follow, max-snippet:-1, max-image-preview:large, max-video-preview:-1\" \/>\n<link rel=\"canonical\" href=\"https:\/\/reporteroshoy.mx\/noticias\/mas-viva-y-fuerte-que-nunca-angelica-araujo\/\" \/>\n<meta property=\"og:locale\" content=\"es_ES\" \/>\n<meta property=\"og:type\" content=\"article\" \/>\n<meta property=\"og:title\" content=\"\u201cM\u00e1s viva y fuerte que nunca\u201d: Ang\u00e9lica Araujo\" \/>\n<meta property=\"og:description\" content=\"La ex alcaldesa de M\u00e9rida dijo que ya estuvo bueno que autoridades municipales sigan lucrando pol\u00edticamente con el \u2018paso deprimido\u2019 y las luminarias de la ciudad.\" \/>\n<meta property=\"og:url\" content=\"https:\/\/reporteroshoy.mx\/noticias\/mas-viva-y-fuerte-que-nunca-angelica-araujo\/\" \/>\n<meta property=\"og:site_name\" content=\"Reporteros Hoy | Noticias de Yucat\u00e1n\" \/>\n<meta property=\"article:publisher\" content=\"http:\/\/www.facebook.com\/reporteroshoymx\" \/>\n<meta property=\"article:published_time\" content=\"2021-09-27T21:34:48+00:00\" \/>\n<meta property=\"og:image\" content=\"https:\/\/reporteroshoy.mx\/noticias\/wp-content\/uploads\/2021\/09\/ANGELICA-ARAUJO.jpeg\" \/>\n\t<meta property=\"og:image:width\" content=\"768\" \/>\n\t<meta property=\"og:image:height\" content=\"511\" \/>\n\t<meta property=\"og:image:type\" content=\"image\/jpeg\" \/>\n<meta name=\"author\" content=\"Reporteros Hoy IM\" \/>\n<meta name=\"twitter:card\" content=\"summary_large_image\" \/>\n<meta name=\"twitter:creator\" content=\"@reporteroshoy\" \/>\n<meta name=\"twitter:site\" content=\"@reporteroshoy\" \/>\n<meta name=\"twitter:label1\" content=\"Escrito por\" \/>\n\t<meta name=\"twitter:data1\" content=\"Reporteros Hoy IM\" \/>\n\t<meta name=\"twitter:label2\" content=\"Tiempo de lectura\" \/>\n\t<meta name=\"twitter:data2\" content=\"3 minutos\" \/>\n<script type=\"application\/ld+json\" class=\"yoast-schema-graph\">{\"@context\":\"https:\\\/\\\/schema.org\",\"@graph\":[{\"@type\":\"Article\",\"@id\":\"https:\\\/\\\/reporteroshoy.mx\\\/noticias\\\/mas-viva-y-fuerte-que-nunca-angelica-araujo\\\/#article\",\"isPartOf\":{\"@id\":\"https:\\\/\\\/reporteroshoy.mx\\\/noticias\\\/mas-viva-y-fuerte-que-nunca-angelica-araujo\\\/\"},\"author\":{\"name\":\"Reporteros Hoy IM\",\"@id\":\"https:\\\/\\\/reporteroshoy.mx\\\/noticias\\\/#\\\/schema\\\/person\\\/948520f0d88b01be2e5266bc4acbbc15\"},\"headline\":\"\u201cM\u00e1s viva y fuerte que nunca\u201d: Ang\u00e9lica Araujo\",\"datePublished\":\"2021-09-27T21:34:48+00:00\",\"mainEntityOfPage\":{\"@id\":\"https:\\\/\\\/reporteroshoy.mx\\\/noticias\\\/mas-viva-y-fuerte-que-nunca-angelica-araujo\\\/\"},\"wordCount\":564,\"commentCount\":0,\"image\":{\"@id\":\"https:\\\/\\\/reporteroshoy.mx\\\/noticias\\\/mas-viva-y-fuerte-que-nunca-angelica-araujo\\\/#primaryimage\"},\"thumbnailUrl\":\"https:\\\/\\\/reporteroshoy.mx\\\/noticias\\\/wp-content\\\/uploads\\\/2021\\\/09\\\/ANGELICA-ARAUJO.jpeg\",\"keywords\":[\"Ang\u00e9lica Araujo Lara\",\"Luminarias\",\"paso deprimido\",\"PRI\"],\"articleSection\":[\"Notas\"],\"inLanguage\":\"es\",\"potentialAction\":[{\"@type\":\"CommentAction\",\"name\":\"Comment\",\"target\":[\"https:\\\/\\\/reporteroshoy.mx\\\/noticias\\\/mas-viva-y-fuerte-que-nunca-angelica-araujo\\\/#respond\"]}]},{\"@type\":\"WebPage\",\"@id\":\"https:\\\/\\\/reporteroshoy.mx\\\/noticias\\\/mas-viva-y-fuerte-que-nunca-angelica-araujo\\\/\",\"url\":\"https:\\\/\\\/reporteroshoy.mx\\\/noticias\\\/mas-viva-y-fuerte-que-nunca-angelica-araujo\\\/\",\"name\":\"\u201cM\u00e1s viva y fuerte que nunca\u201d: Ang\u00e9lica Araujo\",\"isPartOf\":{\"@id\":\"https:\\\/\\\/reporteroshoy.mx\\\/noticias\\\/#website\"},\"primaryImageOfPage\":{\"@id\":\"https:\\\/\\\/reporteroshoy.mx\\\/noticias\\\/mas-viva-y-fuerte-que-nunca-angelica-araujo\\\/#primaryimage\"},\"image\":{\"@id\":\"https:\\\/\\\/reporteroshoy.mx\\\/noticias\\\/mas-viva-y-fuerte-que-nunca-angelica-araujo\\\/#primaryimage\"},\"thumbnailUrl\":\"https:\\\/\\\/reporteroshoy.mx\\\/noticias\\\/wp-content\\\/uploads\\\/2021\\\/09\\\/ANGELICA-ARAUJO.jpeg\",\"datePublished\":\"2021-09-27T21:34:48+00:00\",\"author\":{\"@id\":\"https:\\\/\\\/reporteroshoy.mx\\\/noticias\\\/#\\\/schema\\\/person\\\/948520f0d88b01be2e5266bc4acbbc15\"},\"description\":\"La ex alcaldesa de M\u00e9rida dijo que ya estuvo bueno que autoridades municipales sigan lucrando pol\u00edticamente con el \u2018paso deprimido\u2019 y las luminarias de la ciudad.\",\"breadcrumb\":{\"@id\":\"https:\\\/\\\/reporteroshoy.mx\\\/noticias\\\/mas-viva-y-fuerte-que-nunca-angelica-araujo\\\/#breadcrumb\"},\"inLanguage\":\"es\",\"potentialAction\":[{\"@type\":\"ReadAction\",\"target\":[\"https:\\\/\\\/reporteroshoy.mx\\\/noticias\\\/mas-viva-y-fuerte-que-nunca-angelica-araujo\\\/\"]}]},{\"@type\":\"ImageObject\",\"inLanguage\":\"es\",\"@id\":\"https:\\\/\\\/reporteroshoy.mx\\\/noticias\\\/mas-viva-y-fuerte-que-nunca-angelica-araujo\\\/#primaryimage\",\"url\":\"https:\\\/\\\/reporteroshoy.mx\\\/noticias\\\/wp-content\\\/uploads\\\/2021\\\/09\\\/ANGELICA-ARAUJO.jpeg\",\"contentUrl\":\"https:\\\/\\\/reporteroshoy.mx\\\/noticias\\\/wp-content\\\/uploads\\\/2021\\\/09\\\/ANGELICA-ARAUJO.jpeg\",\"width\":768,\"height\":511},{\"@type\":\"BreadcrumbList\",\"@id\":\"https:\\\/\\\/reporteroshoy.mx\\\/noticias\\\/mas-viva-y-fuerte-que-nunca-angelica-araujo\\\/#breadcrumb\",\"itemListElement\":[{\"@type\":\"ListItem\",\"position\":1,\"name\":\"Portada\",\"item\":\"https:\\\/\\\/reporteroshoy.mx\\\/noticias\\\/\"},{\"@type\":\"ListItem\",\"position\":2,\"name\":\"\u201cM\u00e1s viva y fuerte que nunca\u201d: Ang\u00e9lica Araujo\"}]},{\"@type\":\"WebSite\",\"@id\":\"https:\\\/\\\/reporteroshoy.mx\\\/noticias\\\/#website\",\"url\":\"https:\\\/\\\/reporteroshoy.mx\\\/noticias\\\/\",\"name\":\"Reporteros Hoy | Noticias de Yucat\u00e1n\",\"description\":\"Peri\u00f3dico digital con noticias diarias desde M\u00e9rida, Yucat\u00e1n para el mundo.\",\"potentialAction\":[{\"@type\":\"SearchAction\",\"target\":{\"@type\":\"EntryPoint\",\"urlTemplate\":\"https:\\\/\\\/reporteroshoy.mx\\\/noticias\\\/?s={search_term_string}\"},\"query-input\":{\"@type\":\"PropertyValueSpecification\",\"valueRequired\":true,\"valueName\":\"search_term_string\"}}],\"inLanguage\":\"es\"},{\"@type\":\"Person\",\"@id\":\"https:\\\/\\\/reporteroshoy.mx\\\/noticias\\\/#\\\/schema\\\/person\\\/948520f0d88b01be2e5266bc4acbbc15\",\"name\":\"Reporteros Hoy IM\",\"image\":{\"@type\":\"ImageObject\",\"inLanguage\":\"es\",\"@id\":\"https:\\\/\\\/secure.gravatar.com\\\/avatar\\\/d843030b96552826ac048bdfe26f2895604b800ed0c880ee55765a74d95dfc65?s=96&d=mm&r=g\",\"url\":\"https:\\\/\\\/secure.gravatar.com\\\/avatar\\\/d843030b96552826ac048bdfe26f2895604b800ed0c880ee55765a74d95dfc65?s=96&d=mm&r=g\",\"contentUrl\":\"https:\\\/\\\/secure.gravatar.com\\\/avatar\\\/d843030b96552826ac048bdfe26f2895604b800ed0c880ee55765a74d95dfc65?s=96&d=mm&r=g\",\"caption\":\"Reporteros Hoy IM\"},\"url\":\"https:\\\/\\\/reporteroshoy.mx\\\/noticias\\\/author\\\/israel\\\/\"}]}<\/script>\n<!-- \/ Yoast SEO plugin. -->","yoast_head_json":{"title":"\u201cM\u00e1s viva y fuerte que nunca\u201d: Ang\u00e9lica Araujo","description":"La ex alcaldesa de M\u00e9rida dijo que ya estuvo bueno que autoridades municipales sigan lucrando pol\u00edticamente con el \u2018paso deprimido\u2019 y las luminarias de la ciudad.","robots":{"index":"index","follow":"follow","max-snippet":"max-snippet:-1","max-image-preview":"max-image-preview:large","max-video-preview":"max-video-preview:-1"},"canonical":"https:\/\/reporteroshoy.mx\/noticias\/mas-viva-y-fuerte-que-nunca-angelica-araujo\/","og_locale":"es_ES","og_type":"article","og_title":"\u201cM\u00e1s viva y fuerte que nunca\u201d: Ang\u00e9lica Araujo","og_description":"La ex alcaldesa de M\u00e9rida dijo que ya estuvo bueno que autoridades municipales sigan lucrando pol\u00edticamente con el \u2018paso deprimido\u2019 y las luminarias de la ciudad.","og_url":"https:\/\/reporteroshoy.mx\/noticias\/mas-viva-y-fuerte-que-nunca-angelica-araujo\/","og_site_name":"Reporteros Hoy | Noticias de Yucat\u00e1n","article_publisher":"http:\/\/www.facebook.com\/reporteroshoymx","article_published_time":"2021-09-27T21:34:48+00:00","og_image":[{"width":768,"height":511,"url":"https:\/\/reporteroshoy.mx\/noticias\/wp-content\/uploads\/2021\/09\/ANGELICA-ARAUJO.jpeg","type":"image\/jpeg"}],"author":"Reporteros Hoy IM","twitter_card":"summary_large_image","twitter_creator":"@reporteroshoy","twitter_site":"@reporteroshoy","twitter_misc":{"Escrito por":"Reporteros Hoy IM","Tiempo de lectura":"3 minutos"},"schema":{"@context":"https:\/\/schema.org","@graph":[{"@type":"Article","@id":"https:\/\/reporteroshoy.mx\/noticias\/mas-viva-y-fuerte-que-nunca-angelica-araujo\/#article","isPartOf":{"@id":"https:\/\/reporteroshoy.mx\/noticias\/mas-viva-y-fuerte-que-nunca-angelica-araujo\/"},"author":{"name":"Reporteros Hoy IM","@id":"https:\/\/reporteroshoy.mx\/noticias\/#\/schema\/person\/948520f0d88b01be2e5266bc4acbbc15"},"headline":"\u201cM\u00e1s viva y fuerte que nunca\u201d: Ang\u00e9lica Araujo","datePublished":"2021-09-27T21:34:48+00:00","mainEntityOfPage":{"@id":"https:\/\/reporteroshoy.mx\/noticias\/mas-viva-y-fuerte-que-nunca-angelica-araujo\/"},"wordCount":564,"commentCount":0,"image":{"@id":"https:\/\/reporteroshoy.mx\/noticias\/mas-viva-y-fuerte-que-nunca-angelica-araujo\/#primaryimage"},"thumbnailUrl":"https:\/\/reporteroshoy.mx\/noticias\/wp-content\/uploads\/2021\/09\/ANGELICA-ARAUJO.jpeg","keywords":["Ang\u00e9lica Araujo Lara","Luminarias","paso deprimido","PRI"],"articleSection":["Notas"],"inLanguage":"es","potentialAction":[{"@type":"CommentAction","name":"Comment","target":["https:\/\/reporteroshoy.mx\/noticias\/mas-viva-y-fuerte-que-nunca-angelica-araujo\/#respond"]}]},{"@type":"WebPage","@id":"https:\/\/reporteroshoy.mx\/noticias\/mas-viva-y-fuerte-que-nunca-angelica-araujo\/","url":"https:\/\/reporteroshoy.mx\/noticias\/mas-viva-y-fuerte-que-nunca-angelica-araujo\/","name":"\u201cM\u00e1s viva y fuerte que nunca\u201d: Ang\u00e9lica Araujo","isPartOf":{"@id":"https:\/\/reporteroshoy.mx\/noticias\/#website"},"primaryImageOfPage":{"@id":"https:\/\/reporteroshoy.mx\/noticias\/mas-viva-y-fuerte-que-nunca-angelica-araujo\/#primaryimage"},"image":{"@id":"https:\/\/reporteroshoy.mx\/noticias\/mas-viva-y-fuerte-que-nunca-angelica-araujo\/#primaryimage"},"thumbnailUrl":"https:\/\/reporteroshoy.mx\/noticias\/wp-content\/uploads\/2021\/09\/ANGELICA-ARAUJO.jpeg","datePublished":"2021-09-27T21:34:48+00:00","author":{"@id":"https:\/\/reporteroshoy.mx\/noticias\/#\/schema\/person\/948520f0d88b01be2e5266bc4acbbc15"},"description":"La ex alcaldesa de M\u00e9rida dijo que ya estuvo bueno que autoridades municipales sigan lucrando pol\u00edticamente con el \u2018paso deprimido\u2019 y las luminarias de la ciudad.","breadcrumb":{"@id":"https:\/\/reporteroshoy.mx\/noticias\/mas-viva-y-fuerte-que-nunca-angelica-araujo\/#breadcrumb"},"inLanguage":"es","potentialAction":[{"@type":"ReadAction","target":["https:\/\/reporteroshoy.mx\/noticias\/mas-viva-y-fuerte-que-nunca-angelica-araujo\/"]}]},{"@type":"ImageObject","inLanguage":"es","@id":"https:\/\/reporteroshoy.mx\/noticias\/mas-viva-y-fuerte-que-nunca-angelica-araujo\/#primaryimage","url":"https:\/\/reporteroshoy.mx\/noticias\/wp-content\/uploads\/2021\/09\/ANGELICA-ARAUJO.jpeg","contentUrl":"https:\/\/reporteroshoy.mx\/noticias\/wp-content\/uploads\/2021\/09\/ANGELICA-ARAUJO.jpeg","width":768,"height":511},{"@type":"BreadcrumbList","@id":"https:\/\/reporteroshoy.mx\/noticias\/mas-viva-y-fuerte-que-nunca-angelica-araujo\/#breadcrumb","itemListElement":[{"@type":"ListItem","position":1,"name":"Portada","item":"https:\/\/reporteroshoy.mx\/noticias\/"},{"@type":"ListItem","position":2,"name":"\u201cM\u00e1s viva y fuerte que nunca\u201d: Ang\u00e9lica Araujo"}]},{"@type":"WebSite","@id":"https:\/\/reporteroshoy.mx\/noticias\/#website","url":"https:\/\/reporteroshoy.mx\/noticias\/","name":"Reporteros Hoy | Noticias de Yucat\u00e1n","description":"Peri\u00f3dico digital con noticias diarias desde M\u00e9rida, Yucat\u00e1n para el mundo.","potentialAction":[{"@type":"SearchAction","target":{"@type":"EntryPoint","urlTemplate":"https:\/\/reporteroshoy.mx\/noticias\/?s={search_term_string}"},"query-input":{"@type":"PropertyValueSpecification","valueRequired":true,"valueName":"search_term_string"}}],"inLanguage":"es"},{"@type":"Person","@id":"https:\/\/reporteroshoy.mx\/noticias\/#\/schema\/person\/948520f0d88b01be2e5266bc4acbbc15","name":"Reporteros Hoy IM","image":{"@type":"ImageObject","inLanguage":"es","@id":"https:\/\/secure.gravatar.com\/avatar\/d843030b96552826ac048bdfe26f2895604b800ed0c880ee55765a74d95dfc65?s=96&d=mm&r=g","url":"https:\/\/secure.gravatar.com\/avatar\/d843030b96552826ac048bdfe26f2895604b800ed0c880ee55765a74d95dfc65?s=96&d=mm&r=g","contentUrl":"https:\/\/secure.gravatar.com\/avatar\/d843030b96552826ac048bdfe26f2895604b800ed0c880ee55765a74d95dfc65?s=96&d=mm&r=g","caption":"Reporteros Hoy IM"},"url":"https:\/\/reporteroshoy.mx\/noticias\/author\/israel\/"}]}},"_links":{"self":[{"href":"https:\/\/reporteroshoy.mx\/noticias\/wp-json\/wp\/v2\/posts\/72735","targetHints":{"allow":["GET"]}}],"collection":[{"href":"https:\/\/reporteroshoy.mx\/noticias\/wp-json\/wp\/v2\/posts"}],"about":[{"href":"https:\/\/reporteroshoy.mx\/noticias\/wp-json\/wp\/v2\/types\/post"}],"author":[{"embeddable":true,"href":"https:\/\/reporteroshoy.mx\/noticias\/wp-json\/wp\/v2\/users\/5"}],"replies":[{"embeddable":true,"href":"https:\/\/reporteroshoy.mx\/noticias\/wp-json\/wp\/v2\/comments?post=72735"}],"version-history":[{"count":0,"href":"https:\/\/reporteroshoy.mx\/noticias\/wp-json\/wp\/v2\/posts\/72735\/revisions"}],"wp:featuredmedia":[{"embeddable":true,"href":"https:\/\/reporteroshoy.mx\/noticias\/wp-json\/wp\/v2\/media\/72736"}],"wp:attachment":[{"href":"https:\/\/reporteroshoy.mx\/noticias\/wp-json\/wp\/v2\/media?parent=72735"}],"wp:term":[{"taxonomy":"category","embeddable":true,"href":"https:\/\/reporteroshoy.mx\/noticias\/wp-json\/wp\/v2\/categories?post=72735"},{"taxonomy":"post_tag","embeddable":true,"href":"https:\/\/reporteroshoy.mx\/noticias\/wp-json\/wp\/v2\/tags?post=72735"}],"curies":[{"name":"wp","href":"https:\/\/api.w.org\/{rel}","templated":true}]}}