{"id":73300,"date":"2021-10-05T14:29:29","date_gmt":"2021-10-05T19:29:29","guid":{"rendered":"https:\/\/reporteroshoy.mx\/noticias\/?p=73300"},"modified":"2021-10-05T21:16:46","modified_gmt":"2021-10-06T02:16:46","slug":"con-semaforo-amarillo-aumentaria-el-aforo-en-transporte-publico","status":"publish","type":"post","link":"https:\/\/reporteroshoy.mx\/noticias\/con-semaforo-amarillo-aumentaria-el-aforo-en-transporte-publico\/","title":{"rendered":"Con sem\u00e1foro amarillo, aumentar\u00eda el aforo en transporte p\u00fablico"},"content":{"rendered":"<p style=\"text-align: justify;\">M\u00e9rida, Yucat\u00e1n; 5 de octubre de 2021 (ACOM).- El aforo de personas que pueden estar en unidades del transporte p\u00fablico incrementar\u00eda con un eventual cambio en el sem\u00e1foro epidemiol\u00f3gico, seg\u00fan coment\u00f3 Rafael Hern\u00e1ndez Kotasek, director del Instituto de Movilidad y Desarrollo Urbano Territorial (Imdut).<\/p>\n<p style=\"text-align: justify;\">El funcionario estatal se\u00f1al\u00f3 que est\u00e1 contemplado que, si el sem\u00e1foro pasa a color amarillo, permitir\u00eda que m\u00e1s personas puedan viajar en autob\u00fas, mientras que en las camionetas de pasaje se retirar\u00edan las divisiones para que tambi\u00e9n viajen m\u00e1s personas.<\/p>\n<p style=\"text-align: justify;\">\u00abAnte un posible cambio en el sem\u00e1foro a color amarillo, se modificar\u00edan los aforos de distintas actividades, entre ellas, la del transporte\u00bb, dijo.<\/p>\n<p style=\"text-align: justify;\">\u00abEstamos hablando de que arriba de una unidad puede haber hasta 20, 25 personas de pie, en este momento se permiten entre 8 y 10. Se transitar\u00eda alrededor de 13 y 15 personas paradas\u00bb, explic\u00f3.<\/p>\n<p><img loading=\"lazy\" decoding=\"async\" class=\"wp-image-73301 aligncenter\" src=\"https:\/\/reporteroshoy.mx\/noticias\/wp-content\/uploads\/2021\/10\/Transporte-publico.jpeg\" alt=\"\" width=\"600\" height=\"337\" \/><\/p>\n<p style=\"text-align: justify;\">En el caso de las combis, la colocaci\u00f3n de protectores y divisiones limita el aforo de personas de manera importante. Con los cambios, esto se retirar\u00eda, incrementando la cantidad de personas que podr\u00edan viajar.<\/p>\n<p style=\"text-align: justify;\">Por lo pronto, inform\u00f3 que ya se retiraron las divisiones en los camiones para que las personas puedan viajar. El horario de funcionamiento del servicio de transporte se mantiene de las 05:00 de la ma\u00f1ana a 12:00 de la noche.<\/p>\n","protected":false},"excerpt":{"rendered":"<p>Actualmente se permiten entre 8 y 10 personas de pie. Con el sem\u00e1foro en amarillo se transitar\u00eda con 13 o 15 pasajeros parados.<\/p>\n","protected":false},"author":9,"featured_media":73301,"comment_status":"open","ping_status":"closed","sticky":false,"template":"","format":"standard","meta":{"footnotes":""},"categories":[17],"tags":[1565,12657,7887],"class_list":["post-73300","post","type-post","status-publish","format-standard","has-post-thumbnail","hentry","category-yucatan","tag-imdut","tag-semaforo-amarillo","tag-transporte-publico"],"yoast_head":"<!-- This site is optimized with the Yoast SEO plugin v28.3 - https:\/\/yoast.com\/product\/yoast-seo-wordpress\/ -->\n<title>Con sem\u00e1foro amarillo, aumentar\u00eda el aforo en transporte p\u00fablico<\/title>\n<meta name=\"description\" content=\"Actualmente se permiten entre 8 y 10 personas de pie. Con el sem\u00e1foro en amarillo se transitar\u00eda con 13 o 15 pasajeros parados.\" \/>\n<meta name=\"robots\" content=\"index, follow, max-snippet:-1, max-image-preview:large, max-video-preview:-1\" \/>\n<link rel=\"canonical\" href=\"https:\/\/reporteroshoy.mx\/noticias\/con-semaforo-amarillo-aumentaria-el-aforo-en-transporte-publico\/\" \/>\n<meta property=\"og:locale\" content=\"es_ES\" \/>\n<meta property=\"og:type\" content=\"article\" \/>\n<meta property=\"og:title\" content=\"Con sem\u00e1foro amarillo, aumentar\u00eda el aforo en transporte p\u00fablico\" \/>\n<meta property=\"og:description\" content=\"Actualmente se permiten entre 8 y 10 personas de pie. Con el sem\u00e1foro en amarillo se transitar\u00eda con 13 o 15 pasajeros parados.\" \/>\n<meta property=\"og:url\" content=\"https:\/\/reporteroshoy.mx\/noticias\/con-semaforo-amarillo-aumentaria-el-aforo-en-transporte-publico\/\" \/>\n<meta property=\"og:site_name\" content=\"Reporteros Hoy | Noticias de Yucat\u00e1n\" \/>\n<meta property=\"article:publisher\" content=\"http:\/\/www.facebook.com\/reporteroshoymx\" \/>\n<meta property=\"article:published_time\" content=\"2021-10-05T19:29:29+00:00\" \/>\n<meta property=\"article:modified_time\" content=\"2021-10-06T02:16:46+00:00\" \/>\n<meta property=\"og:image\" content=\"https:\/\/reporteroshoy.mx\/noticias\/wp-content\/uploads\/2021\/10\/Transporte-publico.jpeg\" \/>\n\t<meta property=\"og:image:width\" content=\"768\" \/>\n\t<meta property=\"og:image:height\" content=\"431\" \/>\n\t<meta property=\"og:image:type\" content=\"image\/jpeg\" \/>\n<meta name=\"author\" content=\"Reporteros Hoy WP\" \/>\n<meta name=\"twitter:card\" content=\"summary_large_image\" \/>\n<meta name=\"twitter:creator\" content=\"@reporteroshoy\" \/>\n<meta name=\"twitter:site\" content=\"@reporteroshoy\" \/>\n<meta name=\"twitter:label1\" content=\"Escrito por\" \/>\n\t<meta name=\"twitter:data1\" content=\"Reporteros Hoy WP\" \/>\n\t<meta name=\"twitter:label2\" content=\"Tiempo de lectura\" \/>\n\t<meta name=\"twitter:data2\" content=\"2 minutos\" \/>\n<script type=\"application\/ld+json\" class=\"yoast-schema-graph\">{\"@context\":\"https:\\\/\\\/schema.org\",\"@graph\":[{\"@type\":\"Article\",\"@id\":\"https:\\\/\\\/reporteroshoy.mx\\\/noticias\\\/con-semaforo-amarillo-aumentaria-el-aforo-en-transporte-publico\\\/#article\",\"isPartOf\":{\"@id\":\"https:\\\/\\\/reporteroshoy.mx\\\/noticias\\\/con-semaforo-amarillo-aumentaria-el-aforo-en-transporte-publico\\\/\"},\"author\":{\"name\":\"Reporteros Hoy WP\",\"@id\":\"https:\\\/\\\/reporteroshoy.mx\\\/noticias\\\/#\\\/schema\\\/person\\\/c977527e57c958a62c5cefe8fe47876e\"},\"headline\":\"Con sem\u00e1foro amarillo, aumentar\u00eda el aforo en transporte p\u00fablico\",\"datePublished\":\"2021-10-05T19:29:29+00:00\",\"dateModified\":\"2021-10-06T02:16:46+00:00\",\"mainEntityOfPage\":{\"@id\":\"https:\\\/\\\/reporteroshoy.mx\\\/noticias\\\/con-semaforo-amarillo-aumentaria-el-aforo-en-transporte-publico\\\/\"},\"wordCount\":242,\"commentCount\":0,\"image\":{\"@id\":\"https:\\\/\\\/reporteroshoy.mx\\\/noticias\\\/con-semaforo-amarillo-aumentaria-el-aforo-en-transporte-publico\\\/#primaryimage\"},\"thumbnailUrl\":\"https:\\\/\\\/reporteroshoy.mx\\\/noticias\\\/wp-content\\\/uploads\\\/2021\\\/10\\\/Transporte-publico.jpeg\",\"keywords\":[\"Imdut\",\"Sem\u00e1foro Amarillo\",\"Transporte P\u00fablico\"],\"articleSection\":[\"Yucat\u00e1n\"],\"inLanguage\":\"es\",\"potentialAction\":[{\"@type\":\"CommentAction\",\"name\":\"Comment\",\"target\":[\"https:\\\/\\\/reporteroshoy.mx\\\/noticias\\\/con-semaforo-amarillo-aumentaria-el-aforo-en-transporte-publico\\\/#respond\"]}]},{\"@type\":\"WebPage\",\"@id\":\"https:\\\/\\\/reporteroshoy.mx\\\/noticias\\\/con-semaforo-amarillo-aumentaria-el-aforo-en-transporte-publico\\\/\",\"url\":\"https:\\\/\\\/reporteroshoy.mx\\\/noticias\\\/con-semaforo-amarillo-aumentaria-el-aforo-en-transporte-publico\\\/\",\"name\":\"Con sem\u00e1foro amarillo, aumentar\u00eda el aforo en transporte p\u00fablico\",\"isPartOf\":{\"@id\":\"https:\\\/\\\/reporteroshoy.mx\\\/noticias\\\/#website\"},\"primaryImageOfPage\":{\"@id\":\"https:\\\/\\\/reporteroshoy.mx\\\/noticias\\\/con-semaforo-amarillo-aumentaria-el-aforo-en-transporte-publico\\\/#primaryimage\"},\"image\":{\"@id\":\"https:\\\/\\\/reporteroshoy.mx\\\/noticias\\\/con-semaforo-amarillo-aumentaria-el-aforo-en-transporte-publico\\\/#primaryimage\"},\"thumbnailUrl\":\"https:\\\/\\\/reporteroshoy.mx\\\/noticias\\\/wp-content\\\/uploads\\\/2021\\\/10\\\/Transporte-publico.jpeg\",\"datePublished\":\"2021-10-05T19:29:29+00:00\",\"dateModified\":\"2021-10-06T02:16:46+00:00\",\"author\":{\"@id\":\"https:\\\/\\\/reporteroshoy.mx\\\/noticias\\\/#\\\/schema\\\/person\\\/c977527e57c958a62c5cefe8fe47876e\"},\"description\":\"Actualmente se permiten entre 8 y 10 personas de pie. Con el sem\u00e1foro en amarillo se transitar\u00eda con 13 o 15 pasajeros parados.\",\"breadcrumb\":{\"@id\":\"https:\\\/\\\/reporteroshoy.mx\\\/noticias\\\/con-semaforo-amarillo-aumentaria-el-aforo-en-transporte-publico\\\/#breadcrumb\"},\"inLanguage\":\"es\",\"potentialAction\":[{\"@type\":\"ReadAction\",\"target\":[\"https:\\\/\\\/reporteroshoy.mx\\\/noticias\\\/con-semaforo-amarillo-aumentaria-el-aforo-en-transporte-publico\\\/\"]}]},{\"@type\":\"ImageObject\",\"inLanguage\":\"es\",\"@id\":\"https:\\\/\\\/reporteroshoy.mx\\\/noticias\\\/con-semaforo-amarillo-aumentaria-el-aforo-en-transporte-publico\\\/#primaryimage\",\"url\":\"https:\\\/\\\/reporteroshoy.mx\\\/noticias\\\/wp-content\\\/uploads\\\/2021\\\/10\\\/Transporte-publico.jpeg\",\"contentUrl\":\"https:\\\/\\\/reporteroshoy.mx\\\/noticias\\\/wp-content\\\/uploads\\\/2021\\\/10\\\/Transporte-publico.jpeg\",\"width\":768,\"height\":431},{\"@type\":\"BreadcrumbList\",\"@id\":\"https:\\\/\\\/reporteroshoy.mx\\\/noticias\\\/con-semaforo-amarillo-aumentaria-el-aforo-en-transporte-publico\\\/#breadcrumb\",\"itemListElement\":[{\"@type\":\"ListItem\",\"position\":1,\"name\":\"Portada\",\"item\":\"https:\\\/\\\/reporteroshoy.mx\\\/noticias\\\/\"},{\"@type\":\"ListItem\",\"position\":2,\"name\":\"Con sem\u00e1foro amarillo, aumentar\u00eda el aforo en transporte p\u00fablico\"}]},{\"@type\":\"WebSite\",\"@id\":\"https:\\\/\\\/reporteroshoy.mx\\\/noticias\\\/#website\",\"url\":\"https:\\\/\\\/reporteroshoy.mx\\\/noticias\\\/\",\"name\":\"Reporteros Hoy | Noticias de Yucat\u00e1n\",\"description\":\"Peri\u00f3dico digital con noticias diarias desde M\u00e9rida, Yucat\u00e1n para el mundo.\",\"potentialAction\":[{\"@type\":\"SearchAction\",\"target\":{\"@type\":\"EntryPoint\",\"urlTemplate\":\"https:\\\/\\\/reporteroshoy.mx\\\/noticias\\\/?s={search_term_string}\"},\"query-input\":{\"@type\":\"PropertyValueSpecification\",\"valueRequired\":true,\"valueName\":\"search_term_string\"}}],\"inLanguage\":\"es\"},{\"@type\":\"Person\",\"@id\":\"https:\\\/\\\/reporteroshoy.mx\\\/noticias\\\/#\\\/schema\\\/person\\\/c977527e57c958a62c5cefe8fe47876e\",\"name\":\"Reporteros Hoy WP\",\"image\":{\"@type\":\"ImageObject\",\"inLanguage\":\"es\",\"@id\":\"https:\\\/\\\/secure.gravatar.com\\\/avatar\\\/fd2917f79a7dae30f8ac9ddc2f35e1756bb59e25e01d1cd09deaa64df7b2f73e?s=96&d=mm&r=g\",\"url\":\"https:\\\/\\\/secure.gravatar.com\\\/avatar\\\/fd2917f79a7dae30f8ac9ddc2f35e1756bb59e25e01d1cd09deaa64df7b2f73e?s=96&d=mm&r=g\",\"contentUrl\":\"https:\\\/\\\/secure.gravatar.com\\\/avatar\\\/fd2917f79a7dae30f8ac9ddc2f35e1756bb59e25e01d1cd09deaa64df7b2f73e?s=96&d=mm&r=g\",\"caption\":\"Reporteros Hoy WP\"},\"url\":\"https:\\\/\\\/reporteroshoy.mx\\\/noticias\\\/author\\\/walfer\\\/\"}]}<\/script>\n<!-- \/ Yoast SEO plugin. -->","yoast_head_json":{"title":"Con sem\u00e1foro amarillo, aumentar\u00eda el aforo en transporte p\u00fablico","description":"Actualmente se permiten entre 8 y 10 personas de pie. Con el sem\u00e1foro en amarillo se transitar\u00eda con 13 o 15 pasajeros parados.","robots":{"index":"index","follow":"follow","max-snippet":"max-snippet:-1","max-image-preview":"max-image-preview:large","max-video-preview":"max-video-preview:-1"},"canonical":"https:\/\/reporteroshoy.mx\/noticias\/con-semaforo-amarillo-aumentaria-el-aforo-en-transporte-publico\/","og_locale":"es_ES","og_type":"article","og_title":"Con sem\u00e1foro amarillo, aumentar\u00eda el aforo en transporte p\u00fablico","og_description":"Actualmente se permiten entre 8 y 10 personas de pie. Con el sem\u00e1foro en amarillo se transitar\u00eda con 13 o 15 pasajeros parados.","og_url":"https:\/\/reporteroshoy.mx\/noticias\/con-semaforo-amarillo-aumentaria-el-aforo-en-transporte-publico\/","og_site_name":"Reporteros Hoy | Noticias de Yucat\u00e1n","article_publisher":"http:\/\/www.facebook.com\/reporteroshoymx","article_published_time":"2021-10-05T19:29:29+00:00","article_modified_time":"2021-10-06T02:16:46+00:00","og_image":[{"width":768,"height":431,"url":"https:\/\/reporteroshoy.mx\/noticias\/wp-content\/uploads\/2021\/10\/Transporte-publico.jpeg","type":"image\/jpeg"}],"author":"Reporteros Hoy WP","twitter_card":"summary_large_image","twitter_creator":"@reporteroshoy","twitter_site":"@reporteroshoy","twitter_misc":{"Escrito por":"Reporteros Hoy WP","Tiempo de lectura":"2 minutos"},"schema":{"@context":"https:\/\/schema.org","@graph":[{"@type":"Article","@id":"https:\/\/reporteroshoy.mx\/noticias\/con-semaforo-amarillo-aumentaria-el-aforo-en-transporte-publico\/#article","isPartOf":{"@id":"https:\/\/reporteroshoy.mx\/noticias\/con-semaforo-amarillo-aumentaria-el-aforo-en-transporte-publico\/"},"author":{"name":"Reporteros Hoy WP","@id":"https:\/\/reporteroshoy.mx\/noticias\/#\/schema\/person\/c977527e57c958a62c5cefe8fe47876e"},"headline":"Con sem\u00e1foro amarillo, aumentar\u00eda el aforo en transporte p\u00fablico","datePublished":"2021-10-05T19:29:29+00:00","dateModified":"2021-10-06T02:16:46+00:00","mainEntityOfPage":{"@id":"https:\/\/reporteroshoy.mx\/noticias\/con-semaforo-amarillo-aumentaria-el-aforo-en-transporte-publico\/"},"wordCount":242,"commentCount":0,"image":{"@id":"https:\/\/reporteroshoy.mx\/noticias\/con-semaforo-amarillo-aumentaria-el-aforo-en-transporte-publico\/#primaryimage"},"thumbnailUrl":"https:\/\/reporteroshoy.mx\/noticias\/wp-content\/uploads\/2021\/10\/Transporte-publico.jpeg","keywords":["Imdut","Sem\u00e1foro Amarillo","Transporte P\u00fablico"],"articleSection":["Yucat\u00e1n"],"inLanguage":"es","potentialAction":[{"@type":"CommentAction","name":"Comment","target":["https:\/\/reporteroshoy.mx\/noticias\/con-semaforo-amarillo-aumentaria-el-aforo-en-transporte-publico\/#respond"]}]},{"@type":"WebPage","@id":"https:\/\/reporteroshoy.mx\/noticias\/con-semaforo-amarillo-aumentaria-el-aforo-en-transporte-publico\/","url":"https:\/\/reporteroshoy.mx\/noticias\/con-semaforo-amarillo-aumentaria-el-aforo-en-transporte-publico\/","name":"Con sem\u00e1foro amarillo, aumentar\u00eda el aforo en transporte p\u00fablico","isPartOf":{"@id":"https:\/\/reporteroshoy.mx\/noticias\/#website"},"primaryImageOfPage":{"@id":"https:\/\/reporteroshoy.mx\/noticias\/con-semaforo-amarillo-aumentaria-el-aforo-en-transporte-publico\/#primaryimage"},"image":{"@id":"https:\/\/reporteroshoy.mx\/noticias\/con-semaforo-amarillo-aumentaria-el-aforo-en-transporte-publico\/#primaryimage"},"thumbnailUrl":"https:\/\/reporteroshoy.mx\/noticias\/wp-content\/uploads\/2021\/10\/Transporte-publico.jpeg","datePublished":"2021-10-05T19:29:29+00:00","dateModified":"2021-10-06T02:16:46+00:00","author":{"@id":"https:\/\/reporteroshoy.mx\/noticias\/#\/schema\/person\/c977527e57c958a62c5cefe8fe47876e"},"description":"Actualmente se permiten entre 8 y 10 personas de pie. Con el sem\u00e1foro en amarillo se transitar\u00eda con 13 o 15 pasajeros parados.","breadcrumb":{"@id":"https:\/\/reporteroshoy.mx\/noticias\/con-semaforo-amarillo-aumentaria-el-aforo-en-transporte-publico\/#breadcrumb"},"inLanguage":"es","potentialAction":[{"@type":"ReadAction","target":["https:\/\/reporteroshoy.mx\/noticias\/con-semaforo-amarillo-aumentaria-el-aforo-en-transporte-publico\/"]}]},{"@type":"ImageObject","inLanguage":"es","@id":"https:\/\/reporteroshoy.mx\/noticias\/con-semaforo-amarillo-aumentaria-el-aforo-en-transporte-publico\/#primaryimage","url":"https:\/\/reporteroshoy.mx\/noticias\/wp-content\/uploads\/2021\/10\/Transporte-publico.jpeg","contentUrl":"https:\/\/reporteroshoy.mx\/noticias\/wp-content\/uploads\/2021\/10\/Transporte-publico.jpeg","width":768,"height":431},{"@type":"BreadcrumbList","@id":"https:\/\/reporteroshoy.mx\/noticias\/con-semaforo-amarillo-aumentaria-el-aforo-en-transporte-publico\/#breadcrumb","itemListElement":[{"@type":"ListItem","position":1,"name":"Portada","item":"https:\/\/reporteroshoy.mx\/noticias\/"},{"@type":"ListItem","position":2,"name":"Con sem\u00e1foro amarillo, aumentar\u00eda el aforo en transporte p\u00fablico"}]},{"@type":"WebSite","@id":"https:\/\/reporteroshoy.mx\/noticias\/#website","url":"https:\/\/reporteroshoy.mx\/noticias\/","name":"Reporteros Hoy | Noticias de Yucat\u00e1n","description":"Peri\u00f3dico digital con noticias diarias desde M\u00e9rida, Yucat\u00e1n para el mundo.","potentialAction":[{"@type":"SearchAction","target":{"@type":"EntryPoint","urlTemplate":"https:\/\/reporteroshoy.mx\/noticias\/?s={search_term_string}"},"query-input":{"@type":"PropertyValueSpecification","valueRequired":true,"valueName":"search_term_string"}}],"inLanguage":"es"},{"@type":"Person","@id":"https:\/\/reporteroshoy.mx\/noticias\/#\/schema\/person\/c977527e57c958a62c5cefe8fe47876e","name":"Reporteros Hoy WP","image":{"@type":"ImageObject","inLanguage":"es","@id":"https:\/\/secure.gravatar.com\/avatar\/fd2917f79a7dae30f8ac9ddc2f35e1756bb59e25e01d1cd09deaa64df7b2f73e?s=96&d=mm&r=g","url":"https:\/\/secure.gravatar.com\/avatar\/fd2917f79a7dae30f8ac9ddc2f35e1756bb59e25e01d1cd09deaa64df7b2f73e?s=96&d=mm&r=g","contentUrl":"https:\/\/secure.gravatar.com\/avatar\/fd2917f79a7dae30f8ac9ddc2f35e1756bb59e25e01d1cd09deaa64df7b2f73e?s=96&d=mm&r=g","caption":"Reporteros Hoy WP"},"url":"https:\/\/reporteroshoy.mx\/noticias\/author\/walfer\/"}]}},"_links":{"self":[{"href":"https:\/\/reporteroshoy.mx\/noticias\/wp-json\/wp\/v2\/posts\/73300","targetHints":{"allow":["GET"]}}],"collection":[{"href":"https:\/\/reporteroshoy.mx\/noticias\/wp-json\/wp\/v2\/posts"}],"about":[{"href":"https:\/\/reporteroshoy.mx\/noticias\/wp-json\/wp\/v2\/types\/post"}],"author":[{"embeddable":true,"href":"https:\/\/reporteroshoy.mx\/noticias\/wp-json\/wp\/v2\/users\/9"}],"replies":[{"embeddable":true,"href":"https:\/\/reporteroshoy.mx\/noticias\/wp-json\/wp\/v2\/comments?post=73300"}],"version-history":[{"count":0,"href":"https:\/\/reporteroshoy.mx\/noticias\/wp-json\/wp\/v2\/posts\/73300\/revisions"}],"wp:featuredmedia":[{"embeddable":true,"href":"https:\/\/reporteroshoy.mx\/noticias\/wp-json\/wp\/v2\/media\/73301"}],"wp:attachment":[{"href":"https:\/\/reporteroshoy.mx\/noticias\/wp-json\/wp\/v2\/media?parent=73300"}],"wp:term":[{"taxonomy":"category","embeddable":true,"href":"https:\/\/reporteroshoy.mx\/noticias\/wp-json\/wp\/v2\/categories?post=73300"},{"taxonomy":"post_tag","embeddable":true,"href":"https:\/\/reporteroshoy.mx\/noticias\/wp-json\/wp\/v2\/tags?post=73300"}],"curies":[{"name":"wp","href":"https:\/\/api.w.org\/{rel}","templated":true}]}}