{"id":73493,"date":"2021-10-07T19:37:34","date_gmt":"2021-10-08T00:37:34","guid":{"rendered":"https:\/\/reporteroshoy.mx\/noticias\/?p=73493"},"modified":"2021-10-07T19:37:34","modified_gmt":"2021-10-08T00:37:34","slug":"yucatan-brinca-al-semaforo-amarillo","status":"publish","type":"post","link":"https:\/\/reporteroshoy.mx\/noticias\/yucatan-brinca-al-semaforo-amarillo\/","title":{"rendered":"Yucat\u00e1n \u2018brinca\u2019 al sem\u00e1foro amarillo"},"content":{"rendered":"<p style=\"text-align: justify;\">M\u00e9rida, Yucat\u00e1n, 7 de octubre de 2021 (ACOM). &#8211; Yucat\u00e1n pasa a color amarillo en el sem\u00e1foro epidemiol\u00f3gico estatal, por lo que la Secretar\u00eda de Salud de Yucat\u00e1n (SSY) anunci\u00f3 que, a partir del 1 de noviembre los eventos sociales podr\u00e1n funcionar con el 40% de aforo en lugares cerrados y 60% en abiertos, de igual manera<\/p>\n<p style=\"text-align: justify;\">En esa misma fecha, los hoteles de la entidad podr\u00e1n funcionar al 100% de su capacidad.<\/p>\n<p><img loading=\"lazy\" decoding=\"async\" class=\"alignnone size-full wp-image-73494\" src=\"https:\/\/reporteroshoy.mx\/noticias\/wp-content\/uploads\/2021\/10\/unnamed.jpg\" alt=\"\" width=\"700\" height=\"358\" \/><\/p>\n<p style=\"text-align: justify;\">Como se sabe, el protocolo vigente para la realizaci\u00f3n de Congresos y Convenciones es del 50% de aforo en sedes cerradas y 75% en lugares abiertos. Asimismo, las ligas y torneos amateurs est\u00e1n permitidos en el estado.<\/p>\n<p style=\"text-align: justify;\">Cabe destacar que, al d\u00eda de hoy se tienen 197 camas de hospital ocupadas, registro que no se presentaba desde el 2 de junio pasado, lo que deja avanzar con estas nuevas medidas que permitir\u00e1n seguir protegiendo la salud de los yucatecos, pero al mismo tiempo continuar con la reactivaci\u00f3n econ\u00f3mica, las cuales fueron aprobadas por el Comit\u00e9 de Expertos en Salud P\u00fablica.<\/p>\n<p style=\"text-align: justify;\">El d\u00eda de hoy, la secretaria estatal de Salud reporta 235 nuevos contagios y 16 fallecimientos por Covid-19.<\/p>\n<p style=\"text-align: justify;\">De total de 72,371 casos positivos acumulados, 63,944 pacientes ya se recuperaron y 6,076 han fallecido a causa del coronavirus.<\/p>\n<p style=\"text-align: justify;\">De los casos activos, 2,154 presentan s\u00edntomas leves y 197 est\u00e1n en hospitales p\u00fablicos y en aislamiento total.<\/p>\n<p style=\"text-align: justify;\">Los nuevos contagios fueron: 152 en M\u00e9rida, 9 en Maxcan\u00fa, 8 en Progreso, 6 en Kanas\u00edn, 5 en Buctzotz, Hunucm\u00e1, Ticul y Tizim\u00edn, 4 en Conkal, Panab\u00e1, Tekax, Um\u00e1n y Valladolid, 3 for\u00e1neos, 2 en Acanceh, Motul, Opich\u00e9n, Tixkokob y Tzucacab, 1 en Abal\u00e1, Baca, Calotmul, Cansahcab, Dzidzant\u00fan, Mama y Mococh\u00e1.<\/p>\n<p style=\"text-align: justify;\">Una tercera parte de los fallecidos ten\u00eda diabetes:<\/p>\n<p style=\"text-align: justify;\">1.- Masculino 54 a\u00f1os de Tekax\u00a0\u00a0\u00a0\u00a0\u00a0\u00a0\u00a0\u00a0\u00a0\u00a0\u00a0\u00a0\u00a0\u00a0\u00a0\u00a0\u00a0\u00a0\u00a0\u00a0\u00a0\u00a0\u00a0\u00a0\u00a0 Sin comorbilidades<\/p>\n<p style=\"text-align: justify;\">2.- Masculino 72 a\u00f1os de M\u00e9rida\u00a0\u00a0\u00a0\u00a0\u00a0\u00a0\u00a0\u00a0\u00a0\u00a0\u00a0\u00a0\u00a0\u00a0\u00a0\u00a0\u00a0\u00a0\u00a0\u00a0\u00a0\u00a0\u00a0 DM<\/p>\n<p style=\"text-align: justify;\">3.- Masculino 84 a\u00f1os de Baca\u00a0\u00a0\u00a0\u00a0\u00a0\u00a0\u00a0\u00a0\u00a0\u00a0\u00a0\u00a0\u00a0\u00a0\u00a0\u00a0 \u00a0\u00a0\u00a0\u00a0\u00a0\u00a0\u00a0\u00a0\u00a0\u00a0\u00a0DM\/HAS<\/p>\n<p style=\"text-align: justify;\">4.- Femenino 82 a\u00f1os de M\u00e9rida\u00a0\u00a0\u00a0\u00a0\u00a0\u00a0\u00a0\u00a0\u00a0\u00a0\u00a0\u00a0\u00a0\u00a0\u00a0\u00a0\u00a0\u00a0\u00a0\u00a0\u00a0\u00a0\u00a0 DM<\/p>\n<p style=\"text-align: justify;\">5.- Masculino 77 a\u00f1os de M\u00e9rida\u00a0\u00a0\u00a0\u00a0\u00a0\u00a0\u00a0\u00a0\u00a0\u00a0\u00a0\u00a0\u00a0\u00a0\u00a0\u00a0\u00a0\u00a0\u00a0\u00a0\u00a0\u00a0\u00a0 DM<\/p>\n<p style=\"text-align: justify;\">6.- Masculino 60 a\u00f1os de Tekax\u00a0\u00a0\u00a0\u00a0\u00a0\u00a0\u00a0\u00a0\u00a0\u00a0\u00a0\u00a0\u00a0\u00a0\u00a0\u00a0\u00a0\u00a0\u00a0\u00a0\u00a0\u00a0\u00a0\u00a0\u00a0 \u00a0DM\/HAS\/Obesidad<\/p>\n<p style=\"text-align: justify;\">7.- Masculino 27 a\u00f1os de Campeche\u00a0\u00a0\u00a0\u00a0\u00a0\u00a0\u00a0\u00a0\u00a0\u00a0\u00a0\u00a0\u00a0\u00a0\u00a0 \u00a0\u00a0Inmunosupresi\u00f3n<\/p>\n<p style=\"text-align: justify;\">8.- Masculino 63 a\u00f1os de M\u00e9rida\u00a0\u00a0\u00a0\u00a0\u00a0\u00a0\u00a0\u00a0\u00a0\u00a0\u00a0\u00a0\u00a0\u00a0\u00a0\u00a0\u00a0\u00a0\u00a0\u00a0\u00a0\u00a0\u00a0 DM\/HAS<\/p>\n<p style=\"text-align: justify;\">9.- Femenino 83 a\u00f1os de M\u00e9rida\u00a0\u00a0\u00a0\u00a0\u00a0\u00a0\u00a0\u00a0\u00a0\u00a0\u00a0\u00a0\u00a0\u00a0\u00a0\u00a0\u00a0\u00a0\u00a0\u00a0\u00a0\u00a0\u00a0 \u00a0DM\/HAS<\/p>\n<p style=\"text-align: justify;\">10.- Masculino 38 a\u00f1os de Ticul\u00a0\u00a0\u00a0\u00a0\u00a0\u00a0\u00a0\u00a0\u00a0\u00a0\u00a0\u00a0\u00a0\u00a0\u00a0\u00a0\u00a0\u00a0\u00a0\u00a0\u00a0\u00a0\u00a0\u00a0\u00a0 \u00a0Sin comorbilidades<\/p>\n<p style=\"text-align: justify;\">11.- Masculino 71 a\u00f1os de M\u00e9rida\u00a0\u00a0\u00a0\u00a0\u00a0\u00a0\u00a0\u00a0\u00a0\u00a0\u00a0\u00a0\u00a0\u00a0\u00a0\u00a0\u00a0\u00a0\u00a0\u00a0 \u00a0HAS<\/p>\n<p style=\"text-align: justify;\">12.- Femenino 52 a\u00f1os de Chankom\u00a0\u00a0\u00a0\u00a0\u00a0\u00a0\u00a0\u00a0\u00a0\u00a0\u00a0\u00a0\u00a0\u00a0\u00a0\u00a0 \u00a0\u00a0Obesidad<\/p>\n<p style=\"text-align: justify;\">13.- Femenino 82 a\u00f1os de Valladolid\u00a0\u00a0\u00a0\u00a0\u00a0\u00a0\u00a0\u00a0\u00a0\u00a0\u00a0\u00a0\u00a0\u00a0\u00a0\u00a0 \u00a0HAS<\/p>\n<p style=\"text-align: justify;\">14.- Femenino 42 a\u00f1os de M\u00e9rida\u00a0\u00a0\u00a0\u00a0\u00a0\u00a0\u00a0\u00a0\u00a0\u00a0\u00a0\u00a0\u00a0\u00a0\u00a0\u00a0\u00a0\u00a0\u00a0\u00a0\u00a0 \u00a0Inmunosupresi\u00f3n<\/p>\n<p style=\"text-align: justify;\">15.- Femenino 36 a\u00f1os de Tizim\u00edn\u00a0\u00a0\u00a0\u00a0\u00a0\u00a0\u00a0\u00a0\u00a0\u00a0\u00a0\u00a0\u00a0\u00a0\u00a0\u00a0\u00a0\u00a0\u00a0\u00a0\u00a0 \u00a0Inmunosupresi\u00f3n<\/p>\n<p style=\"text-align: justify;\">16.- Femenino 57 a\u00f1os de Temoz\u00f3n\u00a0\u00a0\u00a0\u00a0\u00a0\u00a0\u00a0\u00a0\u00a0\u00a0\u00a0\u00a0\u00a0\u00a0\u00a0\u00a0\u00a0 \u00a0HAS<\/p>\n<p style=\"text-align: justify;\">Siglas: HIPERTENSI\u00d3N ARTERIAL SIST\u00c9MICA (HAS), DIABETES MELLITUS (DM) e INSUFICIENCIA RENAL CR\u00d3NICA (IRC).<\/p>\n<p style=\"text-align: justify;\">\n","protected":false},"excerpt":{"rendered":"<p>A partir del 1 de noviembre los eventos sociales podr\u00e1n funcionar con el 40% de aforo en lugares cerrados y 60% en abiertos, en tanto que hoteles podr\u00e1n funcionar al 100% de su capacidad.<\/p>\n","protected":false},"author":5,"featured_media":73494,"comment_status":"open","ping_status":"closed","sticky":false,"template":"","format":"standard","meta":{"footnotes":""},"categories":[17],"tags":[9849,11003,12657],"class_list":["post-73493","post","type-post","status-publish","format-standard","has-post-thumbnail","hentry","category-yucatan","tag-covid-19","tag-secretaria-de-salud-de-yucatan","tag-semaforo-amarillo"],"yoast_head":"<!-- This site is optimized with the Yoast SEO plugin v28.3 - https:\/\/yoast.com\/product\/yoast-seo-wordpress\/ -->\n<title>Yucat\u00e1n \u2018brinca\u2019 al sem\u00e1foro amarillo<\/title>\n<meta name=\"description\" content=\"A partir del 1 de noviembre los eventos sociales podr\u00e1n funcionar con el 40% de aforo en lugares cerrados y 60% en abiertos, en tanto que hoteles podr\u00e1n funcionar al 100% de su capacidad.\" \/>\n<meta name=\"robots\" content=\"index, follow, max-snippet:-1, max-image-preview:large, max-video-preview:-1\" \/>\n<link rel=\"canonical\" href=\"https:\/\/reporteroshoy.mx\/noticias\/yucatan-brinca-al-semaforo-amarillo\/\" \/>\n<meta property=\"og:locale\" content=\"es_ES\" \/>\n<meta property=\"og:type\" content=\"article\" \/>\n<meta property=\"og:title\" content=\"Yucat\u00e1n \u2018brinca\u2019 al sem\u00e1foro amarillo\" \/>\n<meta property=\"og:description\" content=\"A partir del 1 de noviembre los eventos sociales podr\u00e1n funcionar con el 40% de aforo en lugares cerrados y 60% en abiertos, en tanto que hoteles podr\u00e1n funcionar al 100% de su capacidad.\" \/>\n<meta property=\"og:url\" content=\"https:\/\/reporteroshoy.mx\/noticias\/yucatan-brinca-al-semaforo-amarillo\/\" \/>\n<meta property=\"og:site_name\" content=\"Reporteros Hoy | Noticias de Yucat\u00e1n\" \/>\n<meta property=\"article:publisher\" content=\"http:\/\/www.facebook.com\/reporteroshoymx\" \/>\n<meta property=\"article:published_time\" content=\"2021-10-08T00:37:34+00:00\" \/>\n<meta property=\"og:image\" content=\"https:\/\/reporteroshoy.mx\/noticias\/wp-content\/uploads\/2021\/10\/unnamed.jpg\" \/>\n\t<meta property=\"og:image:width\" content=\"700\" \/>\n\t<meta property=\"og:image:height\" content=\"358\" \/>\n\t<meta property=\"og:image:type\" content=\"image\/jpeg\" \/>\n<meta name=\"author\" content=\"Reporteros Hoy IM\" \/>\n<meta name=\"twitter:card\" content=\"summary_large_image\" \/>\n<meta name=\"twitter:creator\" content=\"@reporteroshoy\" \/>\n<meta name=\"twitter:site\" content=\"@reporteroshoy\" \/>\n<meta name=\"twitter:label1\" content=\"Escrito por\" \/>\n\t<meta name=\"twitter:data1\" content=\"Reporteros Hoy IM\" \/>\n\t<meta name=\"twitter:label2\" content=\"Tiempo de lectura\" \/>\n\t<meta name=\"twitter:data2\" content=\"3 minutos\" \/>\n<script type=\"application\/ld+json\" class=\"yoast-schema-graph\">{\"@context\":\"https:\\\/\\\/schema.org\",\"@graph\":[{\"@type\":\"Article\",\"@id\":\"https:\\\/\\\/reporteroshoy.mx\\\/noticias\\\/yucatan-brinca-al-semaforo-amarillo\\\/#article\",\"isPartOf\":{\"@id\":\"https:\\\/\\\/reporteroshoy.mx\\\/noticias\\\/yucatan-brinca-al-semaforo-amarillo\\\/\"},\"author\":{\"name\":\"Reporteros Hoy IM\",\"@id\":\"https:\\\/\\\/reporteroshoy.mx\\\/noticias\\\/#\\\/schema\\\/person\\\/948520f0d88b01be2e5266bc4acbbc15\"},\"headline\":\"Yucat\u00e1n \u2018brinca\u2019 al sem\u00e1foro amarillo\",\"datePublished\":\"2021-10-08T00:37:34+00:00\",\"mainEntityOfPage\":{\"@id\":\"https:\\\/\\\/reporteroshoy.mx\\\/noticias\\\/yucatan-brinca-al-semaforo-amarillo\\\/\"},\"wordCount\":444,\"commentCount\":0,\"image\":{\"@id\":\"https:\\\/\\\/reporteroshoy.mx\\\/noticias\\\/yucatan-brinca-al-semaforo-amarillo\\\/#primaryimage\"},\"thumbnailUrl\":\"https:\\\/\\\/reporteroshoy.mx\\\/noticias\\\/wp-content\\\/uploads\\\/2021\\\/10\\\/unnamed.jpg\",\"keywords\":[\"Covid-19\",\"Secretar\u00eda de Salud de Yucat\u00e1n\",\"Sem\u00e1foro Amarillo\"],\"articleSection\":[\"Yucat\u00e1n\"],\"inLanguage\":\"es\",\"potentialAction\":[{\"@type\":\"CommentAction\",\"name\":\"Comment\",\"target\":[\"https:\\\/\\\/reporteroshoy.mx\\\/noticias\\\/yucatan-brinca-al-semaforo-amarillo\\\/#respond\"]}]},{\"@type\":\"WebPage\",\"@id\":\"https:\\\/\\\/reporteroshoy.mx\\\/noticias\\\/yucatan-brinca-al-semaforo-amarillo\\\/\",\"url\":\"https:\\\/\\\/reporteroshoy.mx\\\/noticias\\\/yucatan-brinca-al-semaforo-amarillo\\\/\",\"name\":\"Yucat\u00e1n \u2018brinca\u2019 al sem\u00e1foro amarillo\",\"isPartOf\":{\"@id\":\"https:\\\/\\\/reporteroshoy.mx\\\/noticias\\\/#website\"},\"primaryImageOfPage\":{\"@id\":\"https:\\\/\\\/reporteroshoy.mx\\\/noticias\\\/yucatan-brinca-al-semaforo-amarillo\\\/#primaryimage\"},\"image\":{\"@id\":\"https:\\\/\\\/reporteroshoy.mx\\\/noticias\\\/yucatan-brinca-al-semaforo-amarillo\\\/#primaryimage\"},\"thumbnailUrl\":\"https:\\\/\\\/reporteroshoy.mx\\\/noticias\\\/wp-content\\\/uploads\\\/2021\\\/10\\\/unnamed.jpg\",\"datePublished\":\"2021-10-08T00:37:34+00:00\",\"author\":{\"@id\":\"https:\\\/\\\/reporteroshoy.mx\\\/noticias\\\/#\\\/schema\\\/person\\\/948520f0d88b01be2e5266bc4acbbc15\"},\"description\":\"A partir del 1 de noviembre los eventos sociales podr\u00e1n funcionar con el 40% de aforo en lugares cerrados y 60% en abiertos, en tanto que hoteles podr\u00e1n funcionar al 100% de su capacidad.\",\"breadcrumb\":{\"@id\":\"https:\\\/\\\/reporteroshoy.mx\\\/noticias\\\/yucatan-brinca-al-semaforo-amarillo\\\/#breadcrumb\"},\"inLanguage\":\"es\",\"potentialAction\":[{\"@type\":\"ReadAction\",\"target\":[\"https:\\\/\\\/reporteroshoy.mx\\\/noticias\\\/yucatan-brinca-al-semaforo-amarillo\\\/\"]}]},{\"@type\":\"ImageObject\",\"inLanguage\":\"es\",\"@id\":\"https:\\\/\\\/reporteroshoy.mx\\\/noticias\\\/yucatan-brinca-al-semaforo-amarillo\\\/#primaryimage\",\"url\":\"https:\\\/\\\/reporteroshoy.mx\\\/noticias\\\/wp-content\\\/uploads\\\/2021\\\/10\\\/unnamed.jpg\",\"contentUrl\":\"https:\\\/\\\/reporteroshoy.mx\\\/noticias\\\/wp-content\\\/uploads\\\/2021\\\/10\\\/unnamed.jpg\",\"width\":700,\"height\":358},{\"@type\":\"BreadcrumbList\",\"@id\":\"https:\\\/\\\/reporteroshoy.mx\\\/noticias\\\/yucatan-brinca-al-semaforo-amarillo\\\/#breadcrumb\",\"itemListElement\":[{\"@type\":\"ListItem\",\"position\":1,\"name\":\"Portada\",\"item\":\"https:\\\/\\\/reporteroshoy.mx\\\/noticias\\\/\"},{\"@type\":\"ListItem\",\"position\":2,\"name\":\"Yucat\u00e1n \u2018brinca\u2019 al sem\u00e1foro amarillo\"}]},{\"@type\":\"WebSite\",\"@id\":\"https:\\\/\\\/reporteroshoy.mx\\\/noticias\\\/#website\",\"url\":\"https:\\\/\\\/reporteroshoy.mx\\\/noticias\\\/\",\"name\":\"Reporteros Hoy | Noticias de Yucat\u00e1n\",\"description\":\"Peri\u00f3dico digital con noticias diarias desde M\u00e9rida, Yucat\u00e1n para el mundo.\",\"potentialAction\":[{\"@type\":\"SearchAction\",\"target\":{\"@type\":\"EntryPoint\",\"urlTemplate\":\"https:\\\/\\\/reporteroshoy.mx\\\/noticias\\\/?s={search_term_string}\"},\"query-input\":{\"@type\":\"PropertyValueSpecification\",\"valueRequired\":true,\"valueName\":\"search_term_string\"}}],\"inLanguage\":\"es\"},{\"@type\":\"Person\",\"@id\":\"https:\\\/\\\/reporteroshoy.mx\\\/noticias\\\/#\\\/schema\\\/person\\\/948520f0d88b01be2e5266bc4acbbc15\",\"name\":\"Reporteros Hoy IM\",\"image\":{\"@type\":\"ImageObject\",\"inLanguage\":\"es\",\"@id\":\"https:\\\/\\\/secure.gravatar.com\\\/avatar\\\/d843030b96552826ac048bdfe26f2895604b800ed0c880ee55765a74d95dfc65?s=96&d=mm&r=g\",\"url\":\"https:\\\/\\\/secure.gravatar.com\\\/avatar\\\/d843030b96552826ac048bdfe26f2895604b800ed0c880ee55765a74d95dfc65?s=96&d=mm&r=g\",\"contentUrl\":\"https:\\\/\\\/secure.gravatar.com\\\/avatar\\\/d843030b96552826ac048bdfe26f2895604b800ed0c880ee55765a74d95dfc65?s=96&d=mm&r=g\",\"caption\":\"Reporteros Hoy IM\"},\"url\":\"https:\\\/\\\/reporteroshoy.mx\\\/noticias\\\/author\\\/israel\\\/\"}]}<\/script>\n<!-- \/ Yoast SEO plugin. -->","yoast_head_json":{"title":"Yucat\u00e1n \u2018brinca\u2019 al sem\u00e1foro amarillo","description":"A partir del 1 de noviembre los eventos sociales podr\u00e1n funcionar con el 40% de aforo en lugares cerrados y 60% en abiertos, en tanto que hoteles podr\u00e1n funcionar al 100% de su capacidad.","robots":{"index":"index","follow":"follow","max-snippet":"max-snippet:-1","max-image-preview":"max-image-preview:large","max-video-preview":"max-video-preview:-1"},"canonical":"https:\/\/reporteroshoy.mx\/noticias\/yucatan-brinca-al-semaforo-amarillo\/","og_locale":"es_ES","og_type":"article","og_title":"Yucat\u00e1n \u2018brinca\u2019 al sem\u00e1foro amarillo","og_description":"A partir del 1 de noviembre los eventos sociales podr\u00e1n funcionar con el 40% de aforo en lugares cerrados y 60% en abiertos, en tanto que hoteles podr\u00e1n funcionar al 100% de su capacidad.","og_url":"https:\/\/reporteroshoy.mx\/noticias\/yucatan-brinca-al-semaforo-amarillo\/","og_site_name":"Reporteros Hoy | Noticias de Yucat\u00e1n","article_publisher":"http:\/\/www.facebook.com\/reporteroshoymx","article_published_time":"2021-10-08T00:37:34+00:00","og_image":[{"width":700,"height":358,"url":"https:\/\/reporteroshoy.mx\/noticias\/wp-content\/uploads\/2021\/10\/unnamed.jpg","type":"image\/jpeg"}],"author":"Reporteros Hoy IM","twitter_card":"summary_large_image","twitter_creator":"@reporteroshoy","twitter_site":"@reporteroshoy","twitter_misc":{"Escrito por":"Reporteros Hoy IM","Tiempo de lectura":"3 minutos"},"schema":{"@context":"https:\/\/schema.org","@graph":[{"@type":"Article","@id":"https:\/\/reporteroshoy.mx\/noticias\/yucatan-brinca-al-semaforo-amarillo\/#article","isPartOf":{"@id":"https:\/\/reporteroshoy.mx\/noticias\/yucatan-brinca-al-semaforo-amarillo\/"},"author":{"name":"Reporteros Hoy IM","@id":"https:\/\/reporteroshoy.mx\/noticias\/#\/schema\/person\/948520f0d88b01be2e5266bc4acbbc15"},"headline":"Yucat\u00e1n \u2018brinca\u2019 al sem\u00e1foro amarillo","datePublished":"2021-10-08T00:37:34+00:00","mainEntityOfPage":{"@id":"https:\/\/reporteroshoy.mx\/noticias\/yucatan-brinca-al-semaforo-amarillo\/"},"wordCount":444,"commentCount":0,"image":{"@id":"https:\/\/reporteroshoy.mx\/noticias\/yucatan-brinca-al-semaforo-amarillo\/#primaryimage"},"thumbnailUrl":"https:\/\/reporteroshoy.mx\/noticias\/wp-content\/uploads\/2021\/10\/unnamed.jpg","keywords":["Covid-19","Secretar\u00eda de Salud de Yucat\u00e1n","Sem\u00e1foro Amarillo"],"articleSection":["Yucat\u00e1n"],"inLanguage":"es","potentialAction":[{"@type":"CommentAction","name":"Comment","target":["https:\/\/reporteroshoy.mx\/noticias\/yucatan-brinca-al-semaforo-amarillo\/#respond"]}]},{"@type":"WebPage","@id":"https:\/\/reporteroshoy.mx\/noticias\/yucatan-brinca-al-semaforo-amarillo\/","url":"https:\/\/reporteroshoy.mx\/noticias\/yucatan-brinca-al-semaforo-amarillo\/","name":"Yucat\u00e1n \u2018brinca\u2019 al sem\u00e1foro amarillo","isPartOf":{"@id":"https:\/\/reporteroshoy.mx\/noticias\/#website"},"primaryImageOfPage":{"@id":"https:\/\/reporteroshoy.mx\/noticias\/yucatan-brinca-al-semaforo-amarillo\/#primaryimage"},"image":{"@id":"https:\/\/reporteroshoy.mx\/noticias\/yucatan-brinca-al-semaforo-amarillo\/#primaryimage"},"thumbnailUrl":"https:\/\/reporteroshoy.mx\/noticias\/wp-content\/uploads\/2021\/10\/unnamed.jpg","datePublished":"2021-10-08T00:37:34+00:00","author":{"@id":"https:\/\/reporteroshoy.mx\/noticias\/#\/schema\/person\/948520f0d88b01be2e5266bc4acbbc15"},"description":"A partir del 1 de noviembre los eventos sociales podr\u00e1n funcionar con el 40% de aforo en lugares cerrados y 60% en abiertos, en tanto que hoteles podr\u00e1n funcionar al 100% de su capacidad.","breadcrumb":{"@id":"https:\/\/reporteroshoy.mx\/noticias\/yucatan-brinca-al-semaforo-amarillo\/#breadcrumb"},"inLanguage":"es","potentialAction":[{"@type":"ReadAction","target":["https:\/\/reporteroshoy.mx\/noticias\/yucatan-brinca-al-semaforo-amarillo\/"]}]},{"@type":"ImageObject","inLanguage":"es","@id":"https:\/\/reporteroshoy.mx\/noticias\/yucatan-brinca-al-semaforo-amarillo\/#primaryimage","url":"https:\/\/reporteroshoy.mx\/noticias\/wp-content\/uploads\/2021\/10\/unnamed.jpg","contentUrl":"https:\/\/reporteroshoy.mx\/noticias\/wp-content\/uploads\/2021\/10\/unnamed.jpg","width":700,"height":358},{"@type":"BreadcrumbList","@id":"https:\/\/reporteroshoy.mx\/noticias\/yucatan-brinca-al-semaforo-amarillo\/#breadcrumb","itemListElement":[{"@type":"ListItem","position":1,"name":"Portada","item":"https:\/\/reporteroshoy.mx\/noticias\/"},{"@type":"ListItem","position":2,"name":"Yucat\u00e1n \u2018brinca\u2019 al sem\u00e1foro amarillo"}]},{"@type":"WebSite","@id":"https:\/\/reporteroshoy.mx\/noticias\/#website","url":"https:\/\/reporteroshoy.mx\/noticias\/","name":"Reporteros Hoy | Noticias de Yucat\u00e1n","description":"Peri\u00f3dico digital con noticias diarias desde M\u00e9rida, Yucat\u00e1n para el mundo.","potentialAction":[{"@type":"SearchAction","target":{"@type":"EntryPoint","urlTemplate":"https:\/\/reporteroshoy.mx\/noticias\/?s={search_term_string}"},"query-input":{"@type":"PropertyValueSpecification","valueRequired":true,"valueName":"search_term_string"}}],"inLanguage":"es"},{"@type":"Person","@id":"https:\/\/reporteroshoy.mx\/noticias\/#\/schema\/person\/948520f0d88b01be2e5266bc4acbbc15","name":"Reporteros Hoy IM","image":{"@type":"ImageObject","inLanguage":"es","@id":"https:\/\/secure.gravatar.com\/avatar\/d843030b96552826ac048bdfe26f2895604b800ed0c880ee55765a74d95dfc65?s=96&d=mm&r=g","url":"https:\/\/secure.gravatar.com\/avatar\/d843030b96552826ac048bdfe26f2895604b800ed0c880ee55765a74d95dfc65?s=96&d=mm&r=g","contentUrl":"https:\/\/secure.gravatar.com\/avatar\/d843030b96552826ac048bdfe26f2895604b800ed0c880ee55765a74d95dfc65?s=96&d=mm&r=g","caption":"Reporteros Hoy IM"},"url":"https:\/\/reporteroshoy.mx\/noticias\/author\/israel\/"}]}},"_links":{"self":[{"href":"https:\/\/reporteroshoy.mx\/noticias\/wp-json\/wp\/v2\/posts\/73493","targetHints":{"allow":["GET"]}}],"collection":[{"href":"https:\/\/reporteroshoy.mx\/noticias\/wp-json\/wp\/v2\/posts"}],"about":[{"href":"https:\/\/reporteroshoy.mx\/noticias\/wp-json\/wp\/v2\/types\/post"}],"author":[{"embeddable":true,"href":"https:\/\/reporteroshoy.mx\/noticias\/wp-json\/wp\/v2\/users\/5"}],"replies":[{"embeddable":true,"href":"https:\/\/reporteroshoy.mx\/noticias\/wp-json\/wp\/v2\/comments?post=73493"}],"version-history":[{"count":0,"href":"https:\/\/reporteroshoy.mx\/noticias\/wp-json\/wp\/v2\/posts\/73493\/revisions"}],"wp:featuredmedia":[{"embeddable":true,"href":"https:\/\/reporteroshoy.mx\/noticias\/wp-json\/wp\/v2\/media\/73494"}],"wp:attachment":[{"href":"https:\/\/reporteroshoy.mx\/noticias\/wp-json\/wp\/v2\/media?parent=73493"}],"wp:term":[{"taxonomy":"category","embeddable":true,"href":"https:\/\/reporteroshoy.mx\/noticias\/wp-json\/wp\/v2\/categories?post=73493"},{"taxonomy":"post_tag","embeddable":true,"href":"https:\/\/reporteroshoy.mx\/noticias\/wp-json\/wp\/v2\/tags?post=73493"}],"curies":[{"name":"wp","href":"https:\/\/api.w.org\/{rel}","templated":true}]}}