{"id":73631,"date":"2021-10-09T18:34:13","date_gmt":"2021-10-09T23:34:13","guid":{"rendered":"https:\/\/reporteroshoy.mx\/noticias\/?p=73631"},"modified":"2021-10-09T18:34:13","modified_gmt":"2021-10-09T23:34:13","slug":"pasara-dos-anos-en-la-carcel-por-no-pasar-pension-de-1600-a-sus-hijas","status":"publish","type":"post","link":"https:\/\/reporteroshoy.mx\/noticias\/pasara-dos-anos-en-la-carcel-por-no-pasar-pension-de-1600-a-sus-hijas\/","title":{"rendered":"Pasar\u00e1 dos a\u00f1os en la c\u00e1rcel por no pasar pensi\u00f3n de $1600 a sus hijas"},"content":{"rendered":"<p dir=\"ltr\" style=\"text-align: justify;\"><span style=\"color: #000000;\">M\u00e9rida, Yucat\u00e1n; 9 de octubre de 2021.- En un procedimiento de juicio abreviado, F.A.P.C., fue sentenciado a dos a\u00f1os de prisi\u00f3n por el delito de incumplimiento de las obligaciones de asistencia familiar, denunciado al no pagar la pensi\u00f3n alimenticia de sus dos hijas menores de edad.<\/span><\/p>\n<p dir=\"ltr\" style=\"text-align: justify;\"><span style=\"color: #000000;\">Tras contar con la anuencia de las partes involucradas, la Fiscal\u00eda General del Estado (FGE) expuso los datos de prueba que permitieron al Juez Primero de Control del cuarto Distrito Judicial, otorgar el fallo condenatorio y la sentencia privativa de la libertad se\u00f1alada, adem\u00e1s de obligarlo al pago de 83 d\u00edas de multa.<\/span><\/p>\n<p dir=\"ltr\" style=\"text-align: justify;\"><span style=\"color: #000000;\">De acuerdo con la indagatoria realizada por los especialistas de la FGE, desde marzo del a\u00f1o 2017 el imputado dej\u00f3 de cumplir con sus obligaciones para la manutenci\u00f3n de sus dos hijas, por lo que en octubre de ese a\u00f1o, la Juez Segunda de lo Civil y Familiar lo conden\u00f3 al pago de 1,600 mensuales, pero desde esa fecha no ha cumplido, por lo que se present\u00f3 la formal denuncia que deriv\u00f3 en la causa penal 50\/2019.<\/span><\/p>\n<p dir=\"ltr\" style=\"text-align: justify;\"><span style=\"color: #000000;\">En la audiencia celebrada en el Centro de Justicia Oral de Um\u00e1n, la autoridad judicial conden\u00f3 tambi\u00e9n al sentenciado al pago de la reparaci\u00f3n del da\u00f1o, fue privado de sus derechos de familia, tiene prohibido acercarse a la v\u00edctima y sus familiares y fue amonestado p\u00fablicamente.<\/span><\/p>\n","protected":false},"excerpt":{"rendered":"<p>Por irresponsable dej\u00f3 de pagar los gastos para sus dos hijas menores de edad desde marzo de 2017.<\/p>\n","protected":false},"author":2,"featured_media":0,"comment_status":"open","ping_status":"closed","sticky":false,"template":"","format":"standard","meta":{"footnotes":""},"categories":[11],"tags":[19458,2379,13523],"class_list":["post-73631","post","type-post","status-publish","format-standard","hentry","category-municipios-de-yucatan","tag-anos-de-prision","tag-carcel","tag-pension-alimenticia"],"yoast_head":"<!-- This site is optimized with the Yoast SEO plugin v28.3 - https:\/\/yoast.com\/product\/yoast-seo-wordpress\/ -->\n<title>Pasar\u00e1 dos a\u00f1os en la c\u00e1rcel por no pasar pensi\u00f3n de $1600 a sus hijas<\/title>\n<meta name=\"description\" content=\"Por irresponsable dej\u00f3 de pagar los gastos para sus dos hijas menores de edad desde marzo de 2017.\" \/>\n<meta name=\"robots\" content=\"index, follow, max-snippet:-1, max-image-preview:large, max-video-preview:-1\" \/>\n<link rel=\"canonical\" href=\"https:\/\/reporteroshoy.mx\/noticias\/pasara-dos-anos-en-la-carcel-por-no-pasar-pension-de-1600-a-sus-hijas\/\" \/>\n<meta property=\"og:locale\" content=\"es_ES\" \/>\n<meta property=\"og:type\" content=\"article\" \/>\n<meta property=\"og:title\" content=\"Pasar\u00e1 dos a\u00f1os en la c\u00e1rcel por no pasar pensi\u00f3n de $1600 a sus hijas\" \/>\n<meta property=\"og:description\" content=\"Por irresponsable dej\u00f3 de pagar los gastos para sus dos hijas menores de edad desde marzo de 2017.\" \/>\n<meta property=\"og:url\" content=\"https:\/\/reporteroshoy.mx\/noticias\/pasara-dos-anos-en-la-carcel-por-no-pasar-pension-de-1600-a-sus-hijas\/\" \/>\n<meta property=\"og:site_name\" content=\"Reporteros Hoy | Noticias de Yucat\u00e1n\" \/>\n<meta property=\"article:publisher\" content=\"http:\/\/www.facebook.com\/reporteroshoymx\" \/>\n<meta property=\"article:published_time\" content=\"2021-10-09T23:34:13+00:00\" \/>\n<meta property=\"og:image\" content=\"https:\/\/reporteroshoy.mx\/noticias\/wp-content\/uploads\/2020\/09\/Lavado-de-dinero.jpg\" \/>\n\t<meta property=\"og:image:width\" content=\"768\" \/>\n\t<meta property=\"og:image:height\" content=\"433\" \/>\n\t<meta property=\"og:image:type\" content=\"image\/jpeg\" \/>\n<meta name=\"author\" content=\"Reporteros Hoy HY\" \/>\n<meta name=\"twitter:card\" content=\"summary_large_image\" \/>\n<meta name=\"twitter:creator\" content=\"@reporteroshoy\" \/>\n<meta name=\"twitter:site\" content=\"@reporteroshoy\" \/>\n<meta name=\"twitter:label1\" content=\"Escrito por\" \/>\n\t<meta name=\"twitter:data1\" content=\"Reporteros Hoy HY\" \/>\n\t<meta name=\"twitter:label2\" content=\"Tiempo de lectura\" \/>\n\t<meta name=\"twitter:data2\" content=\"1 minuto\" \/>\n<script type=\"application\/ld+json\" class=\"yoast-schema-graph\">{\"@context\":\"https:\\\/\\\/schema.org\",\"@graph\":[{\"@type\":\"Article\",\"@id\":\"https:\\\/\\\/reporteroshoy.mx\\\/noticias\\\/pasara-dos-anos-en-la-carcel-por-no-pasar-pension-de-1600-a-sus-hijas\\\/#article\",\"isPartOf\":{\"@id\":\"https:\\\/\\\/reporteroshoy.mx\\\/noticias\\\/pasara-dos-anos-en-la-carcel-por-no-pasar-pension-de-1600-a-sus-hijas\\\/\"},\"author\":{\"name\":\"Reporteros Hoy HY\",\"@id\":\"https:\\\/\\\/reporteroshoy.mx\\\/noticias\\\/#\\\/schema\\\/person\\\/d32189074678a9d41498d4248e29aac3\"},\"headline\":\"Pasar\u00e1 dos a\u00f1os en la c\u00e1rcel por no pasar pensi\u00f3n de $1600 a sus hijas\",\"datePublished\":\"2021-10-09T23:34:13+00:00\",\"mainEntityOfPage\":{\"@id\":\"https:\\\/\\\/reporteroshoy.mx\\\/noticias\\\/pasara-dos-anos-en-la-carcel-por-no-pasar-pension-de-1600-a-sus-hijas\\\/\"},\"wordCount\":255,\"commentCount\":0,\"keywords\":[\"a\u00f1os de prisi\u00f3n\",\"C\u00e1rcel\",\"pensi\u00f3n alimenticia\"],\"articleSection\":[\"Municipios\"],\"inLanguage\":\"es\",\"potentialAction\":[{\"@type\":\"CommentAction\",\"name\":\"Comment\",\"target\":[\"https:\\\/\\\/reporteroshoy.mx\\\/noticias\\\/pasara-dos-anos-en-la-carcel-por-no-pasar-pension-de-1600-a-sus-hijas\\\/#respond\"]}]},{\"@type\":\"WebPage\",\"@id\":\"https:\\\/\\\/reporteroshoy.mx\\\/noticias\\\/pasara-dos-anos-en-la-carcel-por-no-pasar-pension-de-1600-a-sus-hijas\\\/\",\"url\":\"https:\\\/\\\/reporteroshoy.mx\\\/noticias\\\/pasara-dos-anos-en-la-carcel-por-no-pasar-pension-de-1600-a-sus-hijas\\\/\",\"name\":\"Pasar\u00e1 dos a\u00f1os en la c\u00e1rcel por no pasar pensi\u00f3n de $1600 a sus hijas\",\"isPartOf\":{\"@id\":\"https:\\\/\\\/reporteroshoy.mx\\\/noticias\\\/#website\"},\"datePublished\":\"2021-10-09T23:34:13+00:00\",\"author\":{\"@id\":\"https:\\\/\\\/reporteroshoy.mx\\\/noticias\\\/#\\\/schema\\\/person\\\/d32189074678a9d41498d4248e29aac3\"},\"description\":\"Por irresponsable dej\u00f3 de pagar los gastos para sus dos hijas menores de edad desde marzo de 2017.\",\"breadcrumb\":{\"@id\":\"https:\\\/\\\/reporteroshoy.mx\\\/noticias\\\/pasara-dos-anos-en-la-carcel-por-no-pasar-pension-de-1600-a-sus-hijas\\\/#breadcrumb\"},\"inLanguage\":\"es\",\"potentialAction\":[{\"@type\":\"ReadAction\",\"target\":[\"https:\\\/\\\/reporteroshoy.mx\\\/noticias\\\/pasara-dos-anos-en-la-carcel-por-no-pasar-pension-de-1600-a-sus-hijas\\\/\"]}]},{\"@type\":\"BreadcrumbList\",\"@id\":\"https:\\\/\\\/reporteroshoy.mx\\\/noticias\\\/pasara-dos-anos-en-la-carcel-por-no-pasar-pension-de-1600-a-sus-hijas\\\/#breadcrumb\",\"itemListElement\":[{\"@type\":\"ListItem\",\"position\":1,\"name\":\"Portada\",\"item\":\"https:\\\/\\\/reporteroshoy.mx\\\/noticias\\\/\"},{\"@type\":\"ListItem\",\"position\":2,\"name\":\"Pasar\u00e1 dos a\u00f1os en la c\u00e1rcel por no pasar pensi\u00f3n de $1600 a sus hijas\"}]},{\"@type\":\"WebSite\",\"@id\":\"https:\\\/\\\/reporteroshoy.mx\\\/noticias\\\/#website\",\"url\":\"https:\\\/\\\/reporteroshoy.mx\\\/noticias\\\/\",\"name\":\"Reporteros Hoy | Noticias de Yucat\u00e1n\",\"description\":\"Peri\u00f3dico digital con noticias diarias desde M\u00e9rida, Yucat\u00e1n para el mundo.\",\"potentialAction\":[{\"@type\":\"SearchAction\",\"target\":{\"@type\":\"EntryPoint\",\"urlTemplate\":\"https:\\\/\\\/reporteroshoy.mx\\\/noticias\\\/?s={search_term_string}\"},\"query-input\":{\"@type\":\"PropertyValueSpecification\",\"valueRequired\":true,\"valueName\":\"search_term_string\"}}],\"inLanguage\":\"es\"},{\"@type\":\"Person\",\"@id\":\"https:\\\/\\\/reporteroshoy.mx\\\/noticias\\\/#\\\/schema\\\/person\\\/d32189074678a9d41498d4248e29aac3\",\"name\":\"Reporteros Hoy HY\",\"image\":{\"@type\":\"ImageObject\",\"inLanguage\":\"es\",\"@id\":\"https:\\\/\\\/secure.gravatar.com\\\/avatar\\\/c539a82770f256437b35bda44650bb50f5fd4b7017f8b29672ed9f27a43cec47?s=96&d=mm&r=g\",\"url\":\"https:\\\/\\\/secure.gravatar.com\\\/avatar\\\/c539a82770f256437b35bda44650bb50f5fd4b7017f8b29672ed9f27a43cec47?s=96&d=mm&r=g\",\"contentUrl\":\"https:\\\/\\\/secure.gravatar.com\\\/avatar\\\/c539a82770f256437b35bda44650bb50f5fd4b7017f8b29672ed9f27a43cec47?s=96&d=mm&r=g\",\"caption\":\"Reporteros Hoy HY\"},\"url\":\"https:\\\/\\\/reporteroshoy.mx\\\/noticias\\\/author\\\/thelmo\\\/\"}]}<\/script>\n<!-- \/ Yoast SEO plugin. -->","yoast_head_json":{"title":"Pasar\u00e1 dos a\u00f1os en la c\u00e1rcel por no pasar pensi\u00f3n de $1600 a sus hijas","description":"Por irresponsable dej\u00f3 de pagar los gastos para sus dos hijas menores de edad desde marzo de 2017.","robots":{"index":"index","follow":"follow","max-snippet":"max-snippet:-1","max-image-preview":"max-image-preview:large","max-video-preview":"max-video-preview:-1"},"canonical":"https:\/\/reporteroshoy.mx\/noticias\/pasara-dos-anos-en-la-carcel-por-no-pasar-pension-de-1600-a-sus-hijas\/","og_locale":"es_ES","og_type":"article","og_title":"Pasar\u00e1 dos a\u00f1os en la c\u00e1rcel por no pasar pensi\u00f3n de $1600 a sus hijas","og_description":"Por irresponsable dej\u00f3 de pagar los gastos para sus dos hijas menores de edad desde marzo de 2017.","og_url":"https:\/\/reporteroshoy.mx\/noticias\/pasara-dos-anos-en-la-carcel-por-no-pasar-pension-de-1600-a-sus-hijas\/","og_site_name":"Reporteros Hoy | Noticias de Yucat\u00e1n","article_publisher":"http:\/\/www.facebook.com\/reporteroshoymx","article_published_time":"2021-10-09T23:34:13+00:00","og_image":[{"width":768,"height":433,"url":"https:\/\/reporteroshoy.mx\/noticias\/wp-content\/uploads\/2020\/09\/Lavado-de-dinero.jpg","type":"image\/jpeg"}],"author":"Reporteros Hoy HY","twitter_card":"summary_large_image","twitter_creator":"@reporteroshoy","twitter_site":"@reporteroshoy","twitter_misc":{"Escrito por":"Reporteros Hoy HY","Tiempo de lectura":"1 minuto"},"schema":{"@context":"https:\/\/schema.org","@graph":[{"@type":"Article","@id":"https:\/\/reporteroshoy.mx\/noticias\/pasara-dos-anos-en-la-carcel-por-no-pasar-pension-de-1600-a-sus-hijas\/#article","isPartOf":{"@id":"https:\/\/reporteroshoy.mx\/noticias\/pasara-dos-anos-en-la-carcel-por-no-pasar-pension-de-1600-a-sus-hijas\/"},"author":{"name":"Reporteros Hoy HY","@id":"https:\/\/reporteroshoy.mx\/noticias\/#\/schema\/person\/d32189074678a9d41498d4248e29aac3"},"headline":"Pasar\u00e1 dos a\u00f1os en la c\u00e1rcel por no pasar pensi\u00f3n de $1600 a sus hijas","datePublished":"2021-10-09T23:34:13+00:00","mainEntityOfPage":{"@id":"https:\/\/reporteroshoy.mx\/noticias\/pasara-dos-anos-en-la-carcel-por-no-pasar-pension-de-1600-a-sus-hijas\/"},"wordCount":255,"commentCount":0,"keywords":["a\u00f1os de prisi\u00f3n","C\u00e1rcel","pensi\u00f3n alimenticia"],"articleSection":["Municipios"],"inLanguage":"es","potentialAction":[{"@type":"CommentAction","name":"Comment","target":["https:\/\/reporteroshoy.mx\/noticias\/pasara-dos-anos-en-la-carcel-por-no-pasar-pension-de-1600-a-sus-hijas\/#respond"]}]},{"@type":"WebPage","@id":"https:\/\/reporteroshoy.mx\/noticias\/pasara-dos-anos-en-la-carcel-por-no-pasar-pension-de-1600-a-sus-hijas\/","url":"https:\/\/reporteroshoy.mx\/noticias\/pasara-dos-anos-en-la-carcel-por-no-pasar-pension-de-1600-a-sus-hijas\/","name":"Pasar\u00e1 dos a\u00f1os en la c\u00e1rcel por no pasar pensi\u00f3n de $1600 a sus hijas","isPartOf":{"@id":"https:\/\/reporteroshoy.mx\/noticias\/#website"},"datePublished":"2021-10-09T23:34:13+00:00","author":{"@id":"https:\/\/reporteroshoy.mx\/noticias\/#\/schema\/person\/d32189074678a9d41498d4248e29aac3"},"description":"Por irresponsable dej\u00f3 de pagar los gastos para sus dos hijas menores de edad desde marzo de 2017.","breadcrumb":{"@id":"https:\/\/reporteroshoy.mx\/noticias\/pasara-dos-anos-en-la-carcel-por-no-pasar-pension-de-1600-a-sus-hijas\/#breadcrumb"},"inLanguage":"es","potentialAction":[{"@type":"ReadAction","target":["https:\/\/reporteroshoy.mx\/noticias\/pasara-dos-anos-en-la-carcel-por-no-pasar-pension-de-1600-a-sus-hijas\/"]}]},{"@type":"BreadcrumbList","@id":"https:\/\/reporteroshoy.mx\/noticias\/pasara-dos-anos-en-la-carcel-por-no-pasar-pension-de-1600-a-sus-hijas\/#breadcrumb","itemListElement":[{"@type":"ListItem","position":1,"name":"Portada","item":"https:\/\/reporteroshoy.mx\/noticias\/"},{"@type":"ListItem","position":2,"name":"Pasar\u00e1 dos a\u00f1os en la c\u00e1rcel por no pasar pensi\u00f3n de $1600 a sus hijas"}]},{"@type":"WebSite","@id":"https:\/\/reporteroshoy.mx\/noticias\/#website","url":"https:\/\/reporteroshoy.mx\/noticias\/","name":"Reporteros Hoy | Noticias de Yucat\u00e1n","description":"Peri\u00f3dico digital con noticias diarias desde M\u00e9rida, Yucat\u00e1n para el mundo.","potentialAction":[{"@type":"SearchAction","target":{"@type":"EntryPoint","urlTemplate":"https:\/\/reporteroshoy.mx\/noticias\/?s={search_term_string}"},"query-input":{"@type":"PropertyValueSpecification","valueRequired":true,"valueName":"search_term_string"}}],"inLanguage":"es"},{"@type":"Person","@id":"https:\/\/reporteroshoy.mx\/noticias\/#\/schema\/person\/d32189074678a9d41498d4248e29aac3","name":"Reporteros Hoy HY","image":{"@type":"ImageObject","inLanguage":"es","@id":"https:\/\/secure.gravatar.com\/avatar\/c539a82770f256437b35bda44650bb50f5fd4b7017f8b29672ed9f27a43cec47?s=96&d=mm&r=g","url":"https:\/\/secure.gravatar.com\/avatar\/c539a82770f256437b35bda44650bb50f5fd4b7017f8b29672ed9f27a43cec47?s=96&d=mm&r=g","contentUrl":"https:\/\/secure.gravatar.com\/avatar\/c539a82770f256437b35bda44650bb50f5fd4b7017f8b29672ed9f27a43cec47?s=96&d=mm&r=g","caption":"Reporteros Hoy HY"},"url":"https:\/\/reporteroshoy.mx\/noticias\/author\/thelmo\/"}]}},"_links":{"self":[{"href":"https:\/\/reporteroshoy.mx\/noticias\/wp-json\/wp\/v2\/posts\/73631","targetHints":{"allow":["GET"]}}],"collection":[{"href":"https:\/\/reporteroshoy.mx\/noticias\/wp-json\/wp\/v2\/posts"}],"about":[{"href":"https:\/\/reporteroshoy.mx\/noticias\/wp-json\/wp\/v2\/types\/post"}],"author":[{"embeddable":true,"href":"https:\/\/reporteroshoy.mx\/noticias\/wp-json\/wp\/v2\/users\/2"}],"replies":[{"embeddable":true,"href":"https:\/\/reporteroshoy.mx\/noticias\/wp-json\/wp\/v2\/comments?post=73631"}],"version-history":[{"count":0,"href":"https:\/\/reporteroshoy.mx\/noticias\/wp-json\/wp\/v2\/posts\/73631\/revisions"}],"wp:attachment":[{"href":"https:\/\/reporteroshoy.mx\/noticias\/wp-json\/wp\/v2\/media?parent=73631"}],"wp:term":[{"taxonomy":"category","embeddable":true,"href":"https:\/\/reporteroshoy.mx\/noticias\/wp-json\/wp\/v2\/categories?post=73631"},{"taxonomy":"post_tag","embeddable":true,"href":"https:\/\/reporteroshoy.mx\/noticias\/wp-json\/wp\/v2\/tags?post=73631"}],"curies":[{"name":"wp","href":"https:\/\/api.w.org\/{rel}","templated":true}]}}