{"id":73869,"date":"2021-10-13T13:46:57","date_gmt":"2021-10-13T18:46:57","guid":{"rendered":"https:\/\/reporteroshoy.mx\/noticias\/?p=73869"},"modified":"2021-10-13T13:47:50","modified_gmt":"2021-10-13T18:47:50","slug":"cantineros-yucatecos-se-unen-para-rescatar-la-cantina-tradicional","status":"publish","type":"post","link":"https:\/\/reporteroshoy.mx\/noticias\/cantineros-yucatecos-se-unen-para-rescatar-la-cantina-tradicional\/","title":{"rendered":"Cantineros yucatecos se unen para rescatar la cantina tradicional"},"content":{"rendered":"<p style=\"text-align: justify;\">M\u00e9rida, Yucat\u00e1n; 13 de octubre de 2021 (ACOM).- Los operadores de este tipo de establecimientos acordaron conformarse en una agrupaci\u00f3n que, en primera instancia, permita mantener activo este giro comercial, el cual, consideran, ha sido visto como negativo con el paso de los a\u00f1os y al que se busca rescatar para mantener con vida.<\/p>\n<p style=\"text-align: justify;\">\u00abBuscamos rescatar a la cantina tradicional. No se trata de bares, sport bar, discotec, loncher\u00edas o restaurantes con venta de alcohol. Se trata de la cantina tradicional que no puede seguir siendo vista como un giro negro, como un antro, como un centro de vicio, porque tambi\u00e9n es un centro de reuni\u00f3n, de negocios y actividades culturales\u00bb, dijo \u00d3scar Sauri Baz\u00e1n, representante legal de Cantineros de Yucat\u00e1n.<\/p>\n<p><img loading=\"lazy\" decoding=\"async\" class=\"wp-image-73870 aligncenter\" src=\"https:\/\/reporteroshoy.mx\/noticias\/wp-content\/uploads\/2021\/10\/Cantinas.jpg\" alt=\"\" width=\"600\" height=\"338\" \/><\/p>\n<p style=\"text-align: justify;\">El entrevistado inform\u00f3 que se logr\u00f3 conjuntar a cantineros de M\u00e9rida y municipios como Sey\u00e9, Tetiz, Valladolid, Celest\u00fan, Espita y otros m\u00e1s, los cuales mostraron inter\u00e9s para buscar alternativas de subsistencia.<\/p>\n<p style=\"text-align: justify;\">Al menos 120 cantineros de varios municipios respondieron al llamado, aunque no se descarta que haya m\u00e1s establecimientos que se adhieran a la agrupaci\u00f3n que se estar\u00e1 conformando en breve, para mantener cohesionados a los empresarios.<\/p>\n<p style=\"text-align: justify;\">Se\u00f1al\u00f3 que los cantineros se dijeron comprometidos con aplicar protocolos para evitar contagios de coronavirus, para poder operar sin temer por cierres o clausuras.<\/p>\n<p style=\"text-align: justify;\">\u00abNo se trata de pelear con las autoridades, sino que podamos llegar a acuerdos y a consensos de comprensi\u00f3n de la situaci\u00f3n econ\u00f3mica de la cantina tradicional, que lleva dos a\u00f1os sin funcionar. Entonces, no se puede aplicar pol\u00edticas de inspecci\u00f3n o de evaluaci\u00f3n como si la econom\u00eda estuviera en jauja\u00bb, apunt\u00f3.<\/p>\n<p style=\"text-align: justify;\">La agrupaci\u00f3n recabar\u00e1 impresiones de sus integrantes, con el fin de hacer llegar un pliego petitorio a las autoridades en torno a atender la situaci\u00f3n econ\u00f3mica que viven desde hace meses, en los que estos comercios no operaron por indicaci\u00f3n oficial.<\/p>\n","protected":false},"excerpt":{"rendered":"<p>Unos 120 cantinero de M\u00e9rida y otros municipios se unieron para que las autoridades no vean estos establecimientos como un giro negro.<\/p>\n","protected":false},"author":9,"featured_media":73870,"comment_status":"open","ping_status":"closed","sticky":false,"template":"","format":"standard","meta":{"footnotes":""},"categories":[17],"tags":[16842,17927,9849],"class_list":["post-73869","post","type-post","status-publish","format-standard","has-post-thumbnail","hentry","category-yucatan","tag-cantinas","tag-cantineros","tag-covid-19"],"yoast_head":"<!-- This site is optimized with the Yoast SEO plugin v28.4 - https:\/\/yoast.com\/product\/yoast-seo-wordpress\/ -->\n<title>Cantineros yucatecos se unen para rescatar la cantina tradicional<\/title>\n<meta name=\"description\" content=\"Unos 120 cantinero de M\u00e9rida y otros municipios se unieron para que las autoridades no vean estos establecimientos como un giro negro.\" \/>\n<meta name=\"robots\" content=\"index, follow, max-snippet:-1, max-image-preview:large, max-video-preview:-1\" \/>\n<link rel=\"canonical\" href=\"https:\/\/reporteroshoy.mx\/noticias\/cantineros-yucatecos-se-unen-para-rescatar-la-cantina-tradicional\/\" \/>\n<meta property=\"og:locale\" content=\"es_ES\" \/>\n<meta property=\"og:type\" content=\"article\" \/>\n<meta property=\"og:title\" content=\"Cantineros yucatecos se unen para rescatar la cantina tradicional\" \/>\n<meta property=\"og:description\" content=\"Unos 120 cantinero de M\u00e9rida y otros municipios se unieron para que las autoridades no vean estos establecimientos como un giro negro.\" \/>\n<meta property=\"og:url\" content=\"https:\/\/reporteroshoy.mx\/noticias\/cantineros-yucatecos-se-unen-para-rescatar-la-cantina-tradicional\/\" \/>\n<meta property=\"og:site_name\" content=\"Reporteros Hoy | Noticias de Yucat\u00e1n\" \/>\n<meta property=\"article:publisher\" content=\"http:\/\/www.facebook.com\/reporteroshoymx\" \/>\n<meta property=\"article:published_time\" content=\"2021-10-13T18:46:57+00:00\" \/>\n<meta property=\"article:modified_time\" content=\"2021-10-13T18:47:50+00:00\" \/>\n<meta property=\"og:image\" content=\"https:\/\/reporteroshoy.mx\/noticias\/wp-content\/uploads\/2021\/10\/Cantinas.jpg\" \/>\n\t<meta property=\"og:image:width\" content=\"768\" \/>\n\t<meta property=\"og:image:height\" content=\"432\" \/>\n\t<meta property=\"og:image:type\" content=\"image\/jpeg\" \/>\n<meta name=\"author\" content=\"Reporteros Hoy WP\" \/>\n<meta name=\"twitter:card\" content=\"summary_large_image\" \/>\n<meta name=\"twitter:creator\" content=\"@reporteroshoy\" \/>\n<meta name=\"twitter:site\" content=\"@reporteroshoy\" \/>\n<meta name=\"twitter:label1\" content=\"Escrito por\" \/>\n\t<meta name=\"twitter:data1\" content=\"Reporteros Hoy WP\" \/>\n\t<meta name=\"twitter:label2\" content=\"Tiempo de lectura\" \/>\n\t<meta name=\"twitter:data2\" content=\"2 minutos\" \/>\n<script type=\"application\/ld+json\" class=\"yoast-schema-graph\">{\"@context\":\"https:\\\/\\\/schema.org\",\"@graph\":[{\"@type\":\"Article\",\"@id\":\"https:\\\/\\\/reporteroshoy.mx\\\/noticias\\\/cantineros-yucatecos-se-unen-para-rescatar-la-cantina-tradicional\\\/#article\",\"isPartOf\":{\"@id\":\"https:\\\/\\\/reporteroshoy.mx\\\/noticias\\\/cantineros-yucatecos-se-unen-para-rescatar-la-cantina-tradicional\\\/\"},\"author\":{\"name\":\"Reporteros Hoy WP\",\"@id\":\"https:\\\/\\\/reporteroshoy.mx\\\/noticias\\\/#\\\/schema\\\/person\\\/c977527e57c958a62c5cefe8fe47876e\"},\"headline\":\"Cantineros yucatecos se unen para rescatar la cantina tradicional\",\"datePublished\":\"2021-10-13T18:46:57+00:00\",\"dateModified\":\"2021-10-13T18:47:50+00:00\",\"mainEntityOfPage\":{\"@id\":\"https:\\\/\\\/reporteroshoy.mx\\\/noticias\\\/cantineros-yucatecos-se-unen-para-rescatar-la-cantina-tradicional\\\/\"},\"wordCount\":340,\"commentCount\":0,\"image\":{\"@id\":\"https:\\\/\\\/reporteroshoy.mx\\\/noticias\\\/cantineros-yucatecos-se-unen-para-rescatar-la-cantina-tradicional\\\/#primaryimage\"},\"thumbnailUrl\":\"https:\\\/\\\/reporteroshoy.mx\\\/noticias\\\/wp-content\\\/uploads\\\/2021\\\/10\\\/Cantinas.jpg\",\"keywords\":[\"cantinas\",\"Cantineros\",\"Covid-19\"],\"articleSection\":[\"Yucat\u00e1n\"],\"inLanguage\":\"es\",\"potentialAction\":[{\"@type\":\"CommentAction\",\"name\":\"Comment\",\"target\":[\"https:\\\/\\\/reporteroshoy.mx\\\/noticias\\\/cantineros-yucatecos-se-unen-para-rescatar-la-cantina-tradicional\\\/#respond\"]}]},{\"@type\":\"WebPage\",\"@id\":\"https:\\\/\\\/reporteroshoy.mx\\\/noticias\\\/cantineros-yucatecos-se-unen-para-rescatar-la-cantina-tradicional\\\/\",\"url\":\"https:\\\/\\\/reporteroshoy.mx\\\/noticias\\\/cantineros-yucatecos-se-unen-para-rescatar-la-cantina-tradicional\\\/\",\"name\":\"Cantineros yucatecos se unen para rescatar la cantina tradicional\",\"isPartOf\":{\"@id\":\"https:\\\/\\\/reporteroshoy.mx\\\/noticias\\\/#website\"},\"primaryImageOfPage\":{\"@id\":\"https:\\\/\\\/reporteroshoy.mx\\\/noticias\\\/cantineros-yucatecos-se-unen-para-rescatar-la-cantina-tradicional\\\/#primaryimage\"},\"image\":{\"@id\":\"https:\\\/\\\/reporteroshoy.mx\\\/noticias\\\/cantineros-yucatecos-se-unen-para-rescatar-la-cantina-tradicional\\\/#primaryimage\"},\"thumbnailUrl\":\"https:\\\/\\\/reporteroshoy.mx\\\/noticias\\\/wp-content\\\/uploads\\\/2021\\\/10\\\/Cantinas.jpg\",\"datePublished\":\"2021-10-13T18:46:57+00:00\",\"dateModified\":\"2021-10-13T18:47:50+00:00\",\"author\":{\"@id\":\"https:\\\/\\\/reporteroshoy.mx\\\/noticias\\\/#\\\/schema\\\/person\\\/c977527e57c958a62c5cefe8fe47876e\"},\"description\":\"Unos 120 cantinero de M\u00e9rida y otros municipios se unieron para que las autoridades no vean estos establecimientos como un giro negro.\",\"breadcrumb\":{\"@id\":\"https:\\\/\\\/reporteroshoy.mx\\\/noticias\\\/cantineros-yucatecos-se-unen-para-rescatar-la-cantina-tradicional\\\/#breadcrumb\"},\"inLanguage\":\"es\",\"potentialAction\":[{\"@type\":\"ReadAction\",\"target\":[\"https:\\\/\\\/reporteroshoy.mx\\\/noticias\\\/cantineros-yucatecos-se-unen-para-rescatar-la-cantina-tradicional\\\/\"]}]},{\"@type\":\"ImageObject\",\"inLanguage\":\"es\",\"@id\":\"https:\\\/\\\/reporteroshoy.mx\\\/noticias\\\/cantineros-yucatecos-se-unen-para-rescatar-la-cantina-tradicional\\\/#primaryimage\",\"url\":\"https:\\\/\\\/reporteroshoy.mx\\\/noticias\\\/wp-content\\\/uploads\\\/2021\\\/10\\\/Cantinas.jpg\",\"contentUrl\":\"https:\\\/\\\/reporteroshoy.mx\\\/noticias\\\/wp-content\\\/uploads\\\/2021\\\/10\\\/Cantinas.jpg\",\"width\":768,\"height\":432},{\"@type\":\"BreadcrumbList\",\"@id\":\"https:\\\/\\\/reporteroshoy.mx\\\/noticias\\\/cantineros-yucatecos-se-unen-para-rescatar-la-cantina-tradicional\\\/#breadcrumb\",\"itemListElement\":[{\"@type\":\"ListItem\",\"position\":1,\"name\":\"Portada\",\"item\":\"https:\\\/\\\/reporteroshoy.mx\\\/noticias\\\/\"},{\"@type\":\"ListItem\",\"position\":2,\"name\":\"Cantineros yucatecos se unen para rescatar la cantina tradicional\"}]},{\"@type\":\"WebSite\",\"@id\":\"https:\\\/\\\/reporteroshoy.mx\\\/noticias\\\/#website\",\"url\":\"https:\\\/\\\/reporteroshoy.mx\\\/noticias\\\/\",\"name\":\"Reporteros Hoy | Noticias de Yucat\u00e1n\",\"description\":\"Peri\u00f3dico digital con noticias diarias desde M\u00e9rida, Yucat\u00e1n para el mundo.\",\"potentialAction\":[{\"@type\":\"SearchAction\",\"target\":{\"@type\":\"EntryPoint\",\"urlTemplate\":\"https:\\\/\\\/reporteroshoy.mx\\\/noticias\\\/?s={search_term_string}\"},\"query-input\":{\"@type\":\"PropertyValueSpecification\",\"valueRequired\":true,\"valueName\":\"search_term_string\"}}],\"inLanguage\":\"es\"},{\"@type\":\"Person\",\"@id\":\"https:\\\/\\\/reporteroshoy.mx\\\/noticias\\\/#\\\/schema\\\/person\\\/c977527e57c958a62c5cefe8fe47876e\",\"name\":\"Reporteros Hoy WP\",\"image\":{\"@type\":\"ImageObject\",\"inLanguage\":\"es\",\"@id\":\"https:\\\/\\\/secure.gravatar.com\\\/avatar\\\/fd2917f79a7dae30f8ac9ddc2f35e1756bb59e25e01d1cd09deaa64df7b2f73e?s=96&d=mm&r=g\",\"url\":\"https:\\\/\\\/secure.gravatar.com\\\/avatar\\\/fd2917f79a7dae30f8ac9ddc2f35e1756bb59e25e01d1cd09deaa64df7b2f73e?s=96&d=mm&r=g\",\"contentUrl\":\"https:\\\/\\\/secure.gravatar.com\\\/avatar\\\/fd2917f79a7dae30f8ac9ddc2f35e1756bb59e25e01d1cd09deaa64df7b2f73e?s=96&d=mm&r=g\",\"caption\":\"Reporteros Hoy WP\"},\"url\":\"https:\\\/\\\/reporteroshoy.mx\\\/noticias\\\/author\\\/walfer\\\/\"}]}<\/script>\n<!-- \/ Yoast SEO plugin. -->","yoast_head_json":{"title":"Cantineros yucatecos se unen para rescatar la cantina tradicional","description":"Unos 120 cantinero de M\u00e9rida y otros municipios se unieron para que las autoridades no vean estos establecimientos como un giro negro.","robots":{"index":"index","follow":"follow","max-snippet":"max-snippet:-1","max-image-preview":"max-image-preview:large","max-video-preview":"max-video-preview:-1"},"canonical":"https:\/\/reporteroshoy.mx\/noticias\/cantineros-yucatecos-se-unen-para-rescatar-la-cantina-tradicional\/","og_locale":"es_ES","og_type":"article","og_title":"Cantineros yucatecos se unen para rescatar la cantina tradicional","og_description":"Unos 120 cantinero de M\u00e9rida y otros municipios se unieron para que las autoridades no vean estos establecimientos como un giro negro.","og_url":"https:\/\/reporteroshoy.mx\/noticias\/cantineros-yucatecos-se-unen-para-rescatar-la-cantina-tradicional\/","og_site_name":"Reporteros Hoy | Noticias de Yucat\u00e1n","article_publisher":"http:\/\/www.facebook.com\/reporteroshoymx","article_published_time":"2021-10-13T18:46:57+00:00","article_modified_time":"2021-10-13T18:47:50+00:00","og_image":[{"width":768,"height":432,"url":"https:\/\/reporteroshoy.mx\/noticias\/wp-content\/uploads\/2021\/10\/Cantinas.jpg","type":"image\/jpeg"}],"author":"Reporteros Hoy WP","twitter_card":"summary_large_image","twitter_creator":"@reporteroshoy","twitter_site":"@reporteroshoy","twitter_misc":{"Escrito por":"Reporteros Hoy WP","Tiempo de lectura":"2 minutos"},"schema":{"@context":"https:\/\/schema.org","@graph":[{"@type":"Article","@id":"https:\/\/reporteroshoy.mx\/noticias\/cantineros-yucatecos-se-unen-para-rescatar-la-cantina-tradicional\/#article","isPartOf":{"@id":"https:\/\/reporteroshoy.mx\/noticias\/cantineros-yucatecos-se-unen-para-rescatar-la-cantina-tradicional\/"},"author":{"name":"Reporteros Hoy WP","@id":"https:\/\/reporteroshoy.mx\/noticias\/#\/schema\/person\/c977527e57c958a62c5cefe8fe47876e"},"headline":"Cantineros yucatecos se unen para rescatar la cantina tradicional","datePublished":"2021-10-13T18:46:57+00:00","dateModified":"2021-10-13T18:47:50+00:00","mainEntityOfPage":{"@id":"https:\/\/reporteroshoy.mx\/noticias\/cantineros-yucatecos-se-unen-para-rescatar-la-cantina-tradicional\/"},"wordCount":340,"commentCount":0,"image":{"@id":"https:\/\/reporteroshoy.mx\/noticias\/cantineros-yucatecos-se-unen-para-rescatar-la-cantina-tradicional\/#primaryimage"},"thumbnailUrl":"https:\/\/reporteroshoy.mx\/noticias\/wp-content\/uploads\/2021\/10\/Cantinas.jpg","keywords":["cantinas","Cantineros","Covid-19"],"articleSection":["Yucat\u00e1n"],"inLanguage":"es","potentialAction":[{"@type":"CommentAction","name":"Comment","target":["https:\/\/reporteroshoy.mx\/noticias\/cantineros-yucatecos-se-unen-para-rescatar-la-cantina-tradicional\/#respond"]}]},{"@type":"WebPage","@id":"https:\/\/reporteroshoy.mx\/noticias\/cantineros-yucatecos-se-unen-para-rescatar-la-cantina-tradicional\/","url":"https:\/\/reporteroshoy.mx\/noticias\/cantineros-yucatecos-se-unen-para-rescatar-la-cantina-tradicional\/","name":"Cantineros yucatecos se unen para rescatar la cantina tradicional","isPartOf":{"@id":"https:\/\/reporteroshoy.mx\/noticias\/#website"},"primaryImageOfPage":{"@id":"https:\/\/reporteroshoy.mx\/noticias\/cantineros-yucatecos-se-unen-para-rescatar-la-cantina-tradicional\/#primaryimage"},"image":{"@id":"https:\/\/reporteroshoy.mx\/noticias\/cantineros-yucatecos-se-unen-para-rescatar-la-cantina-tradicional\/#primaryimage"},"thumbnailUrl":"https:\/\/reporteroshoy.mx\/noticias\/wp-content\/uploads\/2021\/10\/Cantinas.jpg","datePublished":"2021-10-13T18:46:57+00:00","dateModified":"2021-10-13T18:47:50+00:00","author":{"@id":"https:\/\/reporteroshoy.mx\/noticias\/#\/schema\/person\/c977527e57c958a62c5cefe8fe47876e"},"description":"Unos 120 cantinero de M\u00e9rida y otros municipios se unieron para que las autoridades no vean estos establecimientos como un giro negro.","breadcrumb":{"@id":"https:\/\/reporteroshoy.mx\/noticias\/cantineros-yucatecos-se-unen-para-rescatar-la-cantina-tradicional\/#breadcrumb"},"inLanguage":"es","potentialAction":[{"@type":"ReadAction","target":["https:\/\/reporteroshoy.mx\/noticias\/cantineros-yucatecos-se-unen-para-rescatar-la-cantina-tradicional\/"]}]},{"@type":"ImageObject","inLanguage":"es","@id":"https:\/\/reporteroshoy.mx\/noticias\/cantineros-yucatecos-se-unen-para-rescatar-la-cantina-tradicional\/#primaryimage","url":"https:\/\/reporteroshoy.mx\/noticias\/wp-content\/uploads\/2021\/10\/Cantinas.jpg","contentUrl":"https:\/\/reporteroshoy.mx\/noticias\/wp-content\/uploads\/2021\/10\/Cantinas.jpg","width":768,"height":432},{"@type":"BreadcrumbList","@id":"https:\/\/reporteroshoy.mx\/noticias\/cantineros-yucatecos-se-unen-para-rescatar-la-cantina-tradicional\/#breadcrumb","itemListElement":[{"@type":"ListItem","position":1,"name":"Portada","item":"https:\/\/reporteroshoy.mx\/noticias\/"},{"@type":"ListItem","position":2,"name":"Cantineros yucatecos se unen para rescatar la cantina tradicional"}]},{"@type":"WebSite","@id":"https:\/\/reporteroshoy.mx\/noticias\/#website","url":"https:\/\/reporteroshoy.mx\/noticias\/","name":"Reporteros Hoy | Noticias de Yucat\u00e1n","description":"Peri\u00f3dico digital con noticias diarias desde M\u00e9rida, Yucat\u00e1n para el mundo.","potentialAction":[{"@type":"SearchAction","target":{"@type":"EntryPoint","urlTemplate":"https:\/\/reporteroshoy.mx\/noticias\/?s={search_term_string}"},"query-input":{"@type":"PropertyValueSpecification","valueRequired":true,"valueName":"search_term_string"}}],"inLanguage":"es"},{"@type":"Person","@id":"https:\/\/reporteroshoy.mx\/noticias\/#\/schema\/person\/c977527e57c958a62c5cefe8fe47876e","name":"Reporteros Hoy WP","image":{"@type":"ImageObject","inLanguage":"es","@id":"https:\/\/secure.gravatar.com\/avatar\/fd2917f79a7dae30f8ac9ddc2f35e1756bb59e25e01d1cd09deaa64df7b2f73e?s=96&d=mm&r=g","url":"https:\/\/secure.gravatar.com\/avatar\/fd2917f79a7dae30f8ac9ddc2f35e1756bb59e25e01d1cd09deaa64df7b2f73e?s=96&d=mm&r=g","contentUrl":"https:\/\/secure.gravatar.com\/avatar\/fd2917f79a7dae30f8ac9ddc2f35e1756bb59e25e01d1cd09deaa64df7b2f73e?s=96&d=mm&r=g","caption":"Reporteros Hoy WP"},"url":"https:\/\/reporteroshoy.mx\/noticias\/author\/walfer\/"}]}},"_links":{"self":[{"href":"https:\/\/reporteroshoy.mx\/noticias\/wp-json\/wp\/v2\/posts\/73869","targetHints":{"allow":["GET"]}}],"collection":[{"href":"https:\/\/reporteroshoy.mx\/noticias\/wp-json\/wp\/v2\/posts"}],"about":[{"href":"https:\/\/reporteroshoy.mx\/noticias\/wp-json\/wp\/v2\/types\/post"}],"author":[{"embeddable":true,"href":"https:\/\/reporteroshoy.mx\/noticias\/wp-json\/wp\/v2\/users\/9"}],"replies":[{"embeddable":true,"href":"https:\/\/reporteroshoy.mx\/noticias\/wp-json\/wp\/v2\/comments?post=73869"}],"version-history":[{"count":0,"href":"https:\/\/reporteroshoy.mx\/noticias\/wp-json\/wp\/v2\/posts\/73869\/revisions"}],"wp:featuredmedia":[{"embeddable":true,"href":"https:\/\/reporteroshoy.mx\/noticias\/wp-json\/wp\/v2\/media\/73870"}],"wp:attachment":[{"href":"https:\/\/reporteroshoy.mx\/noticias\/wp-json\/wp\/v2\/media?parent=73869"}],"wp:term":[{"taxonomy":"category","embeddable":true,"href":"https:\/\/reporteroshoy.mx\/noticias\/wp-json\/wp\/v2\/categories?post=73869"},{"taxonomy":"post_tag","embeddable":true,"href":"https:\/\/reporteroshoy.mx\/noticias\/wp-json\/wp\/v2\/tags?post=73869"}],"curies":[{"name":"wp","href":"https:\/\/api.w.org\/{rel}","templated":true}]}}