{"id":74072,"date":"2021-10-16T15:00:18","date_gmt":"2021-10-16T20:00:18","guid":{"rendered":"https:\/\/reporteroshoy.mx\/noticias\/?p=74072"},"modified":"2021-10-16T15:00:18","modified_gmt":"2021-10-16T20:00:18","slug":"acuerdan-visita-del-cristo-de-la-exaltacion-a-tekanto","status":"publish","type":"post","link":"https:\/\/reporteroshoy.mx\/noticias\/acuerdan-visita-del-cristo-de-la-exaltacion-a-tekanto\/","title":{"rendered":"Acuerdan visita del Cristo de la Exaltaci\u00f3n a Tekant\u00f3"},"content":{"rendered":"<p style=\"text-align: justify;\">Izamal, Yucat\u00e1n; 16 de octubre de 2021 (ACOM).- Ayer por la noche se firm\u00f3 el convenio mediante para el traslado del Cristo de la Exaltaci\u00f3n a Tekant\u00f3 el pr\u00f3ximo 15 de noviembre.<\/p>\n<p style=\"text-align: justify;\">En la reuni\u00f3n estuvo el p\u00e1rroco Roger Enrique Mukul Cen, el presidente municipal de Tekant\u00f3, Marvin Carrillo Sosa, y el comisario de Citilcum, Gilmer Chan, quien acept\u00f3 firmar el convenio bajo reserva, ya que posteriormente manifest\u00f3 que de manera personal hab\u00edan cosas con las que no estaba de acuerdo, pero sin aclarar las razones de su postura.<\/p>\n<p style=\"text-align: justify;\">En la sacrist\u00eda donde se llev\u00f3 a cabo la reuni\u00f3n estuvieron parte del consejo parroquial quienes s\u00ed aceptaron firmar el acuerdo bajo los t\u00e9rminos que se establecieron.<\/p>\n<p><img loading=\"lazy\" decoding=\"async\" class=\"wp-image-74073 aligncenter\" src=\"https:\/\/reporteroshoy.mx\/noticias\/wp-content\/uploads\/2021\/10\/Cristo-de-Citilcum2.jpg\" alt=\"\" width=\"600\" height=\"338\" \/><\/p>\n","protected":false},"excerpt":{"rendered":"<p>El p\u00e1rroco y el comisario de Citilcum, junto al alcalde de Tekant\u00f3 acordaron realizar el traslado de la imagen el pr\u00f3ximo 15 de noviembre.<\/p>\n","protected":false},"author":9,"featured_media":74074,"comment_status":"open","ping_status":"closed","sticky":false,"template":"","format":"standard","meta":{"footnotes":""},"categories":[11],"tags":[242,7128,1212,760],"class_list":["post-74072","post","type-post","status-publish","format-standard","has-post-thumbnail","hentry","category-municipios-de-yucatan","tag-citilcum","tag-cristo-de-la-exaltacion","tag-tekanto","tag-yucatan-centro"],"yoast_head":"<!-- This site is optimized with the Yoast SEO plugin v28.4 - https:\/\/yoast.com\/product\/yoast-seo-wordpress\/ -->\n<title>Acuerdan visita del Cristo de la Exaltaci\u00f3n a Tekant\u00f3<\/title>\n<meta name=\"description\" content=\"El p\u00e1rroco y el comisario de Citilcum, junto al alcalde de Tekant\u00f3 acordaron realizar el traslado de la imagen el pr\u00f3ximo 15 de noviembre.\" \/>\n<meta name=\"robots\" content=\"index, follow, max-snippet:-1, max-image-preview:large, max-video-preview:-1\" \/>\n<link rel=\"canonical\" href=\"https:\/\/reporteroshoy.mx\/noticias\/acuerdan-visita-del-cristo-de-la-exaltacion-a-tekanto\/\" \/>\n<meta property=\"og:locale\" content=\"es_ES\" \/>\n<meta property=\"og:type\" content=\"article\" \/>\n<meta property=\"og:title\" content=\"Acuerdan visita del Cristo de la Exaltaci\u00f3n a Tekant\u00f3\" \/>\n<meta property=\"og:description\" content=\"El p\u00e1rroco y el comisario de Citilcum, junto al alcalde de Tekant\u00f3 acordaron realizar el traslado de la imagen el pr\u00f3ximo 15 de noviembre.\" \/>\n<meta property=\"og:url\" content=\"https:\/\/reporteroshoy.mx\/noticias\/acuerdan-visita-del-cristo-de-la-exaltacion-a-tekanto\/\" \/>\n<meta property=\"og:site_name\" content=\"Reporteros Hoy | Noticias de Yucat\u00e1n\" \/>\n<meta property=\"article:publisher\" content=\"http:\/\/www.facebook.com\/reporteroshoymx\" \/>\n<meta property=\"article:published_time\" content=\"2021-10-16T20:00:18+00:00\" \/>\n<meta property=\"og:image\" content=\"https:\/\/reporteroshoy.mx\/noticias\/wp-content\/uploads\/2021\/10\/Cristo-de-Citilcum.jpg\" \/>\n\t<meta property=\"og:image:width\" content=\"768\" \/>\n\t<meta property=\"og:image:height\" content=\"432\" \/>\n\t<meta property=\"og:image:type\" content=\"image\/jpeg\" \/>\n<meta name=\"author\" content=\"Reporteros Hoy WP\" \/>\n<meta name=\"twitter:card\" content=\"summary_large_image\" \/>\n<meta name=\"twitter:creator\" content=\"@reporteroshoy\" \/>\n<meta name=\"twitter:site\" content=\"@reporteroshoy\" \/>\n<meta name=\"twitter:label1\" content=\"Escrito por\" \/>\n\t<meta name=\"twitter:data1\" content=\"Reporteros Hoy WP\" \/>\n\t<meta name=\"twitter:label2\" content=\"Tiempo de lectura\" \/>\n\t<meta name=\"twitter:data2\" content=\"1 minuto\" \/>\n<script type=\"application\/ld+json\" class=\"yoast-schema-graph\">{\"@context\":\"https:\\\/\\\/schema.org\",\"@graph\":[{\"@type\":\"Article\",\"@id\":\"https:\\\/\\\/reporteroshoy.mx\\\/noticias\\\/acuerdan-visita-del-cristo-de-la-exaltacion-a-tekanto\\\/#article\",\"isPartOf\":{\"@id\":\"https:\\\/\\\/reporteroshoy.mx\\\/noticias\\\/acuerdan-visita-del-cristo-de-la-exaltacion-a-tekanto\\\/\"},\"author\":{\"name\":\"Reporteros Hoy WP\",\"@id\":\"https:\\\/\\\/reporteroshoy.mx\\\/noticias\\\/#\\\/schema\\\/person\\\/c977527e57c958a62c5cefe8fe47876e\"},\"headline\":\"Acuerdan visita del Cristo de la Exaltaci\u00f3n a Tekant\u00f3\",\"datePublished\":\"2021-10-16T20:00:18+00:00\",\"mainEntityOfPage\":{\"@id\":\"https:\\\/\\\/reporteroshoy.mx\\\/noticias\\\/acuerdan-visita-del-cristo-de-la-exaltacion-a-tekanto\\\/\"},\"wordCount\":133,\"commentCount\":0,\"image\":{\"@id\":\"https:\\\/\\\/reporteroshoy.mx\\\/noticias\\\/acuerdan-visita-del-cristo-de-la-exaltacion-a-tekanto\\\/#primaryimage\"},\"thumbnailUrl\":\"https:\\\/\\\/reporteroshoy.mx\\\/noticias\\\/wp-content\\\/uploads\\\/2021\\\/10\\\/Cristo-de-Citilcum.jpg\",\"keywords\":[\"citilcum\",\"Cristo de la Exaltaci\u00f3n\",\"Tekant\u00f3\",\"Yucat\u00e1n Centro\"],\"articleSection\":[\"Municipios\"],\"inLanguage\":\"es\",\"potentialAction\":[{\"@type\":\"CommentAction\",\"name\":\"Comment\",\"target\":[\"https:\\\/\\\/reporteroshoy.mx\\\/noticias\\\/acuerdan-visita-del-cristo-de-la-exaltacion-a-tekanto\\\/#respond\"]}]},{\"@type\":\"WebPage\",\"@id\":\"https:\\\/\\\/reporteroshoy.mx\\\/noticias\\\/acuerdan-visita-del-cristo-de-la-exaltacion-a-tekanto\\\/\",\"url\":\"https:\\\/\\\/reporteroshoy.mx\\\/noticias\\\/acuerdan-visita-del-cristo-de-la-exaltacion-a-tekanto\\\/\",\"name\":\"Acuerdan visita del Cristo de la Exaltaci\u00f3n a Tekant\u00f3\",\"isPartOf\":{\"@id\":\"https:\\\/\\\/reporteroshoy.mx\\\/noticias\\\/#website\"},\"primaryImageOfPage\":{\"@id\":\"https:\\\/\\\/reporteroshoy.mx\\\/noticias\\\/acuerdan-visita-del-cristo-de-la-exaltacion-a-tekanto\\\/#primaryimage\"},\"image\":{\"@id\":\"https:\\\/\\\/reporteroshoy.mx\\\/noticias\\\/acuerdan-visita-del-cristo-de-la-exaltacion-a-tekanto\\\/#primaryimage\"},\"thumbnailUrl\":\"https:\\\/\\\/reporteroshoy.mx\\\/noticias\\\/wp-content\\\/uploads\\\/2021\\\/10\\\/Cristo-de-Citilcum.jpg\",\"datePublished\":\"2021-10-16T20:00:18+00:00\",\"author\":{\"@id\":\"https:\\\/\\\/reporteroshoy.mx\\\/noticias\\\/#\\\/schema\\\/person\\\/c977527e57c958a62c5cefe8fe47876e\"},\"description\":\"El p\u00e1rroco y el comisario de Citilcum, junto al alcalde de Tekant\u00f3 acordaron realizar el traslado de la imagen el pr\u00f3ximo 15 de noviembre.\",\"breadcrumb\":{\"@id\":\"https:\\\/\\\/reporteroshoy.mx\\\/noticias\\\/acuerdan-visita-del-cristo-de-la-exaltacion-a-tekanto\\\/#breadcrumb\"},\"inLanguage\":\"es\",\"potentialAction\":[{\"@type\":\"ReadAction\",\"target\":[\"https:\\\/\\\/reporteroshoy.mx\\\/noticias\\\/acuerdan-visita-del-cristo-de-la-exaltacion-a-tekanto\\\/\"]}]},{\"@type\":\"ImageObject\",\"inLanguage\":\"es\",\"@id\":\"https:\\\/\\\/reporteroshoy.mx\\\/noticias\\\/acuerdan-visita-del-cristo-de-la-exaltacion-a-tekanto\\\/#primaryimage\",\"url\":\"https:\\\/\\\/reporteroshoy.mx\\\/noticias\\\/wp-content\\\/uploads\\\/2021\\\/10\\\/Cristo-de-Citilcum.jpg\",\"contentUrl\":\"https:\\\/\\\/reporteroshoy.mx\\\/noticias\\\/wp-content\\\/uploads\\\/2021\\\/10\\\/Cristo-de-Citilcum.jpg\",\"width\":768,\"height\":432},{\"@type\":\"BreadcrumbList\",\"@id\":\"https:\\\/\\\/reporteroshoy.mx\\\/noticias\\\/acuerdan-visita-del-cristo-de-la-exaltacion-a-tekanto\\\/#breadcrumb\",\"itemListElement\":[{\"@type\":\"ListItem\",\"position\":1,\"name\":\"Portada\",\"item\":\"https:\\\/\\\/reporteroshoy.mx\\\/noticias\\\/\"},{\"@type\":\"ListItem\",\"position\":2,\"name\":\"Acuerdan visita del Cristo de la Exaltaci\u00f3n a Tekant\u00f3\"}]},{\"@type\":\"WebSite\",\"@id\":\"https:\\\/\\\/reporteroshoy.mx\\\/noticias\\\/#website\",\"url\":\"https:\\\/\\\/reporteroshoy.mx\\\/noticias\\\/\",\"name\":\"Reporteros Hoy | Noticias de Yucat\u00e1n\",\"description\":\"Peri\u00f3dico digital con noticias diarias desde M\u00e9rida, Yucat\u00e1n para el mundo.\",\"potentialAction\":[{\"@type\":\"SearchAction\",\"target\":{\"@type\":\"EntryPoint\",\"urlTemplate\":\"https:\\\/\\\/reporteroshoy.mx\\\/noticias\\\/?s={search_term_string}\"},\"query-input\":{\"@type\":\"PropertyValueSpecification\",\"valueRequired\":true,\"valueName\":\"search_term_string\"}}],\"inLanguage\":\"es\"},{\"@type\":\"Person\",\"@id\":\"https:\\\/\\\/reporteroshoy.mx\\\/noticias\\\/#\\\/schema\\\/person\\\/c977527e57c958a62c5cefe8fe47876e\",\"name\":\"Reporteros Hoy WP\",\"image\":{\"@type\":\"ImageObject\",\"inLanguage\":\"es\",\"@id\":\"https:\\\/\\\/secure.gravatar.com\\\/avatar\\\/fd2917f79a7dae30f8ac9ddc2f35e1756bb59e25e01d1cd09deaa64df7b2f73e?s=96&d=mm&r=g\",\"url\":\"https:\\\/\\\/secure.gravatar.com\\\/avatar\\\/fd2917f79a7dae30f8ac9ddc2f35e1756bb59e25e01d1cd09deaa64df7b2f73e?s=96&d=mm&r=g\",\"contentUrl\":\"https:\\\/\\\/secure.gravatar.com\\\/avatar\\\/fd2917f79a7dae30f8ac9ddc2f35e1756bb59e25e01d1cd09deaa64df7b2f73e?s=96&d=mm&r=g\",\"caption\":\"Reporteros Hoy WP\"},\"url\":\"https:\\\/\\\/reporteroshoy.mx\\\/noticias\\\/author\\\/walfer\\\/\"}]}<\/script>\n<!-- \/ Yoast SEO plugin. -->","yoast_head_json":{"title":"Acuerdan visita del Cristo de la Exaltaci\u00f3n a Tekant\u00f3","description":"El p\u00e1rroco y el comisario de Citilcum, junto al alcalde de Tekant\u00f3 acordaron realizar el traslado de la imagen el pr\u00f3ximo 15 de noviembre.","robots":{"index":"index","follow":"follow","max-snippet":"max-snippet:-1","max-image-preview":"max-image-preview:large","max-video-preview":"max-video-preview:-1"},"canonical":"https:\/\/reporteroshoy.mx\/noticias\/acuerdan-visita-del-cristo-de-la-exaltacion-a-tekanto\/","og_locale":"es_ES","og_type":"article","og_title":"Acuerdan visita del Cristo de la Exaltaci\u00f3n a Tekant\u00f3","og_description":"El p\u00e1rroco y el comisario de Citilcum, junto al alcalde de Tekant\u00f3 acordaron realizar el traslado de la imagen el pr\u00f3ximo 15 de noviembre.","og_url":"https:\/\/reporteroshoy.mx\/noticias\/acuerdan-visita-del-cristo-de-la-exaltacion-a-tekanto\/","og_site_name":"Reporteros Hoy | Noticias de Yucat\u00e1n","article_publisher":"http:\/\/www.facebook.com\/reporteroshoymx","article_published_time":"2021-10-16T20:00:18+00:00","og_image":[{"width":768,"height":432,"url":"https:\/\/reporteroshoy.mx\/noticias\/wp-content\/uploads\/2021\/10\/Cristo-de-Citilcum.jpg","type":"image\/jpeg"}],"author":"Reporteros Hoy WP","twitter_card":"summary_large_image","twitter_creator":"@reporteroshoy","twitter_site":"@reporteroshoy","twitter_misc":{"Escrito por":"Reporteros Hoy WP","Tiempo de lectura":"1 minuto"},"schema":{"@context":"https:\/\/schema.org","@graph":[{"@type":"Article","@id":"https:\/\/reporteroshoy.mx\/noticias\/acuerdan-visita-del-cristo-de-la-exaltacion-a-tekanto\/#article","isPartOf":{"@id":"https:\/\/reporteroshoy.mx\/noticias\/acuerdan-visita-del-cristo-de-la-exaltacion-a-tekanto\/"},"author":{"name":"Reporteros Hoy WP","@id":"https:\/\/reporteroshoy.mx\/noticias\/#\/schema\/person\/c977527e57c958a62c5cefe8fe47876e"},"headline":"Acuerdan visita del Cristo de la Exaltaci\u00f3n a Tekant\u00f3","datePublished":"2021-10-16T20:00:18+00:00","mainEntityOfPage":{"@id":"https:\/\/reporteroshoy.mx\/noticias\/acuerdan-visita-del-cristo-de-la-exaltacion-a-tekanto\/"},"wordCount":133,"commentCount":0,"image":{"@id":"https:\/\/reporteroshoy.mx\/noticias\/acuerdan-visita-del-cristo-de-la-exaltacion-a-tekanto\/#primaryimage"},"thumbnailUrl":"https:\/\/reporteroshoy.mx\/noticias\/wp-content\/uploads\/2021\/10\/Cristo-de-Citilcum.jpg","keywords":["citilcum","Cristo de la Exaltaci\u00f3n","Tekant\u00f3","Yucat\u00e1n Centro"],"articleSection":["Municipios"],"inLanguage":"es","potentialAction":[{"@type":"CommentAction","name":"Comment","target":["https:\/\/reporteroshoy.mx\/noticias\/acuerdan-visita-del-cristo-de-la-exaltacion-a-tekanto\/#respond"]}]},{"@type":"WebPage","@id":"https:\/\/reporteroshoy.mx\/noticias\/acuerdan-visita-del-cristo-de-la-exaltacion-a-tekanto\/","url":"https:\/\/reporteroshoy.mx\/noticias\/acuerdan-visita-del-cristo-de-la-exaltacion-a-tekanto\/","name":"Acuerdan visita del Cristo de la Exaltaci\u00f3n a Tekant\u00f3","isPartOf":{"@id":"https:\/\/reporteroshoy.mx\/noticias\/#website"},"primaryImageOfPage":{"@id":"https:\/\/reporteroshoy.mx\/noticias\/acuerdan-visita-del-cristo-de-la-exaltacion-a-tekanto\/#primaryimage"},"image":{"@id":"https:\/\/reporteroshoy.mx\/noticias\/acuerdan-visita-del-cristo-de-la-exaltacion-a-tekanto\/#primaryimage"},"thumbnailUrl":"https:\/\/reporteroshoy.mx\/noticias\/wp-content\/uploads\/2021\/10\/Cristo-de-Citilcum.jpg","datePublished":"2021-10-16T20:00:18+00:00","author":{"@id":"https:\/\/reporteroshoy.mx\/noticias\/#\/schema\/person\/c977527e57c958a62c5cefe8fe47876e"},"description":"El p\u00e1rroco y el comisario de Citilcum, junto al alcalde de Tekant\u00f3 acordaron realizar el traslado de la imagen el pr\u00f3ximo 15 de noviembre.","breadcrumb":{"@id":"https:\/\/reporteroshoy.mx\/noticias\/acuerdan-visita-del-cristo-de-la-exaltacion-a-tekanto\/#breadcrumb"},"inLanguage":"es","potentialAction":[{"@type":"ReadAction","target":["https:\/\/reporteroshoy.mx\/noticias\/acuerdan-visita-del-cristo-de-la-exaltacion-a-tekanto\/"]}]},{"@type":"ImageObject","inLanguage":"es","@id":"https:\/\/reporteroshoy.mx\/noticias\/acuerdan-visita-del-cristo-de-la-exaltacion-a-tekanto\/#primaryimage","url":"https:\/\/reporteroshoy.mx\/noticias\/wp-content\/uploads\/2021\/10\/Cristo-de-Citilcum.jpg","contentUrl":"https:\/\/reporteroshoy.mx\/noticias\/wp-content\/uploads\/2021\/10\/Cristo-de-Citilcum.jpg","width":768,"height":432},{"@type":"BreadcrumbList","@id":"https:\/\/reporteroshoy.mx\/noticias\/acuerdan-visita-del-cristo-de-la-exaltacion-a-tekanto\/#breadcrumb","itemListElement":[{"@type":"ListItem","position":1,"name":"Portada","item":"https:\/\/reporteroshoy.mx\/noticias\/"},{"@type":"ListItem","position":2,"name":"Acuerdan visita del Cristo de la Exaltaci\u00f3n a Tekant\u00f3"}]},{"@type":"WebSite","@id":"https:\/\/reporteroshoy.mx\/noticias\/#website","url":"https:\/\/reporteroshoy.mx\/noticias\/","name":"Reporteros Hoy | Noticias de Yucat\u00e1n","description":"Peri\u00f3dico digital con noticias diarias desde M\u00e9rida, Yucat\u00e1n para el mundo.","potentialAction":[{"@type":"SearchAction","target":{"@type":"EntryPoint","urlTemplate":"https:\/\/reporteroshoy.mx\/noticias\/?s={search_term_string}"},"query-input":{"@type":"PropertyValueSpecification","valueRequired":true,"valueName":"search_term_string"}}],"inLanguage":"es"},{"@type":"Person","@id":"https:\/\/reporteroshoy.mx\/noticias\/#\/schema\/person\/c977527e57c958a62c5cefe8fe47876e","name":"Reporteros Hoy WP","image":{"@type":"ImageObject","inLanguage":"es","@id":"https:\/\/secure.gravatar.com\/avatar\/fd2917f79a7dae30f8ac9ddc2f35e1756bb59e25e01d1cd09deaa64df7b2f73e?s=96&d=mm&r=g","url":"https:\/\/secure.gravatar.com\/avatar\/fd2917f79a7dae30f8ac9ddc2f35e1756bb59e25e01d1cd09deaa64df7b2f73e?s=96&d=mm&r=g","contentUrl":"https:\/\/secure.gravatar.com\/avatar\/fd2917f79a7dae30f8ac9ddc2f35e1756bb59e25e01d1cd09deaa64df7b2f73e?s=96&d=mm&r=g","caption":"Reporteros Hoy WP"},"url":"https:\/\/reporteroshoy.mx\/noticias\/author\/walfer\/"}]}},"_links":{"self":[{"href":"https:\/\/reporteroshoy.mx\/noticias\/wp-json\/wp\/v2\/posts\/74072","targetHints":{"allow":["GET"]}}],"collection":[{"href":"https:\/\/reporteroshoy.mx\/noticias\/wp-json\/wp\/v2\/posts"}],"about":[{"href":"https:\/\/reporteroshoy.mx\/noticias\/wp-json\/wp\/v2\/types\/post"}],"author":[{"embeddable":true,"href":"https:\/\/reporteroshoy.mx\/noticias\/wp-json\/wp\/v2\/users\/9"}],"replies":[{"embeddable":true,"href":"https:\/\/reporteroshoy.mx\/noticias\/wp-json\/wp\/v2\/comments?post=74072"}],"version-history":[{"count":0,"href":"https:\/\/reporteroshoy.mx\/noticias\/wp-json\/wp\/v2\/posts\/74072\/revisions"}],"wp:featuredmedia":[{"embeddable":true,"href":"https:\/\/reporteroshoy.mx\/noticias\/wp-json\/wp\/v2\/media\/74074"}],"wp:attachment":[{"href":"https:\/\/reporteroshoy.mx\/noticias\/wp-json\/wp\/v2\/media?parent=74072"}],"wp:term":[{"taxonomy":"category","embeddable":true,"href":"https:\/\/reporteroshoy.mx\/noticias\/wp-json\/wp\/v2\/categories?post=74072"},{"taxonomy":"post_tag","embeddable":true,"href":"https:\/\/reporteroshoy.mx\/noticias\/wp-json\/wp\/v2\/tags?post=74072"}],"curies":[{"name":"wp","href":"https:\/\/api.w.org\/{rel}","templated":true}]}}