{"id":74123,"date":"2021-10-17T17:13:05","date_gmt":"2021-10-17T22:13:05","guid":{"rendered":"https:\/\/reporteroshoy.mx\/noticias\/?p=74123"},"modified":"2021-10-17T17:13:05","modified_gmt":"2021-10-17T22:13:05","slug":"practicamente-lista-la-rampa-sur-del-paso-deprimido-reporta-el-ayuntamiento","status":"publish","type":"post","link":"https:\/\/reporteroshoy.mx\/noticias\/practicamente-lista-la-rampa-sur-del-paso-deprimido-reporta-el-ayuntamiento\/","title":{"rendered":"Pr\u00e1cticamente lista la rampa sur del paso deprimido, reporta el Ayuntamiento"},"content":{"rendered":"<p style=\"text-align: justify;\"><span style=\"color: #000000;\">M\u00e9rida, Yucat\u00e1n; 17 de octubre del 2021.- En la semana que termina se reportan avances substanciales en la rehabilitaci\u00f3n del paso a desnivel, restando \u00fanicamente la colocaci\u00f3n de implementos urbanos en la rampa sur de la obra.<\/span><\/p>\n<p style=\"text-align: justify;\"><span style=\"color: #000000;\">La totalidad de la superficie de rodamiento de la rampa sur est\u00e1 concluida, esta zona de concreto hidr\u00e1ulico de alta resistencia tiene 915 metros cuadrados, a la cual s\u00f3lo le falta colocar las rejillas de drenaje.<\/span><\/p>\n<p style=\"text-align: justify;\"><span style=\"color: #000000;\">En la zona conocida como el t\u00fanel ya se colaron 630 metros cuadrados de concreto hidr\u00e1ulico de alta resistencia, para formar la superficie de rodamiento\u00a0 y alcanzar la altura determinada en el proyecto de rehabilitaci\u00f3n del paso a desnivel, este colado se realiz\u00f3\u00a0 sobre el armado de acero y la envoltura de material p\u00e9treo con la geo-malla colocada sobre el piedraplen y sobre la nueva cisterna herm\u00e9tica.\u00a0<\/span><\/p>\n<p style=\"text-align: justify;\"><img loading=\"lazy\" decoding=\"async\" class=\"wp-image-74126 aligncenter\" src=\"https:\/\/reporteroshoy.mx\/noticias\/wp-content\/uploads\/2021\/10\/Paso-3-jpeg-scaled.jpg\" alt=\"\" width=\"612\" height=\"418\" srcset=\"https:\/\/reporteroshoy.mx\/noticias\/wp-content\/uploads\/2021\/10\/Paso-3-jpeg-scaled.jpg 768w, https:\/\/reporteroshoy.mx\/noticias\/wp-content\/uploads\/2021\/10\/Paso-3-jpeg-1536x1048.jpg 1536w, https:\/\/reporteroshoy.mx\/noticias\/wp-content\/uploads\/2021\/10\/Paso-3-jpeg-218x150.jpg 218w\" sizes=\"auto, (max-width: 612px) 100vw, 612px\" \/> <span style=\"color: #000000;\">En lo referente a la rampa norte ya se realiz\u00f3 la demolici\u00f3n de la superficie de rodamiento antigua, se formaron las bases y se rellenaron 915 metros cuadrados de geo-malla con material p\u00e9treo, actualmente se est\u00e1 construyendo el armado de acero, para despu\u00e9s colar la superficie de rodamiento y el armado y colado del camell\u00f3n central.<\/span><\/p>\n<p style=\"text-align: justify;\"><span style=\"color: #000000;\">Indicaron que hasta este fin de semana, de esta rampa ya se colaron 568 metros cuadrados de muros de reforzamiento, los cuales evitaran que filtre agua del manto fre\u00e1tico al paso a desnivel, as\u00ed podr\u00e1 funcionar de manera adecuada la nueva cisterna herm\u00e9tica que acumular\u00e1 y eliminar\u00e1 el agua que llegue por precipitaci\u00f3n pluvial.<\/span><\/p>\n<p style=\"text-align: justify;\"><span style=\"color: #000000;\">Hasta el momento han ingresado al sitio de rehabilitaci\u00f3n 310 toneladas de acero, 375 metros c\u00fabicos de material p\u00e9treo, 94 metros c\u00fabicos de gravilla, 2,939 metros c\u00fabicos de concreto equivalentes a 489 ollas de concreto.<\/span><\/p>\n<p><img loading=\"lazy\" decoding=\"async\" class=\"wp-image-74125 aligncenter\" src=\"https:\/\/reporteroshoy.mx\/noticias\/wp-content\/uploads\/2021\/10\/Paso-2-scaled.jpeg\" alt=\"\" width=\"597\" height=\"412\" srcset=\"https:\/\/reporteroshoy.mx\/noticias\/wp-content\/uploads\/2021\/10\/Paso-2-scaled.jpeg 768w, https:\/\/reporteroshoy.mx\/noticias\/wp-content\/uploads\/2021\/10\/Paso-2-218x150.jpeg 218w\" sizes=\"auto, (max-width: 597px) 100vw, 597px\" \/><\/p>\n<p style=\"text-align: justify;\"><span style=\"color: #000000;\">Ya se est\u00e1n realizando las obras complementarias en las calles de acceso al distribuidor como en los arcos de se\u00f1alamiento de altura interior y las reparaciones en el acabado de la superficie de rodamiento de la glorieta.<\/span><\/p>\n<p style=\"text-align: justify;\"><span style=\"color: #000000;\">La obra consiste en elevar el nivel de los carriles inferiores a 1.50 metros y conservar los carriles superiores, adecuando los accesos de los veh\u00edculos a la glorieta.<\/span><\/p>\n<p><img loading=\"lazy\" decoding=\"async\" class=\"wp-image-74124 aligncenter\" src=\"https:\/\/reporteroshoy.mx\/noticias\/wp-content\/uploads\/2021\/10\/Paso-1-scaled.jpeg\" alt=\"\" width=\"620\" height=\"374\" \/><\/p>\n<p style=\"text-align: justify;\"><span style=\"color: #000000;\">La Direcci\u00f3n de Obras P\u00fablicas del Ayuntamiento de M\u00e9rida en coordinaci\u00f3n con el Colegio de Ingenieros Civiles de Yucat\u00e1n, A. C. se mantienen al pendiente de la obra y realizan una constante supervisi\u00f3n en el sitio de la rehabilitaci\u00f3n, verificando que los trabajos se realicen de acuerdo con lo se\u00f1alado en el proyecto.<\/span><\/p>\n","protected":false},"excerpt":{"rendered":"<p>A esta zona, de 915 metros cuadrados, \u00fanicamente le faltan las rejillas de drenaje, se\u00f1al\u00f3 la Comuna en la actualizaci\u00f3n semanal de las obras.<\/p>\n","protected":false},"author":2,"featured_media":74124,"comment_status":"open","ping_status":"closed","sticky":false,"template":"","format":"standard","meta":{"footnotes":""},"categories":[7],"tags":[24,12250],"class_list":["post-74123","post","type-post","status-publish","format-standard","has-post-thumbnail","hentry","category-gobierno","tag-ayuntamiento-de-merida","tag-paso-deprimido"],"yoast_head":"<!-- This site is optimized with the Yoast SEO plugin v28.3 - https:\/\/yoast.com\/product\/yoast-seo-wordpress\/ -->\n<title>Pr\u00e1cticamente lista la rampa sur del paso deprimido, reporta el Ayuntamiento<\/title>\n<meta name=\"description\" content=\"A esta zona, de 915 metros cuadrados, \u00fanicamente le faltan las rejillas de drenaje, se\u00f1al\u00f3 la Comuna en la actualizaci\u00f3n semanal de las obras.\" \/>\n<meta name=\"robots\" content=\"index, follow, max-snippet:-1, max-image-preview:large, max-video-preview:-1\" \/>\n<link rel=\"canonical\" href=\"https:\/\/reporteroshoy.mx\/noticias\/practicamente-lista-la-rampa-sur-del-paso-deprimido-reporta-el-ayuntamiento\/\" \/>\n<meta property=\"og:locale\" content=\"es_ES\" \/>\n<meta property=\"og:type\" content=\"article\" \/>\n<meta property=\"og:title\" content=\"Pr\u00e1cticamente lista la rampa sur del paso deprimido, reporta el Ayuntamiento\" \/>\n<meta property=\"og:description\" content=\"A esta zona, de 915 metros cuadrados, \u00fanicamente le faltan las rejillas de drenaje, se\u00f1al\u00f3 la Comuna en la actualizaci\u00f3n semanal de las obras.\" \/>\n<meta property=\"og:url\" content=\"https:\/\/reporteroshoy.mx\/noticias\/practicamente-lista-la-rampa-sur-del-paso-deprimido-reporta-el-ayuntamiento\/\" \/>\n<meta property=\"og:site_name\" content=\"Reporteros Hoy | Noticias de Yucat\u00e1n\" \/>\n<meta property=\"article:publisher\" content=\"http:\/\/www.facebook.com\/reporteroshoymx\" \/>\n<meta property=\"article:published_time\" content=\"2021-10-17T22:13:05+00:00\" \/>\n<meta property=\"og:image\" content=\"https:\/\/reporteroshoy.mx\/noticias\/wp-content\/uploads\/2021\/10\/Paso-1-scaled.jpeg\" \/>\n\t<meta property=\"og:image:width\" content=\"768\" \/>\n\t<meta property=\"og:image:height\" content=\"463\" \/>\n\t<meta property=\"og:image:type\" content=\"image\/jpeg\" \/>\n<meta name=\"author\" content=\"Reporteros Hoy HY\" \/>\n<meta name=\"twitter:card\" content=\"summary_large_image\" \/>\n<meta name=\"twitter:creator\" content=\"@reporteroshoy\" \/>\n<meta name=\"twitter:site\" content=\"@reporteroshoy\" \/>\n<meta name=\"twitter:label1\" content=\"Escrito por\" \/>\n\t<meta name=\"twitter:data1\" content=\"Reporteros Hoy HY\" \/>\n\t<meta name=\"twitter:label2\" content=\"Tiempo de lectura\" \/>\n\t<meta name=\"twitter:data2\" content=\"2 minutos\" \/>\n<script type=\"application\/ld+json\" class=\"yoast-schema-graph\">{\"@context\":\"https:\\\/\\\/schema.org\",\"@graph\":[{\"@type\":\"Article\",\"@id\":\"https:\\\/\\\/reporteroshoy.mx\\\/noticias\\\/practicamente-lista-la-rampa-sur-del-paso-deprimido-reporta-el-ayuntamiento\\\/#article\",\"isPartOf\":{\"@id\":\"https:\\\/\\\/reporteroshoy.mx\\\/noticias\\\/practicamente-lista-la-rampa-sur-del-paso-deprimido-reporta-el-ayuntamiento\\\/\"},\"author\":{\"name\":\"Reporteros Hoy HY\",\"@id\":\"https:\\\/\\\/reporteroshoy.mx\\\/noticias\\\/#\\\/schema\\\/person\\\/d32189074678a9d41498d4248e29aac3\"},\"headline\":\"Pr\u00e1cticamente lista la rampa sur del paso deprimido, reporta el Ayuntamiento\",\"datePublished\":\"2021-10-17T22:13:05+00:00\",\"mainEntityOfPage\":{\"@id\":\"https:\\\/\\\/reporteroshoy.mx\\\/noticias\\\/practicamente-lista-la-rampa-sur-del-paso-deprimido-reporta-el-ayuntamiento\\\/\"},\"wordCount\":438,\"commentCount\":0,\"image\":{\"@id\":\"https:\\\/\\\/reporteroshoy.mx\\\/noticias\\\/practicamente-lista-la-rampa-sur-del-paso-deprimido-reporta-el-ayuntamiento\\\/#primaryimage\"},\"thumbnailUrl\":\"https:\\\/\\\/reporteroshoy.mx\\\/noticias\\\/wp-content\\\/uploads\\\/2021\\\/10\\\/Paso-1-scaled.jpeg\",\"keywords\":[\"ayuntamiento de merida\",\"paso deprimido\"],\"articleSection\":[\"Gobierno\"],\"inLanguage\":\"es\",\"potentialAction\":[{\"@type\":\"CommentAction\",\"name\":\"Comment\",\"target\":[\"https:\\\/\\\/reporteroshoy.mx\\\/noticias\\\/practicamente-lista-la-rampa-sur-del-paso-deprimido-reporta-el-ayuntamiento\\\/#respond\"]}]},{\"@type\":\"WebPage\",\"@id\":\"https:\\\/\\\/reporteroshoy.mx\\\/noticias\\\/practicamente-lista-la-rampa-sur-del-paso-deprimido-reporta-el-ayuntamiento\\\/\",\"url\":\"https:\\\/\\\/reporteroshoy.mx\\\/noticias\\\/practicamente-lista-la-rampa-sur-del-paso-deprimido-reporta-el-ayuntamiento\\\/\",\"name\":\"Pr\u00e1cticamente lista la rampa sur del paso deprimido, reporta el Ayuntamiento\",\"isPartOf\":{\"@id\":\"https:\\\/\\\/reporteroshoy.mx\\\/noticias\\\/#website\"},\"primaryImageOfPage\":{\"@id\":\"https:\\\/\\\/reporteroshoy.mx\\\/noticias\\\/practicamente-lista-la-rampa-sur-del-paso-deprimido-reporta-el-ayuntamiento\\\/#primaryimage\"},\"image\":{\"@id\":\"https:\\\/\\\/reporteroshoy.mx\\\/noticias\\\/practicamente-lista-la-rampa-sur-del-paso-deprimido-reporta-el-ayuntamiento\\\/#primaryimage\"},\"thumbnailUrl\":\"https:\\\/\\\/reporteroshoy.mx\\\/noticias\\\/wp-content\\\/uploads\\\/2021\\\/10\\\/Paso-1-scaled.jpeg\",\"datePublished\":\"2021-10-17T22:13:05+00:00\",\"author\":{\"@id\":\"https:\\\/\\\/reporteroshoy.mx\\\/noticias\\\/#\\\/schema\\\/person\\\/d32189074678a9d41498d4248e29aac3\"},\"description\":\"A esta zona, de 915 metros cuadrados, \u00fanicamente le faltan las rejillas de drenaje, se\u00f1al\u00f3 la Comuna en la actualizaci\u00f3n semanal de las obras.\",\"breadcrumb\":{\"@id\":\"https:\\\/\\\/reporteroshoy.mx\\\/noticias\\\/practicamente-lista-la-rampa-sur-del-paso-deprimido-reporta-el-ayuntamiento\\\/#breadcrumb\"},\"inLanguage\":\"es\",\"potentialAction\":[{\"@type\":\"ReadAction\",\"target\":[\"https:\\\/\\\/reporteroshoy.mx\\\/noticias\\\/practicamente-lista-la-rampa-sur-del-paso-deprimido-reporta-el-ayuntamiento\\\/\"]}]},{\"@type\":\"ImageObject\",\"inLanguage\":\"es\",\"@id\":\"https:\\\/\\\/reporteroshoy.mx\\\/noticias\\\/practicamente-lista-la-rampa-sur-del-paso-deprimido-reporta-el-ayuntamiento\\\/#primaryimage\",\"url\":\"https:\\\/\\\/reporteroshoy.mx\\\/noticias\\\/wp-content\\\/uploads\\\/2021\\\/10\\\/Paso-1-scaled.jpeg\",\"contentUrl\":\"https:\\\/\\\/reporteroshoy.mx\\\/noticias\\\/wp-content\\\/uploads\\\/2021\\\/10\\\/Paso-1-scaled.jpeg\",\"width\":768,\"height\":463},{\"@type\":\"BreadcrumbList\",\"@id\":\"https:\\\/\\\/reporteroshoy.mx\\\/noticias\\\/practicamente-lista-la-rampa-sur-del-paso-deprimido-reporta-el-ayuntamiento\\\/#breadcrumb\",\"itemListElement\":[{\"@type\":\"ListItem\",\"position\":1,\"name\":\"Portada\",\"item\":\"https:\\\/\\\/reporteroshoy.mx\\\/noticias\\\/\"},{\"@type\":\"ListItem\",\"position\":2,\"name\":\"Pr\u00e1cticamente lista la rampa sur del paso deprimido, reporta el Ayuntamiento\"}]},{\"@type\":\"WebSite\",\"@id\":\"https:\\\/\\\/reporteroshoy.mx\\\/noticias\\\/#website\",\"url\":\"https:\\\/\\\/reporteroshoy.mx\\\/noticias\\\/\",\"name\":\"Reporteros Hoy | Noticias de Yucat\u00e1n\",\"description\":\"Peri\u00f3dico digital con noticias diarias desde M\u00e9rida, Yucat\u00e1n para el mundo.\",\"potentialAction\":[{\"@type\":\"SearchAction\",\"target\":{\"@type\":\"EntryPoint\",\"urlTemplate\":\"https:\\\/\\\/reporteroshoy.mx\\\/noticias\\\/?s={search_term_string}\"},\"query-input\":{\"@type\":\"PropertyValueSpecification\",\"valueRequired\":true,\"valueName\":\"search_term_string\"}}],\"inLanguage\":\"es\"},{\"@type\":\"Person\",\"@id\":\"https:\\\/\\\/reporteroshoy.mx\\\/noticias\\\/#\\\/schema\\\/person\\\/d32189074678a9d41498d4248e29aac3\",\"name\":\"Reporteros Hoy HY\",\"image\":{\"@type\":\"ImageObject\",\"inLanguage\":\"es\",\"@id\":\"https:\\\/\\\/secure.gravatar.com\\\/avatar\\\/c539a82770f256437b35bda44650bb50f5fd4b7017f8b29672ed9f27a43cec47?s=96&d=mm&r=g\",\"url\":\"https:\\\/\\\/secure.gravatar.com\\\/avatar\\\/c539a82770f256437b35bda44650bb50f5fd4b7017f8b29672ed9f27a43cec47?s=96&d=mm&r=g\",\"contentUrl\":\"https:\\\/\\\/secure.gravatar.com\\\/avatar\\\/c539a82770f256437b35bda44650bb50f5fd4b7017f8b29672ed9f27a43cec47?s=96&d=mm&r=g\",\"caption\":\"Reporteros Hoy HY\"},\"url\":\"https:\\\/\\\/reporteroshoy.mx\\\/noticias\\\/author\\\/thelmo\\\/\"}]}<\/script>\n<!-- \/ Yoast SEO plugin. -->","yoast_head_json":{"title":"Pr\u00e1cticamente lista la rampa sur del paso deprimido, reporta el Ayuntamiento","description":"A esta zona, de 915 metros cuadrados, \u00fanicamente le faltan las rejillas de drenaje, se\u00f1al\u00f3 la Comuna en la actualizaci\u00f3n semanal de las obras.","robots":{"index":"index","follow":"follow","max-snippet":"max-snippet:-1","max-image-preview":"max-image-preview:large","max-video-preview":"max-video-preview:-1"},"canonical":"https:\/\/reporteroshoy.mx\/noticias\/practicamente-lista-la-rampa-sur-del-paso-deprimido-reporta-el-ayuntamiento\/","og_locale":"es_ES","og_type":"article","og_title":"Pr\u00e1cticamente lista la rampa sur del paso deprimido, reporta el Ayuntamiento","og_description":"A esta zona, de 915 metros cuadrados, \u00fanicamente le faltan las rejillas de drenaje, se\u00f1al\u00f3 la Comuna en la actualizaci\u00f3n semanal de las obras.","og_url":"https:\/\/reporteroshoy.mx\/noticias\/practicamente-lista-la-rampa-sur-del-paso-deprimido-reporta-el-ayuntamiento\/","og_site_name":"Reporteros Hoy | Noticias de Yucat\u00e1n","article_publisher":"http:\/\/www.facebook.com\/reporteroshoymx","article_published_time":"2021-10-17T22:13:05+00:00","og_image":[{"width":768,"height":463,"url":"https:\/\/reporteroshoy.mx\/noticias\/wp-content\/uploads\/2021\/10\/Paso-1-scaled.jpeg","type":"image\/jpeg"}],"author":"Reporteros Hoy HY","twitter_card":"summary_large_image","twitter_creator":"@reporteroshoy","twitter_site":"@reporteroshoy","twitter_misc":{"Escrito por":"Reporteros Hoy HY","Tiempo de lectura":"2 minutos"},"schema":{"@context":"https:\/\/schema.org","@graph":[{"@type":"Article","@id":"https:\/\/reporteroshoy.mx\/noticias\/practicamente-lista-la-rampa-sur-del-paso-deprimido-reporta-el-ayuntamiento\/#article","isPartOf":{"@id":"https:\/\/reporteroshoy.mx\/noticias\/practicamente-lista-la-rampa-sur-del-paso-deprimido-reporta-el-ayuntamiento\/"},"author":{"name":"Reporteros Hoy HY","@id":"https:\/\/reporteroshoy.mx\/noticias\/#\/schema\/person\/d32189074678a9d41498d4248e29aac3"},"headline":"Pr\u00e1cticamente lista la rampa sur del paso deprimido, reporta el Ayuntamiento","datePublished":"2021-10-17T22:13:05+00:00","mainEntityOfPage":{"@id":"https:\/\/reporteroshoy.mx\/noticias\/practicamente-lista-la-rampa-sur-del-paso-deprimido-reporta-el-ayuntamiento\/"},"wordCount":438,"commentCount":0,"image":{"@id":"https:\/\/reporteroshoy.mx\/noticias\/practicamente-lista-la-rampa-sur-del-paso-deprimido-reporta-el-ayuntamiento\/#primaryimage"},"thumbnailUrl":"https:\/\/reporteroshoy.mx\/noticias\/wp-content\/uploads\/2021\/10\/Paso-1-scaled.jpeg","keywords":["ayuntamiento de merida","paso deprimido"],"articleSection":["Gobierno"],"inLanguage":"es","potentialAction":[{"@type":"CommentAction","name":"Comment","target":["https:\/\/reporteroshoy.mx\/noticias\/practicamente-lista-la-rampa-sur-del-paso-deprimido-reporta-el-ayuntamiento\/#respond"]}]},{"@type":"WebPage","@id":"https:\/\/reporteroshoy.mx\/noticias\/practicamente-lista-la-rampa-sur-del-paso-deprimido-reporta-el-ayuntamiento\/","url":"https:\/\/reporteroshoy.mx\/noticias\/practicamente-lista-la-rampa-sur-del-paso-deprimido-reporta-el-ayuntamiento\/","name":"Pr\u00e1cticamente lista la rampa sur del paso deprimido, reporta el Ayuntamiento","isPartOf":{"@id":"https:\/\/reporteroshoy.mx\/noticias\/#website"},"primaryImageOfPage":{"@id":"https:\/\/reporteroshoy.mx\/noticias\/practicamente-lista-la-rampa-sur-del-paso-deprimido-reporta-el-ayuntamiento\/#primaryimage"},"image":{"@id":"https:\/\/reporteroshoy.mx\/noticias\/practicamente-lista-la-rampa-sur-del-paso-deprimido-reporta-el-ayuntamiento\/#primaryimage"},"thumbnailUrl":"https:\/\/reporteroshoy.mx\/noticias\/wp-content\/uploads\/2021\/10\/Paso-1-scaled.jpeg","datePublished":"2021-10-17T22:13:05+00:00","author":{"@id":"https:\/\/reporteroshoy.mx\/noticias\/#\/schema\/person\/d32189074678a9d41498d4248e29aac3"},"description":"A esta zona, de 915 metros cuadrados, \u00fanicamente le faltan las rejillas de drenaje, se\u00f1al\u00f3 la Comuna en la actualizaci\u00f3n semanal de las obras.","breadcrumb":{"@id":"https:\/\/reporteroshoy.mx\/noticias\/practicamente-lista-la-rampa-sur-del-paso-deprimido-reporta-el-ayuntamiento\/#breadcrumb"},"inLanguage":"es","potentialAction":[{"@type":"ReadAction","target":["https:\/\/reporteroshoy.mx\/noticias\/practicamente-lista-la-rampa-sur-del-paso-deprimido-reporta-el-ayuntamiento\/"]}]},{"@type":"ImageObject","inLanguage":"es","@id":"https:\/\/reporteroshoy.mx\/noticias\/practicamente-lista-la-rampa-sur-del-paso-deprimido-reporta-el-ayuntamiento\/#primaryimage","url":"https:\/\/reporteroshoy.mx\/noticias\/wp-content\/uploads\/2021\/10\/Paso-1-scaled.jpeg","contentUrl":"https:\/\/reporteroshoy.mx\/noticias\/wp-content\/uploads\/2021\/10\/Paso-1-scaled.jpeg","width":768,"height":463},{"@type":"BreadcrumbList","@id":"https:\/\/reporteroshoy.mx\/noticias\/practicamente-lista-la-rampa-sur-del-paso-deprimido-reporta-el-ayuntamiento\/#breadcrumb","itemListElement":[{"@type":"ListItem","position":1,"name":"Portada","item":"https:\/\/reporteroshoy.mx\/noticias\/"},{"@type":"ListItem","position":2,"name":"Pr\u00e1cticamente lista la rampa sur del paso deprimido, reporta el Ayuntamiento"}]},{"@type":"WebSite","@id":"https:\/\/reporteroshoy.mx\/noticias\/#website","url":"https:\/\/reporteroshoy.mx\/noticias\/","name":"Reporteros Hoy | Noticias de Yucat\u00e1n","description":"Peri\u00f3dico digital con noticias diarias desde M\u00e9rida, Yucat\u00e1n para el mundo.","potentialAction":[{"@type":"SearchAction","target":{"@type":"EntryPoint","urlTemplate":"https:\/\/reporteroshoy.mx\/noticias\/?s={search_term_string}"},"query-input":{"@type":"PropertyValueSpecification","valueRequired":true,"valueName":"search_term_string"}}],"inLanguage":"es"},{"@type":"Person","@id":"https:\/\/reporteroshoy.mx\/noticias\/#\/schema\/person\/d32189074678a9d41498d4248e29aac3","name":"Reporteros Hoy HY","image":{"@type":"ImageObject","inLanguage":"es","@id":"https:\/\/secure.gravatar.com\/avatar\/c539a82770f256437b35bda44650bb50f5fd4b7017f8b29672ed9f27a43cec47?s=96&d=mm&r=g","url":"https:\/\/secure.gravatar.com\/avatar\/c539a82770f256437b35bda44650bb50f5fd4b7017f8b29672ed9f27a43cec47?s=96&d=mm&r=g","contentUrl":"https:\/\/secure.gravatar.com\/avatar\/c539a82770f256437b35bda44650bb50f5fd4b7017f8b29672ed9f27a43cec47?s=96&d=mm&r=g","caption":"Reporteros Hoy HY"},"url":"https:\/\/reporteroshoy.mx\/noticias\/author\/thelmo\/"}]}},"_links":{"self":[{"href":"https:\/\/reporteroshoy.mx\/noticias\/wp-json\/wp\/v2\/posts\/74123","targetHints":{"allow":["GET"]}}],"collection":[{"href":"https:\/\/reporteroshoy.mx\/noticias\/wp-json\/wp\/v2\/posts"}],"about":[{"href":"https:\/\/reporteroshoy.mx\/noticias\/wp-json\/wp\/v2\/types\/post"}],"author":[{"embeddable":true,"href":"https:\/\/reporteroshoy.mx\/noticias\/wp-json\/wp\/v2\/users\/2"}],"replies":[{"embeddable":true,"href":"https:\/\/reporteroshoy.mx\/noticias\/wp-json\/wp\/v2\/comments?post=74123"}],"version-history":[{"count":0,"href":"https:\/\/reporteroshoy.mx\/noticias\/wp-json\/wp\/v2\/posts\/74123\/revisions"}],"wp:featuredmedia":[{"embeddable":true,"href":"https:\/\/reporteroshoy.mx\/noticias\/wp-json\/wp\/v2\/media\/74124"}],"wp:attachment":[{"href":"https:\/\/reporteroshoy.mx\/noticias\/wp-json\/wp\/v2\/media?parent=74123"}],"wp:term":[{"taxonomy":"category","embeddable":true,"href":"https:\/\/reporteroshoy.mx\/noticias\/wp-json\/wp\/v2\/categories?post=74123"},{"taxonomy":"post_tag","embeddable":true,"href":"https:\/\/reporteroshoy.mx\/noticias\/wp-json\/wp\/v2\/tags?post=74123"}],"curies":[{"name":"wp","href":"https:\/\/api.w.org\/{rel}","templated":true}]}}