{"id":74530,"date":"2021-10-23T14:54:27","date_gmt":"2021-10-23T19:54:27","guid":{"rendered":"https:\/\/reporteroshoy.mx\/noticias\/?p=74530"},"modified":"2021-10-23T14:54:27","modified_gmt":"2021-10-23T19:54:27","slug":"perdio-su-trabajo-y-desde-entonces-no-pasa-pension-ya-fue-denunciado","status":"publish","type":"post","link":"https:\/\/reporteroshoy.mx\/noticias\/perdio-su-trabajo-y-desde-entonces-no-pasa-pension-ya-fue-denunciado\/","title":{"rendered":"Perdi\u00f3 su trabajo y desde entonces no pasa pensi\u00f3n: ya fue denunciado"},"content":{"rendered":"<p dir=\"ltr\" style=\"text-align: justify;\"><span style=\"color: #000000;\">M\u00e9rida, Yucat\u00e1n; 23 de octubre de 2021.- Al negarse a proporcionar cantidad alguna para la manutenci\u00f3n de su hijo desde finales del 2018, J.A.M.B. fue imputado por la Fiscal\u00eda General del Estado (FGE) por el delito de incumplimiento de las obligaciones de asistencia familiar, en atenci\u00f3n a la denuncia interpuesta por la mam\u00e1 del menor.\u00a0<\/span><\/p>\n<p dir=\"ltr\" style=\"text-align: justify;\"><span style=\"color: #000000;\">Tras ser puesto a disposici\u00f3n de la autoridad judicial, se llev\u00f3 a cabo la audiencia en el Juzgado Primero de Control del Primer Distrito con sede en M\u00e9rida, donde los fiscales de litigaci\u00f3n dieron a conocer los detalles contenidos en la indagatoria.\u00a0<\/span><\/p>\n<p dir=\"ltr\" style=\"text-align: justify;\"><span style=\"color: #000000;\">En la carpeta de investigaci\u00f3n bajo la causa penal 234\/2021, se detalla que la denunciante C.C.S. y el ahora imputado procrearon un hijo producto de su relaci\u00f3n sentimental a la que decidieron poner fin en el 2015, tiempo en el que el acusado cumpl\u00eda de manera intermitente con el apoyo econ\u00f3mico para el menor, por lo que se procedi\u00f3 a una primera denuncia.\u00a0<\/span><\/p>\n<p dir=\"ltr\"><img loading=\"lazy\" decoding=\"async\" class=\"wp-image-74531 aligncenter\" src=\"https:\/\/reporteroshoy.mx\/noticias\/wp-content\/uploads\/2021\/10\/pension-alimenticia-scaled.jpeg\" alt=\"\" width=\"647\" height=\"431\" \/><\/p>\n<p dir=\"ltr\" style=\"text-align: justify;\"><span style=\"color: #000000;\">En la indagatoria se constat\u00f3 que en el 2018 fue condenado por un Juez de lo Familiar a pagar el 30 por ciento de su sueldo, cantidad que le retuvieron de manera directa de abril a octubre, mes en el que caus\u00f3 baja laboral de su centro de trabajo y desde entonces no ha proporcionado cantidad alguna en concepto de alimentos a favor del menor, dej\u00e1ndolo en estado de necesidad.\u00a0<\/span><\/p>\n<p dir=\"ltr\" style=\"text-align: justify;\"><span style=\"color: #000000;\">Los fiscales de litigaci\u00f3n desahogaron las pruebas para solicitar su vinculaci\u00f3n a proceso; no obstante, el acusado pidi\u00f3 la duplicidad del t\u00e9rmino de Ley para definir su situaci\u00f3n jur\u00eddica, por lo que dicha audiencia se celebrar\u00e1 el martes 26 de octubre.<\/span><\/p>\n<p dir=\"ltr\" style=\"text-align: justify;\"><span style=\"color: #000000;\">Ante ello, el acusado deber\u00e1 cumplir con diversas medidas cautelares entre ellas la presentaci\u00f3n peri\u00f3dica a firmar, adem\u00e1s de quedar bajo vigilancia y cuidado del Centro Estatal de Medidas Cautelares, durante todo el tiempo que dure el proceso.<\/span><\/p>\n","protected":false},"excerpt":{"rendered":"<p>Desde 2015 su expareja le solicitaba dinero para el hijo de ambos, hasta que tres a\u00f1os despu\u00e9s lograron retenerle el 30% de su sueldo. Pero\u00a0como despidieron a los seis meses, desde ese entonces no entrega para el sustento del ni\u00f1o.<\/p>\n","protected":false},"author":2,"featured_media":74531,"comment_status":"open","ping_status":"closed","sticky":false,"template":"","format":"standard","meta":{"footnotes":""},"categories":[14],"tags":[8702,13523],"class_list":["post-74530","post","type-post","status-publish","format-standard","has-post-thumbnail","hentry","category-policia","tag-manutencion","tag-pension-alimenticia"],"yoast_head":"<!-- This site is optimized with the Yoast SEO plugin v28.3 - https:\/\/yoast.com\/product\/yoast-seo-wordpress\/ -->\n<title>Perdi\u00f3 su trabajo y desde entonces no pasa pensi\u00f3n: ya fue denunciado<\/title>\n<meta name=\"description\" content=\"Desde 2015 su expareja le solicitaba dinero para el hijo de ambos, hasta que tres a\u00f1os despu\u00e9s lograron retenerle el 30% de su sueldo. Pero\u00a0como despidieron a los seis meses, desde ese entonces no entrega para el sustento del ni\u00f1o.\" \/>\n<meta name=\"robots\" content=\"index, follow, max-snippet:-1, max-image-preview:large, max-video-preview:-1\" \/>\n<link rel=\"canonical\" href=\"https:\/\/reporteroshoy.mx\/noticias\/perdio-su-trabajo-y-desde-entonces-no-pasa-pension-ya-fue-denunciado\/\" \/>\n<meta property=\"og:locale\" content=\"es_ES\" \/>\n<meta property=\"og:type\" content=\"article\" \/>\n<meta property=\"og:title\" content=\"Perdi\u00f3 su trabajo y desde entonces no pasa pensi\u00f3n: ya fue denunciado\" \/>\n<meta property=\"og:description\" content=\"Desde 2015 su expareja le solicitaba dinero para el hijo de ambos, hasta que tres a\u00f1os despu\u00e9s lograron retenerle el 30% de su sueldo. Pero\u00a0como despidieron a los seis meses, desde ese entonces no entrega para el sustento del ni\u00f1o.\" \/>\n<meta property=\"og:url\" content=\"https:\/\/reporteroshoy.mx\/noticias\/perdio-su-trabajo-y-desde-entonces-no-pasa-pension-ya-fue-denunciado\/\" \/>\n<meta property=\"og:site_name\" content=\"Reporteros Hoy | Noticias de Yucat\u00e1n\" \/>\n<meta property=\"article:publisher\" content=\"http:\/\/www.facebook.com\/reporteroshoymx\" \/>\n<meta property=\"article:published_time\" content=\"2021-10-23T19:54:27+00:00\" \/>\n<meta property=\"og:image\" content=\"https:\/\/reporteroshoy.mx\/noticias\/wp-content\/uploads\/2021\/10\/pension-alimenticia-scaled.jpeg\" \/>\n\t<meta property=\"og:image:width\" content=\"768\" \/>\n\t<meta property=\"og:image:height\" content=\"512\" \/>\n\t<meta property=\"og:image:type\" content=\"image\/jpeg\" \/>\n<meta name=\"author\" content=\"Reporteros Hoy HY\" \/>\n<meta name=\"twitter:card\" content=\"summary_large_image\" \/>\n<meta name=\"twitter:creator\" content=\"@reporteroshoy\" \/>\n<meta name=\"twitter:site\" content=\"@reporteroshoy\" \/>\n<meta name=\"twitter:label1\" content=\"Escrito por\" \/>\n\t<meta name=\"twitter:data1\" content=\"Reporteros Hoy HY\" \/>\n\t<meta name=\"twitter:label2\" content=\"Tiempo de lectura\" \/>\n\t<meta name=\"twitter:data2\" content=\"2 minutos\" \/>\n<script type=\"application\/ld+json\" class=\"yoast-schema-graph\">{\"@context\":\"https:\\\/\\\/schema.org\",\"@graph\":[{\"@type\":\"Article\",\"@id\":\"https:\\\/\\\/reporteroshoy.mx\\\/noticias\\\/perdio-su-trabajo-y-desde-entonces-no-pasa-pension-ya-fue-denunciado\\\/#article\",\"isPartOf\":{\"@id\":\"https:\\\/\\\/reporteroshoy.mx\\\/noticias\\\/perdio-su-trabajo-y-desde-entonces-no-pasa-pension-ya-fue-denunciado\\\/\"},\"author\":{\"name\":\"Reporteros Hoy HY\",\"@id\":\"https:\\\/\\\/reporteroshoy.mx\\\/noticias\\\/#\\\/schema\\\/person\\\/d32189074678a9d41498d4248e29aac3\"},\"headline\":\"Perdi\u00f3 su trabajo y desde entonces no pasa pensi\u00f3n: ya fue denunciado\",\"datePublished\":\"2021-10-23T19:54:27+00:00\",\"mainEntityOfPage\":{\"@id\":\"https:\\\/\\\/reporteroshoy.mx\\\/noticias\\\/perdio-su-trabajo-y-desde-entonces-no-pasa-pension-ya-fue-denunciado\\\/\"},\"wordCount\":341,\"commentCount\":0,\"image\":{\"@id\":\"https:\\\/\\\/reporteroshoy.mx\\\/noticias\\\/perdio-su-trabajo-y-desde-entonces-no-pasa-pension-ya-fue-denunciado\\\/#primaryimage\"},\"thumbnailUrl\":\"https:\\\/\\\/reporteroshoy.mx\\\/noticias\\\/wp-content\\\/uploads\\\/2021\\\/10\\\/pension-alimenticia-scaled.jpeg\",\"keywords\":[\"Manutenci\u00f3n\",\"pensi\u00f3n alimenticia\"],\"articleSection\":[\"Polic\u00eda\"],\"inLanguage\":\"es\",\"potentialAction\":[{\"@type\":\"CommentAction\",\"name\":\"Comment\",\"target\":[\"https:\\\/\\\/reporteroshoy.mx\\\/noticias\\\/perdio-su-trabajo-y-desde-entonces-no-pasa-pension-ya-fue-denunciado\\\/#respond\"]}]},{\"@type\":\"WebPage\",\"@id\":\"https:\\\/\\\/reporteroshoy.mx\\\/noticias\\\/perdio-su-trabajo-y-desde-entonces-no-pasa-pension-ya-fue-denunciado\\\/\",\"url\":\"https:\\\/\\\/reporteroshoy.mx\\\/noticias\\\/perdio-su-trabajo-y-desde-entonces-no-pasa-pension-ya-fue-denunciado\\\/\",\"name\":\"Perdi\u00f3 su trabajo y desde entonces no pasa pensi\u00f3n: ya fue denunciado\",\"isPartOf\":{\"@id\":\"https:\\\/\\\/reporteroshoy.mx\\\/noticias\\\/#website\"},\"primaryImageOfPage\":{\"@id\":\"https:\\\/\\\/reporteroshoy.mx\\\/noticias\\\/perdio-su-trabajo-y-desde-entonces-no-pasa-pension-ya-fue-denunciado\\\/#primaryimage\"},\"image\":{\"@id\":\"https:\\\/\\\/reporteroshoy.mx\\\/noticias\\\/perdio-su-trabajo-y-desde-entonces-no-pasa-pension-ya-fue-denunciado\\\/#primaryimage\"},\"thumbnailUrl\":\"https:\\\/\\\/reporteroshoy.mx\\\/noticias\\\/wp-content\\\/uploads\\\/2021\\\/10\\\/pension-alimenticia-scaled.jpeg\",\"datePublished\":\"2021-10-23T19:54:27+00:00\",\"author\":{\"@id\":\"https:\\\/\\\/reporteroshoy.mx\\\/noticias\\\/#\\\/schema\\\/person\\\/d32189074678a9d41498d4248e29aac3\"},\"description\":\"Desde 2015 su expareja le solicitaba dinero para el hijo de ambos, hasta que tres a\u00f1os despu\u00e9s lograron retenerle el 30% de su sueldo. Pero\u00a0como despidieron a los seis meses, desde ese entonces no entrega para el sustento del ni\u00f1o.\",\"breadcrumb\":{\"@id\":\"https:\\\/\\\/reporteroshoy.mx\\\/noticias\\\/perdio-su-trabajo-y-desde-entonces-no-pasa-pension-ya-fue-denunciado\\\/#breadcrumb\"},\"inLanguage\":\"es\",\"potentialAction\":[{\"@type\":\"ReadAction\",\"target\":[\"https:\\\/\\\/reporteroshoy.mx\\\/noticias\\\/perdio-su-trabajo-y-desde-entonces-no-pasa-pension-ya-fue-denunciado\\\/\"]}]},{\"@type\":\"ImageObject\",\"inLanguage\":\"es\",\"@id\":\"https:\\\/\\\/reporteroshoy.mx\\\/noticias\\\/perdio-su-trabajo-y-desde-entonces-no-pasa-pension-ya-fue-denunciado\\\/#primaryimage\",\"url\":\"https:\\\/\\\/reporteroshoy.mx\\\/noticias\\\/wp-content\\\/uploads\\\/2021\\\/10\\\/pension-alimenticia-scaled.jpeg\",\"contentUrl\":\"https:\\\/\\\/reporteroshoy.mx\\\/noticias\\\/wp-content\\\/uploads\\\/2021\\\/10\\\/pension-alimenticia-scaled.jpeg\",\"width\":768,\"height\":512},{\"@type\":\"BreadcrumbList\",\"@id\":\"https:\\\/\\\/reporteroshoy.mx\\\/noticias\\\/perdio-su-trabajo-y-desde-entonces-no-pasa-pension-ya-fue-denunciado\\\/#breadcrumb\",\"itemListElement\":[{\"@type\":\"ListItem\",\"position\":1,\"name\":\"Portada\",\"item\":\"https:\\\/\\\/reporteroshoy.mx\\\/noticias\\\/\"},{\"@type\":\"ListItem\",\"position\":2,\"name\":\"Perdi\u00f3 su trabajo y desde entonces no pasa pensi\u00f3n: ya fue denunciado\"}]},{\"@type\":\"WebSite\",\"@id\":\"https:\\\/\\\/reporteroshoy.mx\\\/noticias\\\/#website\",\"url\":\"https:\\\/\\\/reporteroshoy.mx\\\/noticias\\\/\",\"name\":\"Reporteros Hoy | Noticias de Yucat\u00e1n\",\"description\":\"Peri\u00f3dico digital con noticias diarias desde M\u00e9rida, Yucat\u00e1n para el mundo.\",\"potentialAction\":[{\"@type\":\"SearchAction\",\"target\":{\"@type\":\"EntryPoint\",\"urlTemplate\":\"https:\\\/\\\/reporteroshoy.mx\\\/noticias\\\/?s={search_term_string}\"},\"query-input\":{\"@type\":\"PropertyValueSpecification\",\"valueRequired\":true,\"valueName\":\"search_term_string\"}}],\"inLanguage\":\"es\"},{\"@type\":\"Person\",\"@id\":\"https:\\\/\\\/reporteroshoy.mx\\\/noticias\\\/#\\\/schema\\\/person\\\/d32189074678a9d41498d4248e29aac3\",\"name\":\"Reporteros Hoy HY\",\"image\":{\"@type\":\"ImageObject\",\"inLanguage\":\"es\",\"@id\":\"https:\\\/\\\/secure.gravatar.com\\\/avatar\\\/c539a82770f256437b35bda44650bb50f5fd4b7017f8b29672ed9f27a43cec47?s=96&d=mm&r=g\",\"url\":\"https:\\\/\\\/secure.gravatar.com\\\/avatar\\\/c539a82770f256437b35bda44650bb50f5fd4b7017f8b29672ed9f27a43cec47?s=96&d=mm&r=g\",\"contentUrl\":\"https:\\\/\\\/secure.gravatar.com\\\/avatar\\\/c539a82770f256437b35bda44650bb50f5fd4b7017f8b29672ed9f27a43cec47?s=96&d=mm&r=g\",\"caption\":\"Reporteros Hoy HY\"},\"url\":\"https:\\\/\\\/reporteroshoy.mx\\\/noticias\\\/author\\\/thelmo\\\/\"}]}<\/script>\n<!-- \/ Yoast SEO plugin. -->","yoast_head_json":{"title":"Perdi\u00f3 su trabajo y desde entonces no pasa pensi\u00f3n: ya fue denunciado","description":"Desde 2015 su expareja le solicitaba dinero para el hijo de ambos, hasta que tres a\u00f1os despu\u00e9s lograron retenerle el 30% de su sueldo. Pero\u00a0como despidieron a los seis meses, desde ese entonces no entrega para el sustento del ni\u00f1o.","robots":{"index":"index","follow":"follow","max-snippet":"max-snippet:-1","max-image-preview":"max-image-preview:large","max-video-preview":"max-video-preview:-1"},"canonical":"https:\/\/reporteroshoy.mx\/noticias\/perdio-su-trabajo-y-desde-entonces-no-pasa-pension-ya-fue-denunciado\/","og_locale":"es_ES","og_type":"article","og_title":"Perdi\u00f3 su trabajo y desde entonces no pasa pensi\u00f3n: ya fue denunciado","og_description":"Desde 2015 su expareja le solicitaba dinero para el hijo de ambos, hasta que tres a\u00f1os despu\u00e9s lograron retenerle el 30% de su sueldo. Pero\u00a0como despidieron a los seis meses, desde ese entonces no entrega para el sustento del ni\u00f1o.","og_url":"https:\/\/reporteroshoy.mx\/noticias\/perdio-su-trabajo-y-desde-entonces-no-pasa-pension-ya-fue-denunciado\/","og_site_name":"Reporteros Hoy | Noticias de Yucat\u00e1n","article_publisher":"http:\/\/www.facebook.com\/reporteroshoymx","article_published_time":"2021-10-23T19:54:27+00:00","og_image":[{"width":768,"height":512,"url":"https:\/\/reporteroshoy.mx\/noticias\/wp-content\/uploads\/2021\/10\/pension-alimenticia-scaled.jpeg","type":"image\/jpeg"}],"author":"Reporteros Hoy HY","twitter_card":"summary_large_image","twitter_creator":"@reporteroshoy","twitter_site":"@reporteroshoy","twitter_misc":{"Escrito por":"Reporteros Hoy HY","Tiempo de lectura":"2 minutos"},"schema":{"@context":"https:\/\/schema.org","@graph":[{"@type":"Article","@id":"https:\/\/reporteroshoy.mx\/noticias\/perdio-su-trabajo-y-desde-entonces-no-pasa-pension-ya-fue-denunciado\/#article","isPartOf":{"@id":"https:\/\/reporteroshoy.mx\/noticias\/perdio-su-trabajo-y-desde-entonces-no-pasa-pension-ya-fue-denunciado\/"},"author":{"name":"Reporteros Hoy HY","@id":"https:\/\/reporteroshoy.mx\/noticias\/#\/schema\/person\/d32189074678a9d41498d4248e29aac3"},"headline":"Perdi\u00f3 su trabajo y desde entonces no pasa pensi\u00f3n: ya fue denunciado","datePublished":"2021-10-23T19:54:27+00:00","mainEntityOfPage":{"@id":"https:\/\/reporteroshoy.mx\/noticias\/perdio-su-trabajo-y-desde-entonces-no-pasa-pension-ya-fue-denunciado\/"},"wordCount":341,"commentCount":0,"image":{"@id":"https:\/\/reporteroshoy.mx\/noticias\/perdio-su-trabajo-y-desde-entonces-no-pasa-pension-ya-fue-denunciado\/#primaryimage"},"thumbnailUrl":"https:\/\/reporteroshoy.mx\/noticias\/wp-content\/uploads\/2021\/10\/pension-alimenticia-scaled.jpeg","keywords":["Manutenci\u00f3n","pensi\u00f3n alimenticia"],"articleSection":["Polic\u00eda"],"inLanguage":"es","potentialAction":[{"@type":"CommentAction","name":"Comment","target":["https:\/\/reporteroshoy.mx\/noticias\/perdio-su-trabajo-y-desde-entonces-no-pasa-pension-ya-fue-denunciado\/#respond"]}]},{"@type":"WebPage","@id":"https:\/\/reporteroshoy.mx\/noticias\/perdio-su-trabajo-y-desde-entonces-no-pasa-pension-ya-fue-denunciado\/","url":"https:\/\/reporteroshoy.mx\/noticias\/perdio-su-trabajo-y-desde-entonces-no-pasa-pension-ya-fue-denunciado\/","name":"Perdi\u00f3 su trabajo y desde entonces no pasa pensi\u00f3n: ya fue denunciado","isPartOf":{"@id":"https:\/\/reporteroshoy.mx\/noticias\/#website"},"primaryImageOfPage":{"@id":"https:\/\/reporteroshoy.mx\/noticias\/perdio-su-trabajo-y-desde-entonces-no-pasa-pension-ya-fue-denunciado\/#primaryimage"},"image":{"@id":"https:\/\/reporteroshoy.mx\/noticias\/perdio-su-trabajo-y-desde-entonces-no-pasa-pension-ya-fue-denunciado\/#primaryimage"},"thumbnailUrl":"https:\/\/reporteroshoy.mx\/noticias\/wp-content\/uploads\/2021\/10\/pension-alimenticia-scaled.jpeg","datePublished":"2021-10-23T19:54:27+00:00","author":{"@id":"https:\/\/reporteroshoy.mx\/noticias\/#\/schema\/person\/d32189074678a9d41498d4248e29aac3"},"description":"Desde 2015 su expareja le solicitaba dinero para el hijo de ambos, hasta que tres a\u00f1os despu\u00e9s lograron retenerle el 30% de su sueldo. Pero\u00a0como despidieron a los seis meses, desde ese entonces no entrega para el sustento del ni\u00f1o.","breadcrumb":{"@id":"https:\/\/reporteroshoy.mx\/noticias\/perdio-su-trabajo-y-desde-entonces-no-pasa-pension-ya-fue-denunciado\/#breadcrumb"},"inLanguage":"es","potentialAction":[{"@type":"ReadAction","target":["https:\/\/reporteroshoy.mx\/noticias\/perdio-su-trabajo-y-desde-entonces-no-pasa-pension-ya-fue-denunciado\/"]}]},{"@type":"ImageObject","inLanguage":"es","@id":"https:\/\/reporteroshoy.mx\/noticias\/perdio-su-trabajo-y-desde-entonces-no-pasa-pension-ya-fue-denunciado\/#primaryimage","url":"https:\/\/reporteroshoy.mx\/noticias\/wp-content\/uploads\/2021\/10\/pension-alimenticia-scaled.jpeg","contentUrl":"https:\/\/reporteroshoy.mx\/noticias\/wp-content\/uploads\/2021\/10\/pension-alimenticia-scaled.jpeg","width":768,"height":512},{"@type":"BreadcrumbList","@id":"https:\/\/reporteroshoy.mx\/noticias\/perdio-su-trabajo-y-desde-entonces-no-pasa-pension-ya-fue-denunciado\/#breadcrumb","itemListElement":[{"@type":"ListItem","position":1,"name":"Portada","item":"https:\/\/reporteroshoy.mx\/noticias\/"},{"@type":"ListItem","position":2,"name":"Perdi\u00f3 su trabajo y desde entonces no pasa pensi\u00f3n: ya fue denunciado"}]},{"@type":"WebSite","@id":"https:\/\/reporteroshoy.mx\/noticias\/#website","url":"https:\/\/reporteroshoy.mx\/noticias\/","name":"Reporteros Hoy | Noticias de Yucat\u00e1n","description":"Peri\u00f3dico digital con noticias diarias desde M\u00e9rida, Yucat\u00e1n para el mundo.","potentialAction":[{"@type":"SearchAction","target":{"@type":"EntryPoint","urlTemplate":"https:\/\/reporteroshoy.mx\/noticias\/?s={search_term_string}"},"query-input":{"@type":"PropertyValueSpecification","valueRequired":true,"valueName":"search_term_string"}}],"inLanguage":"es"},{"@type":"Person","@id":"https:\/\/reporteroshoy.mx\/noticias\/#\/schema\/person\/d32189074678a9d41498d4248e29aac3","name":"Reporteros Hoy HY","image":{"@type":"ImageObject","inLanguage":"es","@id":"https:\/\/secure.gravatar.com\/avatar\/c539a82770f256437b35bda44650bb50f5fd4b7017f8b29672ed9f27a43cec47?s=96&d=mm&r=g","url":"https:\/\/secure.gravatar.com\/avatar\/c539a82770f256437b35bda44650bb50f5fd4b7017f8b29672ed9f27a43cec47?s=96&d=mm&r=g","contentUrl":"https:\/\/secure.gravatar.com\/avatar\/c539a82770f256437b35bda44650bb50f5fd4b7017f8b29672ed9f27a43cec47?s=96&d=mm&r=g","caption":"Reporteros Hoy HY"},"url":"https:\/\/reporteroshoy.mx\/noticias\/author\/thelmo\/"}]}},"_links":{"self":[{"href":"https:\/\/reporteroshoy.mx\/noticias\/wp-json\/wp\/v2\/posts\/74530","targetHints":{"allow":["GET"]}}],"collection":[{"href":"https:\/\/reporteroshoy.mx\/noticias\/wp-json\/wp\/v2\/posts"}],"about":[{"href":"https:\/\/reporteroshoy.mx\/noticias\/wp-json\/wp\/v2\/types\/post"}],"author":[{"embeddable":true,"href":"https:\/\/reporteroshoy.mx\/noticias\/wp-json\/wp\/v2\/users\/2"}],"replies":[{"embeddable":true,"href":"https:\/\/reporteroshoy.mx\/noticias\/wp-json\/wp\/v2\/comments?post=74530"}],"version-history":[{"count":0,"href":"https:\/\/reporteroshoy.mx\/noticias\/wp-json\/wp\/v2\/posts\/74530\/revisions"}],"wp:featuredmedia":[{"embeddable":true,"href":"https:\/\/reporteroshoy.mx\/noticias\/wp-json\/wp\/v2\/media\/74531"}],"wp:attachment":[{"href":"https:\/\/reporteroshoy.mx\/noticias\/wp-json\/wp\/v2\/media?parent=74530"}],"wp:term":[{"taxonomy":"category","embeddable":true,"href":"https:\/\/reporteroshoy.mx\/noticias\/wp-json\/wp\/v2\/categories?post=74530"},{"taxonomy":"post_tag","embeddable":true,"href":"https:\/\/reporteroshoy.mx\/noticias\/wp-json\/wp\/v2\/tags?post=74530"}],"curies":[{"name":"wp","href":"https:\/\/api.w.org\/{rel}","templated":true}]}}