{"id":74578,"date":"2021-10-24T16:56:50","date_gmt":"2021-10-24T21:56:50","guid":{"rendered":"https:\/\/reporteroshoy.mx\/noticias\/?p=74578"},"modified":"2021-10-24T16:56:50","modified_gmt":"2021-10-24T21:56:50","slug":"ya-casi-a-poco-de-poder-circular-por-el-paso-deprimido","status":"publish","type":"post","link":"https:\/\/reporteroshoy.mx\/noticias\/ya-casi-a-poco-de-poder-circular-por-el-paso-deprimido\/","title":{"rendered":"Ya casi, a poco de poder circular por el paso deprimido"},"content":{"rendered":"<p style=\"text-align: justify;\">M\u00e9rida, Yucat\u00e1n; 24 de octubre de 2021.- Pese a las lluvias de esta semana, los trabajos y acciones claves para rehabilitar el Paso a Desnivel, ubicado en la avenida Prolongaci\u00f3n Paseo de Montejo con Circuito Colonias, se realizaron sin contratiempos.<\/p>\n<p style=\"text-align: justify;\">Esta semana se retiraron las cuatro bombas extractoras temporales que permitieron controlar el agua que se filtraban en la zona del t\u00fanel, as\u00ed como se hicieran trabajos de demolici\u00f3n de la superficie de rodamiento de las bases y terracer\u00eda. Una vez colocado el relleno herm\u00e9tico para nivelar y alcanzar con el colado elevar el nivel de la superficie de rodamiento y con el retiro de las bombas, ya se podr\u00e1 colar la \u00faltima etapa de la superficie de rodamiento en la zona del t\u00fanel.<\/p>\n<p style=\"text-align: justify;\">En lo que respecta a la rampa sur, se colocaron las rejillas de captaci\u00f3n de agua pluvial, se reforestaron 70 metros lineales del camell\u00f3n central y se rehabilitaron 500 metros cuadrados de concreto asfaltico en el acceso y salida en direcci\u00f3n al monumento a la patria, el total de la carpeta de rodamiento que se col\u00f3 en esta rampa, es de 915 metros cuadrados.<\/p>\n<p><img loading=\"lazy\" decoding=\"async\" class=\"alignnone size-full wp-image-74579\" src=\"https:\/\/reporteroshoy.mx\/noticias\/wp-content\/uploads\/2021\/10\/Paso-1-1.jpeg\" alt=\"\" width=\"768\" height=\"512\" \/><\/p>\n<p style=\"text-align: justify;\">Se\u00f1alaron que, en la zona conocida como el t\u00fanel, despu\u00e9s del retiro de las cuatro bombas extractoras, se rellen\u00f3 el espacio de 16 metros cuadrados con concreto cicl\u00f3peo, para poder preparar la colocaci\u00f3n de la geo-malla y su relleno con material p\u00e9treo, para el posterior armado del tejido de acero y el colado de la superficie de rodamiento con concreto hidr\u00e1ulico de alta resistencia.<\/p>\n<p style=\"text-align: justify;\">En esa misma zona, indicaron que se lleva a cabo la instalaci\u00f3n de los ductos para la alimentaci\u00f3n de bombas y luminarias, esta semana se colaron 60 metros cuadrados de muro en ese lugar.<\/p>\n<p style=\"text-align: justify;\">En lo que respecta a la rampa norte, explicaron que esta semana se colaron 480 metros cuadrados de concreto hidr\u00e1ulico y se contin\u00faa con el armado de acero que se coloca sobre la geo-malla que envuelve el material p\u00e9treo que sirve de base para este armado, este espacio tiene un \u00e1rea de 270 metros cuadrados finales de colado de la carpeta de rodamiento.<\/p>\n<p style=\"text-align: justify;\">Precisaron que hasta el momento han ingresado al sitio de rehabilitaci\u00f3n 310 toneladas de acero, 375 metros c\u00fabicos de material p\u00e9treo, 94 metros c\u00fabicos de gravilla, 3,254 metros c\u00fabicos de concreto, equivalentes a 534 ollas de concreto.<\/p>\n<p style=\"text-align: justify;\">Como se recordar\u00e1, esta obra consiste en elevar el nivel de los carriles inferiores a 1.50 metros y conservar los carriles superiores, adecuando los accesos de los veh\u00edculos a la glorieta.<\/p>\n<p style=\"text-align: justify;\">La Direcci\u00f3n de Obras P\u00fablicas del Ayuntamiento de M\u00e9rida en coordinaci\u00f3n con el Colegio de Ingenieros Civiles de Yucat\u00e1n, A. C. se mantiene al pendiente de la obra y realizan una constante supervisi\u00f3n en el sitio de la rehabilitaci\u00f3n, verificando que los trabajos se realicen de acuerdo con lo se\u00f1alado en el proyecto.<\/p>\n","protected":false},"excerpt":{"rendered":"<p>Inician los trabajos de reforestaci\u00f3n del camell\u00f3n central del distribuidor vial.<\/p>\n","protected":false},"author":6,"featured_media":74579,"comment_status":"open","ping_status":"closed","sticky":false,"template":"","format":"standard","meta":{"footnotes":""},"categories":[7],"tags":[12250],"class_list":["post-74578","post","type-post","status-publish","format-standard","has-post-thumbnail","hentry","category-gobierno","tag-paso-deprimido"],"yoast_head":"<!-- This site is optimized with the Yoast SEO plugin v28.3 - https:\/\/yoast.com\/product\/yoast-seo-wordpress\/ -->\n<title>Ya casi, a poco de poder circular por el paso deprimido<\/title>\n<meta name=\"description\" content=\"Inician los trabajos de reforestaci\u00f3n del camell\u00f3n central del distribuidor vial.\" \/>\n<meta name=\"robots\" content=\"index, follow, max-snippet:-1, max-image-preview:large, max-video-preview:-1\" \/>\n<link rel=\"canonical\" href=\"https:\/\/reporteroshoy.mx\/noticias\/ya-casi-a-poco-de-poder-circular-por-el-paso-deprimido\/\" \/>\n<meta property=\"og:locale\" content=\"es_ES\" \/>\n<meta property=\"og:type\" content=\"article\" \/>\n<meta property=\"og:title\" content=\"Ya casi, a poco de poder circular por el paso deprimido\" \/>\n<meta property=\"og:description\" content=\"Inician los trabajos de reforestaci\u00f3n del camell\u00f3n central del distribuidor vial.\" \/>\n<meta property=\"og:url\" content=\"https:\/\/reporteroshoy.mx\/noticias\/ya-casi-a-poco-de-poder-circular-por-el-paso-deprimido\/\" \/>\n<meta property=\"og:site_name\" content=\"Reporteros Hoy | Noticias de Yucat\u00e1n\" \/>\n<meta property=\"article:publisher\" content=\"http:\/\/www.facebook.com\/reporteroshoymx\" \/>\n<meta property=\"article:published_time\" content=\"2021-10-24T21:56:50+00:00\" \/>\n<meta property=\"og:image\" content=\"https:\/\/reporteroshoy.mx\/noticias\/wp-content\/uploads\/2021\/10\/Paso-1-1.jpeg\" \/>\n\t<meta property=\"og:image:width\" content=\"768\" \/>\n\t<meta property=\"og:image:height\" content=\"512\" \/>\n\t<meta property=\"og:image:type\" content=\"image\/jpeg\" \/>\n<meta name=\"author\" content=\"Reporteros Hoy GS\" \/>\n<meta name=\"twitter:card\" content=\"summary_large_image\" \/>\n<meta name=\"twitter:creator\" content=\"@reporteroshoy\" \/>\n<meta name=\"twitter:site\" content=\"@reporteroshoy\" \/>\n<meta name=\"twitter:label1\" content=\"Escrito por\" \/>\n\t<meta name=\"twitter:data1\" content=\"Reporteros Hoy GS\" \/>\n\t<meta name=\"twitter:label2\" content=\"Tiempo de lectura\" \/>\n\t<meta name=\"twitter:data2\" content=\"3 minutos\" \/>\n<script type=\"application\/ld+json\" class=\"yoast-schema-graph\">{\"@context\":\"https:\\\/\\\/schema.org\",\"@graph\":[{\"@type\":\"Article\",\"@id\":\"https:\\\/\\\/reporteroshoy.mx\\\/noticias\\\/ya-casi-a-poco-de-poder-circular-por-el-paso-deprimido\\\/#article\",\"isPartOf\":{\"@id\":\"https:\\\/\\\/reporteroshoy.mx\\\/noticias\\\/ya-casi-a-poco-de-poder-circular-por-el-paso-deprimido\\\/\"},\"author\":{\"name\":\"Reporteros Hoy GS\",\"@id\":\"https:\\\/\\\/reporteroshoy.mx\\\/noticias\\\/#\\\/schema\\\/person\\\/49ae631fc906b44554e4ba3866c505d7\"},\"headline\":\"Ya casi, a poco de poder circular por el paso deprimido\",\"datePublished\":\"2021-10-24T21:56:50+00:00\",\"mainEntityOfPage\":{\"@id\":\"https:\\\/\\\/reporteroshoy.mx\\\/noticias\\\/ya-casi-a-poco-de-poder-circular-por-el-paso-deprimido\\\/\"},\"wordCount\":504,\"commentCount\":0,\"image\":{\"@id\":\"https:\\\/\\\/reporteroshoy.mx\\\/noticias\\\/ya-casi-a-poco-de-poder-circular-por-el-paso-deprimido\\\/#primaryimage\"},\"thumbnailUrl\":\"https:\\\/\\\/reporteroshoy.mx\\\/noticias\\\/wp-content\\\/uploads\\\/2021\\\/10\\\/Paso-1-1.jpeg\",\"keywords\":[\"paso deprimido\"],\"articleSection\":[\"Gobierno\"],\"inLanguage\":\"es\",\"potentialAction\":[{\"@type\":\"CommentAction\",\"name\":\"Comment\",\"target\":[\"https:\\\/\\\/reporteroshoy.mx\\\/noticias\\\/ya-casi-a-poco-de-poder-circular-por-el-paso-deprimido\\\/#respond\"]}]},{\"@type\":\"WebPage\",\"@id\":\"https:\\\/\\\/reporteroshoy.mx\\\/noticias\\\/ya-casi-a-poco-de-poder-circular-por-el-paso-deprimido\\\/\",\"url\":\"https:\\\/\\\/reporteroshoy.mx\\\/noticias\\\/ya-casi-a-poco-de-poder-circular-por-el-paso-deprimido\\\/\",\"name\":\"Ya casi, a poco de poder circular por el paso deprimido\",\"isPartOf\":{\"@id\":\"https:\\\/\\\/reporteroshoy.mx\\\/noticias\\\/#website\"},\"primaryImageOfPage\":{\"@id\":\"https:\\\/\\\/reporteroshoy.mx\\\/noticias\\\/ya-casi-a-poco-de-poder-circular-por-el-paso-deprimido\\\/#primaryimage\"},\"image\":{\"@id\":\"https:\\\/\\\/reporteroshoy.mx\\\/noticias\\\/ya-casi-a-poco-de-poder-circular-por-el-paso-deprimido\\\/#primaryimage\"},\"thumbnailUrl\":\"https:\\\/\\\/reporteroshoy.mx\\\/noticias\\\/wp-content\\\/uploads\\\/2021\\\/10\\\/Paso-1-1.jpeg\",\"datePublished\":\"2021-10-24T21:56:50+00:00\",\"author\":{\"@id\":\"https:\\\/\\\/reporteroshoy.mx\\\/noticias\\\/#\\\/schema\\\/person\\\/49ae631fc906b44554e4ba3866c505d7\"},\"description\":\"Inician los trabajos de reforestaci\u00f3n del camell\u00f3n central del distribuidor vial.\",\"breadcrumb\":{\"@id\":\"https:\\\/\\\/reporteroshoy.mx\\\/noticias\\\/ya-casi-a-poco-de-poder-circular-por-el-paso-deprimido\\\/#breadcrumb\"},\"inLanguage\":\"es\",\"potentialAction\":[{\"@type\":\"ReadAction\",\"target\":[\"https:\\\/\\\/reporteroshoy.mx\\\/noticias\\\/ya-casi-a-poco-de-poder-circular-por-el-paso-deprimido\\\/\"]}]},{\"@type\":\"ImageObject\",\"inLanguage\":\"es\",\"@id\":\"https:\\\/\\\/reporteroshoy.mx\\\/noticias\\\/ya-casi-a-poco-de-poder-circular-por-el-paso-deprimido\\\/#primaryimage\",\"url\":\"https:\\\/\\\/reporteroshoy.mx\\\/noticias\\\/wp-content\\\/uploads\\\/2021\\\/10\\\/Paso-1-1.jpeg\",\"contentUrl\":\"https:\\\/\\\/reporteroshoy.mx\\\/noticias\\\/wp-content\\\/uploads\\\/2021\\\/10\\\/Paso-1-1.jpeg\",\"width\":768,\"height\":512},{\"@type\":\"BreadcrumbList\",\"@id\":\"https:\\\/\\\/reporteroshoy.mx\\\/noticias\\\/ya-casi-a-poco-de-poder-circular-por-el-paso-deprimido\\\/#breadcrumb\",\"itemListElement\":[{\"@type\":\"ListItem\",\"position\":1,\"name\":\"Portada\",\"item\":\"https:\\\/\\\/reporteroshoy.mx\\\/noticias\\\/\"},{\"@type\":\"ListItem\",\"position\":2,\"name\":\"Ya casi, a poco de poder circular por el paso deprimido\"}]},{\"@type\":\"WebSite\",\"@id\":\"https:\\\/\\\/reporteroshoy.mx\\\/noticias\\\/#website\",\"url\":\"https:\\\/\\\/reporteroshoy.mx\\\/noticias\\\/\",\"name\":\"Reporteros Hoy | Noticias de Yucat\u00e1n\",\"description\":\"Peri\u00f3dico digital con noticias diarias desde M\u00e9rida, Yucat\u00e1n para el mundo.\",\"potentialAction\":[{\"@type\":\"SearchAction\",\"target\":{\"@type\":\"EntryPoint\",\"urlTemplate\":\"https:\\\/\\\/reporteroshoy.mx\\\/noticias\\\/?s={search_term_string}\"},\"query-input\":{\"@type\":\"PropertyValueSpecification\",\"valueRequired\":true,\"valueName\":\"search_term_string\"}}],\"inLanguage\":\"es\"},{\"@type\":\"Person\",\"@id\":\"https:\\\/\\\/reporteroshoy.mx\\\/noticias\\\/#\\\/schema\\\/person\\\/49ae631fc906b44554e4ba3866c505d7\",\"name\":\"Reporteros Hoy GS\",\"image\":{\"@type\":\"ImageObject\",\"inLanguage\":\"es\",\"@id\":\"https:\\\/\\\/secure.gravatar.com\\\/avatar\\\/00d32adb620345c3db2cfc175917f65c584e1e338fdc49ad126aa1f9830eb6a9?s=96&d=mm&r=g\",\"url\":\"https:\\\/\\\/secure.gravatar.com\\\/avatar\\\/00d32adb620345c3db2cfc175917f65c584e1e338fdc49ad126aa1f9830eb6a9?s=96&d=mm&r=g\",\"contentUrl\":\"https:\\\/\\\/secure.gravatar.com\\\/avatar\\\/00d32adb620345c3db2cfc175917f65c584e1e338fdc49ad126aa1f9830eb6a9?s=96&d=mm&r=g\",\"caption\":\"Reporteros Hoy GS\"},\"url\":\"https:\\\/\\\/reporteroshoy.mx\\\/noticias\\\/author\\\/lupis\\\/\"}]}<\/script>\n<!-- \/ Yoast SEO plugin. -->","yoast_head_json":{"title":"Ya casi, a poco de poder circular por el paso deprimido","description":"Inician los trabajos de reforestaci\u00f3n del camell\u00f3n central del distribuidor vial.","robots":{"index":"index","follow":"follow","max-snippet":"max-snippet:-1","max-image-preview":"max-image-preview:large","max-video-preview":"max-video-preview:-1"},"canonical":"https:\/\/reporteroshoy.mx\/noticias\/ya-casi-a-poco-de-poder-circular-por-el-paso-deprimido\/","og_locale":"es_ES","og_type":"article","og_title":"Ya casi, a poco de poder circular por el paso deprimido","og_description":"Inician los trabajos de reforestaci\u00f3n del camell\u00f3n central del distribuidor vial.","og_url":"https:\/\/reporteroshoy.mx\/noticias\/ya-casi-a-poco-de-poder-circular-por-el-paso-deprimido\/","og_site_name":"Reporteros Hoy | Noticias de Yucat\u00e1n","article_publisher":"http:\/\/www.facebook.com\/reporteroshoymx","article_published_time":"2021-10-24T21:56:50+00:00","og_image":[{"width":768,"height":512,"url":"https:\/\/reporteroshoy.mx\/noticias\/wp-content\/uploads\/2021\/10\/Paso-1-1.jpeg","type":"image\/jpeg"}],"author":"Reporteros Hoy GS","twitter_card":"summary_large_image","twitter_creator":"@reporteroshoy","twitter_site":"@reporteroshoy","twitter_misc":{"Escrito por":"Reporteros Hoy GS","Tiempo de lectura":"3 minutos"},"schema":{"@context":"https:\/\/schema.org","@graph":[{"@type":"Article","@id":"https:\/\/reporteroshoy.mx\/noticias\/ya-casi-a-poco-de-poder-circular-por-el-paso-deprimido\/#article","isPartOf":{"@id":"https:\/\/reporteroshoy.mx\/noticias\/ya-casi-a-poco-de-poder-circular-por-el-paso-deprimido\/"},"author":{"name":"Reporteros Hoy GS","@id":"https:\/\/reporteroshoy.mx\/noticias\/#\/schema\/person\/49ae631fc906b44554e4ba3866c505d7"},"headline":"Ya casi, a poco de poder circular por el paso deprimido","datePublished":"2021-10-24T21:56:50+00:00","mainEntityOfPage":{"@id":"https:\/\/reporteroshoy.mx\/noticias\/ya-casi-a-poco-de-poder-circular-por-el-paso-deprimido\/"},"wordCount":504,"commentCount":0,"image":{"@id":"https:\/\/reporteroshoy.mx\/noticias\/ya-casi-a-poco-de-poder-circular-por-el-paso-deprimido\/#primaryimage"},"thumbnailUrl":"https:\/\/reporteroshoy.mx\/noticias\/wp-content\/uploads\/2021\/10\/Paso-1-1.jpeg","keywords":["paso deprimido"],"articleSection":["Gobierno"],"inLanguage":"es","potentialAction":[{"@type":"CommentAction","name":"Comment","target":["https:\/\/reporteroshoy.mx\/noticias\/ya-casi-a-poco-de-poder-circular-por-el-paso-deprimido\/#respond"]}]},{"@type":"WebPage","@id":"https:\/\/reporteroshoy.mx\/noticias\/ya-casi-a-poco-de-poder-circular-por-el-paso-deprimido\/","url":"https:\/\/reporteroshoy.mx\/noticias\/ya-casi-a-poco-de-poder-circular-por-el-paso-deprimido\/","name":"Ya casi, a poco de poder circular por el paso deprimido","isPartOf":{"@id":"https:\/\/reporteroshoy.mx\/noticias\/#website"},"primaryImageOfPage":{"@id":"https:\/\/reporteroshoy.mx\/noticias\/ya-casi-a-poco-de-poder-circular-por-el-paso-deprimido\/#primaryimage"},"image":{"@id":"https:\/\/reporteroshoy.mx\/noticias\/ya-casi-a-poco-de-poder-circular-por-el-paso-deprimido\/#primaryimage"},"thumbnailUrl":"https:\/\/reporteroshoy.mx\/noticias\/wp-content\/uploads\/2021\/10\/Paso-1-1.jpeg","datePublished":"2021-10-24T21:56:50+00:00","author":{"@id":"https:\/\/reporteroshoy.mx\/noticias\/#\/schema\/person\/49ae631fc906b44554e4ba3866c505d7"},"description":"Inician los trabajos de reforestaci\u00f3n del camell\u00f3n central del distribuidor vial.","breadcrumb":{"@id":"https:\/\/reporteroshoy.mx\/noticias\/ya-casi-a-poco-de-poder-circular-por-el-paso-deprimido\/#breadcrumb"},"inLanguage":"es","potentialAction":[{"@type":"ReadAction","target":["https:\/\/reporteroshoy.mx\/noticias\/ya-casi-a-poco-de-poder-circular-por-el-paso-deprimido\/"]}]},{"@type":"ImageObject","inLanguage":"es","@id":"https:\/\/reporteroshoy.mx\/noticias\/ya-casi-a-poco-de-poder-circular-por-el-paso-deprimido\/#primaryimage","url":"https:\/\/reporteroshoy.mx\/noticias\/wp-content\/uploads\/2021\/10\/Paso-1-1.jpeg","contentUrl":"https:\/\/reporteroshoy.mx\/noticias\/wp-content\/uploads\/2021\/10\/Paso-1-1.jpeg","width":768,"height":512},{"@type":"BreadcrumbList","@id":"https:\/\/reporteroshoy.mx\/noticias\/ya-casi-a-poco-de-poder-circular-por-el-paso-deprimido\/#breadcrumb","itemListElement":[{"@type":"ListItem","position":1,"name":"Portada","item":"https:\/\/reporteroshoy.mx\/noticias\/"},{"@type":"ListItem","position":2,"name":"Ya casi, a poco de poder circular por el paso deprimido"}]},{"@type":"WebSite","@id":"https:\/\/reporteroshoy.mx\/noticias\/#website","url":"https:\/\/reporteroshoy.mx\/noticias\/","name":"Reporteros Hoy | Noticias de Yucat\u00e1n","description":"Peri\u00f3dico digital con noticias diarias desde M\u00e9rida, Yucat\u00e1n para el mundo.","potentialAction":[{"@type":"SearchAction","target":{"@type":"EntryPoint","urlTemplate":"https:\/\/reporteroshoy.mx\/noticias\/?s={search_term_string}"},"query-input":{"@type":"PropertyValueSpecification","valueRequired":true,"valueName":"search_term_string"}}],"inLanguage":"es"},{"@type":"Person","@id":"https:\/\/reporteroshoy.mx\/noticias\/#\/schema\/person\/49ae631fc906b44554e4ba3866c505d7","name":"Reporteros Hoy GS","image":{"@type":"ImageObject","inLanguage":"es","@id":"https:\/\/secure.gravatar.com\/avatar\/00d32adb620345c3db2cfc175917f65c584e1e338fdc49ad126aa1f9830eb6a9?s=96&d=mm&r=g","url":"https:\/\/secure.gravatar.com\/avatar\/00d32adb620345c3db2cfc175917f65c584e1e338fdc49ad126aa1f9830eb6a9?s=96&d=mm&r=g","contentUrl":"https:\/\/secure.gravatar.com\/avatar\/00d32adb620345c3db2cfc175917f65c584e1e338fdc49ad126aa1f9830eb6a9?s=96&d=mm&r=g","caption":"Reporteros Hoy GS"},"url":"https:\/\/reporteroshoy.mx\/noticias\/author\/lupis\/"}]}},"_links":{"self":[{"href":"https:\/\/reporteroshoy.mx\/noticias\/wp-json\/wp\/v2\/posts\/74578","targetHints":{"allow":["GET"]}}],"collection":[{"href":"https:\/\/reporteroshoy.mx\/noticias\/wp-json\/wp\/v2\/posts"}],"about":[{"href":"https:\/\/reporteroshoy.mx\/noticias\/wp-json\/wp\/v2\/types\/post"}],"author":[{"embeddable":true,"href":"https:\/\/reporteroshoy.mx\/noticias\/wp-json\/wp\/v2\/users\/6"}],"replies":[{"embeddable":true,"href":"https:\/\/reporteroshoy.mx\/noticias\/wp-json\/wp\/v2\/comments?post=74578"}],"version-history":[{"count":0,"href":"https:\/\/reporteroshoy.mx\/noticias\/wp-json\/wp\/v2\/posts\/74578\/revisions"}],"wp:featuredmedia":[{"embeddable":true,"href":"https:\/\/reporteroshoy.mx\/noticias\/wp-json\/wp\/v2\/media\/74579"}],"wp:attachment":[{"href":"https:\/\/reporteroshoy.mx\/noticias\/wp-json\/wp\/v2\/media?parent=74578"}],"wp:term":[{"taxonomy":"category","embeddable":true,"href":"https:\/\/reporteroshoy.mx\/noticias\/wp-json\/wp\/v2\/categories?post=74578"},{"taxonomy":"post_tag","embeddable":true,"href":"https:\/\/reporteroshoy.mx\/noticias\/wp-json\/wp\/v2\/tags?post=74578"}],"curies":[{"name":"wp","href":"https:\/\/api.w.org\/{rel}","templated":true}]}}