{"id":74708,"date":"2021-10-26T23:19:16","date_gmt":"2021-10-27T04:19:16","guid":{"rendered":"https:\/\/reporteroshoy.mx\/noticias\/?p=74708"},"modified":"2021-10-26T23:19:16","modified_gmt":"2021-10-27T04:19:16","slug":"motociclista-grave-en-el-hospital-se-le-fue-encima-un-conductor-ebrio","status":"publish","type":"post","link":"https:\/\/reporteroshoy.mx\/noticias\/motociclista-grave-en-el-hospital-se-le-fue-encima-un-conductor-ebrio\/","title":{"rendered":"Motociclista grave en el hospital: se le fue encima un conductor ebrio"},"content":{"rendered":"<p id=\"geom_inter_1635307130594_85_37\" dir=\"ltr\" style=\"text-align: justify;\"><span id=\"geom_inter_1635307130593_21_35\">Mococh\u00e1, Yucat\u00e1n; 26 de octubre de 2021 (ACOM).- Un aparatoso siniestro vial, \u00a0protagonizado por un motociclista y el conductor de una camioneta, se registr\u00f3 en el kil\u00f3metro 5 de la v\u00eda Baca-Mococh\u00e1.<\/span><\/p>\n<p dir=\"ltr\" style=\"text-align: justify;\"><span id=\"geom_inter_1635307130593_81_36\">De acuerdo con la informaci\u00f3n recabada, el motociclista transitaba de oriente a poniente con direcci\u00f3n a Mococh\u00e1, cuando el guiador de una camioneta, quien manejaba en estado de ebriedad, se le fue encima al invadir el carril contrario.<\/span><\/p>\n<p dir=\"ltr\" style=\"text-align: justify;\"><img loading=\"lazy\" decoding=\"async\" class=\"wp-image-74709 aligncenter\" src=\"https:\/\/reporteroshoy.mx\/noticias\/wp-content\/uploads\/2021\/10\/MOCOCHA-2-scaled.jpg\" alt=\"\" width=\"635\" height=\"429\" srcset=\"https:\/\/reporteroshoy.mx\/noticias\/wp-content\/uploads\/2021\/10\/MOCOCHA-2-scaled.jpg 768w, https:\/\/reporteroshoy.mx\/noticias\/wp-content\/uploads\/2021\/10\/MOCOCHA-2-1536x1038.jpg 1536w\" sizes=\"auto, (max-width: 635px) 100vw, 635px\" \/> Aunque trat\u00f3 de evitar el choque, el joven, originario de Yaxkukul, fue impactado en un abrir y cerrar de ojos por el veh\u00edculo, que termin\u00f3\u00a0entre la maleza y con luces encendidas.<\/p>\n<p dir=\"ltr\"><img loading=\"lazy\" decoding=\"async\" class=\"wp-image-74710 aligncenter\" src=\"https:\/\/reporteroshoy.mx\/noticias\/wp-content\/uploads\/2021\/10\/moto-mococha-scaled.jpg\" alt=\"\" width=\"605\" height=\"341\" \/><\/p>\n<p dir=\"ltr\" style=\"text-align: justify;\">Al lugar de los hechos llegaron elementos de protecci\u00f3n civil municipal, quienes se dieron a la tarea de dirigir el tr\u00e1fico vehicular para evitar otro percance.<\/p>\n<p dir=\"ltr\" style=\"text-align: justify;\">Tambi\u00e9n acudieron param\u00e9dicos de la ambulancia 21-L de la Secretar\u00eda de Seguridad P\u00fablica (SSP), al mando del oficial Fernando Pech, aplic\u00f3 los primeros auxilios al lesionado\u00a0 para su traslado a un hospital de la ciudad de M\u00e9rida.<\/p>\n","protected":false},"excerpt":{"rendered":"<p>Una vez m\u00e1s queda en evidencia que el alcohol y el volante no se juntan. Ahora un joven originario de Yaxkukul fue arrollado en la v\u00eda Baca-Mococh\u00e1.<\/p>\n","protected":false},"author":2,"featured_media":74709,"comment_status":"open","ping_status":"closed","sticky":false,"template":"","format":"standard","meta":{"footnotes":""},"categories":[11],"tags":[19667,5510,1433,760],"class_list":["post-74708","post","type-post","status-publish","format-standard","has-post-thumbnail","hentry","category-municipios-de-yucatan","tag-atropellado-en-mococha","tag-conductor-ebrio","tag-mococha","tag-yucatan-centro"],"yoast_head":"<!-- This site is optimized with the Yoast SEO plugin v28.4 - https:\/\/yoast.com\/product\/yoast-seo-wordpress\/ -->\n<title>Motociclista grave en el hospital: se le fue encima un conductor ebrio<\/title>\n<meta name=\"description\" content=\"Una vez m\u00e1s queda en evidencia que el alcohol y el volante no se juntan. Ahora un joven originario de Yaxkukul fue arrollado en la v\u00eda Baca-Mococh\u00e1.\" \/>\n<meta name=\"robots\" content=\"index, follow, max-snippet:-1, max-image-preview:large, max-video-preview:-1\" \/>\n<link rel=\"canonical\" href=\"https:\/\/reporteroshoy.mx\/noticias\/motociclista-grave-en-el-hospital-se-le-fue-encima-un-conductor-ebrio\/\" \/>\n<meta property=\"og:locale\" content=\"es_ES\" \/>\n<meta property=\"og:type\" content=\"article\" \/>\n<meta property=\"og:title\" content=\"Motociclista grave en el hospital: se le fue encima un conductor ebrio\" \/>\n<meta property=\"og:description\" content=\"Una vez m\u00e1s queda en evidencia que el alcohol y el volante no se juntan. Ahora un joven originario de Yaxkukul fue arrollado en la v\u00eda Baca-Mococh\u00e1.\" \/>\n<meta property=\"og:url\" content=\"https:\/\/reporteroshoy.mx\/noticias\/motociclista-grave-en-el-hospital-se-le-fue-encima-un-conductor-ebrio\/\" \/>\n<meta property=\"og:site_name\" content=\"Reporteros Hoy | Noticias de Yucat\u00e1n\" \/>\n<meta property=\"article:publisher\" content=\"http:\/\/www.facebook.com\/reporteroshoymx\" \/>\n<meta property=\"article:published_time\" content=\"2021-10-27T04:19:16+00:00\" \/>\n<meta property=\"og:image\" content=\"https:\/\/reporteroshoy.mx\/noticias\/wp-content\/uploads\/2021\/10\/MOCOCHA-2-scaled.jpg\" \/>\n\t<meta property=\"og:image:width\" content=\"768\" \/>\n\t<meta property=\"og:image:height\" content=\"519\" \/>\n\t<meta property=\"og:image:type\" content=\"image\/jpeg\" \/>\n<meta name=\"author\" content=\"Reporteros Hoy HY\" \/>\n<meta name=\"twitter:card\" content=\"summary_large_image\" \/>\n<meta name=\"twitter:creator\" content=\"@reporteroshoy\" \/>\n<meta name=\"twitter:site\" content=\"@reporteroshoy\" \/>\n<meta name=\"twitter:label1\" content=\"Escrito por\" \/>\n\t<meta name=\"twitter:data1\" content=\"Reporteros Hoy HY\" \/>\n\t<meta name=\"twitter:label2\" content=\"Tiempo de lectura\" \/>\n\t<meta name=\"twitter:data2\" content=\"1 minuto\" \/>\n<script type=\"application\/ld+json\" class=\"yoast-schema-graph\">{\"@context\":\"https:\\\/\\\/schema.org\",\"@graph\":[{\"@type\":\"Article\",\"@id\":\"https:\\\/\\\/reporteroshoy.mx\\\/noticias\\\/motociclista-grave-en-el-hospital-se-le-fue-encima-un-conductor-ebrio\\\/#article\",\"isPartOf\":{\"@id\":\"https:\\\/\\\/reporteroshoy.mx\\\/noticias\\\/motociclista-grave-en-el-hospital-se-le-fue-encima-un-conductor-ebrio\\\/\"},\"author\":{\"name\":\"Reporteros Hoy HY\",\"@id\":\"https:\\\/\\\/reporteroshoy.mx\\\/noticias\\\/#\\\/schema\\\/person\\\/d32189074678a9d41498d4248e29aac3\"},\"headline\":\"Motociclista grave en el hospital: se le fue encima un conductor ebrio\",\"datePublished\":\"2021-10-27T04:19:16+00:00\",\"mainEntityOfPage\":{\"@id\":\"https:\\\/\\\/reporteroshoy.mx\\\/noticias\\\/motociclista-grave-en-el-hospital-se-le-fue-encima-un-conductor-ebrio\\\/\"},\"wordCount\":188,\"commentCount\":0,\"image\":{\"@id\":\"https:\\\/\\\/reporteroshoy.mx\\\/noticias\\\/motociclista-grave-en-el-hospital-se-le-fue-encima-un-conductor-ebrio\\\/#primaryimage\"},\"thumbnailUrl\":\"https:\\\/\\\/reporteroshoy.mx\\\/noticias\\\/wp-content\\\/uploads\\\/2021\\\/10\\\/MOCOCHA-2-scaled.jpg\",\"keywords\":[\"atropellado en Mococh\u00e1\",\"Conductor ebrio\",\"Mococh\u00e1\",\"Yucat\u00e1n Centro\"],\"articleSection\":[\"Municipios\"],\"inLanguage\":\"es\",\"potentialAction\":[{\"@type\":\"CommentAction\",\"name\":\"Comment\",\"target\":[\"https:\\\/\\\/reporteroshoy.mx\\\/noticias\\\/motociclista-grave-en-el-hospital-se-le-fue-encima-un-conductor-ebrio\\\/#respond\"]}]},{\"@type\":\"WebPage\",\"@id\":\"https:\\\/\\\/reporteroshoy.mx\\\/noticias\\\/motociclista-grave-en-el-hospital-se-le-fue-encima-un-conductor-ebrio\\\/\",\"url\":\"https:\\\/\\\/reporteroshoy.mx\\\/noticias\\\/motociclista-grave-en-el-hospital-se-le-fue-encima-un-conductor-ebrio\\\/\",\"name\":\"Motociclista grave en el hospital: se le fue encima un conductor ebrio\",\"isPartOf\":{\"@id\":\"https:\\\/\\\/reporteroshoy.mx\\\/noticias\\\/#website\"},\"primaryImageOfPage\":{\"@id\":\"https:\\\/\\\/reporteroshoy.mx\\\/noticias\\\/motociclista-grave-en-el-hospital-se-le-fue-encima-un-conductor-ebrio\\\/#primaryimage\"},\"image\":{\"@id\":\"https:\\\/\\\/reporteroshoy.mx\\\/noticias\\\/motociclista-grave-en-el-hospital-se-le-fue-encima-un-conductor-ebrio\\\/#primaryimage\"},\"thumbnailUrl\":\"https:\\\/\\\/reporteroshoy.mx\\\/noticias\\\/wp-content\\\/uploads\\\/2021\\\/10\\\/MOCOCHA-2-scaled.jpg\",\"datePublished\":\"2021-10-27T04:19:16+00:00\",\"author\":{\"@id\":\"https:\\\/\\\/reporteroshoy.mx\\\/noticias\\\/#\\\/schema\\\/person\\\/d32189074678a9d41498d4248e29aac3\"},\"description\":\"Una vez m\u00e1s queda en evidencia que el alcohol y el volante no se juntan. Ahora un joven originario de Yaxkukul fue arrollado en la v\u00eda Baca-Mococh\u00e1.\",\"breadcrumb\":{\"@id\":\"https:\\\/\\\/reporteroshoy.mx\\\/noticias\\\/motociclista-grave-en-el-hospital-se-le-fue-encima-un-conductor-ebrio\\\/#breadcrumb\"},\"inLanguage\":\"es\",\"potentialAction\":[{\"@type\":\"ReadAction\",\"target\":[\"https:\\\/\\\/reporteroshoy.mx\\\/noticias\\\/motociclista-grave-en-el-hospital-se-le-fue-encima-un-conductor-ebrio\\\/\"]}]},{\"@type\":\"ImageObject\",\"inLanguage\":\"es\",\"@id\":\"https:\\\/\\\/reporteroshoy.mx\\\/noticias\\\/motociclista-grave-en-el-hospital-se-le-fue-encima-un-conductor-ebrio\\\/#primaryimage\",\"url\":\"https:\\\/\\\/reporteroshoy.mx\\\/noticias\\\/wp-content\\\/uploads\\\/2021\\\/10\\\/MOCOCHA-2-scaled.jpg\",\"contentUrl\":\"https:\\\/\\\/reporteroshoy.mx\\\/noticias\\\/wp-content\\\/uploads\\\/2021\\\/10\\\/MOCOCHA-2-scaled.jpg\",\"width\":768,\"height\":519},{\"@type\":\"BreadcrumbList\",\"@id\":\"https:\\\/\\\/reporteroshoy.mx\\\/noticias\\\/motociclista-grave-en-el-hospital-se-le-fue-encima-un-conductor-ebrio\\\/#breadcrumb\",\"itemListElement\":[{\"@type\":\"ListItem\",\"position\":1,\"name\":\"Portada\",\"item\":\"https:\\\/\\\/reporteroshoy.mx\\\/noticias\\\/\"},{\"@type\":\"ListItem\",\"position\":2,\"name\":\"Motociclista grave en el hospital: se le fue encima un conductor ebrio\"}]},{\"@type\":\"WebSite\",\"@id\":\"https:\\\/\\\/reporteroshoy.mx\\\/noticias\\\/#website\",\"url\":\"https:\\\/\\\/reporteroshoy.mx\\\/noticias\\\/\",\"name\":\"Reporteros Hoy | Noticias de Yucat\u00e1n\",\"description\":\"Peri\u00f3dico digital con noticias diarias desde M\u00e9rida, Yucat\u00e1n para el mundo.\",\"potentialAction\":[{\"@type\":\"SearchAction\",\"target\":{\"@type\":\"EntryPoint\",\"urlTemplate\":\"https:\\\/\\\/reporteroshoy.mx\\\/noticias\\\/?s={search_term_string}\"},\"query-input\":{\"@type\":\"PropertyValueSpecification\",\"valueRequired\":true,\"valueName\":\"search_term_string\"}}],\"inLanguage\":\"es\"},{\"@type\":\"Person\",\"@id\":\"https:\\\/\\\/reporteroshoy.mx\\\/noticias\\\/#\\\/schema\\\/person\\\/d32189074678a9d41498d4248e29aac3\",\"name\":\"Reporteros Hoy HY\",\"image\":{\"@type\":\"ImageObject\",\"inLanguage\":\"es\",\"@id\":\"https:\\\/\\\/secure.gravatar.com\\\/avatar\\\/c539a82770f256437b35bda44650bb50f5fd4b7017f8b29672ed9f27a43cec47?s=96&d=mm&r=g\",\"url\":\"https:\\\/\\\/secure.gravatar.com\\\/avatar\\\/c539a82770f256437b35bda44650bb50f5fd4b7017f8b29672ed9f27a43cec47?s=96&d=mm&r=g\",\"contentUrl\":\"https:\\\/\\\/secure.gravatar.com\\\/avatar\\\/c539a82770f256437b35bda44650bb50f5fd4b7017f8b29672ed9f27a43cec47?s=96&d=mm&r=g\",\"caption\":\"Reporteros Hoy HY\"},\"url\":\"https:\\\/\\\/reporteroshoy.mx\\\/noticias\\\/author\\\/thelmo\\\/\"}]}<\/script>\n<!-- \/ Yoast SEO plugin. -->","yoast_head_json":{"title":"Motociclista grave en el hospital: se le fue encima un conductor ebrio","description":"Una vez m\u00e1s queda en evidencia que el alcohol y el volante no se juntan. Ahora un joven originario de Yaxkukul fue arrollado en la v\u00eda Baca-Mococh\u00e1.","robots":{"index":"index","follow":"follow","max-snippet":"max-snippet:-1","max-image-preview":"max-image-preview:large","max-video-preview":"max-video-preview:-1"},"canonical":"https:\/\/reporteroshoy.mx\/noticias\/motociclista-grave-en-el-hospital-se-le-fue-encima-un-conductor-ebrio\/","og_locale":"es_ES","og_type":"article","og_title":"Motociclista grave en el hospital: se le fue encima un conductor ebrio","og_description":"Una vez m\u00e1s queda en evidencia que el alcohol y el volante no se juntan. Ahora un joven originario de Yaxkukul fue arrollado en la v\u00eda Baca-Mococh\u00e1.","og_url":"https:\/\/reporteroshoy.mx\/noticias\/motociclista-grave-en-el-hospital-se-le-fue-encima-un-conductor-ebrio\/","og_site_name":"Reporteros Hoy | Noticias de Yucat\u00e1n","article_publisher":"http:\/\/www.facebook.com\/reporteroshoymx","article_published_time":"2021-10-27T04:19:16+00:00","og_image":[{"width":768,"height":519,"url":"https:\/\/reporteroshoy.mx\/noticias\/wp-content\/uploads\/2021\/10\/MOCOCHA-2-scaled.jpg","type":"image\/jpeg"}],"author":"Reporteros Hoy HY","twitter_card":"summary_large_image","twitter_creator":"@reporteroshoy","twitter_site":"@reporteroshoy","twitter_misc":{"Escrito por":"Reporteros Hoy HY","Tiempo de lectura":"1 minuto"},"schema":{"@context":"https:\/\/schema.org","@graph":[{"@type":"Article","@id":"https:\/\/reporteroshoy.mx\/noticias\/motociclista-grave-en-el-hospital-se-le-fue-encima-un-conductor-ebrio\/#article","isPartOf":{"@id":"https:\/\/reporteroshoy.mx\/noticias\/motociclista-grave-en-el-hospital-se-le-fue-encima-un-conductor-ebrio\/"},"author":{"name":"Reporteros Hoy HY","@id":"https:\/\/reporteroshoy.mx\/noticias\/#\/schema\/person\/d32189074678a9d41498d4248e29aac3"},"headline":"Motociclista grave en el hospital: se le fue encima un conductor ebrio","datePublished":"2021-10-27T04:19:16+00:00","mainEntityOfPage":{"@id":"https:\/\/reporteroshoy.mx\/noticias\/motociclista-grave-en-el-hospital-se-le-fue-encima-un-conductor-ebrio\/"},"wordCount":188,"commentCount":0,"image":{"@id":"https:\/\/reporteroshoy.mx\/noticias\/motociclista-grave-en-el-hospital-se-le-fue-encima-un-conductor-ebrio\/#primaryimage"},"thumbnailUrl":"https:\/\/reporteroshoy.mx\/noticias\/wp-content\/uploads\/2021\/10\/MOCOCHA-2-scaled.jpg","keywords":["atropellado en Mococh\u00e1","Conductor ebrio","Mococh\u00e1","Yucat\u00e1n Centro"],"articleSection":["Municipios"],"inLanguage":"es","potentialAction":[{"@type":"CommentAction","name":"Comment","target":["https:\/\/reporteroshoy.mx\/noticias\/motociclista-grave-en-el-hospital-se-le-fue-encima-un-conductor-ebrio\/#respond"]}]},{"@type":"WebPage","@id":"https:\/\/reporteroshoy.mx\/noticias\/motociclista-grave-en-el-hospital-se-le-fue-encima-un-conductor-ebrio\/","url":"https:\/\/reporteroshoy.mx\/noticias\/motociclista-grave-en-el-hospital-se-le-fue-encima-un-conductor-ebrio\/","name":"Motociclista grave en el hospital: se le fue encima un conductor ebrio","isPartOf":{"@id":"https:\/\/reporteroshoy.mx\/noticias\/#website"},"primaryImageOfPage":{"@id":"https:\/\/reporteroshoy.mx\/noticias\/motociclista-grave-en-el-hospital-se-le-fue-encima-un-conductor-ebrio\/#primaryimage"},"image":{"@id":"https:\/\/reporteroshoy.mx\/noticias\/motociclista-grave-en-el-hospital-se-le-fue-encima-un-conductor-ebrio\/#primaryimage"},"thumbnailUrl":"https:\/\/reporteroshoy.mx\/noticias\/wp-content\/uploads\/2021\/10\/MOCOCHA-2-scaled.jpg","datePublished":"2021-10-27T04:19:16+00:00","author":{"@id":"https:\/\/reporteroshoy.mx\/noticias\/#\/schema\/person\/d32189074678a9d41498d4248e29aac3"},"description":"Una vez m\u00e1s queda en evidencia que el alcohol y el volante no se juntan. Ahora un joven originario de Yaxkukul fue arrollado en la v\u00eda Baca-Mococh\u00e1.","breadcrumb":{"@id":"https:\/\/reporteroshoy.mx\/noticias\/motociclista-grave-en-el-hospital-se-le-fue-encima-un-conductor-ebrio\/#breadcrumb"},"inLanguage":"es","potentialAction":[{"@type":"ReadAction","target":["https:\/\/reporteroshoy.mx\/noticias\/motociclista-grave-en-el-hospital-se-le-fue-encima-un-conductor-ebrio\/"]}]},{"@type":"ImageObject","inLanguage":"es","@id":"https:\/\/reporteroshoy.mx\/noticias\/motociclista-grave-en-el-hospital-se-le-fue-encima-un-conductor-ebrio\/#primaryimage","url":"https:\/\/reporteroshoy.mx\/noticias\/wp-content\/uploads\/2021\/10\/MOCOCHA-2-scaled.jpg","contentUrl":"https:\/\/reporteroshoy.mx\/noticias\/wp-content\/uploads\/2021\/10\/MOCOCHA-2-scaled.jpg","width":768,"height":519},{"@type":"BreadcrumbList","@id":"https:\/\/reporteroshoy.mx\/noticias\/motociclista-grave-en-el-hospital-se-le-fue-encima-un-conductor-ebrio\/#breadcrumb","itemListElement":[{"@type":"ListItem","position":1,"name":"Portada","item":"https:\/\/reporteroshoy.mx\/noticias\/"},{"@type":"ListItem","position":2,"name":"Motociclista grave en el hospital: se le fue encima un conductor ebrio"}]},{"@type":"WebSite","@id":"https:\/\/reporteroshoy.mx\/noticias\/#website","url":"https:\/\/reporteroshoy.mx\/noticias\/","name":"Reporteros Hoy | Noticias de Yucat\u00e1n","description":"Peri\u00f3dico digital con noticias diarias desde M\u00e9rida, Yucat\u00e1n para el mundo.","potentialAction":[{"@type":"SearchAction","target":{"@type":"EntryPoint","urlTemplate":"https:\/\/reporteroshoy.mx\/noticias\/?s={search_term_string}"},"query-input":{"@type":"PropertyValueSpecification","valueRequired":true,"valueName":"search_term_string"}}],"inLanguage":"es"},{"@type":"Person","@id":"https:\/\/reporteroshoy.mx\/noticias\/#\/schema\/person\/d32189074678a9d41498d4248e29aac3","name":"Reporteros Hoy HY","image":{"@type":"ImageObject","inLanguage":"es","@id":"https:\/\/secure.gravatar.com\/avatar\/c539a82770f256437b35bda44650bb50f5fd4b7017f8b29672ed9f27a43cec47?s=96&d=mm&r=g","url":"https:\/\/secure.gravatar.com\/avatar\/c539a82770f256437b35bda44650bb50f5fd4b7017f8b29672ed9f27a43cec47?s=96&d=mm&r=g","contentUrl":"https:\/\/secure.gravatar.com\/avatar\/c539a82770f256437b35bda44650bb50f5fd4b7017f8b29672ed9f27a43cec47?s=96&d=mm&r=g","caption":"Reporteros Hoy HY"},"url":"https:\/\/reporteroshoy.mx\/noticias\/author\/thelmo\/"}]}},"_links":{"self":[{"href":"https:\/\/reporteroshoy.mx\/noticias\/wp-json\/wp\/v2\/posts\/74708","targetHints":{"allow":["GET"]}}],"collection":[{"href":"https:\/\/reporteroshoy.mx\/noticias\/wp-json\/wp\/v2\/posts"}],"about":[{"href":"https:\/\/reporteroshoy.mx\/noticias\/wp-json\/wp\/v2\/types\/post"}],"author":[{"embeddable":true,"href":"https:\/\/reporteroshoy.mx\/noticias\/wp-json\/wp\/v2\/users\/2"}],"replies":[{"embeddable":true,"href":"https:\/\/reporteroshoy.mx\/noticias\/wp-json\/wp\/v2\/comments?post=74708"}],"version-history":[{"count":0,"href":"https:\/\/reporteroshoy.mx\/noticias\/wp-json\/wp\/v2\/posts\/74708\/revisions"}],"wp:featuredmedia":[{"embeddable":true,"href":"https:\/\/reporteroshoy.mx\/noticias\/wp-json\/wp\/v2\/media\/74709"}],"wp:attachment":[{"href":"https:\/\/reporteroshoy.mx\/noticias\/wp-json\/wp\/v2\/media?parent=74708"}],"wp:term":[{"taxonomy":"category","embeddable":true,"href":"https:\/\/reporteroshoy.mx\/noticias\/wp-json\/wp\/v2\/categories?post=74708"},{"taxonomy":"post_tag","embeddable":true,"href":"https:\/\/reporteroshoy.mx\/noticias\/wp-json\/wp\/v2\/tags?post=74708"}],"curies":[{"name":"wp","href":"https:\/\/api.w.org\/{rel}","templated":true}]}}