{"id":74763,"date":"2021-10-27T19:36:51","date_gmt":"2021-10-28T00:36:51","guid":{"rendered":"https:\/\/reporteroshoy.mx\/noticias\/?p=74763"},"modified":"2021-10-27T19:39:34","modified_gmt":"2021-10-28T00:39:34","slug":"poco-a-poco-va-tomando-forma-el-deprimido-ya-le-pusieron-luz-y-plantas","status":"publish","type":"post","link":"https:\/\/reporteroshoy.mx\/noticias\/poco-a-poco-va-tomando-forma-el-deprimido-ya-le-pusieron-luz-y-plantas\/","title":{"rendered":"Poco a poco va tomando forma el &#8216;deprimido&#8217;, ya le pusieron luz y plantas"},"content":{"rendered":"<p style=\"text-align: justify;\">M\u00e9rida, Yucat\u00e1n a 27 de octubre del 2021.- Para mejorar la seguridad al circular por el paso a desnivel de Prolongaci\u00f3n de Paseo de Montejo, el Ayuntamiento de M\u00e9rida instal\u00f3 luminarias e infraestructura urbana en la zona.<\/p>\n<p style=\"text-align: justify;\">En los carriles del tr\u00e1nsito se colocaron 20 luminarias led en todo el recorrido, lo que otorga un confort visual.\u00a0Estas l\u00e1mparas cuentan con cabler\u00eda independiente de los dem\u00e1s equipos del distribuidor vial, es decir, alimentar\u00e1 exclusivamente la iluminaci\u00f3n del distribuidor vial.<\/p>\n<p style=\"text-align: justify;\"><img loading=\"lazy\" decoding=\"async\" class=\"wp-image-74766 aligncenter\" src=\"https:\/\/reporteroshoy.mx\/noticias\/wp-content\/uploads\/2021\/10\/PASO-A-DESNIVEL-1-scaled.jpeg\" alt=\"\" width=\"646\" height=\"422\" \/> En el exterior se mantendr\u00e1 la misma iluminaci\u00f3n existente, a la cual se le da mantenimiento para que funcione de manera \u00f3ptima.<\/p>\n<p style=\"text-align: justify;\">Como parte de las acciones de esta \u00faltima etapa de la rehabilitaci\u00f3n, en lo referente a la reforestaci\u00f3n del distribuidor vial se retiraron las plantas que se encontraban en las jardineras laterales y se reubicaron en el vivero municipal, y en su lugar se colocaran maceteros lo que facilitara el mantenimiento y el riego de las plantas por medio de pipas.<\/p>\n<p><img loading=\"lazy\" decoding=\"async\" class=\"size-full wp-image-74767 aligncenter\" src=\"https:\/\/reporteroshoy.mx\/noticias\/wp-content\/uploads\/2021\/10\/Paso-a-desnivel-2-scaled.jpeg\" alt=\"\" width=\"576\" height=\"768\" srcset=\"https:\/\/reporteroshoy.mx\/noticias\/wp-content\/uploads\/2021\/10\/Paso-a-desnivel-2-scaled.jpeg 576w, https:\/\/reporteroshoy.mx\/noticias\/wp-content\/uploads\/2021\/10\/Paso-a-desnivel-2-768x1024.jpeg 768w\" sizes=\"auto, (max-width: 576px) 100vw, 576px\" \/><\/p>\n<p style=\"text-align: justify;\">De igual manera, se reforestaron 50 metros lineales del camell\u00f3n central de la rampa sur con 359 plantas de ornato conocidas como lipias que requieren poco riego, en las calles aleda\u00f1as se podaron 144 \u00e1rboles para levantar el corte y permitir la circulaci\u00f3n de los camiones y autobuses que circulen por la zona y para preparar su adorno por las pr\u00f3ximas fiestas navide\u00f1as.<\/p>\n","protected":false},"excerpt":{"rendered":"<p>En estos d\u00edas se instalaron 20 luminarias led en todo el recorrido del paso a desnivel, adem\u00e1s de que se reforestaron 50 metros lineales de la rampa sur con lipias de ornato.<\/p>\n","protected":false},"author":2,"featured_media":74766,"comment_status":"open","ping_status":"closed","sticky":false,"template":"","format":"standard","meta":{"footnotes":""},"categories":[7],"tags":[12250,16124],"class_list":["post-74763","post","type-post","status-publish","format-standard","has-post-thumbnail","hentry","category-gobierno","tag-paso-deprimido","tag-paso-deprimido-en-merida"],"yoast_head":"<!-- This site is optimized with the Yoast SEO plugin v28.3 - https:\/\/yoast.com\/product\/yoast-seo-wordpress\/ -->\n<title>Poco a poco va tomando forma el &#039;deprimido&#039;, ya le pusieron luz y plantas<\/title>\n<meta name=\"description\" content=\"En estos d\u00edas se instalaron 20 luminarias led en todo el recorrido del paso a desnivel, adem\u00e1s de que se reforestaron 50 metros lineales de la rampa sur con lipias de ornato.\" \/>\n<meta name=\"robots\" content=\"index, follow, max-snippet:-1, max-image-preview:large, max-video-preview:-1\" \/>\n<link rel=\"canonical\" href=\"https:\/\/reporteroshoy.mx\/noticias\/poco-a-poco-va-tomando-forma-el-deprimido-ya-le-pusieron-luz-y-plantas\/\" \/>\n<meta property=\"og:locale\" content=\"es_ES\" \/>\n<meta property=\"og:type\" content=\"article\" \/>\n<meta property=\"og:title\" content=\"Poco a poco va tomando forma el &#039;deprimido&#039;, ya le pusieron luz y plantas\" \/>\n<meta property=\"og:description\" content=\"En estos d\u00edas se instalaron 20 luminarias led en todo el recorrido del paso a desnivel, adem\u00e1s de que se reforestaron 50 metros lineales de la rampa sur con lipias de ornato.\" \/>\n<meta property=\"og:url\" content=\"https:\/\/reporteroshoy.mx\/noticias\/poco-a-poco-va-tomando-forma-el-deprimido-ya-le-pusieron-luz-y-plantas\/\" \/>\n<meta property=\"og:site_name\" content=\"Reporteros Hoy | Noticias de Yucat\u00e1n\" \/>\n<meta property=\"article:publisher\" content=\"http:\/\/www.facebook.com\/reporteroshoymx\" \/>\n<meta property=\"article:published_time\" content=\"2021-10-28T00:36:51+00:00\" \/>\n<meta property=\"article:modified_time\" content=\"2021-10-28T00:39:34+00:00\" \/>\n<meta property=\"og:image\" content=\"https:\/\/reporteroshoy.mx\/noticias\/wp-content\/uploads\/2021\/10\/PASO-A-DESNIVEL-1-scaled.jpeg\" \/>\n\t<meta property=\"og:image:width\" content=\"768\" \/>\n\t<meta property=\"og:image:height\" content=\"502\" \/>\n\t<meta property=\"og:image:type\" content=\"image\/jpeg\" \/>\n<meta name=\"author\" content=\"Reporteros Hoy HY\" \/>\n<meta name=\"twitter:card\" content=\"summary_large_image\" \/>\n<meta name=\"twitter:creator\" content=\"@reporteroshoy\" \/>\n<meta name=\"twitter:site\" content=\"@reporteroshoy\" \/>\n<meta name=\"twitter:label1\" content=\"Escrito por\" \/>\n\t<meta name=\"twitter:data1\" content=\"Reporteros Hoy HY\" \/>\n\t<meta name=\"twitter:label2\" content=\"Tiempo de lectura\" \/>\n\t<meta name=\"twitter:data2\" content=\"1 minuto\" \/>\n<script type=\"application\/ld+json\" class=\"yoast-schema-graph\">{\"@context\":\"https:\\\/\\\/schema.org\",\"@graph\":[{\"@type\":\"Article\",\"@id\":\"https:\\\/\\\/reporteroshoy.mx\\\/noticias\\\/poco-a-poco-va-tomando-forma-el-deprimido-ya-le-pusieron-luz-y-plantas\\\/#article\",\"isPartOf\":{\"@id\":\"https:\\\/\\\/reporteroshoy.mx\\\/noticias\\\/poco-a-poco-va-tomando-forma-el-deprimido-ya-le-pusieron-luz-y-plantas\\\/\"},\"author\":{\"name\":\"Reporteros Hoy HY\",\"@id\":\"https:\\\/\\\/reporteroshoy.mx\\\/noticias\\\/#\\\/schema\\\/person\\\/d32189074678a9d41498d4248e29aac3\"},\"headline\":\"Poco a poco va tomando forma el &#8216;deprimido&#8217;, ya le pusieron luz y plantas\",\"datePublished\":\"2021-10-28T00:36:51+00:00\",\"dateModified\":\"2021-10-28T00:39:34+00:00\",\"mainEntityOfPage\":{\"@id\":\"https:\\\/\\\/reporteroshoy.mx\\\/noticias\\\/poco-a-poco-va-tomando-forma-el-deprimido-ya-le-pusieron-luz-y-plantas\\\/\"},\"wordCount\":251,\"commentCount\":0,\"image\":{\"@id\":\"https:\\\/\\\/reporteroshoy.mx\\\/noticias\\\/poco-a-poco-va-tomando-forma-el-deprimido-ya-le-pusieron-luz-y-plantas\\\/#primaryimage\"},\"thumbnailUrl\":\"https:\\\/\\\/reporteroshoy.mx\\\/noticias\\\/wp-content\\\/uploads\\\/2021\\\/10\\\/PASO-A-DESNIVEL-1-scaled.jpeg\",\"keywords\":[\"paso deprimido\",\"paso deprimido en M\u00e9rida\"],\"articleSection\":[\"Gobierno\"],\"inLanguage\":\"es\",\"potentialAction\":[{\"@type\":\"CommentAction\",\"name\":\"Comment\",\"target\":[\"https:\\\/\\\/reporteroshoy.mx\\\/noticias\\\/poco-a-poco-va-tomando-forma-el-deprimido-ya-le-pusieron-luz-y-plantas\\\/#respond\"]}]},{\"@type\":\"WebPage\",\"@id\":\"https:\\\/\\\/reporteroshoy.mx\\\/noticias\\\/poco-a-poco-va-tomando-forma-el-deprimido-ya-le-pusieron-luz-y-plantas\\\/\",\"url\":\"https:\\\/\\\/reporteroshoy.mx\\\/noticias\\\/poco-a-poco-va-tomando-forma-el-deprimido-ya-le-pusieron-luz-y-plantas\\\/\",\"name\":\"Poco a poco va tomando forma el 'deprimido', ya le pusieron luz y plantas\",\"isPartOf\":{\"@id\":\"https:\\\/\\\/reporteroshoy.mx\\\/noticias\\\/#website\"},\"primaryImageOfPage\":{\"@id\":\"https:\\\/\\\/reporteroshoy.mx\\\/noticias\\\/poco-a-poco-va-tomando-forma-el-deprimido-ya-le-pusieron-luz-y-plantas\\\/#primaryimage\"},\"image\":{\"@id\":\"https:\\\/\\\/reporteroshoy.mx\\\/noticias\\\/poco-a-poco-va-tomando-forma-el-deprimido-ya-le-pusieron-luz-y-plantas\\\/#primaryimage\"},\"thumbnailUrl\":\"https:\\\/\\\/reporteroshoy.mx\\\/noticias\\\/wp-content\\\/uploads\\\/2021\\\/10\\\/PASO-A-DESNIVEL-1-scaled.jpeg\",\"datePublished\":\"2021-10-28T00:36:51+00:00\",\"dateModified\":\"2021-10-28T00:39:34+00:00\",\"author\":{\"@id\":\"https:\\\/\\\/reporteroshoy.mx\\\/noticias\\\/#\\\/schema\\\/person\\\/d32189074678a9d41498d4248e29aac3\"},\"description\":\"En estos d\u00edas se instalaron 20 luminarias led en todo el recorrido del paso a desnivel, adem\u00e1s de que se reforestaron 50 metros lineales de la rampa sur con lipias de ornato.\",\"breadcrumb\":{\"@id\":\"https:\\\/\\\/reporteroshoy.mx\\\/noticias\\\/poco-a-poco-va-tomando-forma-el-deprimido-ya-le-pusieron-luz-y-plantas\\\/#breadcrumb\"},\"inLanguage\":\"es\",\"potentialAction\":[{\"@type\":\"ReadAction\",\"target\":[\"https:\\\/\\\/reporteroshoy.mx\\\/noticias\\\/poco-a-poco-va-tomando-forma-el-deprimido-ya-le-pusieron-luz-y-plantas\\\/\"]}]},{\"@type\":\"ImageObject\",\"inLanguage\":\"es\",\"@id\":\"https:\\\/\\\/reporteroshoy.mx\\\/noticias\\\/poco-a-poco-va-tomando-forma-el-deprimido-ya-le-pusieron-luz-y-plantas\\\/#primaryimage\",\"url\":\"https:\\\/\\\/reporteroshoy.mx\\\/noticias\\\/wp-content\\\/uploads\\\/2021\\\/10\\\/PASO-A-DESNIVEL-1-scaled.jpeg\",\"contentUrl\":\"https:\\\/\\\/reporteroshoy.mx\\\/noticias\\\/wp-content\\\/uploads\\\/2021\\\/10\\\/PASO-A-DESNIVEL-1-scaled.jpeg\",\"width\":768,\"height\":502},{\"@type\":\"BreadcrumbList\",\"@id\":\"https:\\\/\\\/reporteroshoy.mx\\\/noticias\\\/poco-a-poco-va-tomando-forma-el-deprimido-ya-le-pusieron-luz-y-plantas\\\/#breadcrumb\",\"itemListElement\":[{\"@type\":\"ListItem\",\"position\":1,\"name\":\"Portada\",\"item\":\"https:\\\/\\\/reporteroshoy.mx\\\/noticias\\\/\"},{\"@type\":\"ListItem\",\"position\":2,\"name\":\"Poco a poco va tomando forma el &#8216;deprimido&#8217;, ya le pusieron luz y plantas\"}]},{\"@type\":\"WebSite\",\"@id\":\"https:\\\/\\\/reporteroshoy.mx\\\/noticias\\\/#website\",\"url\":\"https:\\\/\\\/reporteroshoy.mx\\\/noticias\\\/\",\"name\":\"Reporteros Hoy | Noticias de Yucat\u00e1n\",\"description\":\"Peri\u00f3dico digital con noticias diarias desde M\u00e9rida, Yucat\u00e1n para el mundo.\",\"potentialAction\":[{\"@type\":\"SearchAction\",\"target\":{\"@type\":\"EntryPoint\",\"urlTemplate\":\"https:\\\/\\\/reporteroshoy.mx\\\/noticias\\\/?s={search_term_string}\"},\"query-input\":{\"@type\":\"PropertyValueSpecification\",\"valueRequired\":true,\"valueName\":\"search_term_string\"}}],\"inLanguage\":\"es\"},{\"@type\":\"Person\",\"@id\":\"https:\\\/\\\/reporteroshoy.mx\\\/noticias\\\/#\\\/schema\\\/person\\\/d32189074678a9d41498d4248e29aac3\",\"name\":\"Reporteros Hoy HY\",\"image\":{\"@type\":\"ImageObject\",\"inLanguage\":\"es\",\"@id\":\"https:\\\/\\\/secure.gravatar.com\\\/avatar\\\/c539a82770f256437b35bda44650bb50f5fd4b7017f8b29672ed9f27a43cec47?s=96&d=mm&r=g\",\"url\":\"https:\\\/\\\/secure.gravatar.com\\\/avatar\\\/c539a82770f256437b35bda44650bb50f5fd4b7017f8b29672ed9f27a43cec47?s=96&d=mm&r=g\",\"contentUrl\":\"https:\\\/\\\/secure.gravatar.com\\\/avatar\\\/c539a82770f256437b35bda44650bb50f5fd4b7017f8b29672ed9f27a43cec47?s=96&d=mm&r=g\",\"caption\":\"Reporteros Hoy HY\"},\"url\":\"https:\\\/\\\/reporteroshoy.mx\\\/noticias\\\/author\\\/thelmo\\\/\"}]}<\/script>\n<!-- \/ Yoast SEO plugin. -->","yoast_head_json":{"title":"Poco a poco va tomando forma el 'deprimido', ya le pusieron luz y plantas","description":"En estos d\u00edas se instalaron 20 luminarias led en todo el recorrido del paso a desnivel, adem\u00e1s de que se reforestaron 50 metros lineales de la rampa sur con lipias de ornato.","robots":{"index":"index","follow":"follow","max-snippet":"max-snippet:-1","max-image-preview":"max-image-preview:large","max-video-preview":"max-video-preview:-1"},"canonical":"https:\/\/reporteroshoy.mx\/noticias\/poco-a-poco-va-tomando-forma-el-deprimido-ya-le-pusieron-luz-y-plantas\/","og_locale":"es_ES","og_type":"article","og_title":"Poco a poco va tomando forma el 'deprimido', ya le pusieron luz y plantas","og_description":"En estos d\u00edas se instalaron 20 luminarias led en todo el recorrido del paso a desnivel, adem\u00e1s de que se reforestaron 50 metros lineales de la rampa sur con lipias de ornato.","og_url":"https:\/\/reporteroshoy.mx\/noticias\/poco-a-poco-va-tomando-forma-el-deprimido-ya-le-pusieron-luz-y-plantas\/","og_site_name":"Reporteros Hoy | Noticias de Yucat\u00e1n","article_publisher":"http:\/\/www.facebook.com\/reporteroshoymx","article_published_time":"2021-10-28T00:36:51+00:00","article_modified_time":"2021-10-28T00:39:34+00:00","og_image":[{"width":768,"height":502,"url":"https:\/\/reporteroshoy.mx\/noticias\/wp-content\/uploads\/2021\/10\/PASO-A-DESNIVEL-1-scaled.jpeg","type":"image\/jpeg"}],"author":"Reporteros Hoy HY","twitter_card":"summary_large_image","twitter_creator":"@reporteroshoy","twitter_site":"@reporteroshoy","twitter_misc":{"Escrito por":"Reporteros Hoy HY","Tiempo de lectura":"1 minuto"},"schema":{"@context":"https:\/\/schema.org","@graph":[{"@type":"Article","@id":"https:\/\/reporteroshoy.mx\/noticias\/poco-a-poco-va-tomando-forma-el-deprimido-ya-le-pusieron-luz-y-plantas\/#article","isPartOf":{"@id":"https:\/\/reporteroshoy.mx\/noticias\/poco-a-poco-va-tomando-forma-el-deprimido-ya-le-pusieron-luz-y-plantas\/"},"author":{"name":"Reporteros Hoy HY","@id":"https:\/\/reporteroshoy.mx\/noticias\/#\/schema\/person\/d32189074678a9d41498d4248e29aac3"},"headline":"Poco a poco va tomando forma el &#8216;deprimido&#8217;, ya le pusieron luz y plantas","datePublished":"2021-10-28T00:36:51+00:00","dateModified":"2021-10-28T00:39:34+00:00","mainEntityOfPage":{"@id":"https:\/\/reporteroshoy.mx\/noticias\/poco-a-poco-va-tomando-forma-el-deprimido-ya-le-pusieron-luz-y-plantas\/"},"wordCount":251,"commentCount":0,"image":{"@id":"https:\/\/reporteroshoy.mx\/noticias\/poco-a-poco-va-tomando-forma-el-deprimido-ya-le-pusieron-luz-y-plantas\/#primaryimage"},"thumbnailUrl":"https:\/\/reporteroshoy.mx\/noticias\/wp-content\/uploads\/2021\/10\/PASO-A-DESNIVEL-1-scaled.jpeg","keywords":["paso deprimido","paso deprimido en M\u00e9rida"],"articleSection":["Gobierno"],"inLanguage":"es","potentialAction":[{"@type":"CommentAction","name":"Comment","target":["https:\/\/reporteroshoy.mx\/noticias\/poco-a-poco-va-tomando-forma-el-deprimido-ya-le-pusieron-luz-y-plantas\/#respond"]}]},{"@type":"WebPage","@id":"https:\/\/reporteroshoy.mx\/noticias\/poco-a-poco-va-tomando-forma-el-deprimido-ya-le-pusieron-luz-y-plantas\/","url":"https:\/\/reporteroshoy.mx\/noticias\/poco-a-poco-va-tomando-forma-el-deprimido-ya-le-pusieron-luz-y-plantas\/","name":"Poco a poco va tomando forma el 'deprimido', ya le pusieron luz y plantas","isPartOf":{"@id":"https:\/\/reporteroshoy.mx\/noticias\/#website"},"primaryImageOfPage":{"@id":"https:\/\/reporteroshoy.mx\/noticias\/poco-a-poco-va-tomando-forma-el-deprimido-ya-le-pusieron-luz-y-plantas\/#primaryimage"},"image":{"@id":"https:\/\/reporteroshoy.mx\/noticias\/poco-a-poco-va-tomando-forma-el-deprimido-ya-le-pusieron-luz-y-plantas\/#primaryimage"},"thumbnailUrl":"https:\/\/reporteroshoy.mx\/noticias\/wp-content\/uploads\/2021\/10\/PASO-A-DESNIVEL-1-scaled.jpeg","datePublished":"2021-10-28T00:36:51+00:00","dateModified":"2021-10-28T00:39:34+00:00","author":{"@id":"https:\/\/reporteroshoy.mx\/noticias\/#\/schema\/person\/d32189074678a9d41498d4248e29aac3"},"description":"En estos d\u00edas se instalaron 20 luminarias led en todo el recorrido del paso a desnivel, adem\u00e1s de que se reforestaron 50 metros lineales de la rampa sur con lipias de ornato.","breadcrumb":{"@id":"https:\/\/reporteroshoy.mx\/noticias\/poco-a-poco-va-tomando-forma-el-deprimido-ya-le-pusieron-luz-y-plantas\/#breadcrumb"},"inLanguage":"es","potentialAction":[{"@type":"ReadAction","target":["https:\/\/reporteroshoy.mx\/noticias\/poco-a-poco-va-tomando-forma-el-deprimido-ya-le-pusieron-luz-y-plantas\/"]}]},{"@type":"ImageObject","inLanguage":"es","@id":"https:\/\/reporteroshoy.mx\/noticias\/poco-a-poco-va-tomando-forma-el-deprimido-ya-le-pusieron-luz-y-plantas\/#primaryimage","url":"https:\/\/reporteroshoy.mx\/noticias\/wp-content\/uploads\/2021\/10\/PASO-A-DESNIVEL-1-scaled.jpeg","contentUrl":"https:\/\/reporteroshoy.mx\/noticias\/wp-content\/uploads\/2021\/10\/PASO-A-DESNIVEL-1-scaled.jpeg","width":768,"height":502},{"@type":"BreadcrumbList","@id":"https:\/\/reporteroshoy.mx\/noticias\/poco-a-poco-va-tomando-forma-el-deprimido-ya-le-pusieron-luz-y-plantas\/#breadcrumb","itemListElement":[{"@type":"ListItem","position":1,"name":"Portada","item":"https:\/\/reporteroshoy.mx\/noticias\/"},{"@type":"ListItem","position":2,"name":"Poco a poco va tomando forma el &#8216;deprimido&#8217;, ya le pusieron luz y plantas"}]},{"@type":"WebSite","@id":"https:\/\/reporteroshoy.mx\/noticias\/#website","url":"https:\/\/reporteroshoy.mx\/noticias\/","name":"Reporteros Hoy | Noticias de Yucat\u00e1n","description":"Peri\u00f3dico digital con noticias diarias desde M\u00e9rida, Yucat\u00e1n para el mundo.","potentialAction":[{"@type":"SearchAction","target":{"@type":"EntryPoint","urlTemplate":"https:\/\/reporteroshoy.mx\/noticias\/?s={search_term_string}"},"query-input":{"@type":"PropertyValueSpecification","valueRequired":true,"valueName":"search_term_string"}}],"inLanguage":"es"},{"@type":"Person","@id":"https:\/\/reporteroshoy.mx\/noticias\/#\/schema\/person\/d32189074678a9d41498d4248e29aac3","name":"Reporteros Hoy HY","image":{"@type":"ImageObject","inLanguage":"es","@id":"https:\/\/secure.gravatar.com\/avatar\/c539a82770f256437b35bda44650bb50f5fd4b7017f8b29672ed9f27a43cec47?s=96&d=mm&r=g","url":"https:\/\/secure.gravatar.com\/avatar\/c539a82770f256437b35bda44650bb50f5fd4b7017f8b29672ed9f27a43cec47?s=96&d=mm&r=g","contentUrl":"https:\/\/secure.gravatar.com\/avatar\/c539a82770f256437b35bda44650bb50f5fd4b7017f8b29672ed9f27a43cec47?s=96&d=mm&r=g","caption":"Reporteros Hoy HY"},"url":"https:\/\/reporteroshoy.mx\/noticias\/author\/thelmo\/"}]}},"_links":{"self":[{"href":"https:\/\/reporteroshoy.mx\/noticias\/wp-json\/wp\/v2\/posts\/74763","targetHints":{"allow":["GET"]}}],"collection":[{"href":"https:\/\/reporteroshoy.mx\/noticias\/wp-json\/wp\/v2\/posts"}],"about":[{"href":"https:\/\/reporteroshoy.mx\/noticias\/wp-json\/wp\/v2\/types\/post"}],"author":[{"embeddable":true,"href":"https:\/\/reporteroshoy.mx\/noticias\/wp-json\/wp\/v2\/users\/2"}],"replies":[{"embeddable":true,"href":"https:\/\/reporteroshoy.mx\/noticias\/wp-json\/wp\/v2\/comments?post=74763"}],"version-history":[{"count":0,"href":"https:\/\/reporteroshoy.mx\/noticias\/wp-json\/wp\/v2\/posts\/74763\/revisions"}],"wp:featuredmedia":[{"embeddable":true,"href":"https:\/\/reporteroshoy.mx\/noticias\/wp-json\/wp\/v2\/media\/74766"}],"wp:attachment":[{"href":"https:\/\/reporteroshoy.mx\/noticias\/wp-json\/wp\/v2\/media?parent=74763"}],"wp:term":[{"taxonomy":"category","embeddable":true,"href":"https:\/\/reporteroshoy.mx\/noticias\/wp-json\/wp\/v2\/categories?post=74763"},{"taxonomy":"post_tag","embeddable":true,"href":"https:\/\/reporteroshoy.mx\/noticias\/wp-json\/wp\/v2\/tags?post=74763"}],"curies":[{"name":"wp","href":"https:\/\/api.w.org\/{rel}","templated":true}]}}