{"id":74800,"date":"2021-10-28T13:24:32","date_gmt":"2021-10-28T18:24:32","guid":{"rendered":"https:\/\/reporteroshoy.mx\/noticias\/?p=74800"},"modified":"2021-10-28T13:24:32","modified_gmt":"2021-10-28T18:24:32","slug":"galardonan-a-tres-artistas-en-valladolid-en-el-marco-del-otono-cultural","status":"publish","type":"post","link":"https:\/\/reporteroshoy.mx\/noticias\/galardonan-a-tres-artistas-en-valladolid-en-el-marco-del-otono-cultural\/","title":{"rendered":"Galardonan a tres artistas en Valladolid en el marco del Oto\u00f1o Cultural"},"content":{"rendered":"<p dir=\"auto\" style=\"text-align: justify;\">Valladolid, Yucat\u00e1n; 28 de octubre de 2021 (ACOM).- La majestuosidad del teatro \u201cJos\u00e9 Mar\u00eda Iturralde Troconis\u201d, enmarc\u00f3 la noche de ayer el Oto\u00f1o Cultural con la presentaci\u00f3n de Yucat\u00e1n Jazz Ensamble, que deleit\u00f3 a los asistentes con variados temas de conocidos compositores como Armando Manzanero.<\/p>\n<p dir=\"auto\" style=\"text-align: justify;\">En ese mismo marco, la secretaria de la Cultura y las Artes del Gobierno del Estado, Loreto Villanueva Trujillo, junto con el secretario de la comuna, Manuel Loria, entregaron merecidos reconocimientos a los artistas Tom\u00e1s Ceballos Campos, Carlos A. Tello Mart\u00ednez, y Manolo del R\u00edo \u201dPixculin\u201d, por 50 a\u00f1os y m\u00e1s de carrera art\u00edstica.<\/p>\n<p dir=\"auto\"><img loading=\"lazy\" decoding=\"async\" class=\"wp-image-74801 aligncenter\" src=\"https:\/\/reporteroshoy.mx\/noticias\/wp-content\/uploads\/2021\/10\/Otono-cultural2-1.jpg\" alt=\"\" width=\"602\" height=\"338\" \/><\/p>\n<p dir=\"auto\" style=\"text-align: justify;\">Fueron momentos emotivos para los galardonados y para los funcionarios al entregarles sus merecidos reconocimientos a cada uno de los artistas nombrados que han hecho historia en Yucat\u00e1n.<\/p>\n<p dir=\"auto\" style=\"text-align: justify;\">La funcionaria dijo que le da gusto estar en el teatro\u201d Jos\u00e9 Mar\u00eda Iturralde Troconis\u201d, uno de los m\u00e1s importantes de la entidad donde se continuar\u00e1 realizando eventos para promover el acercamiento de la Cultura y las Artes a todos los rincones del estado.<\/p>\n<p dir=\"auto\"><img loading=\"lazy\" decoding=\"async\" class=\"wp-image-74802 aligncenter\" src=\"https:\/\/reporteroshoy.mx\/noticias\/wp-content\/uploads\/2021\/10\/Otono-cultural1-1.jpg\" alt=\"\" width=\"602\" height=\"339\" \/><\/p>\n<p dir=\"auto\" style=\"text-align: justify;\">Por \u00faltimo, felicit\u00f3 a los galardonados por su larga trayectoria y su talento que son fuente de inspiraci\u00f3n en los j\u00f3venes talento de nuestro estado.<\/p>\n<p dir=\"auto\" style=\"text-align: justify;\">Por m\u00e1s de una hora los presentes se estuvieron deleitando con los grandes temas que el artista interpreto, en repetidas ocasiones fue ovacionado con aplausos.<\/p>\n","protected":false},"excerpt":{"rendered":"<p>Anoche se present\u00f3 Yucat\u00e1n Jazz Ensamble, que deleit\u00f3 a los asistentes con temas de conocidos compositores como Armando Manzanero.<\/p>\n","protected":false},"author":9,"featured_media":74803,"comment_status":"open","ping_status":"closed","sticky":false,"template":"","format":"standard","meta":{"footnotes":""},"categories":[11],"tags":[19525,139,136],"class_list":["post-74800","post","type-post","status-publish","format-standard","has-post-thumbnail","hentry","category-municipios-de-yucatan","tag-otono-cultural","tag-valladolid","tag-yucatan-oriente"],"yoast_head":"<!-- This site is optimized with the Yoast SEO plugin v28.4 - https:\/\/yoast.com\/product\/yoast-seo-wordpress\/ -->\n<title>Galardonan a tres artistas en Valladolid en el marco del Oto\u00f1o Cultural<\/title>\n<meta name=\"description\" content=\"Anoche se present\u00f3 Yucat\u00e1n Jazz Ensamble, que deleit\u00f3 a los asistentes con temas de conocidos compositores como Armando Manzanero.\" \/>\n<meta name=\"robots\" content=\"index, follow, max-snippet:-1, max-image-preview:large, max-video-preview:-1\" \/>\n<link rel=\"canonical\" href=\"https:\/\/reporteroshoy.mx\/noticias\/galardonan-a-tres-artistas-en-valladolid-en-el-marco-del-otono-cultural\/\" \/>\n<meta property=\"og:locale\" content=\"es_ES\" \/>\n<meta property=\"og:type\" content=\"article\" \/>\n<meta property=\"og:title\" content=\"Galardonan a tres artistas en Valladolid en el marco del Oto\u00f1o Cultural\" \/>\n<meta property=\"og:description\" content=\"Anoche se present\u00f3 Yucat\u00e1n Jazz Ensamble, que deleit\u00f3 a los asistentes con temas de conocidos compositores como Armando Manzanero.\" \/>\n<meta property=\"og:url\" content=\"https:\/\/reporteroshoy.mx\/noticias\/galardonan-a-tres-artistas-en-valladolid-en-el-marco-del-otono-cultural\/\" \/>\n<meta property=\"og:site_name\" content=\"Reporteros Hoy | Noticias de Yucat\u00e1n\" \/>\n<meta property=\"article:publisher\" content=\"http:\/\/www.facebook.com\/reporteroshoymx\" \/>\n<meta property=\"article:published_time\" content=\"2021-10-28T18:24:32+00:00\" \/>\n<meta property=\"og:image\" content=\"https:\/\/reporteroshoy.mx\/noticias\/wp-content\/uploads\/2021\/10\/Otono-Cultural-1.jpg\" \/>\n\t<meta property=\"og:image:width\" content=\"768\" \/>\n\t<meta property=\"og:image:height\" content=\"432\" \/>\n\t<meta property=\"og:image:type\" content=\"image\/jpeg\" \/>\n<meta name=\"author\" content=\"Reporteros Hoy WP\" \/>\n<meta name=\"twitter:card\" content=\"summary_large_image\" \/>\n<meta name=\"twitter:creator\" content=\"@reporteroshoy\" \/>\n<meta name=\"twitter:site\" content=\"@reporteroshoy\" \/>\n<meta name=\"twitter:label1\" content=\"Escrito por\" \/>\n\t<meta name=\"twitter:data1\" content=\"Reporteros Hoy WP\" \/>\n\t<meta name=\"twitter:label2\" content=\"Tiempo de lectura\" \/>\n\t<meta name=\"twitter:data2\" content=\"2 minutos\" \/>\n<script type=\"application\/ld+json\" class=\"yoast-schema-graph\">{\"@context\":\"https:\\\/\\\/schema.org\",\"@graph\":[{\"@type\":\"Article\",\"@id\":\"https:\\\/\\\/reporteroshoy.mx\\\/noticias\\\/galardonan-a-tres-artistas-en-valladolid-en-el-marco-del-otono-cultural\\\/#article\",\"isPartOf\":{\"@id\":\"https:\\\/\\\/reporteroshoy.mx\\\/noticias\\\/galardonan-a-tres-artistas-en-valladolid-en-el-marco-del-otono-cultural\\\/\"},\"author\":{\"name\":\"Reporteros Hoy WP\",\"@id\":\"https:\\\/\\\/reporteroshoy.mx\\\/noticias\\\/#\\\/schema\\\/person\\\/c977527e57c958a62c5cefe8fe47876e\"},\"headline\":\"Galardonan a tres artistas en Valladolid en el marco del Oto\u00f1o Cultural\",\"datePublished\":\"2021-10-28T18:24:32+00:00\",\"mainEntityOfPage\":{\"@id\":\"https:\\\/\\\/reporteroshoy.mx\\\/noticias\\\/galardonan-a-tres-artistas-en-valladolid-en-el-marco-del-otono-cultural\\\/\"},\"wordCount\":249,\"commentCount\":0,\"image\":{\"@id\":\"https:\\\/\\\/reporteroshoy.mx\\\/noticias\\\/galardonan-a-tres-artistas-en-valladolid-en-el-marco-del-otono-cultural\\\/#primaryimage\"},\"thumbnailUrl\":\"https:\\\/\\\/reporteroshoy.mx\\\/noticias\\\/wp-content\\\/uploads\\\/2021\\\/10\\\/Otono-Cultural-1.jpg\",\"keywords\":[\"Oto\u00f1o Cultural\",\"Valladolid\",\"Yucat\u00e1n Oriente\"],\"articleSection\":[\"Municipios\"],\"inLanguage\":\"es\",\"potentialAction\":[{\"@type\":\"CommentAction\",\"name\":\"Comment\",\"target\":[\"https:\\\/\\\/reporteroshoy.mx\\\/noticias\\\/galardonan-a-tres-artistas-en-valladolid-en-el-marco-del-otono-cultural\\\/#respond\"]}]},{\"@type\":\"WebPage\",\"@id\":\"https:\\\/\\\/reporteroshoy.mx\\\/noticias\\\/galardonan-a-tres-artistas-en-valladolid-en-el-marco-del-otono-cultural\\\/\",\"url\":\"https:\\\/\\\/reporteroshoy.mx\\\/noticias\\\/galardonan-a-tres-artistas-en-valladolid-en-el-marco-del-otono-cultural\\\/\",\"name\":\"Galardonan a tres artistas en Valladolid en el marco del Oto\u00f1o Cultural\",\"isPartOf\":{\"@id\":\"https:\\\/\\\/reporteroshoy.mx\\\/noticias\\\/#website\"},\"primaryImageOfPage\":{\"@id\":\"https:\\\/\\\/reporteroshoy.mx\\\/noticias\\\/galardonan-a-tres-artistas-en-valladolid-en-el-marco-del-otono-cultural\\\/#primaryimage\"},\"image\":{\"@id\":\"https:\\\/\\\/reporteroshoy.mx\\\/noticias\\\/galardonan-a-tres-artistas-en-valladolid-en-el-marco-del-otono-cultural\\\/#primaryimage\"},\"thumbnailUrl\":\"https:\\\/\\\/reporteroshoy.mx\\\/noticias\\\/wp-content\\\/uploads\\\/2021\\\/10\\\/Otono-Cultural-1.jpg\",\"datePublished\":\"2021-10-28T18:24:32+00:00\",\"author\":{\"@id\":\"https:\\\/\\\/reporteroshoy.mx\\\/noticias\\\/#\\\/schema\\\/person\\\/c977527e57c958a62c5cefe8fe47876e\"},\"description\":\"Anoche se present\u00f3 Yucat\u00e1n Jazz Ensamble, que deleit\u00f3 a los asistentes con temas de conocidos compositores como Armando Manzanero.\",\"breadcrumb\":{\"@id\":\"https:\\\/\\\/reporteroshoy.mx\\\/noticias\\\/galardonan-a-tres-artistas-en-valladolid-en-el-marco-del-otono-cultural\\\/#breadcrumb\"},\"inLanguage\":\"es\",\"potentialAction\":[{\"@type\":\"ReadAction\",\"target\":[\"https:\\\/\\\/reporteroshoy.mx\\\/noticias\\\/galardonan-a-tres-artistas-en-valladolid-en-el-marco-del-otono-cultural\\\/\"]}]},{\"@type\":\"ImageObject\",\"inLanguage\":\"es\",\"@id\":\"https:\\\/\\\/reporteroshoy.mx\\\/noticias\\\/galardonan-a-tres-artistas-en-valladolid-en-el-marco-del-otono-cultural\\\/#primaryimage\",\"url\":\"https:\\\/\\\/reporteroshoy.mx\\\/noticias\\\/wp-content\\\/uploads\\\/2021\\\/10\\\/Otono-Cultural-1.jpg\",\"contentUrl\":\"https:\\\/\\\/reporteroshoy.mx\\\/noticias\\\/wp-content\\\/uploads\\\/2021\\\/10\\\/Otono-Cultural-1.jpg\",\"width\":768,\"height\":432},{\"@type\":\"BreadcrumbList\",\"@id\":\"https:\\\/\\\/reporteroshoy.mx\\\/noticias\\\/galardonan-a-tres-artistas-en-valladolid-en-el-marco-del-otono-cultural\\\/#breadcrumb\",\"itemListElement\":[{\"@type\":\"ListItem\",\"position\":1,\"name\":\"Portada\",\"item\":\"https:\\\/\\\/reporteroshoy.mx\\\/noticias\\\/\"},{\"@type\":\"ListItem\",\"position\":2,\"name\":\"Galardonan a tres artistas en Valladolid en el marco del Oto\u00f1o Cultural\"}]},{\"@type\":\"WebSite\",\"@id\":\"https:\\\/\\\/reporteroshoy.mx\\\/noticias\\\/#website\",\"url\":\"https:\\\/\\\/reporteroshoy.mx\\\/noticias\\\/\",\"name\":\"Reporteros Hoy | Noticias de Yucat\u00e1n\",\"description\":\"Peri\u00f3dico digital con noticias diarias desde M\u00e9rida, Yucat\u00e1n para el mundo.\",\"potentialAction\":[{\"@type\":\"SearchAction\",\"target\":{\"@type\":\"EntryPoint\",\"urlTemplate\":\"https:\\\/\\\/reporteroshoy.mx\\\/noticias\\\/?s={search_term_string}\"},\"query-input\":{\"@type\":\"PropertyValueSpecification\",\"valueRequired\":true,\"valueName\":\"search_term_string\"}}],\"inLanguage\":\"es\"},{\"@type\":\"Person\",\"@id\":\"https:\\\/\\\/reporteroshoy.mx\\\/noticias\\\/#\\\/schema\\\/person\\\/c977527e57c958a62c5cefe8fe47876e\",\"name\":\"Reporteros Hoy WP\",\"image\":{\"@type\":\"ImageObject\",\"inLanguage\":\"es\",\"@id\":\"https:\\\/\\\/secure.gravatar.com\\\/avatar\\\/fd2917f79a7dae30f8ac9ddc2f35e1756bb59e25e01d1cd09deaa64df7b2f73e?s=96&d=mm&r=g\",\"url\":\"https:\\\/\\\/secure.gravatar.com\\\/avatar\\\/fd2917f79a7dae30f8ac9ddc2f35e1756bb59e25e01d1cd09deaa64df7b2f73e?s=96&d=mm&r=g\",\"contentUrl\":\"https:\\\/\\\/secure.gravatar.com\\\/avatar\\\/fd2917f79a7dae30f8ac9ddc2f35e1756bb59e25e01d1cd09deaa64df7b2f73e?s=96&d=mm&r=g\",\"caption\":\"Reporteros Hoy WP\"},\"url\":\"https:\\\/\\\/reporteroshoy.mx\\\/noticias\\\/author\\\/walfer\\\/\"}]}<\/script>\n<!-- \/ Yoast SEO plugin. -->","yoast_head_json":{"title":"Galardonan a tres artistas en Valladolid en el marco del Oto\u00f1o Cultural","description":"Anoche se present\u00f3 Yucat\u00e1n Jazz Ensamble, que deleit\u00f3 a los asistentes con temas de conocidos compositores como Armando Manzanero.","robots":{"index":"index","follow":"follow","max-snippet":"max-snippet:-1","max-image-preview":"max-image-preview:large","max-video-preview":"max-video-preview:-1"},"canonical":"https:\/\/reporteroshoy.mx\/noticias\/galardonan-a-tres-artistas-en-valladolid-en-el-marco-del-otono-cultural\/","og_locale":"es_ES","og_type":"article","og_title":"Galardonan a tres artistas en Valladolid en el marco del Oto\u00f1o Cultural","og_description":"Anoche se present\u00f3 Yucat\u00e1n Jazz Ensamble, que deleit\u00f3 a los asistentes con temas de conocidos compositores como Armando Manzanero.","og_url":"https:\/\/reporteroshoy.mx\/noticias\/galardonan-a-tres-artistas-en-valladolid-en-el-marco-del-otono-cultural\/","og_site_name":"Reporteros Hoy | Noticias de Yucat\u00e1n","article_publisher":"http:\/\/www.facebook.com\/reporteroshoymx","article_published_time":"2021-10-28T18:24:32+00:00","og_image":[{"width":768,"height":432,"url":"https:\/\/reporteroshoy.mx\/noticias\/wp-content\/uploads\/2021\/10\/Otono-Cultural-1.jpg","type":"image\/jpeg"}],"author":"Reporteros Hoy WP","twitter_card":"summary_large_image","twitter_creator":"@reporteroshoy","twitter_site":"@reporteroshoy","twitter_misc":{"Escrito por":"Reporteros Hoy WP","Tiempo de lectura":"2 minutos"},"schema":{"@context":"https:\/\/schema.org","@graph":[{"@type":"Article","@id":"https:\/\/reporteroshoy.mx\/noticias\/galardonan-a-tres-artistas-en-valladolid-en-el-marco-del-otono-cultural\/#article","isPartOf":{"@id":"https:\/\/reporteroshoy.mx\/noticias\/galardonan-a-tres-artistas-en-valladolid-en-el-marco-del-otono-cultural\/"},"author":{"name":"Reporteros Hoy WP","@id":"https:\/\/reporteroshoy.mx\/noticias\/#\/schema\/person\/c977527e57c958a62c5cefe8fe47876e"},"headline":"Galardonan a tres artistas en Valladolid en el marco del Oto\u00f1o Cultural","datePublished":"2021-10-28T18:24:32+00:00","mainEntityOfPage":{"@id":"https:\/\/reporteroshoy.mx\/noticias\/galardonan-a-tres-artistas-en-valladolid-en-el-marco-del-otono-cultural\/"},"wordCount":249,"commentCount":0,"image":{"@id":"https:\/\/reporteroshoy.mx\/noticias\/galardonan-a-tres-artistas-en-valladolid-en-el-marco-del-otono-cultural\/#primaryimage"},"thumbnailUrl":"https:\/\/reporteroshoy.mx\/noticias\/wp-content\/uploads\/2021\/10\/Otono-Cultural-1.jpg","keywords":["Oto\u00f1o Cultural","Valladolid","Yucat\u00e1n Oriente"],"articleSection":["Municipios"],"inLanguage":"es","potentialAction":[{"@type":"CommentAction","name":"Comment","target":["https:\/\/reporteroshoy.mx\/noticias\/galardonan-a-tres-artistas-en-valladolid-en-el-marco-del-otono-cultural\/#respond"]}]},{"@type":"WebPage","@id":"https:\/\/reporteroshoy.mx\/noticias\/galardonan-a-tres-artistas-en-valladolid-en-el-marco-del-otono-cultural\/","url":"https:\/\/reporteroshoy.mx\/noticias\/galardonan-a-tres-artistas-en-valladolid-en-el-marco-del-otono-cultural\/","name":"Galardonan a tres artistas en Valladolid en el marco del Oto\u00f1o Cultural","isPartOf":{"@id":"https:\/\/reporteroshoy.mx\/noticias\/#website"},"primaryImageOfPage":{"@id":"https:\/\/reporteroshoy.mx\/noticias\/galardonan-a-tres-artistas-en-valladolid-en-el-marco-del-otono-cultural\/#primaryimage"},"image":{"@id":"https:\/\/reporteroshoy.mx\/noticias\/galardonan-a-tres-artistas-en-valladolid-en-el-marco-del-otono-cultural\/#primaryimage"},"thumbnailUrl":"https:\/\/reporteroshoy.mx\/noticias\/wp-content\/uploads\/2021\/10\/Otono-Cultural-1.jpg","datePublished":"2021-10-28T18:24:32+00:00","author":{"@id":"https:\/\/reporteroshoy.mx\/noticias\/#\/schema\/person\/c977527e57c958a62c5cefe8fe47876e"},"description":"Anoche se present\u00f3 Yucat\u00e1n Jazz Ensamble, que deleit\u00f3 a los asistentes con temas de conocidos compositores como Armando Manzanero.","breadcrumb":{"@id":"https:\/\/reporteroshoy.mx\/noticias\/galardonan-a-tres-artistas-en-valladolid-en-el-marco-del-otono-cultural\/#breadcrumb"},"inLanguage":"es","potentialAction":[{"@type":"ReadAction","target":["https:\/\/reporteroshoy.mx\/noticias\/galardonan-a-tres-artistas-en-valladolid-en-el-marco-del-otono-cultural\/"]}]},{"@type":"ImageObject","inLanguage":"es","@id":"https:\/\/reporteroshoy.mx\/noticias\/galardonan-a-tres-artistas-en-valladolid-en-el-marco-del-otono-cultural\/#primaryimage","url":"https:\/\/reporteroshoy.mx\/noticias\/wp-content\/uploads\/2021\/10\/Otono-Cultural-1.jpg","contentUrl":"https:\/\/reporteroshoy.mx\/noticias\/wp-content\/uploads\/2021\/10\/Otono-Cultural-1.jpg","width":768,"height":432},{"@type":"BreadcrumbList","@id":"https:\/\/reporteroshoy.mx\/noticias\/galardonan-a-tres-artistas-en-valladolid-en-el-marco-del-otono-cultural\/#breadcrumb","itemListElement":[{"@type":"ListItem","position":1,"name":"Portada","item":"https:\/\/reporteroshoy.mx\/noticias\/"},{"@type":"ListItem","position":2,"name":"Galardonan a tres artistas en Valladolid en el marco del Oto\u00f1o Cultural"}]},{"@type":"WebSite","@id":"https:\/\/reporteroshoy.mx\/noticias\/#website","url":"https:\/\/reporteroshoy.mx\/noticias\/","name":"Reporteros Hoy | Noticias de Yucat\u00e1n","description":"Peri\u00f3dico digital con noticias diarias desde M\u00e9rida, Yucat\u00e1n para el mundo.","potentialAction":[{"@type":"SearchAction","target":{"@type":"EntryPoint","urlTemplate":"https:\/\/reporteroshoy.mx\/noticias\/?s={search_term_string}"},"query-input":{"@type":"PropertyValueSpecification","valueRequired":true,"valueName":"search_term_string"}}],"inLanguage":"es"},{"@type":"Person","@id":"https:\/\/reporteroshoy.mx\/noticias\/#\/schema\/person\/c977527e57c958a62c5cefe8fe47876e","name":"Reporteros Hoy WP","image":{"@type":"ImageObject","inLanguage":"es","@id":"https:\/\/secure.gravatar.com\/avatar\/fd2917f79a7dae30f8ac9ddc2f35e1756bb59e25e01d1cd09deaa64df7b2f73e?s=96&d=mm&r=g","url":"https:\/\/secure.gravatar.com\/avatar\/fd2917f79a7dae30f8ac9ddc2f35e1756bb59e25e01d1cd09deaa64df7b2f73e?s=96&d=mm&r=g","contentUrl":"https:\/\/secure.gravatar.com\/avatar\/fd2917f79a7dae30f8ac9ddc2f35e1756bb59e25e01d1cd09deaa64df7b2f73e?s=96&d=mm&r=g","caption":"Reporteros Hoy WP"},"url":"https:\/\/reporteroshoy.mx\/noticias\/author\/walfer\/"}]}},"_links":{"self":[{"href":"https:\/\/reporteroshoy.mx\/noticias\/wp-json\/wp\/v2\/posts\/74800","targetHints":{"allow":["GET"]}}],"collection":[{"href":"https:\/\/reporteroshoy.mx\/noticias\/wp-json\/wp\/v2\/posts"}],"about":[{"href":"https:\/\/reporteroshoy.mx\/noticias\/wp-json\/wp\/v2\/types\/post"}],"author":[{"embeddable":true,"href":"https:\/\/reporteroshoy.mx\/noticias\/wp-json\/wp\/v2\/users\/9"}],"replies":[{"embeddable":true,"href":"https:\/\/reporteroshoy.mx\/noticias\/wp-json\/wp\/v2\/comments?post=74800"}],"version-history":[{"count":0,"href":"https:\/\/reporteroshoy.mx\/noticias\/wp-json\/wp\/v2\/posts\/74800\/revisions"}],"wp:featuredmedia":[{"embeddable":true,"href":"https:\/\/reporteroshoy.mx\/noticias\/wp-json\/wp\/v2\/media\/74803"}],"wp:attachment":[{"href":"https:\/\/reporteroshoy.mx\/noticias\/wp-json\/wp\/v2\/media?parent=74800"}],"wp:term":[{"taxonomy":"category","embeddable":true,"href":"https:\/\/reporteroshoy.mx\/noticias\/wp-json\/wp\/v2\/categories?post=74800"},{"taxonomy":"post_tag","embeddable":true,"href":"https:\/\/reporteroshoy.mx\/noticias\/wp-json\/wp\/v2\/tags?post=74800"}],"curies":[{"name":"wp","href":"https:\/\/api.w.org\/{rel}","templated":true}]}}