{"id":74811,"date":"2021-10-28T16:53:47","date_gmt":"2021-10-28T21:53:47","guid":{"rendered":"https:\/\/reporteroshoy.mx\/noticias\/?p=74811"},"modified":"2021-10-28T16:53:47","modified_gmt":"2021-10-28T21:53:47","slug":"donan-coleccion-fotografica-para-el-festival-de-las-animas-2021","status":"publish","type":"post","link":"https:\/\/reporteroshoy.mx\/noticias\/donan-coleccion-fotografica-para-el-festival-de-las-animas-2021\/","title":{"rendered":"Donan colecci\u00f3n fotogr\u00e1fica para el Festival de las \u00c1nimas 2021"},"content":{"rendered":"<p style=\"text-align: justify;\">M\u00e9rida, Yucat\u00e1n; 28 de Octubre de 2021.- Las \u00e1nimas llegaron al Instituto para el Fortalecimiento de la Cultura Maya a trav\u00e9s de la exposici\u00f3n Kili\u2019ich Pixano\u2019ob (Almas Sagradas) del fot\u00f3grafo Alejandro Poot Molina \u201cChel\u00f3n\u201d, colecci\u00f3n que fue donada por el artista yucateco en el marco del Festival de las \u00c1nimas 2021. La colecci\u00f3n, que incluye 15 fotograf\u00edas a color, servir\u00e1 para realizar exposiciones itinerantes en las comisar\u00edas y otros espacios p\u00fablicos para seguir fomentando las tradiciones.<\/p>\n<p style=\"text-align: justify;\">El Director de Cultura. Antrop. Irving Berl\u00edn Villafa\u00f1a, quien tuvo a su cargo la inauguraci\u00f3n, agradeci\u00f3 la generosidad del artista de la lente por la donaci\u00f3n de las piezas, ya que el trabajo de mostrar las tradiciones y vivirlas se realiza con gusto. Tambi\u00e9n invit\u00f3 a difundir la exposici\u00f3n e involucrar a la comunidad para que se acerque, le pierda el miedo, aprecien las tradiciones y conozca los trabajos que ofrece el centro municipal de lengua maya.<\/p>\n<p><img loading=\"lazy\" decoding=\"async\" class=\"wp-image-74812 aligncenter\" src=\"https:\/\/reporteroshoy.mx\/noticias\/wp-content\/uploads\/2021\/10\/Obra-fotografica2.jpg\" alt=\"\" width=\"600\" height=\"338\" \/><\/p>\n<p style=\"text-align: justify;\">El Secretario de Participaci\u00f3n Ciudadana, Antrop. Julio Sauma Castillo, comparti\u00f3 que para el Ayuntamiento de M\u00e9rida que encabeza el Alcalde Ren\u00e1n Barrera Concha, este tipo de exposiciones constituyen una manera de que trascienda una tradici\u00f3n que nos da identidad y al mismo tiempo, el llevarla a otros espacios p\u00fablicos, como la sede del Instituto de la Cultura Maya, permitir\u00e1 acercar a la comunidad que vive en el barrio de La Ermita y sus alrededores. \u201cGracias por esta oportunidad de transmitir nuestras tradiciones a trav\u00e9s del arte\u201d, agreg\u00f3.<\/p>\n<p style=\"text-align: justify;\">Al presentar sus trabajos, Alejandro Poot record\u00f3 que la obra fue elaborada en el a\u00f1o 2019 y en ella se representan algunos rituales y an\u00e9cdotas ocurridas en el Cementerio General de M\u00e9rida, gran parte de ellas se le comparti\u00f3 el sepulturero don Gilbert Valencia Braga, quien lleva en ese oficio m\u00e1s de 45 a\u00f1os. Una de las obras m\u00e1s fuertes de la colecci\u00f3n es el \u201cRitual Bo-Keb\u00e1n\u201d (lavado de cuerpos); en otras se muestra a gente llevando mucbipollos a<br \/>\nsus muertos, pelando el xpel\u00f3n, un \u00e1nima sola y hasta un homenaje que Fernando Herrera hace frente a la tumba de la familia Herrera. en la que participaron varios actores del teatro regional yucateco. Otros t\u00edtulos de la muestra son \u201cCorona de flores\u201d, \u201cVisitando a una amiga\u201d, \u201cEl Xooch mensajero\u201d (lechuza), \u201cBix\u201d, \u201cRezos a mi amada\u201d y \u201cFotoperiodismo en las tradiciones\u201d. Para \u201cChel\u00f3n\u201d esta donaci\u00f3n de obras representa tambi\u00e9n un motivo para preservar y difundir las tradiciones y continuar la promoci\u00f3n de la lengua maya.<\/p>\n<p><img loading=\"lazy\" decoding=\"async\" class=\"wp-image-74813 aligncenter\" src=\"https:\/\/reporteroshoy.mx\/noticias\/wp-content\/uploads\/2021\/10\/Obra-fotografica.jpg\" alt=\"\" width=\"600\" height=\"338\" \/><\/p>\n<p style=\"text-align: justify;\">Adem\u00e1s de las fotograf\u00edas, se mont\u00f3 un altar tradicional de tres pisos, con todos los elementos tradicionales, desde la cruz verde, fotos de difuntos, velas, flores y comidas para las \u00e1nimas. La explicaci\u00f3n del altar se hizo en lengua maya y espa\u00f1ol a cargo de Georgina Teh Zapata, coordinadora del Instituto, y Alejandra Poot Ortiz, respectivamente.<\/p>\n<p style=\"text-align: justify;\">Al acto presencial, asistieron tambi\u00e9n la Mtra. Mar\u00eda Jos\u00e9 C\u00e1ceres Delgado, Directora de Desarrollo Social, L.A. Liliana Bolio Pinelo, Subdirectora de Fomento a la Cultura, y Marcos Regino Pech Naal, jefe del Departamento del Instituto para el Fortalecimiento de la Cultura Maya.<\/p>\n","protected":false},"excerpt":{"rendered":"<p>Las fotos servir\u00e1n para realizar exposiciones itinerantes en las comisar\u00edas y otros espacios p\u00fablicos para seguir fomentando las tradiciones.<\/p>\n","protected":false},"author":9,"featured_media":74814,"comment_status":"open","ping_status":"closed","sticky":false,"template":"","format":"standard","meta":{"footnotes":""},"categories":[3],"tags":[24,2622,7075],"class_list":["post-74811","post","type-post","status-publish","format-standard","has-post-thumbnail","hentry","category-cultura","tag-ayuntamiento-de-merida","tag-cultura","tag-festival-de-las-animas"],"yoast_head":"<!-- This site is optimized with the Yoast SEO plugin v28.4 - https:\/\/yoast.com\/product\/yoast-seo-wordpress\/ -->\n<title>Donan colecci\u00f3n fotogr\u00e1fica para el Festival de las \u00c1nimas 2021<\/title>\n<meta name=\"description\" content=\"Las fotos servir\u00e1n para realizar exposiciones itinerantes en las comisar\u00edas y otros espacios p\u00fablicos para seguir fomentando las tradiciones.\" \/>\n<meta name=\"robots\" content=\"index, follow, max-snippet:-1, max-image-preview:large, max-video-preview:-1\" \/>\n<link rel=\"canonical\" href=\"https:\/\/reporteroshoy.mx\/noticias\/donan-coleccion-fotografica-para-el-festival-de-las-animas-2021\/\" \/>\n<meta property=\"og:locale\" content=\"es_ES\" \/>\n<meta property=\"og:type\" content=\"article\" \/>\n<meta property=\"og:title\" content=\"Donan colecci\u00f3n fotogr\u00e1fica para el Festival de las \u00c1nimas 2021\" \/>\n<meta property=\"og:description\" content=\"Las fotos servir\u00e1n para realizar exposiciones itinerantes en las comisar\u00edas y otros espacios p\u00fablicos para seguir fomentando las tradiciones.\" \/>\n<meta property=\"og:url\" content=\"https:\/\/reporteroshoy.mx\/noticias\/donan-coleccion-fotografica-para-el-festival-de-las-animas-2021\/\" \/>\n<meta property=\"og:site_name\" content=\"Reporteros Hoy | Noticias de Yucat\u00e1n\" \/>\n<meta property=\"article:publisher\" content=\"http:\/\/www.facebook.com\/reporteroshoymx\" \/>\n<meta property=\"article:published_time\" content=\"2021-10-28T21:53:47+00:00\" \/>\n<meta property=\"og:image\" content=\"https:\/\/reporteroshoy.mx\/noticias\/wp-content\/uploads\/2021\/10\/Obra-fotografica1.jpg\" \/>\n\t<meta property=\"og:image:width\" content=\"768\" \/>\n\t<meta property=\"og:image:height\" content=\"432\" \/>\n\t<meta property=\"og:image:type\" content=\"image\/jpeg\" \/>\n<meta name=\"author\" content=\"Reporteros Hoy WP\" \/>\n<meta name=\"twitter:card\" content=\"summary_large_image\" \/>\n<meta name=\"twitter:creator\" content=\"@reporteroshoy\" \/>\n<meta name=\"twitter:site\" content=\"@reporteroshoy\" \/>\n<meta name=\"twitter:label1\" content=\"Escrito por\" \/>\n\t<meta name=\"twitter:data1\" content=\"Reporteros Hoy WP\" \/>\n\t<meta name=\"twitter:label2\" content=\"Tiempo de lectura\" \/>\n\t<meta name=\"twitter:data2\" content=\"3 minutos\" \/>\n<script type=\"application\/ld+json\" class=\"yoast-schema-graph\">{\"@context\":\"https:\\\/\\\/schema.org\",\"@graph\":[{\"@type\":\"Article\",\"@id\":\"https:\\\/\\\/reporteroshoy.mx\\\/noticias\\\/donan-coleccion-fotografica-para-el-festival-de-las-animas-2021\\\/#article\",\"isPartOf\":{\"@id\":\"https:\\\/\\\/reporteroshoy.mx\\\/noticias\\\/donan-coleccion-fotografica-para-el-festival-de-las-animas-2021\\\/\"},\"author\":{\"name\":\"Reporteros Hoy WP\",\"@id\":\"https:\\\/\\\/reporteroshoy.mx\\\/noticias\\\/#\\\/schema\\\/person\\\/c977527e57c958a62c5cefe8fe47876e\"},\"headline\":\"Donan colecci\u00f3n fotogr\u00e1fica para el Festival de las \u00c1nimas 2021\",\"datePublished\":\"2021-10-28T21:53:47+00:00\",\"mainEntityOfPage\":{\"@id\":\"https:\\\/\\\/reporteroshoy.mx\\\/noticias\\\/donan-coleccion-fotografica-para-el-festival-de-las-animas-2021\\\/\"},\"wordCount\":555,\"commentCount\":0,\"image\":{\"@id\":\"https:\\\/\\\/reporteroshoy.mx\\\/noticias\\\/donan-coleccion-fotografica-para-el-festival-de-las-animas-2021\\\/#primaryimage\"},\"thumbnailUrl\":\"https:\\\/\\\/reporteroshoy.mx\\\/noticias\\\/wp-content\\\/uploads\\\/2021\\\/10\\\/Obra-fotografica1.jpg\",\"keywords\":[\"ayuntamiento de merida\",\"Cultura\",\"Festival de las \u00c1nimas\"],\"articleSection\":[\"Cultura\"],\"inLanguage\":\"es\",\"potentialAction\":[{\"@type\":\"CommentAction\",\"name\":\"Comment\",\"target\":[\"https:\\\/\\\/reporteroshoy.mx\\\/noticias\\\/donan-coleccion-fotografica-para-el-festival-de-las-animas-2021\\\/#respond\"]}]},{\"@type\":\"WebPage\",\"@id\":\"https:\\\/\\\/reporteroshoy.mx\\\/noticias\\\/donan-coleccion-fotografica-para-el-festival-de-las-animas-2021\\\/\",\"url\":\"https:\\\/\\\/reporteroshoy.mx\\\/noticias\\\/donan-coleccion-fotografica-para-el-festival-de-las-animas-2021\\\/\",\"name\":\"Donan colecci\u00f3n fotogr\u00e1fica para el Festival de las \u00c1nimas 2021\",\"isPartOf\":{\"@id\":\"https:\\\/\\\/reporteroshoy.mx\\\/noticias\\\/#website\"},\"primaryImageOfPage\":{\"@id\":\"https:\\\/\\\/reporteroshoy.mx\\\/noticias\\\/donan-coleccion-fotografica-para-el-festival-de-las-animas-2021\\\/#primaryimage\"},\"image\":{\"@id\":\"https:\\\/\\\/reporteroshoy.mx\\\/noticias\\\/donan-coleccion-fotografica-para-el-festival-de-las-animas-2021\\\/#primaryimage\"},\"thumbnailUrl\":\"https:\\\/\\\/reporteroshoy.mx\\\/noticias\\\/wp-content\\\/uploads\\\/2021\\\/10\\\/Obra-fotografica1.jpg\",\"datePublished\":\"2021-10-28T21:53:47+00:00\",\"author\":{\"@id\":\"https:\\\/\\\/reporteroshoy.mx\\\/noticias\\\/#\\\/schema\\\/person\\\/c977527e57c958a62c5cefe8fe47876e\"},\"description\":\"Las fotos servir\u00e1n para realizar exposiciones itinerantes en las comisar\u00edas y otros espacios p\u00fablicos para seguir fomentando las tradiciones.\",\"breadcrumb\":{\"@id\":\"https:\\\/\\\/reporteroshoy.mx\\\/noticias\\\/donan-coleccion-fotografica-para-el-festival-de-las-animas-2021\\\/#breadcrumb\"},\"inLanguage\":\"es\",\"potentialAction\":[{\"@type\":\"ReadAction\",\"target\":[\"https:\\\/\\\/reporteroshoy.mx\\\/noticias\\\/donan-coleccion-fotografica-para-el-festival-de-las-animas-2021\\\/\"]}]},{\"@type\":\"ImageObject\",\"inLanguage\":\"es\",\"@id\":\"https:\\\/\\\/reporteroshoy.mx\\\/noticias\\\/donan-coleccion-fotografica-para-el-festival-de-las-animas-2021\\\/#primaryimage\",\"url\":\"https:\\\/\\\/reporteroshoy.mx\\\/noticias\\\/wp-content\\\/uploads\\\/2021\\\/10\\\/Obra-fotografica1.jpg\",\"contentUrl\":\"https:\\\/\\\/reporteroshoy.mx\\\/noticias\\\/wp-content\\\/uploads\\\/2021\\\/10\\\/Obra-fotografica1.jpg\",\"width\":768,\"height\":432},{\"@type\":\"BreadcrumbList\",\"@id\":\"https:\\\/\\\/reporteroshoy.mx\\\/noticias\\\/donan-coleccion-fotografica-para-el-festival-de-las-animas-2021\\\/#breadcrumb\",\"itemListElement\":[{\"@type\":\"ListItem\",\"position\":1,\"name\":\"Portada\",\"item\":\"https:\\\/\\\/reporteroshoy.mx\\\/noticias\\\/\"},{\"@type\":\"ListItem\",\"position\":2,\"name\":\"Donan colecci\u00f3n fotogr\u00e1fica para el Festival de las \u00c1nimas 2021\"}]},{\"@type\":\"WebSite\",\"@id\":\"https:\\\/\\\/reporteroshoy.mx\\\/noticias\\\/#website\",\"url\":\"https:\\\/\\\/reporteroshoy.mx\\\/noticias\\\/\",\"name\":\"Reporteros Hoy | Noticias de Yucat\u00e1n\",\"description\":\"Peri\u00f3dico digital con noticias diarias desde M\u00e9rida, Yucat\u00e1n para el mundo.\",\"potentialAction\":[{\"@type\":\"SearchAction\",\"target\":{\"@type\":\"EntryPoint\",\"urlTemplate\":\"https:\\\/\\\/reporteroshoy.mx\\\/noticias\\\/?s={search_term_string}\"},\"query-input\":{\"@type\":\"PropertyValueSpecification\",\"valueRequired\":true,\"valueName\":\"search_term_string\"}}],\"inLanguage\":\"es\"},{\"@type\":\"Person\",\"@id\":\"https:\\\/\\\/reporteroshoy.mx\\\/noticias\\\/#\\\/schema\\\/person\\\/c977527e57c958a62c5cefe8fe47876e\",\"name\":\"Reporteros Hoy WP\",\"image\":{\"@type\":\"ImageObject\",\"inLanguage\":\"es\",\"@id\":\"https:\\\/\\\/secure.gravatar.com\\\/avatar\\\/fd2917f79a7dae30f8ac9ddc2f35e1756bb59e25e01d1cd09deaa64df7b2f73e?s=96&d=mm&r=g\",\"url\":\"https:\\\/\\\/secure.gravatar.com\\\/avatar\\\/fd2917f79a7dae30f8ac9ddc2f35e1756bb59e25e01d1cd09deaa64df7b2f73e?s=96&d=mm&r=g\",\"contentUrl\":\"https:\\\/\\\/secure.gravatar.com\\\/avatar\\\/fd2917f79a7dae30f8ac9ddc2f35e1756bb59e25e01d1cd09deaa64df7b2f73e?s=96&d=mm&r=g\",\"caption\":\"Reporteros Hoy WP\"},\"url\":\"https:\\\/\\\/reporteroshoy.mx\\\/noticias\\\/author\\\/walfer\\\/\"}]}<\/script>\n<!-- \/ Yoast SEO plugin. -->","yoast_head_json":{"title":"Donan colecci\u00f3n fotogr\u00e1fica para el Festival de las \u00c1nimas 2021","description":"Las fotos servir\u00e1n para realizar exposiciones itinerantes en las comisar\u00edas y otros espacios p\u00fablicos para seguir fomentando las tradiciones.","robots":{"index":"index","follow":"follow","max-snippet":"max-snippet:-1","max-image-preview":"max-image-preview:large","max-video-preview":"max-video-preview:-1"},"canonical":"https:\/\/reporteroshoy.mx\/noticias\/donan-coleccion-fotografica-para-el-festival-de-las-animas-2021\/","og_locale":"es_ES","og_type":"article","og_title":"Donan colecci\u00f3n fotogr\u00e1fica para el Festival de las \u00c1nimas 2021","og_description":"Las fotos servir\u00e1n para realizar exposiciones itinerantes en las comisar\u00edas y otros espacios p\u00fablicos para seguir fomentando las tradiciones.","og_url":"https:\/\/reporteroshoy.mx\/noticias\/donan-coleccion-fotografica-para-el-festival-de-las-animas-2021\/","og_site_name":"Reporteros Hoy | Noticias de Yucat\u00e1n","article_publisher":"http:\/\/www.facebook.com\/reporteroshoymx","article_published_time":"2021-10-28T21:53:47+00:00","og_image":[{"width":768,"height":432,"url":"https:\/\/reporteroshoy.mx\/noticias\/wp-content\/uploads\/2021\/10\/Obra-fotografica1.jpg","type":"image\/jpeg"}],"author":"Reporteros Hoy WP","twitter_card":"summary_large_image","twitter_creator":"@reporteroshoy","twitter_site":"@reporteroshoy","twitter_misc":{"Escrito por":"Reporteros Hoy WP","Tiempo de lectura":"3 minutos"},"schema":{"@context":"https:\/\/schema.org","@graph":[{"@type":"Article","@id":"https:\/\/reporteroshoy.mx\/noticias\/donan-coleccion-fotografica-para-el-festival-de-las-animas-2021\/#article","isPartOf":{"@id":"https:\/\/reporteroshoy.mx\/noticias\/donan-coleccion-fotografica-para-el-festival-de-las-animas-2021\/"},"author":{"name":"Reporteros Hoy WP","@id":"https:\/\/reporteroshoy.mx\/noticias\/#\/schema\/person\/c977527e57c958a62c5cefe8fe47876e"},"headline":"Donan colecci\u00f3n fotogr\u00e1fica para el Festival de las \u00c1nimas 2021","datePublished":"2021-10-28T21:53:47+00:00","mainEntityOfPage":{"@id":"https:\/\/reporteroshoy.mx\/noticias\/donan-coleccion-fotografica-para-el-festival-de-las-animas-2021\/"},"wordCount":555,"commentCount":0,"image":{"@id":"https:\/\/reporteroshoy.mx\/noticias\/donan-coleccion-fotografica-para-el-festival-de-las-animas-2021\/#primaryimage"},"thumbnailUrl":"https:\/\/reporteroshoy.mx\/noticias\/wp-content\/uploads\/2021\/10\/Obra-fotografica1.jpg","keywords":["ayuntamiento de merida","Cultura","Festival de las \u00c1nimas"],"articleSection":["Cultura"],"inLanguage":"es","potentialAction":[{"@type":"CommentAction","name":"Comment","target":["https:\/\/reporteroshoy.mx\/noticias\/donan-coleccion-fotografica-para-el-festival-de-las-animas-2021\/#respond"]}]},{"@type":"WebPage","@id":"https:\/\/reporteroshoy.mx\/noticias\/donan-coleccion-fotografica-para-el-festival-de-las-animas-2021\/","url":"https:\/\/reporteroshoy.mx\/noticias\/donan-coleccion-fotografica-para-el-festival-de-las-animas-2021\/","name":"Donan colecci\u00f3n fotogr\u00e1fica para el Festival de las \u00c1nimas 2021","isPartOf":{"@id":"https:\/\/reporteroshoy.mx\/noticias\/#website"},"primaryImageOfPage":{"@id":"https:\/\/reporteroshoy.mx\/noticias\/donan-coleccion-fotografica-para-el-festival-de-las-animas-2021\/#primaryimage"},"image":{"@id":"https:\/\/reporteroshoy.mx\/noticias\/donan-coleccion-fotografica-para-el-festival-de-las-animas-2021\/#primaryimage"},"thumbnailUrl":"https:\/\/reporteroshoy.mx\/noticias\/wp-content\/uploads\/2021\/10\/Obra-fotografica1.jpg","datePublished":"2021-10-28T21:53:47+00:00","author":{"@id":"https:\/\/reporteroshoy.mx\/noticias\/#\/schema\/person\/c977527e57c958a62c5cefe8fe47876e"},"description":"Las fotos servir\u00e1n para realizar exposiciones itinerantes en las comisar\u00edas y otros espacios p\u00fablicos para seguir fomentando las tradiciones.","breadcrumb":{"@id":"https:\/\/reporteroshoy.mx\/noticias\/donan-coleccion-fotografica-para-el-festival-de-las-animas-2021\/#breadcrumb"},"inLanguage":"es","potentialAction":[{"@type":"ReadAction","target":["https:\/\/reporteroshoy.mx\/noticias\/donan-coleccion-fotografica-para-el-festival-de-las-animas-2021\/"]}]},{"@type":"ImageObject","inLanguage":"es","@id":"https:\/\/reporteroshoy.mx\/noticias\/donan-coleccion-fotografica-para-el-festival-de-las-animas-2021\/#primaryimage","url":"https:\/\/reporteroshoy.mx\/noticias\/wp-content\/uploads\/2021\/10\/Obra-fotografica1.jpg","contentUrl":"https:\/\/reporteroshoy.mx\/noticias\/wp-content\/uploads\/2021\/10\/Obra-fotografica1.jpg","width":768,"height":432},{"@type":"BreadcrumbList","@id":"https:\/\/reporteroshoy.mx\/noticias\/donan-coleccion-fotografica-para-el-festival-de-las-animas-2021\/#breadcrumb","itemListElement":[{"@type":"ListItem","position":1,"name":"Portada","item":"https:\/\/reporteroshoy.mx\/noticias\/"},{"@type":"ListItem","position":2,"name":"Donan colecci\u00f3n fotogr\u00e1fica para el Festival de las \u00c1nimas 2021"}]},{"@type":"WebSite","@id":"https:\/\/reporteroshoy.mx\/noticias\/#website","url":"https:\/\/reporteroshoy.mx\/noticias\/","name":"Reporteros Hoy | Noticias de Yucat\u00e1n","description":"Peri\u00f3dico digital con noticias diarias desde M\u00e9rida, Yucat\u00e1n para el mundo.","potentialAction":[{"@type":"SearchAction","target":{"@type":"EntryPoint","urlTemplate":"https:\/\/reporteroshoy.mx\/noticias\/?s={search_term_string}"},"query-input":{"@type":"PropertyValueSpecification","valueRequired":true,"valueName":"search_term_string"}}],"inLanguage":"es"},{"@type":"Person","@id":"https:\/\/reporteroshoy.mx\/noticias\/#\/schema\/person\/c977527e57c958a62c5cefe8fe47876e","name":"Reporteros Hoy WP","image":{"@type":"ImageObject","inLanguage":"es","@id":"https:\/\/secure.gravatar.com\/avatar\/fd2917f79a7dae30f8ac9ddc2f35e1756bb59e25e01d1cd09deaa64df7b2f73e?s=96&d=mm&r=g","url":"https:\/\/secure.gravatar.com\/avatar\/fd2917f79a7dae30f8ac9ddc2f35e1756bb59e25e01d1cd09deaa64df7b2f73e?s=96&d=mm&r=g","contentUrl":"https:\/\/secure.gravatar.com\/avatar\/fd2917f79a7dae30f8ac9ddc2f35e1756bb59e25e01d1cd09deaa64df7b2f73e?s=96&d=mm&r=g","caption":"Reporteros Hoy WP"},"url":"https:\/\/reporteroshoy.mx\/noticias\/author\/walfer\/"}]}},"_links":{"self":[{"href":"https:\/\/reporteroshoy.mx\/noticias\/wp-json\/wp\/v2\/posts\/74811","targetHints":{"allow":["GET"]}}],"collection":[{"href":"https:\/\/reporteroshoy.mx\/noticias\/wp-json\/wp\/v2\/posts"}],"about":[{"href":"https:\/\/reporteroshoy.mx\/noticias\/wp-json\/wp\/v2\/types\/post"}],"author":[{"embeddable":true,"href":"https:\/\/reporteroshoy.mx\/noticias\/wp-json\/wp\/v2\/users\/9"}],"replies":[{"embeddable":true,"href":"https:\/\/reporteroshoy.mx\/noticias\/wp-json\/wp\/v2\/comments?post=74811"}],"version-history":[{"count":0,"href":"https:\/\/reporteroshoy.mx\/noticias\/wp-json\/wp\/v2\/posts\/74811\/revisions"}],"wp:featuredmedia":[{"embeddable":true,"href":"https:\/\/reporteroshoy.mx\/noticias\/wp-json\/wp\/v2\/media\/74814"}],"wp:attachment":[{"href":"https:\/\/reporteroshoy.mx\/noticias\/wp-json\/wp\/v2\/media?parent=74811"}],"wp:term":[{"taxonomy":"category","embeddable":true,"href":"https:\/\/reporteroshoy.mx\/noticias\/wp-json\/wp\/v2\/categories?post=74811"},{"taxonomy":"post_tag","embeddable":true,"href":"https:\/\/reporteroshoy.mx\/noticias\/wp-json\/wp\/v2\/tags?post=74811"}],"curies":[{"name":"wp","href":"https:\/\/api.w.org\/{rel}","templated":true}]}}