{"id":74869,"date":"2021-10-29T14:38:01","date_gmt":"2021-10-29T19:38:01","guid":{"rendered":"https:\/\/reporteroshoy.mx\/noticias\/?p=74869"},"modified":"2021-10-29T14:38:01","modified_gmt":"2021-10-29T19:38:01","slug":"lo-condenan-a-3-anos-de-carcel-por-amenaza-de-agresion-a-su-familia","status":"publish","type":"post","link":"https:\/\/reporteroshoy.mx\/noticias\/lo-condenan-a-3-anos-de-carcel-por-amenaza-de-agresion-a-su-familia\/","title":{"rendered":"Lo condenan a 3 a\u00f1os de c\u00e1rcel por amenaza de agresi\u00f3n a su familia"},"content":{"rendered":"<p class=\"x_MsoNormal\" style=\"text-align: justify;\"><span lang=\"ES\">Tekax, Yucat\u00e1n; 29 de octubre de 2021.- Tras contar con la anuencia de las partes involucradas, T.A.P.V. fue encontrado penalmente responsable del delito de violencia familiar, denunciado por los hechos ocurridos el pasado mes de febrero en un predio de la colonia San Francisco de Tekax, en agravio de su esposa y su hijo, por lo que fue condenado a tres a\u00f1os, tres meses y 10 d\u00edas de prisi\u00f3n.<\/span><\/p>\n<p class=\"x_MsoNormal\" style=\"text-align: justify;\"><span lang=\"ES\">En un procedimiento de juicio abreviado, la Fiscal\u00eda General del Estado (FGE) present\u00f3 los datos de prueba que permitieron al Juez de Control del Tercer Distrito Judicial decretar el fallo condenatorio por el delito imputado y sentenciar, adem\u00e1s de la pena de prisi\u00f3n, a la reparaci\u00f3n del da\u00f1o, as\u00ed como tambi\u00e9n prohibir que se acerque a las v\u00edctimas y su domicilio por tres a\u00f1os m\u00e1s despu\u00e9s de compurgar la pena privativa de la libertad.<\/span><\/p>\n<p><img loading=\"lazy\" decoding=\"async\" class=\"wp-image-74870 aligncenter\" src=\"https:\/\/reporteroshoy.mx\/noticias\/wp-content\/uploads\/2021\/10\/Carcel.jpg\" alt=\"\" width=\"600\" height=\"337\" \/><\/p>\n<p class=\"x_MsoNormal\" style=\"text-align: justify;\"><span lang=\"ES\">En la audiencia celebrada en el Centro de Justicia Oral de Tekax, el sentenciado recibi\u00f3 amonestaci\u00f3n p\u00fablica, se le suspendieron sus derechos pol\u00edticos y se le priv\u00f3 la tutela de los agraviados.<\/span><\/p>\n<p class=\"x_MsoNormal\" style=\"text-align: justify;\"><span lang=\"ES\">El caso, que se desahog\u00f3 bajo la causa penal 10\/2021, ocurri\u00f3 el 15 de febrero pasado, cuando el acusado arrib\u00f3 al predio en la citada colonia, donde habita con su familia y sin motivo alguno, amenaz\u00f3 a su esposa e hijo con agredirlos f\u00edsicamente, adem\u00e1s de ejecutar actos abusivos de poder en contra de los denunciantes, por lo que fue detenido en su momento y tras las pruebas aportadas por los fiscales de litigaci\u00f3n, se le encontr\u00f3 penalmente responsable de los hechos denunciados.<\/span><\/p>\n<p class=\"x_MsoNormal\" style=\"text-align: justify;\"><span lang=\"ES\">Antes de concluir la audiencia, se dispens\u00f3 la lectura y explicaci\u00f3n de sentencia, por lo que quedan en firme las penas se\u00f1aladas.<\/span><\/p>\n","protected":false},"excerpt":{"rendered":"<p>T.A.P.V. amenaz\u00f3 a su esposa e hijo con agredirlos f\u00edsicamente en la colonia San Francisco de Tekax.<\/p>\n","protected":false},"author":9,"featured_media":74870,"comment_status":"open","ping_status":"closed","sticky":false,"template":"","format":"standard","meta":{"footnotes":""},"categories":[11],"tags":[13844,431,812,5429],"class_list":["post-74869","post","type-post","status-publish","format-standard","has-post-thumbnail","hentry","category-municipios-de-yucatan","tag-condenado","tag-fge","tag-tekax","tag-violencia-familiar"],"yoast_head":"<!-- This site is optimized with the Yoast SEO plugin v28.3 - https:\/\/yoast.com\/product\/yoast-seo-wordpress\/ -->\n<title>Lo condenan a 3 a\u00f1os de c\u00e1rcel por amenaza de agresi\u00f3n a su familia<\/title>\n<meta name=\"description\" content=\"T.A.P.V. amenaz\u00f3 a su esposa e hijo con agredirlos f\u00edsicamente en la colonia San Francisco de Tekax.\" \/>\n<meta name=\"robots\" content=\"index, follow, max-snippet:-1, max-image-preview:large, max-video-preview:-1\" \/>\n<link rel=\"canonical\" href=\"https:\/\/reporteroshoy.mx\/noticias\/lo-condenan-a-3-anos-de-carcel-por-amenaza-de-agresion-a-su-familia\/\" \/>\n<meta property=\"og:locale\" content=\"es_ES\" \/>\n<meta property=\"og:type\" content=\"article\" \/>\n<meta property=\"og:title\" content=\"Lo condenan a 3 a\u00f1os de c\u00e1rcel por amenaza de agresi\u00f3n a su familia\" \/>\n<meta property=\"og:description\" content=\"T.A.P.V. amenaz\u00f3 a su esposa e hijo con agredirlos f\u00edsicamente en la colonia San Francisco de Tekax.\" \/>\n<meta property=\"og:url\" content=\"https:\/\/reporteroshoy.mx\/noticias\/lo-condenan-a-3-anos-de-carcel-por-amenaza-de-agresion-a-su-familia\/\" \/>\n<meta property=\"og:site_name\" content=\"Reporteros Hoy | Noticias de Yucat\u00e1n\" \/>\n<meta property=\"article:publisher\" content=\"http:\/\/www.facebook.com\/reporteroshoymx\" \/>\n<meta property=\"article:published_time\" content=\"2021-10-29T19:38:01+00:00\" \/>\n<meta property=\"og:image\" content=\"https:\/\/reporteroshoy.mx\/noticias\/wp-content\/uploads\/2021\/10\/Carcel.jpg\" \/>\n\t<meta property=\"og:image:width\" content=\"768\" \/>\n\t<meta property=\"og:image:height\" content=\"431\" \/>\n\t<meta property=\"og:image:type\" content=\"image\/jpeg\" \/>\n<meta name=\"author\" content=\"Reporteros Hoy WP\" \/>\n<meta name=\"twitter:card\" content=\"summary_large_image\" \/>\n<meta name=\"twitter:creator\" content=\"@reporteroshoy\" \/>\n<meta name=\"twitter:site\" content=\"@reporteroshoy\" \/>\n<meta name=\"twitter:label1\" content=\"Escrito por\" \/>\n\t<meta name=\"twitter:data1\" content=\"Reporteros Hoy WP\" \/>\n\t<meta name=\"twitter:label2\" content=\"Tiempo de lectura\" \/>\n\t<meta name=\"twitter:data2\" content=\"2 minutos\" \/>\n<script type=\"application\/ld+json\" class=\"yoast-schema-graph\">{\"@context\":\"https:\\\/\\\/schema.org\",\"@graph\":[{\"@type\":\"Article\",\"@id\":\"https:\\\/\\\/reporteroshoy.mx\\\/noticias\\\/lo-condenan-a-3-anos-de-carcel-por-amenaza-de-agresion-a-su-familia\\\/#article\",\"isPartOf\":{\"@id\":\"https:\\\/\\\/reporteroshoy.mx\\\/noticias\\\/lo-condenan-a-3-anos-de-carcel-por-amenaza-de-agresion-a-su-familia\\\/\"},\"author\":{\"name\":\"Reporteros Hoy WP\",\"@id\":\"https:\\\/\\\/reporteroshoy.mx\\\/noticias\\\/#\\\/schema\\\/person\\\/c977527e57c958a62c5cefe8fe47876e\"},\"headline\":\"Lo condenan a 3 a\u00f1os de c\u00e1rcel por amenaza de agresi\u00f3n a su familia\",\"datePublished\":\"2021-10-29T19:38:01+00:00\",\"mainEntityOfPage\":{\"@id\":\"https:\\\/\\\/reporteroshoy.mx\\\/noticias\\\/lo-condenan-a-3-anos-de-carcel-por-amenaza-de-agresion-a-su-familia\\\/\"},\"wordCount\":317,\"commentCount\":0,\"image\":{\"@id\":\"https:\\\/\\\/reporteroshoy.mx\\\/noticias\\\/lo-condenan-a-3-anos-de-carcel-por-amenaza-de-agresion-a-su-familia\\\/#primaryimage\"},\"thumbnailUrl\":\"https:\\\/\\\/reporteroshoy.mx\\\/noticias\\\/wp-content\\\/uploads\\\/2021\\\/10\\\/Carcel.jpg\",\"keywords\":[\"Condenado\",\"FGE\",\"Tekax\",\"Violencia Familiar\"],\"articleSection\":[\"Municipios\"],\"inLanguage\":\"es\",\"potentialAction\":[{\"@type\":\"CommentAction\",\"name\":\"Comment\",\"target\":[\"https:\\\/\\\/reporteroshoy.mx\\\/noticias\\\/lo-condenan-a-3-anos-de-carcel-por-amenaza-de-agresion-a-su-familia\\\/#respond\"]}]},{\"@type\":\"WebPage\",\"@id\":\"https:\\\/\\\/reporteroshoy.mx\\\/noticias\\\/lo-condenan-a-3-anos-de-carcel-por-amenaza-de-agresion-a-su-familia\\\/\",\"url\":\"https:\\\/\\\/reporteroshoy.mx\\\/noticias\\\/lo-condenan-a-3-anos-de-carcel-por-amenaza-de-agresion-a-su-familia\\\/\",\"name\":\"Lo condenan a 3 a\u00f1os de c\u00e1rcel por amenaza de agresi\u00f3n a su familia\",\"isPartOf\":{\"@id\":\"https:\\\/\\\/reporteroshoy.mx\\\/noticias\\\/#website\"},\"primaryImageOfPage\":{\"@id\":\"https:\\\/\\\/reporteroshoy.mx\\\/noticias\\\/lo-condenan-a-3-anos-de-carcel-por-amenaza-de-agresion-a-su-familia\\\/#primaryimage\"},\"image\":{\"@id\":\"https:\\\/\\\/reporteroshoy.mx\\\/noticias\\\/lo-condenan-a-3-anos-de-carcel-por-amenaza-de-agresion-a-su-familia\\\/#primaryimage\"},\"thumbnailUrl\":\"https:\\\/\\\/reporteroshoy.mx\\\/noticias\\\/wp-content\\\/uploads\\\/2021\\\/10\\\/Carcel.jpg\",\"datePublished\":\"2021-10-29T19:38:01+00:00\",\"author\":{\"@id\":\"https:\\\/\\\/reporteroshoy.mx\\\/noticias\\\/#\\\/schema\\\/person\\\/c977527e57c958a62c5cefe8fe47876e\"},\"description\":\"T.A.P.V. amenaz\u00f3 a su esposa e hijo con agredirlos f\u00edsicamente en la colonia San Francisco de Tekax.\",\"breadcrumb\":{\"@id\":\"https:\\\/\\\/reporteroshoy.mx\\\/noticias\\\/lo-condenan-a-3-anos-de-carcel-por-amenaza-de-agresion-a-su-familia\\\/#breadcrumb\"},\"inLanguage\":\"es\",\"potentialAction\":[{\"@type\":\"ReadAction\",\"target\":[\"https:\\\/\\\/reporteroshoy.mx\\\/noticias\\\/lo-condenan-a-3-anos-de-carcel-por-amenaza-de-agresion-a-su-familia\\\/\"]}]},{\"@type\":\"ImageObject\",\"inLanguage\":\"es\",\"@id\":\"https:\\\/\\\/reporteroshoy.mx\\\/noticias\\\/lo-condenan-a-3-anos-de-carcel-por-amenaza-de-agresion-a-su-familia\\\/#primaryimage\",\"url\":\"https:\\\/\\\/reporteroshoy.mx\\\/noticias\\\/wp-content\\\/uploads\\\/2021\\\/10\\\/Carcel.jpg\",\"contentUrl\":\"https:\\\/\\\/reporteroshoy.mx\\\/noticias\\\/wp-content\\\/uploads\\\/2021\\\/10\\\/Carcel.jpg\",\"width\":768,\"height\":431,\"caption\":\"Sentenciado 22 a\u00f1os por ultimar a su abuelo en Buctzotz\"},{\"@type\":\"BreadcrumbList\",\"@id\":\"https:\\\/\\\/reporteroshoy.mx\\\/noticias\\\/lo-condenan-a-3-anos-de-carcel-por-amenaza-de-agresion-a-su-familia\\\/#breadcrumb\",\"itemListElement\":[{\"@type\":\"ListItem\",\"position\":1,\"name\":\"Portada\",\"item\":\"https:\\\/\\\/reporteroshoy.mx\\\/noticias\\\/\"},{\"@type\":\"ListItem\",\"position\":2,\"name\":\"Lo condenan a 3 a\u00f1os de c\u00e1rcel por amenaza de agresi\u00f3n a su familia\"}]},{\"@type\":\"WebSite\",\"@id\":\"https:\\\/\\\/reporteroshoy.mx\\\/noticias\\\/#website\",\"url\":\"https:\\\/\\\/reporteroshoy.mx\\\/noticias\\\/\",\"name\":\"Reporteros Hoy | Noticias de Yucat\u00e1n\",\"description\":\"Peri\u00f3dico digital con noticias diarias desde M\u00e9rida, Yucat\u00e1n para el mundo.\",\"potentialAction\":[{\"@type\":\"SearchAction\",\"target\":{\"@type\":\"EntryPoint\",\"urlTemplate\":\"https:\\\/\\\/reporteroshoy.mx\\\/noticias\\\/?s={search_term_string}\"},\"query-input\":{\"@type\":\"PropertyValueSpecification\",\"valueRequired\":true,\"valueName\":\"search_term_string\"}}],\"inLanguage\":\"es\"},{\"@type\":\"Person\",\"@id\":\"https:\\\/\\\/reporteroshoy.mx\\\/noticias\\\/#\\\/schema\\\/person\\\/c977527e57c958a62c5cefe8fe47876e\",\"name\":\"Reporteros Hoy WP\",\"image\":{\"@type\":\"ImageObject\",\"inLanguage\":\"es\",\"@id\":\"https:\\\/\\\/secure.gravatar.com\\\/avatar\\\/fd2917f79a7dae30f8ac9ddc2f35e1756bb59e25e01d1cd09deaa64df7b2f73e?s=96&d=mm&r=g\",\"url\":\"https:\\\/\\\/secure.gravatar.com\\\/avatar\\\/fd2917f79a7dae30f8ac9ddc2f35e1756bb59e25e01d1cd09deaa64df7b2f73e?s=96&d=mm&r=g\",\"contentUrl\":\"https:\\\/\\\/secure.gravatar.com\\\/avatar\\\/fd2917f79a7dae30f8ac9ddc2f35e1756bb59e25e01d1cd09deaa64df7b2f73e?s=96&d=mm&r=g\",\"caption\":\"Reporteros Hoy WP\"},\"url\":\"https:\\\/\\\/reporteroshoy.mx\\\/noticias\\\/author\\\/walfer\\\/\"}]}<\/script>\n<!-- \/ Yoast SEO plugin. -->","yoast_head_json":{"title":"Lo condenan a 3 a\u00f1os de c\u00e1rcel por amenaza de agresi\u00f3n a su familia","description":"T.A.P.V. amenaz\u00f3 a su esposa e hijo con agredirlos f\u00edsicamente en la colonia San Francisco de Tekax.","robots":{"index":"index","follow":"follow","max-snippet":"max-snippet:-1","max-image-preview":"max-image-preview:large","max-video-preview":"max-video-preview:-1"},"canonical":"https:\/\/reporteroshoy.mx\/noticias\/lo-condenan-a-3-anos-de-carcel-por-amenaza-de-agresion-a-su-familia\/","og_locale":"es_ES","og_type":"article","og_title":"Lo condenan a 3 a\u00f1os de c\u00e1rcel por amenaza de agresi\u00f3n a su familia","og_description":"T.A.P.V. amenaz\u00f3 a su esposa e hijo con agredirlos f\u00edsicamente en la colonia San Francisco de Tekax.","og_url":"https:\/\/reporteroshoy.mx\/noticias\/lo-condenan-a-3-anos-de-carcel-por-amenaza-de-agresion-a-su-familia\/","og_site_name":"Reporteros Hoy | Noticias de Yucat\u00e1n","article_publisher":"http:\/\/www.facebook.com\/reporteroshoymx","article_published_time":"2021-10-29T19:38:01+00:00","og_image":[{"width":768,"height":431,"url":"https:\/\/reporteroshoy.mx\/noticias\/wp-content\/uploads\/2021\/10\/Carcel.jpg","type":"image\/jpeg"}],"author":"Reporteros Hoy WP","twitter_card":"summary_large_image","twitter_creator":"@reporteroshoy","twitter_site":"@reporteroshoy","twitter_misc":{"Escrito por":"Reporteros Hoy WP","Tiempo de lectura":"2 minutos"},"schema":{"@context":"https:\/\/schema.org","@graph":[{"@type":"Article","@id":"https:\/\/reporteroshoy.mx\/noticias\/lo-condenan-a-3-anos-de-carcel-por-amenaza-de-agresion-a-su-familia\/#article","isPartOf":{"@id":"https:\/\/reporteroshoy.mx\/noticias\/lo-condenan-a-3-anos-de-carcel-por-amenaza-de-agresion-a-su-familia\/"},"author":{"name":"Reporteros Hoy WP","@id":"https:\/\/reporteroshoy.mx\/noticias\/#\/schema\/person\/c977527e57c958a62c5cefe8fe47876e"},"headline":"Lo condenan a 3 a\u00f1os de c\u00e1rcel por amenaza de agresi\u00f3n a su familia","datePublished":"2021-10-29T19:38:01+00:00","mainEntityOfPage":{"@id":"https:\/\/reporteroshoy.mx\/noticias\/lo-condenan-a-3-anos-de-carcel-por-amenaza-de-agresion-a-su-familia\/"},"wordCount":317,"commentCount":0,"image":{"@id":"https:\/\/reporteroshoy.mx\/noticias\/lo-condenan-a-3-anos-de-carcel-por-amenaza-de-agresion-a-su-familia\/#primaryimage"},"thumbnailUrl":"https:\/\/reporteroshoy.mx\/noticias\/wp-content\/uploads\/2021\/10\/Carcel.jpg","keywords":["Condenado","FGE","Tekax","Violencia Familiar"],"articleSection":["Municipios"],"inLanguage":"es","potentialAction":[{"@type":"CommentAction","name":"Comment","target":["https:\/\/reporteroshoy.mx\/noticias\/lo-condenan-a-3-anos-de-carcel-por-amenaza-de-agresion-a-su-familia\/#respond"]}]},{"@type":"WebPage","@id":"https:\/\/reporteroshoy.mx\/noticias\/lo-condenan-a-3-anos-de-carcel-por-amenaza-de-agresion-a-su-familia\/","url":"https:\/\/reporteroshoy.mx\/noticias\/lo-condenan-a-3-anos-de-carcel-por-amenaza-de-agresion-a-su-familia\/","name":"Lo condenan a 3 a\u00f1os de c\u00e1rcel por amenaza de agresi\u00f3n a su familia","isPartOf":{"@id":"https:\/\/reporteroshoy.mx\/noticias\/#website"},"primaryImageOfPage":{"@id":"https:\/\/reporteroshoy.mx\/noticias\/lo-condenan-a-3-anos-de-carcel-por-amenaza-de-agresion-a-su-familia\/#primaryimage"},"image":{"@id":"https:\/\/reporteroshoy.mx\/noticias\/lo-condenan-a-3-anos-de-carcel-por-amenaza-de-agresion-a-su-familia\/#primaryimage"},"thumbnailUrl":"https:\/\/reporteroshoy.mx\/noticias\/wp-content\/uploads\/2021\/10\/Carcel.jpg","datePublished":"2021-10-29T19:38:01+00:00","author":{"@id":"https:\/\/reporteroshoy.mx\/noticias\/#\/schema\/person\/c977527e57c958a62c5cefe8fe47876e"},"description":"T.A.P.V. amenaz\u00f3 a su esposa e hijo con agredirlos f\u00edsicamente en la colonia San Francisco de Tekax.","breadcrumb":{"@id":"https:\/\/reporteroshoy.mx\/noticias\/lo-condenan-a-3-anos-de-carcel-por-amenaza-de-agresion-a-su-familia\/#breadcrumb"},"inLanguage":"es","potentialAction":[{"@type":"ReadAction","target":["https:\/\/reporteroshoy.mx\/noticias\/lo-condenan-a-3-anos-de-carcel-por-amenaza-de-agresion-a-su-familia\/"]}]},{"@type":"ImageObject","inLanguage":"es","@id":"https:\/\/reporteroshoy.mx\/noticias\/lo-condenan-a-3-anos-de-carcel-por-amenaza-de-agresion-a-su-familia\/#primaryimage","url":"https:\/\/reporteroshoy.mx\/noticias\/wp-content\/uploads\/2021\/10\/Carcel.jpg","contentUrl":"https:\/\/reporteroshoy.mx\/noticias\/wp-content\/uploads\/2021\/10\/Carcel.jpg","width":768,"height":431,"caption":"Sentenciado 22 a\u00f1os por ultimar a su abuelo en Buctzotz"},{"@type":"BreadcrumbList","@id":"https:\/\/reporteroshoy.mx\/noticias\/lo-condenan-a-3-anos-de-carcel-por-amenaza-de-agresion-a-su-familia\/#breadcrumb","itemListElement":[{"@type":"ListItem","position":1,"name":"Portada","item":"https:\/\/reporteroshoy.mx\/noticias\/"},{"@type":"ListItem","position":2,"name":"Lo condenan a 3 a\u00f1os de c\u00e1rcel por amenaza de agresi\u00f3n a su familia"}]},{"@type":"WebSite","@id":"https:\/\/reporteroshoy.mx\/noticias\/#website","url":"https:\/\/reporteroshoy.mx\/noticias\/","name":"Reporteros Hoy | Noticias de Yucat\u00e1n","description":"Peri\u00f3dico digital con noticias diarias desde M\u00e9rida, Yucat\u00e1n para el mundo.","potentialAction":[{"@type":"SearchAction","target":{"@type":"EntryPoint","urlTemplate":"https:\/\/reporteroshoy.mx\/noticias\/?s={search_term_string}"},"query-input":{"@type":"PropertyValueSpecification","valueRequired":true,"valueName":"search_term_string"}}],"inLanguage":"es"},{"@type":"Person","@id":"https:\/\/reporteroshoy.mx\/noticias\/#\/schema\/person\/c977527e57c958a62c5cefe8fe47876e","name":"Reporteros Hoy WP","image":{"@type":"ImageObject","inLanguage":"es","@id":"https:\/\/secure.gravatar.com\/avatar\/fd2917f79a7dae30f8ac9ddc2f35e1756bb59e25e01d1cd09deaa64df7b2f73e?s=96&d=mm&r=g","url":"https:\/\/secure.gravatar.com\/avatar\/fd2917f79a7dae30f8ac9ddc2f35e1756bb59e25e01d1cd09deaa64df7b2f73e?s=96&d=mm&r=g","contentUrl":"https:\/\/secure.gravatar.com\/avatar\/fd2917f79a7dae30f8ac9ddc2f35e1756bb59e25e01d1cd09deaa64df7b2f73e?s=96&d=mm&r=g","caption":"Reporteros Hoy WP"},"url":"https:\/\/reporteroshoy.mx\/noticias\/author\/walfer\/"}]}},"_links":{"self":[{"href":"https:\/\/reporteroshoy.mx\/noticias\/wp-json\/wp\/v2\/posts\/74869","targetHints":{"allow":["GET"]}}],"collection":[{"href":"https:\/\/reporteroshoy.mx\/noticias\/wp-json\/wp\/v2\/posts"}],"about":[{"href":"https:\/\/reporteroshoy.mx\/noticias\/wp-json\/wp\/v2\/types\/post"}],"author":[{"embeddable":true,"href":"https:\/\/reporteroshoy.mx\/noticias\/wp-json\/wp\/v2\/users\/9"}],"replies":[{"embeddable":true,"href":"https:\/\/reporteroshoy.mx\/noticias\/wp-json\/wp\/v2\/comments?post=74869"}],"version-history":[{"count":0,"href":"https:\/\/reporteroshoy.mx\/noticias\/wp-json\/wp\/v2\/posts\/74869\/revisions"}],"wp:featuredmedia":[{"embeddable":true,"href":"https:\/\/reporteroshoy.mx\/noticias\/wp-json\/wp\/v2\/media\/74870"}],"wp:attachment":[{"href":"https:\/\/reporteroshoy.mx\/noticias\/wp-json\/wp\/v2\/media?parent=74869"}],"wp:term":[{"taxonomy":"category","embeddable":true,"href":"https:\/\/reporteroshoy.mx\/noticias\/wp-json\/wp\/v2\/categories?post=74869"},{"taxonomy":"post_tag","embeddable":true,"href":"https:\/\/reporteroshoy.mx\/noticias\/wp-json\/wp\/v2\/tags?post=74869"}],"curies":[{"name":"wp","href":"https:\/\/api.w.org\/{rel}","templated":true}]}}